{"id":10837,"date":"2021-04-16T19:07:47","date_gmt":"2021-04-16T19:07:47","guid":{"rendered":"https:\/\/delfoscba.com.ar\/\/dev\/\/?p=10837"},"modified":"2021-04-19T14:12:57","modified_gmt":"2021-04-19T14:12:57","slug":"la-disputa-en-el-pro-en-las-encuestas","status":"publish","type":"post","link":"https:\/\/delfoscba.com.ar\/dev\/politica\/la-disputa-en-el-pro-en-las-encuestas\/","title":{"rendered":"La disputa en el PRO en las encuestas"},"content":{"rendered":"\t\t<div data-elementor-type=\"wp-post\" data-elementor-id=\"10837\" class=\"elementor elementor-10837\" data-elementor-post-type=\"post\">\n\t\t\t\t\t\t<section class=\"elementor-section elementor-top-section elementor-element elementor-element-41498b4 elementor-section-height-min-height elementor-section-boxed elementor-section-height-default elementor-section-items-middle\" data-id=\"41498b4\" data-element_type=\"section\" data-e-type=\"section\" data-settings=\"{&quot;background_background&quot;:&quot;classic&quot;}\">\n\t\t\t\t\t\t\t<div class=\"elementor-background-overlay\"><\/div>\n\t\t\t\t\t\t\t<div class=\"elementor-container elementor-column-gap-no\">\n\t\t\t\t\t<div class=\"elementor-column elementor-col-100 elementor-top-column elementor-element elementor-element-a18ac89\" data-id=\"a18ac89\" data-element_type=\"column\" data-e-type=\"column\">\n\t\t\t<div class=\"elementor-widget-wrap elementor-element-populated\">\n\t\t\t\t\t\t<div class=\"elementor-element elementor-element-e493600 elementor-widget elementor-widget-heading\" data-id=\"e493600\" data-element_type=\"widget\" data-e-type=\"widget\" data-widget_type=\"heading.default\">\n\t\t\t\t\t<h2 class=\"elementor-heading-title elementor-size-large\">POL\u00cdTICA<\/h2>\t\t\t\t<\/div>\n\t\t\t\t\t<\/div>\n\t\t<\/div>\n\t\t\t\t\t<\/div>\n\t\t<\/section>\n\t\t\t\t<section class=\"elementor-section elementor-top-section elementor-element elementor-element-7dafb6e4 elementor-section-boxed elementor-section-height-default elementor-section-height-default\" data-id=\"7dafb6e4\" data-element_type=\"section\" data-e-type=\"section\">\n\t\t\t\t\t\t<div class=\"elementor-container elementor-column-gap-default\">\n\t\t\t\t\t<div class=\"elementor-column elementor-col-100 elementor-top-column elementor-element elementor-element-38ae5a14\" data-id=\"38ae5a14\" data-element_type=\"column\" data-e-type=\"column\">\n\t\t\t<div class=\"elementor-widget-wrap elementor-element-populated\">\n\t\t\t\t\t\t<div class=\"elementor-element elementor-element-f8a3207 elementor-widget elementor-widget-author-box\" data-id=\"f8a3207\" data-element_type=\"widget\" data-e-type=\"widget\" data-widget_type=\"author-box.default\">\n\t\t\t\t\t\t\t<div class=\"elementor-author-box\">\n\t\t\t\t\t\t\t<a href=\"https:\/\/delfoscba.com.ar\/\/dev\/\/nosotros\/\" class=\"elementor-author-box__avatar\">\n\t\t\t\t\t<img decoding=\"async\" src=\"https:\/\/delfoscba.com.ar\/dev\/wp-content\/uploads\/2021\/02\/norman-250x250-1.jpg\" alt=\"Picture of Norman Berra\" loading=\"lazy\">\n\t\t\t\t<\/a>\n\t\t\t\n\t\t\t<div class=\"elementor-author-box__text\">\n\t\t\t\t\t\t\t\t\t<a href=\"https:\/\/delfoscba.com.ar\/\/dev\/\/nosotros\/\">\n\t\t\t\t\t\t<h4 class=\"elementor-author-box__name\">\n\t\t\t\t\t\t\tNorman Berra\t\t\t\t\t\t<\/h4>\n\t\t\t\t\t<\/a>\n\t\t\t\t\n\t\t\t\t\t\t\t\t\t<div class=\"elementor-author-box__bio\">\n\t\t\t\t\t\t<p>L\u00edder de proyectos<\/p>\n\t\t\t\t\t<\/div>\n\t\t\t\t\n\t\t\t\t\t\t\t<\/div>\n\t\t<\/div>\n\t\t\t\t\t\t<\/div>\n\t\t\t\t<div class=\"elementor-element elementor-element-7aefe4b4 elementor-widget elementor-widget-text-editor\" data-id=\"7aefe4b4\" data-element_type=\"widget\" data-e-type=\"widget\" data-widget_type=\"text-editor.default\">\n\t\t\t\t\t\t\t\t\t<p>\u00a0<\/p><p><a href=\"https:\/\/delfoscba.com.ar\/\/dev\/\/wp-content\/uploads\/2021\/04\/proasco-1.jpg\"><img fetchpriority=\"high\" decoding=\"async\" class=\"aligncenter wp-image-10841 size-full\" src=\"https:\/\/delfoscba.com.ar\/\/dev\/\/wp-content\/uploads\/2021\/04\/proasco-1.jpg\" alt=\"\" width=\"960\" height=\"720\" srcset=\"https:\/\/delfoscba.com.ar\/dev\/wp-content\/uploads\/2021\/04\/proasco-1.jpg 960w, https:\/\/delfoscba.com.ar\/dev\/wp-content\/uploads\/2021\/04\/proasco-1-300x225.jpg 300w, https:\/\/delfoscba.com.ar\/dev\/wp-content\/uploads\/2021\/04\/proasco-1-768x576.jpg 768w\" sizes=\"(max-width: 960px) 100vw, 960px\" \/><\/a><\/p><p>En las \u00faltimas semanas, Mauricio Macri levant\u00f3 su perfil con un raid de entrevistas y el lanzamiento del libro Primer Tiempo. \u00bfC\u00f3mo impacta ese reposicionamiento en el tablero del PRO, una de las patas principales de la coalici\u00f3n opositora Juntos por el Cambio? Seg\u00fan el promedio de las \u00faltimas 10 encuestas nacionales, la imagen positiva del ex presidente es de 28,1%, versus una negativa de 68,4%. Haci\u00e9ndose eco de las recientes novedades, la consultora Rouvier &amp; Asociados fue m\u00e1s all\u00e1 de su imagen y midi\u00f3 entre el 19 y el 24 de marzo pasados su caudal electoral potencial: un 24,6% dijo que lo votar\u00eda, un poco menos que el promedio de su imagen positiva (3,5 puntos porcentuales, una diferencia estad\u00edsticamente no significativa), mientras que 68,5% no lo votar\u00eda, lo que coincide con el promedio de su imagen negativa; casi 7% no sabe (gr\u00e1fico arriba). As\u00ed, Macri logra fidelizar el caudal que obtuvo en las primarias abiertas, simult\u00e1neas y obligatorias (PASO) de agosto de 2015 (24,5%), pero se ubica sensiblemente por debajo (casi 16 puntos porcentuales) del que alcanz\u00f3 en la elecci\u00f3n general de octubre de 2019: 40,28%. El informe de esa consultora detect\u00f3 que el voto potencial a favor de Macri decae conforme desciende el nivel socioecon\u00f3mico de los electores: as\u00ed, logra su mejor performance en la clase alta y media alta (40,4%), pero desciende a casi el 33% en la clase media, mientras que toca piso en la baja, donde apenas roza el 16% (gr\u00e1fico abajo). <br \/><a href=\"https:\/\/delfoscba.com.ar\/\/dev\/\/wp-content\/uploads\/2021\/04\/proasco-2.jpg\"><img decoding=\"async\" class=\"aligncenter wp-image-10842 size-full\" src=\"https:\/\/delfoscba.com.ar\/\/dev\/\/wp-content\/uploads\/2021\/04\/proasco-2.jpg\" alt=\"\" width=\"960\" height=\"720\" srcset=\"https:\/\/delfoscba.com.ar\/dev\/wp-content\/uploads\/2021\/04\/proasco-2.jpg 960w, https:\/\/delfoscba.com.ar\/dev\/wp-content\/uploads\/2021\/04\/proasco-2-300x225.jpg 300w, https:\/\/delfoscba.com.ar\/dev\/wp-content\/uploads\/2021\/04\/proasco-2-768x576.jpg 768w\" sizes=\"(max-width: 960px) 100vw, 960px\" \/><\/a><br \/>Dado que Macri fue el primer presidente argentino derrotado al buscar su reelecci\u00f3n, no existen antecedentes en nuestra historia para ponderar qu\u00e9 chances de retorno al poder podr\u00eda tener. Observando el techo electoral que muestra la encuesta de Rouvier, el \u00fanico remotamente comparable es el del recientemente fallecido Carlos Menem, que si bien logr\u00f3 exitosamente su reelecci\u00f3n en 1995, cuando en 2003 volvi\u00f3 a candidatearse alcanz\u00f3 24,5% de los votos en primera vuelta (casi id\u00e9ntico al resultado de Macri en el estudio citado). As\u00ed, Menem desisti\u00f3 de competir en el ballotage, lo cual consagr\u00f3 a N\u00e9stor Kirchner, el segundo m\u00e1s votado por entonces, con 22,3%. As\u00ed, el techo electoral potencial del ex presidente hace que cobre el inter\u00e9s por dos figuras del PRO que tambi\u00e9n tienen un alto perfil en los \u00faltimos meses, como Horacio Rodr\u00edguez Larreta y Patricia Bullrich. <br \/><a href=\"https:\/\/delfoscba.com.ar\/\/dev\/\/wp-content\/uploads\/2021\/04\/proasco-3.jpg\"><img decoding=\"async\" class=\"aligncenter wp-image-10843 size-full\" src=\"https:\/\/delfoscba.com.ar\/\/dev\/\/wp-content\/uploads\/2021\/04\/proasco-3.jpg\" alt=\"\" width=\"895\" height=\"503\" srcset=\"https:\/\/delfoscba.com.ar\/dev\/wp-content\/uploads\/2021\/04\/proasco-3.jpg 895w, https:\/\/delfoscba.com.ar\/dev\/wp-content\/uploads\/2021\/04\/proasco-3-300x169.jpg 300w, https:\/\/delfoscba.com.ar\/dev\/wp-content\/uploads\/2021\/04\/proasco-3-768x432.jpg 768w\" sizes=\"(max-width: 895px) 100vw, 895px\" \/><\/a>Seg\u00fan la encuesta m\u00e1s reciente de Clivajes Consultores a nivel pa\u00eds, el jefe de gobierno de la Ciudad Aut\u00f3noma de Buenos Aires (CABA) aventaja en imagen positiva a la ex ministra de Seguridad: 46,1% a 24,5%, respectivamente. La brecha a favor del primero es n\u00edtida, de 21,6 puntos porcentuales; asimismo, Larreta tiene menos imagen negativa (36,5% vs 56%, respectivamente), lo cual lo pone en una posici\u00f3n competitiva mejor que la titular del PRO en la variable imagen (gr\u00e1ficos arriba y abajo).<\/p><p><a href=\"https:\/\/delfoscba.com.ar\/\/dev\/\/wp-content\/uploads\/2021\/04\/proasco-4.jpg\"><img loading=\"lazy\" decoding=\"async\" class=\"aligncenter wp-image-10844 size-full\" src=\"https:\/\/delfoscba.com.ar\/\/dev\/\/wp-content\/uploads\/2021\/04\/proasco-4.jpg\" alt=\"\" width=\"895\" height=\"503\" srcset=\"https:\/\/delfoscba.com.ar\/dev\/wp-content\/uploads\/2021\/04\/proasco-4.jpg 895w, https:\/\/delfoscba.com.ar\/dev\/wp-content\/uploads\/2021\/04\/proasco-4-300x169.jpg 300w, https:\/\/delfoscba.com.ar\/dev\/wp-content\/uploads\/2021\/04\/proasco-4-768x432.jpg 768w\" sizes=\"(max-width: 895px) 100vw, 895px\" \/><\/a><\/p><p>\u00a0<\/p><p>\u00a0<\/p><p>Rodr\u00edguez Larreta tambi\u00e9n aventaja a Bullrich en la variable de liderazgo opositor deseado, donde alcanza 37,2% vs 19,8%; en el mismo estudio tambi\u00e9n supera a otros referentes del PRO, como Macri (13,2%) y Mar\u00eda Eugenia Vidal (9,7%), adem\u00e1s de alejarse de cambiemitas de otros espacios como Mart\u00edn Lousteau (8,4%), Elisa Carri\u00f3 (5,3%) y Alfredo Cornejo (3,8%; gr\u00e1fico abajo).<\/p><p>\u00a0<\/p><p><a href=\"https:\/\/delfoscba.com.ar\/\/dev\/\/wp-content\/uploads\/2021\/04\/proasco-5.jpg\"><img loading=\"lazy\" decoding=\"async\" class=\"aligncenter wp-image-10845 size-large\" src=\"https:\/\/delfoscba.com.ar\/\/dev\/\/wp-content\/uploads\/2021\/04\/proasco-5-1024x576.jpg\" alt=\"\" width=\"1024\" height=\"576\" srcset=\"https:\/\/delfoscba.com.ar\/dev\/wp-content\/uploads\/2021\/04\/proasco-5-1024x576.jpg 1024w, https:\/\/delfoscba.com.ar\/dev\/wp-content\/uploads\/2021\/04\/proasco-5-300x169.jpg 300w, https:\/\/delfoscba.com.ar\/dev\/wp-content\/uploads\/2021\/04\/proasco-5-768x432.jpg 768w, https:\/\/delfoscba.com.ar\/dev\/wp-content\/uploads\/2021\/04\/proasco-5-1536x864.jpg 1536w, https:\/\/delfoscba.com.ar\/dev\/wp-content\/uploads\/2021\/04\/proasco-5-1080x608.jpg 1080w, https:\/\/delfoscba.com.ar\/dev\/wp-content\/uploads\/2021\/04\/proasco-5.jpg 1623w\" sizes=\"(max-width: 1024px) 100vw, 1024px\" \/><\/a><\/p><p>\u00bfQu\u00e9 sucede en CABA, basti\u00f3n del PRO? Seg\u00fan la encuesta m\u00e1s reciente de Proyecci\u00f3n Consultores en ese distrito, el jefe de gobierno roza el 53% de imagen positiva vs casi 33% de negativa en la ciudad que administra (gr\u00e1fico abajo). <\/p><p>\u00a0<\/p><p><a href=\"https:\/\/delfoscba.com.ar\/\/dev\/\/wp-content\/uploads\/2021\/04\/proasco-6.jpg\"><img loading=\"lazy\" decoding=\"async\" class=\"aligncenter wp-image-10846 size-full\" src=\"https:\/\/delfoscba.com.ar\/\/dev\/\/wp-content\/uploads\/2021\/04\/proasco-6.jpg\" alt=\"\" width=\"688\" height=\"387\" srcset=\"https:\/\/delfoscba.com.ar\/dev\/wp-content\/uploads\/2021\/04\/proasco-6.jpg 688w, https:\/\/delfoscba.com.ar\/dev\/wp-content\/uploads\/2021\/04\/proasco-6-300x169.jpg 300w\" sizes=\"(max-width: 688px) 100vw, 688px\" \/><\/a><\/p><p>En cambio, el mismo informe arroja que la imagen positiva del ex presidente alcanza el 37%, vs una negativa de 54,5% (gr\u00e1fico abajo).<\/p><p><a href=\"https:\/\/delfoscba.com.ar\/\/dev\/\/wp-content\/uploads\/2021\/04\/proasco-7.jpg\"><img loading=\"lazy\" decoding=\"async\" class=\"aligncenter wp-image-10847 size-full\" src=\"https:\/\/delfoscba.com.ar\/\/dev\/\/wp-content\/uploads\/2021\/04\/proasco-7.jpg\" alt=\"\" width=\"688\" height=\"387\" srcset=\"https:\/\/delfoscba.com.ar\/dev\/wp-content\/uploads\/2021\/04\/proasco-7.jpg 688w, https:\/\/delfoscba.com.ar\/dev\/wp-content\/uploads\/2021\/04\/proasco-7-300x169.jpg 300w\" sizes=\"(max-width: 688px) 100vw, 688px\" \/><\/a><\/p><p>En el mismo estudio, la imagen positiva de Bullrich es de 42,3%, contra una negativa de 46,4% (gr\u00e1fico abajo). <\/p><p><a href=\"https:\/\/delfoscba.com.ar\/\/dev\/\/wp-content\/uploads\/2021\/04\/proasco-8.jpg\"><img loading=\"lazy\" decoding=\"async\" class=\"aligncenter wp-image-10848 size-full\" src=\"https:\/\/delfoscba.com.ar\/\/dev\/\/wp-content\/uploads\/2021\/04\/proasco-8.jpg\" alt=\"\" width=\"960\" height=\"539\" srcset=\"https:\/\/delfoscba.com.ar\/dev\/wp-content\/uploads\/2021\/04\/proasco-8.jpg 960w, https:\/\/delfoscba.com.ar\/dev\/wp-content\/uploads\/2021\/04\/proasco-8-300x168.jpg 300w, https:\/\/delfoscba.com.ar\/dev\/wp-content\/uploads\/2021\/04\/proasco-8-768x431.jpg 768w\" sizes=\"(max-width: 960px) 100vw, 960px\" \/><\/a><\/p><p>En el caso de Vidal, se invierten los guarismos: su imagen positiva es de 46,2%, contra una negativa de 42,1% (gr\u00e1fico abajo). <\/p><p><a href=\"https:\/\/delfoscba.com.ar\/\/dev\/\/wp-content\/uploads\/2021\/04\/proasco-9.jpg\"><img loading=\"lazy\" decoding=\"async\" class=\"aligncenter wp-image-10849 size-full\" src=\"https:\/\/delfoscba.com.ar\/\/dev\/\/wp-content\/uploads\/2021\/04\/proasco-9.jpg\" alt=\"\" width=\"960\" height=\"539\" srcset=\"https:\/\/delfoscba.com.ar\/dev\/wp-content\/uploads\/2021\/04\/proasco-9.jpg 960w, https:\/\/delfoscba.com.ar\/dev\/wp-content\/uploads\/2021\/04\/proasco-9-300x168.jpg 300w, https:\/\/delfoscba.com.ar\/dev\/wp-content\/uploads\/2021\/04\/proasco-9-768x431.jpg 768w\" sizes=\"(max-width: 960px) 100vw, 960px\" \/><\/a><\/p><p>En s\u00edntesis, el repaso de encuestas muestra que Horacio Rodr\u00edguez Larreta tiene ventaja en t\u00e9rminos de imagen en CABA y liderazgo opositor preferido a nivel nacional respecto a los dem\u00e1s referentes del PRO con los que compite en los estudios citados. Sin embargo, Macri, Bullrich y Vidal cuentan con una posibilidad que Larreta no tiene: pueden ser candidatos en el turno electoral de 2021, en tanto que el jefe de gobierno puede ser armador y referencia pero no integrar las listas, habida cuenta de que tiene mandato por cumplir en su distrito hasta 2023. As\u00ed, si alguno de sus contendientes se decide a jugar en los comicios de medio t\u00e9rmino de este a\u00f1o podr\u00eda obtener un resultado que lo posicione competitivamente para el premio mayor, es decir, una precandidatura presidencial hacia el 2023.<\/p>\t\t\t\t\t\t\t\t<\/div>\n\t\t\t\t\t<\/div>\n\t\t<\/div>\n\t\t\t\t\t<\/div>\n\t\t<\/section>\n\t\t\t\t<section class=\"elementor-section elementor-top-section elementor-element elementor-element-b28ac47 elementor-section-height-min-height elementor-section-boxed elementor-section-height-default elementor-section-items-middle\" data-id=\"b28ac47\" data-element_type=\"section\" data-e-type=\"section\" data-settings=\"{&quot;background_background&quot;:&quot;classic&quot;}\">\n\t\t\t\t\t\t\t<div class=\"elementor-background-overlay\"><\/div>\n\t\t\t\t\t\t\t<div class=\"elementor-container elementor-column-gap-default\">\n\t\t\t\t\t<div class=\"elementor-column elementor-col-100 elementor-top-column elementor-element elementor-element-88fba06\" data-id=\"88fba06\" data-element_type=\"column\" data-e-type=\"column\">\n\t\t\t<div class=\"elementor-widget-wrap elementor-element-populated\">\n\t\t\t\t\t\t<div class=\"elementor-element elementor-element-7e65226 elementor-widget elementor-widget-heading\" data-id=\"7e65226\" data-element_type=\"widget\" data-e-type=\"widget\" data-widget_type=\"heading.default\">\n\t\t\t\t\t<h2 class=\"elementor-heading-title elementor-size-large\">Seguinos en nuestras redes<\/h2>\t\t\t\t<\/div>\n\t\t\t\t<div class=\"elementor-element elementor-element-c37b7ef elementor-shape-circle e-grid-align-tablet-center e-grid-align-mobile-center e-grid-align-left elementor-grid-0 elementor-widget elementor-widget-social-icons\" data-id=\"c37b7ef\" data-element_type=\"widget\" data-e-type=\"widget\" data-widget_type=\"social-icons.default\">\n\t\t\t\t\t\t\t<div class=\"elementor-social-icons-wrapper elementor-grid\" role=\"list\">\n\t\t\t\t\t\t\t<span class=\"elementor-grid-item\" role=\"listitem\">\n\t\t\t\t\t<a class=\"elementor-icon elementor-social-icon elementor-social-icon-facebook-f elementor-repeater-item-lf5yt4c\" href=\"https:\/\/www.facebook.com\/ConsultoraDelfos\" target=\"_blank\">\n\t\t\t\t\t\t<span class=\"elementor-screen-only\">Facebook-f<\/span>\n\t\t\t\t\t\t<i aria-hidden=\"true\" class=\"fab fa-facebook-f\"><\/i>\t\t\t\t\t<\/a>\n\t\t\t\t<\/span>\n\t\t\t\t\t\t\t<span class=\"elementor-grid-item\" role=\"listitem\">\n\t\t\t\t\t<a class=\"elementor-icon elementor-social-icon elementor-social-icon-twitter elementor-repeater-item-01xie82\" href=\"https:\/\/twitter.com\/delfoscba\" target=\"_blank\">\n\t\t\t\t\t\t<span class=\"elementor-screen-only\">Twitter<\/span>\n\t\t\t\t\t\t<i aria-hidden=\"true\" class=\"fab fa-twitter\"><\/i>\t\t\t\t\t<\/a>\n\t\t\t\t<\/span>\n\t\t\t\t\t\t\t<span class=\"elementor-grid-item\" role=\"listitem\">\n\t\t\t\t\t<a class=\"elementor-icon elementor-social-icon elementor-social-icon-linkedin elementor-repeater-item-grhvqhn\" target=\"_blank\">\n\t\t\t\t\t\t<span class=\"elementor-screen-only\">Linkedin<\/span>\n\t\t\t\t\t\t<i aria-hidden=\"true\" class=\"fab fa-linkedin\"><\/i>\t\t\t\t\t<\/a>\n\t\t\t\t<\/span>\n\t\t\t\t\t<\/div>\n\t\t\t\t\t\t<\/div>\n\t\t\t\t\t<\/div>\n\t\t<\/div>\n\t\t\t\t\t<\/div>\n\t\t<\/section>\n\t\t\t\t<\/div>\n\t\t","protected":false},"excerpt":{"rendered":"<p>De cara a las legislativas, se disputa el liderazgo opositor y lo analizamos mediante las principales encuestas nacionales.<\/p>\n","protected":false},"author":2,"featured_media":10840,"comment_status":"open","ping_status":"open","sticky":false,"template":"","format":"standard","meta":{"_acf_changed":false,"footnotes":""},"categories":[3],"tags":[39,267,40,38,97,41,354,356,240,140,358,57,355,56,289,357],"class_list":["post-10837","post","type-post","status-publish","format-standard","has-post-thumbnail","hentry","category-politica","tag-argentina","tag-cambiemos","tag-consultora","tag-cordoba","tag-elecciones","tag-encuesta","tag-juntos-por-el-cambio","tag-larreta","tag-legislativas","tag-macri","tag-negri","tag-norman-berra","tag-oposicion","tag-politica","tag-pro","tag-vidal","et-has-post-format-content","et_post_format-et-post-format-standard"],"acf":[],"_links":{"self":[{"href":"https:\/\/delfoscba.com.ar\/dev\/wp-json\/wp\/v2\/posts\/10837","targetHints":{"allow":["GET"]}}],"collection":[{"href":"https:\/\/delfoscba.com.ar\/dev\/wp-json\/wp\/v2\/posts"}],"about":[{"href":"https:\/\/delfoscba.com.ar\/dev\/wp-json\/wp\/v2\/types\/post"}],"author":[{"embeddable":true,"href":"https:\/\/delfoscba.com.ar\/dev\/wp-json\/wp\/v2\/users\/2"}],"replies":[{"embeddable":true,"href":"https:\/\/delfoscba.com.ar\/dev\/wp-json\/wp\/v2\/comments?post=10837"}],"version-history":[{"count":5,"href":"https:\/\/delfoscba.com.ar\/dev\/wp-json\/wp\/v2\/posts\/10837\/revisions"}],"predecessor-version":[{"id":10857,"href":"https:\/\/delfoscba.com.ar\/dev\/wp-json\/wp\/v2\/posts\/10837\/revisions\/10857"}],"wp:featuredmedia":[{"embeddable":true,"href":"https:\/\/delfoscba.com.ar\/dev\/wp-json\/wp\/v2\/media\/10840"}],"wp:attachment":[{"href":"https:\/\/delfoscba.com.ar\/dev\/wp-json\/wp\/v2\/media?parent=10837"}],"wp:term":[{"taxonomy":"category","embeddable":true,"href":"https:\/\/delfoscba.com.ar\/dev\/wp-json\/wp\/v2\/categories?post=10837"},{"taxonomy":"post_tag","embeddable":true,"href":"https:\/\/delfoscba.com.ar\/dev\/wp-json\/wp\/v2\/tags?post=10837"}],"curies":[{"name":"wp","href":"https:\/\/api.w.org\/{rel}","templated":true}]}}