{"id":11084,"date":"2021-04-27T18:01:18","date_gmt":"2021-04-27T18:01:18","guid":{"rendered":"https:\/\/delfoscba.com.ar\/\/dev\/\/?p=11084"},"modified":"2021-04-27T18:05:47","modified_gmt":"2021-04-27T18:05:47","slug":"la-imagen-negativa-de-la-gestion-nacional-en-cordoba-se-estabiliza-en-el-techo-de-la-serie-historica","status":"publish","type":"post","link":"https:\/\/delfoscba.com.ar\/dev\/politica\/la-imagen-negativa-de-la-gestion-nacional-en-cordoba-se-estabiliza-en-el-techo-de-la-serie-historica\/","title":{"rendered":"La imagen negativa de la gesti\u00f3n nacional en C\u00f3rdoba se estabiliza en el techo de la serie hist\u00f3rica"},"content":{"rendered":"\t\t<div data-elementor-type=\"wp-post\" data-elementor-id=\"11084\" class=\"elementor elementor-11084\" data-elementor-post-type=\"post\">\n\t\t\t\t\t\t<section class=\"elementor-section elementor-top-section elementor-element elementor-element-41498b4 elementor-section-height-min-height elementor-section-boxed elementor-section-height-default elementor-section-items-middle\" data-id=\"41498b4\" data-element_type=\"section\" data-e-type=\"section\" data-settings=\"{&quot;background_background&quot;:&quot;classic&quot;}\">\n\t\t\t\t\t\t\t<div class=\"elementor-background-overlay\"><\/div>\n\t\t\t\t\t\t\t<div class=\"elementor-container elementor-column-gap-no\">\n\t\t\t\t\t<div class=\"elementor-column elementor-col-100 elementor-top-column elementor-element elementor-element-a18ac89\" data-id=\"a18ac89\" data-element_type=\"column\" data-e-type=\"column\">\n\t\t\t<div class=\"elementor-widget-wrap elementor-element-populated\">\n\t\t\t\t\t\t<div class=\"elementor-element elementor-element-e493600 elementor-widget elementor-widget-heading\" data-id=\"e493600\" data-element_type=\"widget\" data-e-type=\"widget\" data-widget_type=\"heading.default\">\n\t\t\t\t\t<h2 class=\"elementor-heading-title elementor-size-large\">POL\u00cdTICA<\/h2>\t\t\t\t<\/div>\n\t\t\t\t\t<\/div>\n\t\t<\/div>\n\t\t\t\t\t<\/div>\n\t\t<\/section>\n\t\t\t\t<section class=\"elementor-section elementor-top-section elementor-element elementor-element-7dafb6e4 elementor-section-boxed elementor-section-height-default elementor-section-height-default\" data-id=\"7dafb6e4\" data-element_type=\"section\" data-e-type=\"section\">\n\t\t\t\t\t\t<div class=\"elementor-container elementor-column-gap-default\">\n\t\t\t\t\t<div class=\"elementor-column elementor-col-100 elementor-top-column elementor-element elementor-element-38ae5a14\" data-id=\"38ae5a14\" data-element_type=\"column\" data-e-type=\"column\">\n\t\t\t<div class=\"elementor-widget-wrap elementor-element-populated\">\n\t\t\t\t\t\t<div class=\"elementor-element elementor-element-f8a3207 elementor-widget elementor-widget-author-box\" data-id=\"f8a3207\" data-element_type=\"widget\" data-e-type=\"widget\" data-widget_type=\"author-box.default\">\n\t\t\t\t\t\t\t<div class=\"elementor-author-box\">\n\t\t\t\t\t\t\t<a href=\"https:\/\/delfoscba.com.ar\/\/dev\/\/nosotros\/\" class=\"elementor-author-box__avatar\">\n\t\t\t\t\t<img decoding=\"async\" src=\"https:\/\/delfoscba.com.ar\/dev\/wp-content\/uploads\/2021\/03\/eia-1.png\" alt=\"Picture of Jos\u00e9 Gangi\" loading=\"lazy\">\n\t\t\t\t<\/a>\n\t\t\t\n\t\t\t<div class=\"elementor-author-box__text\">\n\t\t\t\t\t\t\t\t\t<a href=\"https:\/\/delfoscba.com.ar\/\/dev\/\/nosotros\/\">\n\t\t\t\t\t\t<h4 class=\"elementor-author-box__name\">\n\t\t\t\t\t\t\tJos\u00e9 Gangi\t\t\t\t\t\t<\/h4>\n\t\t\t\t\t<\/a>\n\t\t\t\t\n\t\t\t\t\t\t\t\t\t<div class=\"elementor-author-box__bio\">\n\t\t\t\t\t\t<p>Edici\u00f3n, An\u00e1lisis y Comunicaci\u00f3n Institucional<\/p>\n\t\t\t\t\t<\/div>\n\t\t\t\t\n\t\t\t\t\t\t\t<\/div>\n\t\t<\/div>\n\t\t\t\t\t\t<\/div>\n\t\t\t\t<div class=\"elementor-element elementor-element-7aefe4b4 elementor-widget elementor-widget-text-editor\" data-id=\"7aefe4b4\" data-element_type=\"widget\" data-e-type=\"widget\" data-widget_type=\"text-editor.default\">\n\t\t\t\t\t\t\t\t\t<p>A pesar de haber contado con un auspicioso respaldo el primer mes de gesti\u00f3n pand\u00e9mica en una provincia que es reacia a los gobiernos identificados con el kirchnerismo, la imagen positiva de la gesti\u00f3n nacional comenz\u00f3 inmediatamente despu\u00e9s un derrotero de deterioro que se registra hasta la actualidad.<\/p><p>De acuerdo con nuestra \u00faltima encuesta provincial realizada a comienzos de abril, la imagen negativa de la gesti\u00f3n encabezada por el presidente Alberto Fern\u00e1ndez lleg\u00f3 a los picos registrados en la serie hist\u00f3rica, estabiliz\u00e1ndose en porcentajes cercanos al 57-58%. Esta cifra representa, hasta el momento, el techo de negatividad alcanzado en diversos momentos de la gesti\u00f3n en la provincia de C\u00f3rdoba.<\/p><p><a href=\"https:\/\/delfoscba.com.ar\/\/dev\/\/wp-content\/uploads\/2021\/04\/imagen-de-gestion-abril-alberto-1.png\"><img fetchpriority=\"high\" decoding=\"async\" class=\"aligncenter wp-image-11087 size-large\" src=\"https:\/\/delfoscba.com.ar\/\/dev\/\/wp-content\/uploads\/2021\/04\/imagen-de-gestion-abril-alberto-1-1024x886.png\" alt=\"\" width=\"1024\" height=\"886\" srcset=\"https:\/\/delfoscba.com.ar\/dev\/wp-content\/uploads\/2021\/04\/imagen-de-gestion-abril-alberto-1-1024x886.png 1024w, https:\/\/delfoscba.com.ar\/dev\/wp-content\/uploads\/2021\/04\/imagen-de-gestion-abril-alberto-1-300x259.png 300w, https:\/\/delfoscba.com.ar\/dev\/wp-content\/uploads\/2021\/04\/imagen-de-gestion-abril-alberto-1-768x664.png 768w, https:\/\/delfoscba.com.ar\/dev\/wp-content\/uploads\/2021\/04\/imagen-de-gestion-abril-alberto-1.png 1066w\" sizes=\"(max-width: 1024px) 100vw, 1024px\" \/><\/a><\/p><p>Como podemos ver en el gr\u00e1fico anterior, la actualidad de las cifras se condice con la imagen expresada por los cordobeses en octubre del a\u00f1o pasado. Este momento se caracteriz\u00f3 por presentar lo que ser\u00eda el pico de la primera ola y una renovaci\u00f3n de la cuarentena y las restricciones en un contexto de endeble situaci\u00f3n econ\u00f3mica, inestabilidad cambiaria y hartazgo bastante generalizado. El saldo obtenido entre el esfuerzo y sacrificio que le demand\u00f3 la cuarentena a la sociedad y el resultado obtenido con los contagios fue lo que complic\u00f3 \u2013entre otros aspectos- la imagen gubernamental.<\/p><p>En la actualidad ocurre algo similar. El aumento vertiginoso de los casos con nuevos picos hist\u00f3ricos y la renovaci\u00f3n de restricciones en disputa, junto a una importante aceleraci\u00f3n de la inflaci\u00f3n, ponen en jaque al Gobierno en dos esferas de suma importancia para los cordobeses en la actualidad.<\/p><p><a href=\"https:\/\/delfoscba.com.ar\/\/dev\/\/wp-content\/uploads\/2021\/04\/demandas-alberto-abril-2021.png\"><img decoding=\"async\" class=\"aligncenter wp-image-11088 size-full\" src=\"https:\/\/delfoscba.com.ar\/\/dev\/\/wp-content\/uploads\/2021\/04\/demandas-alberto-abril-2021.png\" alt=\"\" width=\"893\" height=\"496\" srcset=\"https:\/\/delfoscba.com.ar\/dev\/wp-content\/uploads\/2021\/04\/demandas-alberto-abril-2021.png 893w, https:\/\/delfoscba.com.ar\/dev\/wp-content\/uploads\/2021\/04\/demandas-alberto-abril-2021-300x167.png 300w, https:\/\/delfoscba.com.ar\/dev\/wp-content\/uploads\/2021\/04\/demandas-alberto-abril-2021-768x427.png 768w\" sizes=\"(max-width: 893px) 100vw, 893px\" \/><\/a><\/p><p>Por otra parte, como una causa transversal a ambos per\u00edodos, la estrategia de polarizaci\u00f3n impulsada principalmente por la oposici\u00f3n desde abril del a\u00f1o pasado, con foco en la gesti\u00f3n pand\u00e9mica, parece encontrar terreno f\u00e9rtil en tiempos de profundizaci\u00f3n de la crisis, tanto sanitaria como econ\u00f3mica, e invisibilizar en el contexto cordob\u00e9s los logros sanitarios de la gesti\u00f3n nacional desde el inicio de la pandemia (la aceleraci\u00f3n de la vacunaci\u00f3n en un contexto mundial de escasez, la apuesta por la vacuna Sputnik V, la ampliaci\u00f3n de la capacidad de respuesta del sistema sanitario nacional y la posibilidad de afirmar que hasta el momento no hubo colapso sanitario y los argentinos pudieron ser atendidos, en un mundo donde se registraron problemas graves en tal sentido).<\/p><p>En s\u00edntesis, nuevamente el Gobierno nacional se encuentra pagando un alto costo pol\u00edtico por el ascenso de casos y la inestabilidad de variables econ\u00f3micas, en tanto que los m\u00faltiples logros parecen no traccionar la simpat\u00eda del p\u00fablico cordob\u00e9s, fruto de una polarizaci\u00f3n creciente.<\/p>\t\t\t\t\t\t\t\t<\/div>\n\t\t\t\t\t<\/div>\n\t\t<\/div>\n\t\t\t\t\t<\/div>\n\t\t<\/section>\n\t\t\t\t<section class=\"elementor-section elementor-top-section elementor-element elementor-element-b28ac47 elementor-section-height-min-height elementor-section-boxed elementor-section-height-default elementor-section-items-middle\" data-id=\"b28ac47\" data-element_type=\"section\" data-e-type=\"section\" data-settings=\"{&quot;background_background&quot;:&quot;classic&quot;}\">\n\t\t\t\t\t\t\t<div class=\"elementor-background-overlay\"><\/div>\n\t\t\t\t\t\t\t<div class=\"elementor-container elementor-column-gap-default\">\n\t\t\t\t\t<div class=\"elementor-column elementor-col-100 elementor-top-column elementor-element elementor-element-88fba06\" data-id=\"88fba06\" data-element_type=\"column\" data-e-type=\"column\">\n\t\t\t<div class=\"elementor-widget-wrap elementor-element-populated\">\n\t\t\t\t\t\t<div class=\"elementor-element elementor-element-7e65226 elementor-widget elementor-widget-heading\" data-id=\"7e65226\" data-element_type=\"widget\" data-e-type=\"widget\" data-widget_type=\"heading.default\">\n\t\t\t\t\t<h2 class=\"elementor-heading-title elementor-size-large\">Seguinos en nuestras redes<\/h2>\t\t\t\t<\/div>\n\t\t\t\t<div class=\"elementor-element elementor-element-c37b7ef elementor-shape-circle e-grid-align-tablet-center e-grid-align-mobile-center e-grid-align-left elementor-grid-0 elementor-widget elementor-widget-social-icons\" data-id=\"c37b7ef\" data-element_type=\"widget\" data-e-type=\"widget\" data-widget_type=\"social-icons.default\">\n\t\t\t\t\t\t\t<div class=\"elementor-social-icons-wrapper elementor-grid\" role=\"list\">\n\t\t\t\t\t\t\t<span class=\"elementor-grid-item\" role=\"listitem\">\n\t\t\t\t\t<a class=\"elementor-icon elementor-social-icon elementor-social-icon-facebook-f elementor-repeater-item-lf5yt4c\" href=\"https:\/\/www.facebook.com\/ConsultoraDelfos\" target=\"_blank\">\n\t\t\t\t\t\t<span class=\"elementor-screen-only\">Facebook-f<\/span>\n\t\t\t\t\t\t<i aria-hidden=\"true\" class=\"fab fa-facebook-f\"><\/i>\t\t\t\t\t<\/a>\n\t\t\t\t<\/span>\n\t\t\t\t\t\t\t<span class=\"elementor-grid-item\" role=\"listitem\">\n\t\t\t\t\t<a class=\"elementor-icon elementor-social-icon elementor-social-icon-twitter elementor-repeater-item-01xie82\" href=\"https:\/\/twitter.com\/delfoscba\" target=\"_blank\">\n\t\t\t\t\t\t<span class=\"elementor-screen-only\">Twitter<\/span>\n\t\t\t\t\t\t<i aria-hidden=\"true\" class=\"fab fa-twitter\"><\/i>\t\t\t\t\t<\/a>\n\t\t\t\t<\/span>\n\t\t\t\t\t\t\t<span class=\"elementor-grid-item\" role=\"listitem\">\n\t\t\t\t\t<a class=\"elementor-icon elementor-social-icon elementor-social-icon-linkedin elementor-repeater-item-grhvqhn\" target=\"_blank\">\n\t\t\t\t\t\t<span class=\"elementor-screen-only\">Linkedin<\/span>\n\t\t\t\t\t\t<i aria-hidden=\"true\" class=\"fab fa-linkedin\"><\/i>\t\t\t\t\t<\/a>\n\t\t\t\t<\/span>\n\t\t\t\t\t<\/div>\n\t\t\t\t\t\t<\/div>\n\t\t\t\t\t<\/div>\n\t\t<\/div>\n\t\t\t\t\t<\/div>\n\t\t<\/section>\n\t\t\t\t<\/div>\n\t\t","protected":false},"excerpt":{"rendered":"<p>El pico de negatividad alcanzado por la imagen de la gesti\u00f3n actual y sus relaciones con el contexto sanitario, econ\u00f3mico y pol\u00edtico.<\/p>\n","protected":false},"author":2,"featured_media":11085,"comment_status":"open","ping_status":"open","sticky":false,"template":"","format":"standard","meta":{"_acf_changed":false,"footnotes":""},"categories":[3],"tags":[39,40,38,42,41,138,359,61,34,54,56],"class_list":["post-11084","post","type-post","status-publish","format-standard","has-post-thumbnail","hentry","category-politica","tag-argentina","tag-consultora","tag-cordoba","tag-economia","tag-encuesta","tag-gestion","tag-gestion-sanitaria","tag-imagen","tag-jose-gangi","tag-pandemia","tag-politica","et-has-post-format-content","et_post_format-et-post-format-standard"],"acf":[],"_links":{"self":[{"href":"https:\/\/delfoscba.com.ar\/dev\/wp-json\/wp\/v2\/posts\/11084","targetHints":{"allow":["GET"]}}],"collection":[{"href":"https:\/\/delfoscba.com.ar\/dev\/wp-json\/wp\/v2\/posts"}],"about":[{"href":"https:\/\/delfoscba.com.ar\/dev\/wp-json\/wp\/v2\/types\/post"}],"author":[{"embeddable":true,"href":"https:\/\/delfoscba.com.ar\/dev\/wp-json\/wp\/v2\/users\/2"}],"replies":[{"embeddable":true,"href":"https:\/\/delfoscba.com.ar\/dev\/wp-json\/wp\/v2\/comments?post=11084"}],"version-history":[{"count":4,"href":"https:\/\/delfoscba.com.ar\/dev\/wp-json\/wp\/v2\/posts\/11084\/revisions"}],"predecessor-version":[{"id":11091,"href":"https:\/\/delfoscba.com.ar\/dev\/wp-json\/wp\/v2\/posts\/11084\/revisions\/11091"}],"wp:featuredmedia":[{"embeddable":true,"href":"https:\/\/delfoscba.com.ar\/dev\/wp-json\/wp\/v2\/media\/11085"}],"wp:attachment":[{"href":"https:\/\/delfoscba.com.ar\/dev\/wp-json\/wp\/v2\/media?parent=11084"}],"wp:term":[{"taxonomy":"category","embeddable":true,"href":"https:\/\/delfoscba.com.ar\/dev\/wp-json\/wp\/v2\/categories?post=11084"},{"taxonomy":"post_tag","embeddable":true,"href":"https:\/\/delfoscba.com.ar\/dev\/wp-json\/wp\/v2\/tags?post=11084"}],"curies":[{"name":"wp","href":"https:\/\/api.w.org\/{rel}","templated":true}]}}