{"id":11301,"date":"2021-06-15T11:03:23","date_gmt":"2021-06-15T11:03:23","guid":{"rendered":"https:\/\/delfoscba.com.ar\/\/dev\/\/?p=11301"},"modified":"2021-06-15T11:15:34","modified_gmt":"2021-06-15T11:15:34","slug":"cordoba-y-caba-de-cara-a-las-paso-en-las-encuestas","status":"publish","type":"post","link":"https:\/\/delfoscba.com.ar\/dev\/politica\/cordoba-y-caba-de-cara-a-las-paso-en-las-encuestas\/","title":{"rendered":"C\u00f3rdoba y CABA, de cara a las PASO en las encuestas"},"content":{"rendered":"\t\t<div data-elementor-type=\"wp-post\" data-elementor-id=\"11301\" class=\"elementor elementor-11301\" data-elementor-post-type=\"post\">\n\t\t\t\t\t\t<section class=\"elementor-section elementor-top-section elementor-element elementor-element-41498b4 elementor-section-height-min-height elementor-section-boxed elementor-section-height-default elementor-section-items-middle\" data-id=\"41498b4\" data-element_type=\"section\" data-e-type=\"section\" data-settings=\"{&quot;background_background&quot;:&quot;classic&quot;}\">\n\t\t\t\t\t\t\t<div class=\"elementor-background-overlay\"><\/div>\n\t\t\t\t\t\t\t<div class=\"elementor-container elementor-column-gap-no\">\n\t\t\t\t\t<div class=\"elementor-column elementor-col-100 elementor-top-column elementor-element elementor-element-a18ac89\" data-id=\"a18ac89\" data-element_type=\"column\" data-e-type=\"column\">\n\t\t\t<div class=\"elementor-widget-wrap elementor-element-populated\">\n\t\t\t\t\t\t<div class=\"elementor-element elementor-element-e493600 elementor-widget elementor-widget-heading\" data-id=\"e493600\" data-element_type=\"widget\" data-e-type=\"widget\" data-widget_type=\"heading.default\">\n\t\t\t\t\t<h2 class=\"elementor-heading-title elementor-size-large\">POL\u00cdTICA<\/h2>\t\t\t\t<\/div>\n\t\t\t\t\t<\/div>\n\t\t<\/div>\n\t\t\t\t\t<\/div>\n\t\t<\/section>\n\t\t\t\t<section class=\"elementor-section elementor-top-section elementor-element elementor-element-7dafb6e4 elementor-section-boxed elementor-section-height-default elementor-section-height-default\" data-id=\"7dafb6e4\" data-element_type=\"section\" data-e-type=\"section\">\n\t\t\t\t\t\t<div class=\"elementor-container elementor-column-gap-default\">\n\t\t\t\t\t<div class=\"elementor-column elementor-col-100 elementor-top-column elementor-element elementor-element-38ae5a14\" data-id=\"38ae5a14\" data-element_type=\"column\" data-e-type=\"column\">\n\t\t\t<div class=\"elementor-widget-wrap elementor-element-populated\">\n\t\t\t\t\t\t<div class=\"elementor-element elementor-element-f8a3207 elementor-widget elementor-widget-author-box\" data-id=\"f8a3207\" data-element_type=\"widget\" data-e-type=\"widget\" data-widget_type=\"author-box.default\">\n\t\t\t\t\t\t\t<div class=\"elementor-author-box\">\n\t\t\t\t\t\t\t<a href=\"https:\/\/delfoscba.com.ar\/\/dev\/\/nosotros\/\" class=\"elementor-author-box__avatar\">\n\t\t\t\t\t<img decoding=\"async\" src=\"https:\/\/delfoscba.com.ar\/dev\/wp-content\/uploads\/2021\/02\/norman-250x250-1.jpg\" alt=\"Picture of Norman Berra\" loading=\"lazy\">\n\t\t\t\t<\/a>\n\t\t\t\n\t\t\t<div class=\"elementor-author-box__text\">\n\t\t\t\t\t\t\t\t\t<a href=\"https:\/\/delfoscba.com.ar\/\/dev\/\/nosotros\/\">\n\t\t\t\t\t\t<h4 class=\"elementor-author-box__name\">\n\t\t\t\t\t\t\tNorman Berra\t\t\t\t\t\t<\/h4>\n\t\t\t\t\t<\/a>\n\t\t\t\t\n\t\t\t\t\t\t\t\t\t<div class=\"elementor-author-box__bio\">\n\t\t\t\t\t\t<p>L\u00edder de proyectos<\/p>\n\t\t\t\t\t<\/div>\n\t\t\t\t\n\t\t\t\t\t\t\t<\/div>\n\t\t<\/div>\n\t\t\t\t\t\t<\/div>\n\t\t\t\t<div class=\"elementor-element elementor-element-7aefe4b4 elementor-widget elementor-widget-text-editor\" data-id=\"7aefe4b4\" data-element_type=\"widget\" data-e-type=\"widget\" data-widget_type=\"text-editor.default\">\n\t\t\t\t\t\t\t\t\t<p><a href=\"https:\/\/delfoscba.com.ar\/\/dev\/\/wp-content\/uploads\/2021\/06\/1.jpg\"><img fetchpriority=\"high\" decoding=\"async\" class=\"aligncenter wp-image-11302 size-full\" src=\"https:\/\/delfoscba.com.ar\/\/dev\/\/wp-content\/uploads\/2021\/06\/1.jpg\" alt=\"\" width=\"680\" height=\"680\" srcset=\"https:\/\/delfoscba.com.ar\/dev\/wp-content\/uploads\/2021\/06\/1.jpg 680w, https:\/\/delfoscba.com.ar\/dev\/wp-content\/uploads\/2021\/06\/1-300x300.jpg 300w, https:\/\/delfoscba.com.ar\/dev\/wp-content\/uploads\/2021\/06\/1-150x150.jpg 150w, https:\/\/delfoscba.com.ar\/dev\/wp-content\/uploads\/2021\/06\/1-440x440.jpg 440w\" sizes=\"(max-width: 680px) 100vw, 680px\" \/><\/a><\/p><p>El promedio de las encuestas realizadas en provincia de Buenos Aires (PBA) muestra al Frente de Todos (FdT) con 36% de intenci\u00f3n de voto vs 26% para Juntos por el Cambio (JxC). Esa desventaja de 10 puntos porcentuales en el distrito que m\u00e1s pesa (38%) en el electorado nacional y donde JxC gan\u00f3 en la elecci\u00f3n de medio t\u00e9rmino de 2017 lleva a esa fuerza a redoblar la apuesta en Ciudad Aut\u00f3noma de Buenos Aires (CABA) y provincia de C\u00f3rdoba, dos distritos clave en los que se impuso en los \u00faltimos turnos electorales nacionales. M\u00e1s all\u00e1 de los matices (en CABA, basti\u00f3n del PRO, gobierna, mientras que en C\u00f3rdoba el PJ provincial se mantiene invicto desde 1999), ambas plazas presentan desaf\u00edos en com\u00fan para JxC. En primer t\u00e9rmino, una superabundancia de precandidatos. Conscientes de las dificultades que presenta PBA, varios protagonistas de la derrota del 2019 no quieren sufrir un nuevo rev\u00e9s y este a\u00f1o aspiran a liderar las listas en CABA: entre ellas, el ex presidente Mauricio Macri, la ex ministra y titular del PRO Patricia Bullrich y la ex gobernadora de PBA, Mar\u00eda Eugenia Vidal. Sin embargo, CABA es gobernada por Horacio Rodr\u00edguez Larreta, con aspiraciones presidenciales para 2023 y deseos de que la lista distrital la encabece un candidato de su equipo. Las \u00faltima encuesta de Analog\u00eda realizada all\u00ed muestra que el jefe de gobierno sufri\u00f3 un costo pol\u00edtico por la judicializaci\u00f3n del DNU nacional de restricciones sanitarias pero mantiene un diferencial positivo de imagen a favor de casi 22 puntos porcentuales, con una positiva de casi 60% y una negativa de 38% (gr\u00e1fico arriba).<\/p><p><a href=\"https:\/\/delfoscba.com.ar\/\/dev\/\/wp-content\/uploads\/2021\/06\/2.jpg\"><img decoding=\"async\" class=\"aligncenter wp-image-11303 size-full\" src=\"https:\/\/delfoscba.com.ar\/\/dev\/\/wp-content\/uploads\/2021\/06\/2.jpg\" alt=\"\" width=\"768\" height=\"542\" srcset=\"https:\/\/delfoscba.com.ar\/dev\/wp-content\/uploads\/2021\/06\/2.jpg 768w, https:\/\/delfoscba.com.ar\/dev\/wp-content\/uploads\/2021\/06\/2-300x212.jpg 300w\" sizes=\"(max-width: 768px) 100vw, 768px\" \/><\/a><\/p><p>En tanto, seg\u00fan Proyecci\u00f3n Consultores, su imagen positiva en CABA es de 53,5% vs una negativa de 32,5% (gr\u00e1fico arriba), lo que arroja un saldo de +18,3 pp. Si hacemos un promedio de ambas mediciones, tenemos una positiva de 56,7% y una negativa de 36,6%, lo que arroja un saldo de +20,1 pp. Una de las figuras de su gabinete que suena como precandidato para las primarias abiertas, simult\u00e1neas y obligatorias (PASO) es el ministro de Salud Fern\u00e1n Quir\u00f3s, que tiene un saldo de imagen de +27,3 pp, como resultante de una positiva de 52,4% y una negativa de 25,1% (gr\u00e1fico abajo).<\/p><p><a href=\"https:\/\/delfoscba.com.ar\/\/dev\/\/wp-content\/uploads\/2021\/06\/3.jpg\"><img decoding=\"async\" class=\"aligncenter wp-image-11304 size-full\" src=\"https:\/\/delfoscba.com.ar\/\/dev\/\/wp-content\/uploads\/2021\/06\/3.jpg\" alt=\"\" width=\"785\" height=\"555\" srcset=\"https:\/\/delfoscba.com.ar\/dev\/wp-content\/uploads\/2021\/06\/3.jpg 785w, https:\/\/delfoscba.com.ar\/dev\/wp-content\/uploads\/2021\/06\/3-300x212.jpg 300w, https:\/\/delfoscba.com.ar\/dev\/wp-content\/uploads\/2021\/06\/3-768x543.jpg 768w, https:\/\/delfoscba.com.ar\/dev\/wp-content\/uploads\/2021\/06\/3-400x284.jpg 400w\" sizes=\"(max-width: 785px) 100vw, 785px\" \/><\/a><\/p><p>En cambio, en el distrito donde fue jefe de gobierno Macri tiene un saldo negativo: -16,5 pp, fruto de una positiva de 37,1% vs una negativa de 53,6% (gr\u00e1fico abajo).<\/p><p><a href=\"https:\/\/delfoscba.com.ar\/\/dev\/\/wp-content\/uploads\/2021\/06\/4.jpg\"><img loading=\"lazy\" decoding=\"async\" class=\"aligncenter wp-image-11305 size-full\" src=\"https:\/\/delfoscba.com.ar\/\/dev\/\/wp-content\/uploads\/2021\/06\/4.jpg\" alt=\"\" width=\"785\" height=\"555\" srcset=\"https:\/\/delfoscba.com.ar\/dev\/wp-content\/uploads\/2021\/06\/4.jpg 785w, https:\/\/delfoscba.com.ar\/dev\/wp-content\/uploads\/2021\/06\/4-300x212.jpg 300w, https:\/\/delfoscba.com.ar\/dev\/wp-content\/uploads\/2021\/06\/4-768x543.jpg 768w, https:\/\/delfoscba.com.ar\/dev\/wp-content\/uploads\/2021\/06\/4-400x284.jpg 400w\" sizes=\"(max-width: 785px) 100vw, 785px\" \/><\/a><\/p><p>Bullrich tambi\u00e9n tiene un diferencial desfavorable, aunque menor: -7,1 pp, resultado de una positiva de 40,7% y una negativa de 47,8% (gr\u00e1fico abajo).<\/p><p><a href=\"https:\/\/delfoscba.com.ar\/\/dev\/\/wp-content\/uploads\/2021\/06\/5.jpg\"><img loading=\"lazy\" decoding=\"async\" class=\"aligncenter wp-image-11306 size-full\" src=\"https:\/\/delfoscba.com.ar\/\/dev\/\/wp-content\/uploads\/2021\/06\/5.jpg\" alt=\"\" width=\"785\" height=\"555\" srcset=\"https:\/\/delfoscba.com.ar\/dev\/wp-content\/uploads\/2021\/06\/5.jpg 785w, https:\/\/delfoscba.com.ar\/dev\/wp-content\/uploads\/2021\/06\/5-300x212.jpg 300w, https:\/\/delfoscba.com.ar\/dev\/wp-content\/uploads\/2021\/06\/5-768x543.jpg 768w, https:\/\/delfoscba.com.ar\/dev\/wp-content\/uploads\/2021\/06\/5-400x284.jpg 400w\" sizes=\"(max-width: 785px) 100vw, 785px\" \/><\/a><\/p><p>A su turno, Vidal registra un empate t\u00e9cnico entre imagen positiva y negativa: 45,7% vs 44,1%, respectivamente (gr\u00e1fico abajo); la brecha de +1,6 pp no resulta estad\u00edsticamente significativa.<\/p><p><a href=\"https:\/\/delfoscba.com.ar\/\/dev\/\/wp-content\/uploads\/2021\/06\/6.jpg\"><img loading=\"lazy\" decoding=\"async\" class=\"aligncenter wp-image-11307 size-full\" src=\"https:\/\/delfoscba.com.ar\/\/dev\/\/wp-content\/uploads\/2021\/06\/6.jpg\" alt=\"\" width=\"768\" height=\"542\" srcset=\"https:\/\/delfoscba.com.ar\/dev\/wp-content\/uploads\/2021\/06\/6.jpg 768w, https:\/\/delfoscba.com.ar\/dev\/wp-content\/uploads\/2021\/06\/6-300x212.jpg 300w\" sizes=\"(max-width: 768px) 100vw, 768px\" \/><\/a><\/p><p>En s\u00edntesis, los datos favorecen la posibilidad de que el jefe del distrito, Rodr\u00edguez Larreta, negocie desde una posici\u00f3n de relativa fuerza, dado que lidera las encuestas de imagen y que su potencial delf\u00edn tambi\u00e9n mide mejor en esa variable que otros aspirantes. Sin embargo, aunque el promedio de las encuestas en CABA muestra que JxC lidera con 43% a 22% la medici\u00f3n por sellos, el reciente estudio de Proyecci\u00f3n arroja que mientras esa fuerza todav\u00eda no alcanza el caudal que obtuvo en 2017 (51%), el FdT rebasar\u00eda el que obtuvo Unidad Ciudadana ese a\u00f1o: de casi 22% se proyecta hasta 28,1% en su \u00faltimo informe (gr\u00e1fico abajo).<\/p><p><a href=\"https:\/\/delfoscba.com.ar\/\/dev\/\/wp-content\/uploads\/2021\/06\/7.jpg\"><img loading=\"lazy\" decoding=\"async\" class=\"aligncenter wp-image-11308 size-full\" src=\"https:\/\/delfoscba.com.ar\/\/dev\/\/wp-content\/uploads\/2021\/06\/7.jpg\" alt=\"\" width=\"803\" height=\"573\" srcset=\"https:\/\/delfoscba.com.ar\/dev\/wp-content\/uploads\/2021\/06\/7.jpg 803w, https:\/\/delfoscba.com.ar\/dev\/wp-content\/uploads\/2021\/06\/7-300x214.jpg 300w, https:\/\/delfoscba.com.ar\/dev\/wp-content\/uploads\/2021\/06\/7-768x548.jpg 768w, https:\/\/delfoscba.com.ar\/dev\/wp-content\/uploads\/2021\/06\/7-400x284.jpg 400w\" sizes=\"(max-width: 803px) 100vw, 803px\" \/><\/a><\/p><p>Para m\u00e1s datos, la medici\u00f3n por candidatos individuales muestra al frente a Leandro Santoro, con 23,3%, mientras que se registra un empate t\u00e9cnico entre Bullrich (16,3%), Vidal (14,4%) y Quir\u00f3s (11,1%; gr\u00e1fico abajo).<\/p><p><a href=\"https:\/\/delfoscba.com.ar\/\/dev\/\/wp-content\/uploads\/2021\/06\/8.jpg\"><img loading=\"lazy\" decoding=\"async\" class=\"aligncenter wp-image-11309 size-full\" src=\"https:\/\/delfoscba.com.ar\/\/dev\/\/wp-content\/uploads\/2021\/06\/8.jpg\" alt=\"\" width=\"785\" height=\"555\" srcset=\"https:\/\/delfoscba.com.ar\/dev\/wp-content\/uploads\/2021\/06\/8.jpg 785w, https:\/\/delfoscba.com.ar\/dev\/wp-content\/uploads\/2021\/06\/8-300x212.jpg 300w, https:\/\/delfoscba.com.ar\/dev\/wp-content\/uploads\/2021\/06\/8-768x543.jpg 768w, https:\/\/delfoscba.com.ar\/dev\/wp-content\/uploads\/2021\/06\/8-400x284.jpg 400w\" sizes=\"(max-width: 785px) 100vw, 785px\" \/><\/a><\/p><p>Santoro tambi\u00e9n alcanza un m\u00f3dico diferencial de imagen favorable de +7,3 pp, como resultado de una positiva de casi 34% vs una negativa de 26,6% (gr\u00e1fico abajo).<\/p><p><a href=\"https:\/\/delfoscba.com.ar\/\/dev\/\/wp-content\/uploads\/2021\/06\/9.jpg\"><img loading=\"lazy\" decoding=\"async\" class=\"aligncenter wp-image-11310 size-full\" src=\"https:\/\/delfoscba.com.ar\/\/dev\/\/wp-content\/uploads\/2021\/06\/9.jpg\" alt=\"\" width=\"785\" height=\"555\" srcset=\"https:\/\/delfoscba.com.ar\/dev\/wp-content\/uploads\/2021\/06\/9.jpg 785w, https:\/\/delfoscba.com.ar\/dev\/wp-content\/uploads\/2021\/06\/9-300x212.jpg 300w, https:\/\/delfoscba.com.ar\/dev\/wp-content\/uploads\/2021\/06\/9-768x543.jpg 768w, https:\/\/delfoscba.com.ar\/dev\/wp-content\/uploads\/2021\/06\/9-400x284.jpg 400w\" sizes=\"(max-width: 785px) 100vw, 785px\" \/><\/a><\/p><p>As\u00ed, Santoro aventaja en imagen e intenci\u00f3n del voto al ex candidato a jefe de gobierno de CABA por el FdT, Mat\u00edas Lammens, que tiene un diferencial de imagen desfavorable de -5 pp como resultado de una positiva de 32,2% vs una negativa de 37,2% (gr\u00e1fico abajo).<\/p><p><a href=\"https:\/\/delfoscba.com.ar\/\/dev\/\/wp-content\/uploads\/2021\/06\/10.jpg\"><img loading=\"lazy\" decoding=\"async\" class=\"aligncenter wp-image-11311 size-full\" src=\"https:\/\/delfoscba.com.ar\/\/dev\/\/wp-content\/uploads\/2021\/06\/10.jpg\" alt=\"\" width=\"785\" height=\"555\" srcset=\"https:\/\/delfoscba.com.ar\/dev\/wp-content\/uploads\/2021\/06\/10.jpg 785w, https:\/\/delfoscba.com.ar\/dev\/wp-content\/uploads\/2021\/06\/10-300x212.jpg 300w, https:\/\/delfoscba.com.ar\/dev\/wp-content\/uploads\/2021\/06\/10-768x543.jpg 768w, https:\/\/delfoscba.com.ar\/dev\/wp-content\/uploads\/2021\/06\/10-400x284.jpg 400w\" sizes=\"(max-width: 785px) 100vw, 785px\" \/><\/a><\/p><p>En s\u00edntesis, si bien CABA se perfila como un distrito favorable para JxC, la superabundancia de precandidatos sugiere un arduo proceso de negociaci\u00f3n interna para el armado de listas entre Larreta, el ala dura del PRO (representada por Macri y Bullrich) y la ex gobernadora de PBA, Vidal. Esa puja desaf\u00eda la posibilidad de que JxC repita la performance del 2017, mientras que el FdT aparece con un precandidato casi natural a encabezar la lista y con chances de mejorar el resultado del 2017. Similar panorama se observa en C\u00f3rdoba: el promedio de las encuestas recientes ubica a JxC con 29,5% de intenci\u00f3n de voto, vs 16% para el FdT y otro tanto para Hacemos por C\u00f3rdoba (HxC), lo que posiciona al \u00faltimo estudio de Pulso Social como el m\u00e1s representativo de la serie, con 31%, 17% y 14%, respectivamente. Asimismo, una lista liberal ronda el 6% y Encuentro Vecinal un 3% (gr\u00e1fico abajo).<\/p><p><a href=\"https:\/\/delfoscba.com.ar\/\/dev\/\/wp-content\/uploads\/2021\/06\/11.jpg\"><img loading=\"lazy\" decoding=\"async\" class=\"aligncenter wp-image-11312 size-large\" src=\"https:\/\/delfoscba.com.ar\/\/dev\/\/wp-content\/uploads\/2021\/06\/11-1024x576.jpg\" alt=\"\" width=\"1024\" height=\"576\" srcset=\"https:\/\/delfoscba.com.ar\/dev\/wp-content\/uploads\/2021\/06\/11-1024x576.jpg 1024w, https:\/\/delfoscba.com.ar\/dev\/wp-content\/uploads\/2021\/06\/11-300x169.jpg 300w, https:\/\/delfoscba.com.ar\/dev\/wp-content\/uploads\/2021\/06\/11-768x432.jpg 768w, https:\/\/delfoscba.com.ar\/dev\/wp-content\/uploads\/2021\/06\/11.jpg 1080w\" sizes=\"(max-width: 1024px) 100vw, 1024px\" \/><\/a><\/p><p>Como en CABA, la versi\u00f3n cordobesa de JxC tambi\u00e9n tiene una superabundancia de precandidatos con aspiraciones de encabezar la lista, que arranca por el tramo de senador nacional: Ram\u00f3n Mestre, Mario Negri y Rodrigo de Loredo por la Uni\u00f3n C\u00edvica Radical (UCR), Luis Juez por el Frente C\u00edvico, H\u00e9ctor Baldassi, Soher el Sukaria y Laura Rodr\u00edguez Machado por el PRO, junto con el extrapartidario y delf\u00edn de Macri, Gustavo Santos. El reciente paso del ex presidente por el distrito agit\u00f3 la pol\u00edtica provincial: a nivel general, el \u00faltimo estudio de Zuban C\u00f3rdoba arroj\u00f3 que un 34,5% de los electores cordobeses se inclina por la opci\u00f3n de que la UCR mantenga su autonom\u00eda sin aliarse con nadie, mientras que casi 28% prefiere que mantenga su alianza con el PRO y la Coalici\u00f3n C\u00edvica; por otro lado, 15,1% se inclina por aliarse al \u201cala blanda\u201d del PRO y apenas 6,5% por asociarse al \u201cala dura\u201d (gr\u00e1fico abajo).<\/p><p><a href=\"https:\/\/delfoscba.com.ar\/\/dev\/\/wp-content\/uploads\/2021\/06\/12.jpg\"><img loading=\"lazy\" decoding=\"async\" class=\"aligncenter wp-image-11313 size-full\" src=\"https:\/\/delfoscba.com.ar\/\/dev\/\/wp-content\/uploads\/2021\/06\/12.jpg\" alt=\"\" width=\"600\" height=\"338\" srcset=\"https:\/\/delfoscba.com.ar\/dev\/wp-content\/uploads\/2021\/06\/12.jpg 600w, https:\/\/delfoscba.com.ar\/dev\/wp-content\/uploads\/2021\/06\/12-300x169.jpg 300w\" sizes=\"(max-width: 600px) 100vw, 600px\" \/><\/a><\/p><p>Como en CABA, la versi\u00f3n cordobesa de JxC tambi\u00e9n tiene una superabundancia de precandidatos con aspiraciones de encabezar la lista, que arranca por el tramo de senador nacional: Ram\u00f3n Mestre, Mario Negri y Rodrigo de Loredo por la Uni\u00f3n C\u00edvica Radical (UCR), Luis Juez por el Frente C\u00edvico, H\u00e9ctor Baldassi, Soher el Sukaria y Laura Rodr\u00edguez Machado por el PRO, junto con el extrapartidario y delf\u00edn de Macri, Gustavo Santos. El reciente paso del ex presidente por el distrito agit\u00f3 la pol\u00edtica provincial: a nivel general, el \u00faltimo estudio de Zuban C\u00f3rdoba arroj\u00f3 que un 34,5% de los electores cordobeses se inclina por la opci\u00f3n de que la UCR mantenga su autonom\u00eda sin aliarse con nadie, mientras que casi 28% prefiere que mantenga su alianza con el PRO y la Coalici\u00f3n C\u00edvica; por otro lado, 15,1% se inclina por aliarse al \u201cala blanda\u201d del PRO y apenas 6,5% por asociarse al \u201cala dura\u201d (gr\u00e1fico abajo).<\/p><p><a href=\"https:\/\/delfoscba.com.ar\/\/dev\/\/wp-content\/uploads\/2021\/06\/13.jpg\"><img loading=\"lazy\" decoding=\"async\" class=\"aligncenter wp-image-11314 size-full\" src=\"https:\/\/delfoscba.com.ar\/\/dev\/\/wp-content\/uploads\/2021\/06\/13.jpg\" alt=\"\" width=\"600\" height=\"338\" srcset=\"https:\/\/delfoscba.com.ar\/dev\/wp-content\/uploads\/2021\/06\/13.jpg 600w, https:\/\/delfoscba.com.ar\/dev\/wp-content\/uploads\/2021\/06\/13-300x169.jpg 300w\" sizes=\"(max-width: 600px) 100vw, 600px\" \/><\/a><\/p><p>Ese factor, junto a la competencia de HxC (que no tendr\u00eda mayores problemas en consensuar su lista de unidad) y la concurrencia de otras dos listas \u201cpor derecha\u201d, una libertaria y otra de Encuentro Vecinal, complican las chances de que JxC repita su performance del 2017, cuando obtuvo 48,5% en C\u00f3rdoba. Parad\u00f3jicamente o no tanto, seg\u00fan Pulso Social la proyecci\u00f3n de JxC mejorar\u00eda ante una \u201clista \u00fanica\u201d del PJ (HxC+FDT, gr\u00e1fico abajo), hip\u00f3tesis que hoy est\u00e1 casi descartada.<\/p><p><a href=\"https:\/\/delfoscba.com.ar\/\/dev\/\/wp-content\/uploads\/2021\/06\/14.jpg\"><img loading=\"lazy\" decoding=\"async\" class=\"aligncenter wp-image-11315 size-large\" src=\"https:\/\/delfoscba.com.ar\/\/dev\/\/wp-content\/uploads\/2021\/06\/14-1024x576.jpg\" alt=\"\" width=\"1024\" height=\"576\" srcset=\"https:\/\/delfoscba.com.ar\/dev\/wp-content\/uploads\/2021\/06\/14-1024x576.jpg 1024w, https:\/\/delfoscba.com.ar\/dev\/wp-content\/uploads\/2021\/06\/14-300x169.jpg 300w, https:\/\/delfoscba.com.ar\/dev\/wp-content\/uploads\/2021\/06\/14-768x432.jpg 768w, https:\/\/delfoscba.com.ar\/dev\/wp-content\/uploads\/2021\/06\/14-1080x608.jpg 1080w, https:\/\/delfoscba.com.ar\/dev\/wp-content\/uploads\/2021\/06\/14.jpg 1280w\" sizes=\"(max-width: 1024px) 100vw, 1024px\" \/><\/a><\/p>\t\t\t\t\t\t\t\t<\/div>\n\t\t\t\t\t<\/div>\n\t\t<\/div>\n\t\t\t\t\t<\/div>\n\t\t<\/section>\n\t\t\t\t<section class=\"elementor-section elementor-top-section elementor-element elementor-element-b28ac47 elementor-section-height-min-height elementor-section-boxed elementor-section-height-default elementor-section-items-middle\" data-id=\"b28ac47\" data-element_type=\"section\" data-e-type=\"section\" data-settings=\"{&quot;background_background&quot;:&quot;classic&quot;}\">\n\t\t\t\t\t\t\t<div class=\"elementor-background-overlay\"><\/div>\n\t\t\t\t\t\t\t<div class=\"elementor-container elementor-column-gap-default\">\n\t\t\t\t\t<div class=\"elementor-column elementor-col-100 elementor-top-column elementor-element elementor-element-88fba06\" data-id=\"88fba06\" data-element_type=\"column\" data-e-type=\"column\">\n\t\t\t<div class=\"elementor-widget-wrap elementor-element-populated\">\n\t\t\t\t\t\t<div class=\"elementor-element elementor-element-7e65226 elementor-widget elementor-widget-heading\" data-id=\"7e65226\" data-element_type=\"widget\" data-e-type=\"widget\" data-widget_type=\"heading.default\">\n\t\t\t\t\t<h2 class=\"elementor-heading-title elementor-size-large\">Seguinos en nuestras redes<\/h2>\t\t\t\t<\/div>\n\t\t\t\t<div class=\"elementor-element elementor-element-c37b7ef elementor-shape-circle e-grid-align-tablet-center e-grid-align-mobile-center e-grid-align-left elementor-grid-0 elementor-widget elementor-widget-social-icons\" data-id=\"c37b7ef\" data-element_type=\"widget\" data-e-type=\"widget\" data-widget_type=\"social-icons.default\">\n\t\t\t\t\t\t\t<div class=\"elementor-social-icons-wrapper elementor-grid\" role=\"list\">\n\t\t\t\t\t\t\t<span class=\"elementor-grid-item\" role=\"listitem\">\n\t\t\t\t\t<a class=\"elementor-icon elementor-social-icon elementor-social-icon-facebook-f elementor-repeater-item-lf5yt4c\" href=\"https:\/\/www.facebook.com\/ConsultoraDelfos\" target=\"_blank\">\n\t\t\t\t\t\t<span class=\"elementor-screen-only\">Facebook-f<\/span>\n\t\t\t\t\t\t<i aria-hidden=\"true\" class=\"fab fa-facebook-f\"><\/i>\t\t\t\t\t<\/a>\n\t\t\t\t<\/span>\n\t\t\t\t\t\t\t<span class=\"elementor-grid-item\" role=\"listitem\">\n\t\t\t\t\t<a class=\"elementor-icon elementor-social-icon elementor-social-icon-twitter elementor-repeater-item-01xie82\" href=\"https:\/\/twitter.com\/delfoscba\" target=\"_blank\">\n\t\t\t\t\t\t<span class=\"elementor-screen-only\">Twitter<\/span>\n\t\t\t\t\t\t<i aria-hidden=\"true\" class=\"fab fa-twitter\"><\/i>\t\t\t\t\t<\/a>\n\t\t\t\t<\/span>\n\t\t\t\t\t\t\t<span class=\"elementor-grid-item\" role=\"listitem\">\n\t\t\t\t\t<a class=\"elementor-icon elementor-social-icon elementor-social-icon-linkedin elementor-repeater-item-grhvqhn\" target=\"_blank\">\n\t\t\t\t\t\t<span class=\"elementor-screen-only\">Linkedin<\/span>\n\t\t\t\t\t\t<i aria-hidden=\"true\" class=\"fab fa-linkedin\"><\/i>\t\t\t\t\t<\/a>\n\t\t\t\t<\/span>\n\t\t\t\t\t<\/div>\n\t\t\t\t\t\t<\/div>\n\t\t\t\t\t<\/div>\n\t\t<\/div>\n\t\t\t\t\t<\/div>\n\t\t<\/section>\n\t\t\t\t<\/div>\n\t\t","protected":false},"excerpt":{"rendered":"<p>El panorama de las elecciones de medio t\u00e9rmino en dos distritos clave.<\/p>\n","protected":false},"author":2,"featured_media":11323,"comment_status":"open","ping_status":"open","sticky":false,"template":"","format":"standard","meta":{"_acf_changed":false,"footnotes":""},"categories":[3],"tags":[380,39,342,40,38,264,97,382,383,354,291,356,358,57,287,306],"class_list":["post-11301","post","type-post","status-publish","format-standard","has-post-thumbnail","hentry","category-politica","tag-380","tag-argentina","tag-caba","tag-consultora","tag-cordoba","tag-cristina","tag-elecciones","tag-hacemos-por-cordoba","tag-juez","tag-juntos-por-el-cambio","tag-kirchnerismo","tag-larreta","tag-negri","tag-norman-berra","tag-peronismo","tag-schiaretti","et-has-post-format-content","et_post_format-et-post-format-standard"],"acf":[],"_links":{"self":[{"href":"https:\/\/delfoscba.com.ar\/dev\/wp-json\/wp\/v2\/posts\/11301","targetHints":{"allow":["GET"]}}],"collection":[{"href":"https:\/\/delfoscba.com.ar\/dev\/wp-json\/wp\/v2\/posts"}],"about":[{"href":"https:\/\/delfoscba.com.ar\/dev\/wp-json\/wp\/v2\/types\/post"}],"author":[{"embeddable":true,"href":"https:\/\/delfoscba.com.ar\/dev\/wp-json\/wp\/v2\/users\/2"}],"replies":[{"embeddable":true,"href":"https:\/\/delfoscba.com.ar\/dev\/wp-json\/wp\/v2\/comments?post=11301"}],"version-history":[{"count":5,"href":"https:\/\/delfoscba.com.ar\/dev\/wp-json\/wp\/v2\/posts\/11301\/revisions"}],"predecessor-version":[{"id":11322,"href":"https:\/\/delfoscba.com.ar\/dev\/wp-json\/wp\/v2\/posts\/11301\/revisions\/11322"}],"wp:featuredmedia":[{"embeddable":true,"href":"https:\/\/delfoscba.com.ar\/dev\/wp-json\/wp\/v2\/media\/11323"}],"wp:attachment":[{"href":"https:\/\/delfoscba.com.ar\/dev\/wp-json\/wp\/v2\/media?parent=11301"}],"wp:term":[{"taxonomy":"category","embeddable":true,"href":"https:\/\/delfoscba.com.ar\/dev\/wp-json\/wp\/v2\/categories?post=11301"},{"taxonomy":"post_tag","embeddable":true,"href":"https:\/\/delfoscba.com.ar\/dev\/wp-json\/wp\/v2\/tags?post=11301"}],"curies":[{"name":"wp","href":"https:\/\/api.w.org\/{rel}","templated":true}]}}