{"id":11377,"date":"2021-06-23T22:10:29","date_gmt":"2021-06-23T22:10:29","guid":{"rendered":"https:\/\/delfoscba.com.ar\/\/dev\/\/?p=11377"},"modified":"2021-06-23T23:17:27","modified_gmt":"2021-06-23T23:17:27","slug":"los-cordobeses-quieren-vacunarse","status":"publish","type":"post","link":"https:\/\/delfoscba.com.ar\/dev\/sociedad\/los-cordobeses-quieren-vacunarse\/","title":{"rendered":"Los cordobeses&#8230; \u00bfQuieren vacunarse?"},"content":{"rendered":"\t\t<div data-elementor-type=\"wp-post\" data-elementor-id=\"11377\" class=\"elementor elementor-11377\" data-elementor-post-type=\"post\">\n\t\t\t\t\t\t<section class=\"elementor-section elementor-top-section elementor-element elementor-element-41498b4 elementor-section-height-min-height elementor-section-boxed elementor-section-height-default elementor-section-items-middle\" data-id=\"41498b4\" data-element_type=\"section\" data-e-type=\"section\" data-settings=\"{&quot;background_background&quot;:&quot;classic&quot;}\">\n\t\t\t\t\t\t\t<div class=\"elementor-background-overlay\"><\/div>\n\t\t\t\t\t\t\t<div class=\"elementor-container elementor-column-gap-no\">\n\t\t\t\t\t<div class=\"elementor-column elementor-col-100 elementor-top-column elementor-element elementor-element-a18ac89\" data-id=\"a18ac89\" data-element_type=\"column\" data-e-type=\"column\">\n\t\t\t<div class=\"elementor-widget-wrap elementor-element-populated\">\n\t\t\t\t\t\t<div class=\"elementor-element elementor-element-e493600 elementor-widget elementor-widget-heading\" data-id=\"e493600\" data-element_type=\"widget\" data-e-type=\"widget\" data-widget_type=\"heading.default\">\n\t\t\t\t\t<h2 class=\"elementor-heading-title elementor-size-large\">SOCIEDAD<\/h2>\t\t\t\t<\/div>\n\t\t\t\t\t<\/div>\n\t\t<\/div>\n\t\t\t\t\t<\/div>\n\t\t<\/section>\n\t\t\t\t<section class=\"elementor-section elementor-top-section elementor-element elementor-element-7dafb6e4 elementor-section-boxed elementor-section-height-default elementor-section-height-default\" data-id=\"7dafb6e4\" data-element_type=\"section\" data-e-type=\"section\">\n\t\t\t\t\t\t<div class=\"elementor-container elementor-column-gap-default\">\n\t\t\t\t\t<div class=\"elementor-column elementor-col-100 elementor-top-column elementor-element elementor-element-38ae5a14\" data-id=\"38ae5a14\" data-element_type=\"column\" data-e-type=\"column\">\n\t\t\t<div class=\"elementor-widget-wrap elementor-element-populated\">\n\t\t\t\t\t\t<div class=\"elementor-element elementor-element-f8a3207 elementor-widget elementor-widget-author-box\" data-id=\"f8a3207\" data-element_type=\"widget\" data-e-type=\"widget\" data-widget_type=\"author-box.default\">\n\t\t\t\t\t\t\t<div class=\"elementor-author-box\">\n\t\t\t\t\t\t\t<a href=\"https:\/\/delfoscba.com.ar\/\/dev\/\/nosotros\/\" class=\"elementor-author-box__avatar\">\n\t\t\t\t\t<img decoding=\"async\" src=\"https:\/\/delfoscba.com.ar\/dev\/wp-content\/uploads\/2021\/03\/eia-1.png\" alt=\"Picture of Jos\u00e9 Gangi\" loading=\"lazy\">\n\t\t\t\t<\/a>\n\t\t\t\n\t\t\t<div class=\"elementor-author-box__text\">\n\t\t\t\t\t\t\t\t\t<a href=\"https:\/\/delfoscba.com.ar\/\/dev\/\/nosotros\/\">\n\t\t\t\t\t\t<h4 class=\"elementor-author-box__name\">\n\t\t\t\t\t\t\tJos\u00e9 Gangi\t\t\t\t\t\t<\/h4>\n\t\t\t\t\t<\/a>\n\t\t\t\t\n\t\t\t\t\t\t\t\t\t<div class=\"elementor-author-box__bio\">\n\t\t\t\t\t\t<p>Edici\u00f3n, An\u00e1lisis y Comunicaci\u00f3n Institucional<\/p>\n\t\t\t\t\t<\/div>\n\t\t\t\t\n\t\t\t\t\t\t\t<\/div>\n\t\t<\/div>\n\t\t\t\t\t\t<\/div>\n\t\t\t\t<div class=\"elementor-element elementor-element-7aefe4b4 elementor-widget elementor-widget-text-editor\" data-id=\"7aefe4b4\" data-element_type=\"widget\" data-e-type=\"widget\" data-widget_type=\"text-editor.default\">\n\t\t\t\t\t\t\t\t\t<p>Desde los \u00faltimos d\u00edas de mayo, el ritmo de vacunaci\u00f3n ha crecido vertiginosamente en todo el pa\u00eds.<\/p><p>Hasta la jornada de ayer, 22 de junio, Argentina llevaba vacunado, con al menos una dosis, al 32,81% de la poblaci\u00f3n total y C\u00f3rdoba al 33,70%. Si consideramos solamente a los mayores de 18 a\u00f1os, p\u00fablico exclusivo de la actual fase de la campa\u00f1a, Argentina lleva vacunado al 43,5% de los mayores y C\u00f3rdoba al 43,8%.<\/p><p>M\u00e1s all\u00e1 del mayor peso que cobra d\u00eda a d\u00eda el porcentaje de la poblaci\u00f3n vacunada sobre el total, el avance de las cifras tambi\u00e9n expone una recepci\u00f3n positiva de la poblaci\u00f3n frente a la vacunaci\u00f3n.<\/p><p>Esta situaci\u00f3n resulta trascendental a la hora de pensar en un futuro con menos restricciones y m\u00e1s \u201cnormal\u201d. Los expertos hablan de porcentajes de poblaci\u00f3n vacunada superiores al 70% para comenzar a descontracturar el sistema de contenci\u00f3n del virus.<\/p><p>Siguiendo esta realidad, nos propusimos preguntarles a los cordobeses que a\u00fan no han sido vacunados si est\u00e1n dispuestos a hacerlo<\/p><p><a href=\"https:\/\/delfoscba.com.ar\/\/dev\/\/wp-content\/uploads\/2021\/06\/intension-de-vacunarse.png\"><img fetchpriority=\"high\" decoding=\"async\" class=\"aligncenter wp-image-11382 size-full\" src=\"https:\/\/delfoscba.com.ar\/\/dev\/\/wp-content\/uploads\/2021\/06\/intension-de-vacunarse.png\" alt=\"\" width=\"1023\" height=\"904\" srcset=\"https:\/\/delfoscba.com.ar\/dev\/wp-content\/uploads\/2021\/06\/intension-de-vacunarse.png 1023w, https:\/\/delfoscba.com.ar\/dev\/wp-content\/uploads\/2021\/06\/intension-de-vacunarse-300x265.png 300w, https:\/\/delfoscba.com.ar\/dev\/wp-content\/uploads\/2021\/06\/intension-de-vacunarse-768x679.png 768w\" sizes=\"(max-width: 1023px) 100vw, 1023px\" \/><\/a><\/p><p>Las respuestas generan incentivos suficientes para continuar apostando a la vacunaci\u00f3n y para so\u00f1ar con un futuro mejor en un horizonte no tan lejano, ya que el 74% afirma que se va a vacunar cuando le llegue el momento de hacerlo.<\/p><p>Esta tendencia se encuentra especialmente marcada entre aquellos grupos que han recibido la menor cantidad de dosis.<\/p><p><a href=\"https:\/\/delfoscba.com.ar\/\/dev\/\/wp-content\/uploads\/2021\/06\/intension-de-vacunarse-2.png\"><img decoding=\"async\" class=\"aligncenter wp-image-11381 size-full\" src=\"https:\/\/delfoscba.com.ar\/\/dev\/\/wp-content\/uploads\/2021\/06\/intension-de-vacunarse-2.png\" alt=\"\" width=\"1050\" height=\"937\" srcset=\"https:\/\/delfoscba.com.ar\/dev\/wp-content\/uploads\/2021\/06\/intension-de-vacunarse-2.png 1050w, https:\/\/delfoscba.com.ar\/dev\/wp-content\/uploads\/2021\/06\/intension-de-vacunarse-2-300x268.png 300w, https:\/\/delfoscba.com.ar\/dev\/wp-content\/uploads\/2021\/06\/intension-de-vacunarse-2-1024x914.png 1024w, https:\/\/delfoscba.com.ar\/dev\/wp-content\/uploads\/2021\/06\/intension-de-vacunarse-2-768x685.png 768w\" sizes=\"(max-width: 1050px) 100vw, 1050px\" \/><\/a><\/p><p>Un 74% de los j\u00f3venes de 18 a 29 a\u00f1os dice que va a vacunarse contra s\u00f3lo un 8% que afirma lo contrario y un 75% de los adultos j\u00f3venes de 30 a 49 a\u00f1os planea vacunarse contra s\u00f3lo un 13% que no lo har\u00eda.<\/p><p><a href=\"https:\/\/delfoscba.com.ar\/\/dev\/\/wp-content\/uploads\/2021\/06\/gente-no-vacunada-por-edades.png\"><img decoding=\"async\" class=\"aligncenter wp-image-11380 size-full\" src=\"https:\/\/delfoscba.com.ar\/\/dev\/\/wp-content\/uploads\/2021\/06\/gente-no-vacunada-por-edades.png\" alt=\"\" width=\"556\" height=\"489\" srcset=\"https:\/\/delfoscba.com.ar\/dev\/wp-content\/uploads\/2021\/06\/gente-no-vacunada-por-edades.png 556w, https:\/\/delfoscba.com.ar\/dev\/wp-content\/uploads\/2021\/06\/gente-no-vacunada-por-edades-300x264.png 300w\" sizes=\"(max-width: 556px) 100vw, 556px\" \/><\/a><\/p><p>Las cifras m\u00e1s altas de rechazo se encuentran en aquellas poblaciones que ya presentan altos \u00edndices de vacunaci\u00f3n, como son los adultos de 50 a 65 y los adultos mayores de 65 a\u00f1os o m\u00e1s. Si tenemos en cuenta que la poblaci\u00f3n encuestada de estas edades que a\u00fan no ha sido vacunada representa s\u00f3lo el 9% y el 1% respectivamente, podemos intuir que nos enfrentamos a la opini\u00f3n de un grupo especialmente renuente a las mismas.<\/p>\t\t\t\t\t\t\t\t<\/div>\n\t\t\t\t\t<\/div>\n\t\t<\/div>\n\t\t\t\t\t<\/div>\n\t\t<\/section>\n\t\t\t\t<section class=\"elementor-section elementor-top-section elementor-element elementor-element-b28ac47 elementor-section-height-min-height elementor-section-boxed elementor-section-height-default elementor-section-items-middle\" data-id=\"b28ac47\" data-element_type=\"section\" data-e-type=\"section\" data-settings=\"{&quot;background_background&quot;:&quot;classic&quot;}\">\n\t\t\t\t\t\t\t<div class=\"elementor-background-overlay\"><\/div>\n\t\t\t\t\t\t\t<div class=\"elementor-container elementor-column-gap-default\">\n\t\t\t\t\t<div class=\"elementor-column elementor-col-100 elementor-top-column elementor-element elementor-element-88fba06\" data-id=\"88fba06\" data-element_type=\"column\" data-e-type=\"column\">\n\t\t\t<div class=\"elementor-widget-wrap elementor-element-populated\">\n\t\t\t\t\t\t<div class=\"elementor-element elementor-element-7e65226 elementor-widget elementor-widget-heading\" data-id=\"7e65226\" data-element_type=\"widget\" data-e-type=\"widget\" data-widget_type=\"heading.default\">\n\t\t\t\t\t<h2 class=\"elementor-heading-title elementor-size-large\">Seguinos en nuestras redes<\/h2>\t\t\t\t<\/div>\n\t\t\t\t<div class=\"elementor-element elementor-element-c37b7ef elementor-shape-circle e-grid-align-tablet-center e-grid-align-mobile-center e-grid-align-left elementor-grid-0 elementor-widget elementor-widget-social-icons\" data-id=\"c37b7ef\" data-element_type=\"widget\" data-e-type=\"widget\" data-widget_type=\"social-icons.default\">\n\t\t\t\t\t\t\t<div class=\"elementor-social-icons-wrapper elementor-grid\" role=\"list\">\n\t\t\t\t\t\t\t<span class=\"elementor-grid-item\" role=\"listitem\">\n\t\t\t\t\t<a class=\"elementor-icon elementor-social-icon elementor-social-icon-facebook-f elementor-repeater-item-lf5yt4c\" href=\"https:\/\/www.facebook.com\/ConsultoraDelfos\" target=\"_blank\">\n\t\t\t\t\t\t<span class=\"elementor-screen-only\">Facebook-f<\/span>\n\t\t\t\t\t\t<i aria-hidden=\"true\" class=\"fab fa-facebook-f\"><\/i>\t\t\t\t\t<\/a>\n\t\t\t\t<\/span>\n\t\t\t\t\t\t\t<span class=\"elementor-grid-item\" role=\"listitem\">\n\t\t\t\t\t<a class=\"elementor-icon elementor-social-icon elementor-social-icon-twitter elementor-repeater-item-01xie82\" href=\"https:\/\/twitter.com\/delfoscba\" target=\"_blank\">\n\t\t\t\t\t\t<span class=\"elementor-screen-only\">Twitter<\/span>\n\t\t\t\t\t\t<i aria-hidden=\"true\" class=\"fab fa-twitter\"><\/i>\t\t\t\t\t<\/a>\n\t\t\t\t<\/span>\n\t\t\t\t\t\t\t<span class=\"elementor-grid-item\" role=\"listitem\">\n\t\t\t\t\t<a class=\"elementor-icon elementor-social-icon elementor-social-icon-linkedin elementor-repeater-item-grhvqhn\" target=\"_blank\">\n\t\t\t\t\t\t<span class=\"elementor-screen-only\">Linkedin<\/span>\n\t\t\t\t\t\t<i aria-hidden=\"true\" class=\"fab fa-linkedin\"><\/i>\t\t\t\t\t<\/a>\n\t\t\t\t<\/span>\n\t\t\t\t\t<\/div>\n\t\t\t\t\t\t<\/div>\n\t\t\t\t\t<\/div>\n\t\t<\/div>\n\t\t\t\t\t<\/div>\n\t\t<\/section>\n\t\t\t\t<\/div>\n\t\t","protected":false},"excerpt":{"rendered":"<p>Ante la necesidad de alcanzar un importante porcentaje de la poblaci\u00f3n vacunada, analizamos la voluntad de los cordobeses a vacunarse.<\/p>\n","protected":false},"author":2,"featured_media":11378,"comment_status":"open","ping_status":"open","sticky":false,"template":"","format":"standard","meta":{"_acf_changed":false,"footnotes":""},"categories":[4],"tags":[380,39,40,38,362,35,390,34,54,389],"class_list":["post-11377","post","type-post","status-publish","format-standard","has-post-thumbnail","hentry","category-sociedad","tag-380","tag-argentina","tag-consultora","tag-cordoba","tag-covid-19","tag-edad","tag-etario","tag-jose-gangi","tag-pandemia","tag-vacunacion","et-has-post-format-content","et_post_format-et-post-format-standard"],"acf":[],"_links":{"self":[{"href":"https:\/\/delfoscba.com.ar\/dev\/wp-json\/wp\/v2\/posts\/11377","targetHints":{"allow":["GET"]}}],"collection":[{"href":"https:\/\/delfoscba.com.ar\/dev\/wp-json\/wp\/v2\/posts"}],"about":[{"href":"https:\/\/delfoscba.com.ar\/dev\/wp-json\/wp\/v2\/types\/post"}],"author":[{"embeddable":true,"href":"https:\/\/delfoscba.com.ar\/dev\/wp-json\/wp\/v2\/users\/2"}],"replies":[{"embeddable":true,"href":"https:\/\/delfoscba.com.ar\/dev\/wp-json\/wp\/v2\/comments?post=11377"}],"version-history":[{"count":10,"href":"https:\/\/delfoscba.com.ar\/dev\/wp-json\/wp\/v2\/posts\/11377\/revisions"}],"predecessor-version":[{"id":11391,"href":"https:\/\/delfoscba.com.ar\/dev\/wp-json\/wp\/v2\/posts\/11377\/revisions\/11391"}],"wp:featuredmedia":[{"embeddable":true,"href":"https:\/\/delfoscba.com.ar\/dev\/wp-json\/wp\/v2\/media\/11378"}],"wp:attachment":[{"href":"https:\/\/delfoscba.com.ar\/dev\/wp-json\/wp\/v2\/media?parent=11377"}],"wp:term":[{"taxonomy":"category","embeddable":true,"href":"https:\/\/delfoscba.com.ar\/dev\/wp-json\/wp\/v2\/categories?post=11377"},{"taxonomy":"post_tag","embeddable":true,"href":"https:\/\/delfoscba.com.ar\/dev\/wp-json\/wp\/v2\/tags?post=11377"}],"curies":[{"name":"wp","href":"https:\/\/api.w.org\/{rel}","templated":true}]}}