{"id":11437,"date":"2021-07-08T19:40:42","date_gmt":"2021-07-08T19:40:42","guid":{"rendered":"https:\/\/delfoscba.com.ar\/\/dev\/\/?p=11437"},"modified":"2021-07-08T19:44:36","modified_gmt":"2021-07-08T19:44:36","slug":"turismo-en-vacaciones-de-invierno","status":"publish","type":"post","link":"https:\/\/delfoscba.com.ar\/dev\/sociedad\/turismo-en-vacaciones-de-invierno\/","title":{"rendered":"Turismo en vacaciones de invierno"},"content":{"rendered":"\t\t<div data-elementor-type=\"wp-post\" data-elementor-id=\"11437\" class=\"elementor elementor-11437\" data-elementor-post-type=\"post\">\n\t\t\t\t\t\t<section class=\"elementor-section elementor-top-section elementor-element elementor-element-41498b4 elementor-section-height-min-height elementor-section-boxed elementor-section-height-default elementor-section-items-middle\" data-id=\"41498b4\" data-element_type=\"section\" data-e-type=\"section\" data-settings=\"{&quot;background_background&quot;:&quot;classic&quot;}\">\n\t\t\t\t\t\t\t<div class=\"elementor-background-overlay\"><\/div>\n\t\t\t\t\t\t\t<div class=\"elementor-container elementor-column-gap-no\">\n\t\t\t\t\t<div class=\"elementor-column elementor-col-100 elementor-top-column elementor-element elementor-element-a18ac89\" data-id=\"a18ac89\" data-element_type=\"column\" data-e-type=\"column\">\n\t\t\t<div class=\"elementor-widget-wrap elementor-element-populated\">\n\t\t\t\t\t\t<div class=\"elementor-element elementor-element-e493600 elementor-widget elementor-widget-heading\" data-id=\"e493600\" data-element_type=\"widget\" data-e-type=\"widget\" data-widget_type=\"heading.default\">\n\t\t\t\t\t<h2 class=\"elementor-heading-title elementor-size-large\">SOCIEDAD<\/h2>\t\t\t\t<\/div>\n\t\t\t\t\t<\/div>\n\t\t<\/div>\n\t\t\t\t\t<\/div>\n\t\t<\/section>\n\t\t\t\t<section class=\"elementor-section elementor-top-section elementor-element elementor-element-7dafb6e4 elementor-section-boxed elementor-section-height-default elementor-section-height-default\" data-id=\"7dafb6e4\" data-element_type=\"section\" data-e-type=\"section\">\n\t\t\t\t\t\t<div class=\"elementor-container elementor-column-gap-default\">\n\t\t\t\t\t<div class=\"elementor-column elementor-col-100 elementor-top-column elementor-element elementor-element-38ae5a14\" data-id=\"38ae5a14\" data-element_type=\"column\" data-e-type=\"column\">\n\t\t\t<div class=\"elementor-widget-wrap elementor-element-populated\">\n\t\t\t\t\t\t<div class=\"elementor-element elementor-element-f8a3207 elementor-widget elementor-widget-author-box\" data-id=\"f8a3207\" data-element_type=\"widget\" data-e-type=\"widget\" data-widget_type=\"author-box.default\">\n\t\t\t\t\t\t\t<div class=\"elementor-author-box\">\n\t\t\t\t\t\t\t<a href=\"https:\/\/delfoscba.com.ar\/\/dev\/\/nosotros\/\" class=\"elementor-author-box__avatar\">\n\t\t\t\t\t<img decoding=\"async\" src=\"https:\/\/delfoscba.com.ar\/dev\/wp-content\/uploads\/2021\/03\/eia-1.png\" alt=\"Picture of Jos\u00e9 Gangi\" loading=\"lazy\">\n\t\t\t\t<\/a>\n\t\t\t\n\t\t\t<div class=\"elementor-author-box__text\">\n\t\t\t\t\t\t\t\t\t<a href=\"https:\/\/delfoscba.com.ar\/\/dev\/\/nosotros\/\">\n\t\t\t\t\t\t<h4 class=\"elementor-author-box__name\">\n\t\t\t\t\t\t\tJos\u00e9 Gangi\t\t\t\t\t\t<\/h4>\n\t\t\t\t\t<\/a>\n\t\t\t\t\n\t\t\t\t\t\t\t\t\t<div class=\"elementor-author-box__bio\">\n\t\t\t\t\t\t<p>Edici\u00f3n, An\u00e1lisis y Comunicaci\u00f3n Institucional<\/p>\n\t\t\t\t\t<\/div>\n\t\t\t\t\n\t\t\t\t\t\t\t<\/div>\n\t\t<\/div>\n\t\t\t\t\t\t<\/div>\n\t\t\t\t<div class=\"elementor-element elementor-element-7aefe4b4 elementor-widget elementor-widget-text-editor\" data-id=\"7aefe4b4\" data-element_type=\"widget\" data-e-type=\"widget\" data-widget_type=\"text-editor.default\">\n\t\t\t\t\t\t\t\t\t<p>Como decret\u00f3 el Gobierno de la provincia de C\u00f3rdoba el viernes pasado, ma\u00f1ana 9 de julio se habilita el turismo en la provincia. Este rubro, uno de los m\u00e1s golpeados por la pandemia, experimenta de esta forma la apertura de la segunda ventana tur\u00edstica desde que comenz\u00f3 la pandemia.<\/p><p>Teniendo en cuenta esta renovada vuelta del turismo, nos propusimos investigar en nuestro \u00faltimo relevamiento cu\u00e1ntos cordobeses estaban dispuestos o en condiciones de vacacionar y de qu\u00e9 forma.<\/p><p>A diferencia de lo ocurrido a finales del a\u00f1o pasado, cuando tambi\u00e9n se dispuso una apertura del turismo y el 36% de los cordobeses afirm\u00f3 que, al menos probablemente, saldr\u00eda de vacaciones, hoy s\u00f3lo un 20% de los vecinos de la provincia expresan lo mismo.<\/p><p><a href=\"https:\/\/delfoscba.com.ar\/\/dev\/\/wp-content\/uploads\/2021\/07\/vacaciones-invierno.png\"><img fetchpriority=\"high\" decoding=\"async\" class=\"aligncenter wp-image-11441 size-large\" src=\"https:\/\/delfoscba.com.ar\/\/dev\/\/wp-content\/uploads\/2021\/07\/vacaciones-invierno-970x1024.png\" alt=\"\" width=\"970\" height=\"1024\" srcset=\"https:\/\/delfoscba.com.ar\/dev\/wp-content\/uploads\/2021\/07\/vacaciones-invierno-970x1024.png 970w, https:\/\/delfoscba.com.ar\/dev\/wp-content\/uploads\/2021\/07\/vacaciones-invierno-284x300.png 284w, https:\/\/delfoscba.com.ar\/dev\/wp-content\/uploads\/2021\/07\/vacaciones-invierno-768x811.png 768w, https:\/\/delfoscba.com.ar\/dev\/wp-content\/uploads\/2021\/07\/vacaciones-invierno-1080x1140.png 1080w, https:\/\/delfoscba.com.ar\/dev\/wp-content\/uploads\/2021\/07\/vacaciones-invierno.png 1102w\" sizes=\"(max-width: 970px) 100vw, 970px\" \/><\/a><\/p><p>Si tomamos \u00fanicamente este grupo de cordobeses que planean vacacionar, podemos observar que la proporci\u00f3n que piensa vacacionar en la provincia de C\u00f3rdoba (59%) presenta valores similares a los de 2020 (57%). Esta proporci\u00f3n de posibles turistas representar\u00eda el movimiento de unos 340.000 cordobeses por los diferentes puntos tur\u00edsticos de la provincia.<\/p><p><a href=\"https:\/\/delfoscba.com.ar\/\/dev\/\/wp-content\/uploads\/2021\/07\/vacaciones-invierno-2.png\"><img decoding=\"async\" class=\"aligncenter wp-image-11440 size-large\" src=\"https:\/\/delfoscba.com.ar\/\/dev\/\/wp-content\/uploads\/2021\/07\/vacaciones-invierno-2-970x1024.png\" alt=\"\" width=\"970\" height=\"1024\" srcset=\"https:\/\/delfoscba.com.ar\/dev\/wp-content\/uploads\/2021\/07\/vacaciones-invierno-2-970x1024.png 970w, https:\/\/delfoscba.com.ar\/dev\/wp-content\/uploads\/2021\/07\/vacaciones-invierno-2-284x300.png 284w, https:\/\/delfoscba.com.ar\/dev\/wp-content\/uploads\/2021\/07\/vacaciones-invierno-2-768x811.png 768w, https:\/\/delfoscba.com.ar\/dev\/wp-content\/uploads\/2021\/07\/vacaciones-invierno-2-1080x1140.png 1080w, https:\/\/delfoscba.com.ar\/dev\/wp-content\/uploads\/2021\/07\/vacaciones-invierno-2.png 1102w\" sizes=\"(max-width: 970px) 100vw, 970px\" \/><\/a><\/p><p>Por otro lado, se aprecia una transformaci\u00f3n de los destinos elegidos por los turistas que no planean vacacionar en la provincia. Mientras que el a\u00f1o pasado los que eleg\u00edan el exterior (21%) superaban en 6 puntos porcentuales a aquellos que apostaban por otros destinos nacionales (15%), en la actualidad esta tendencia se invirti\u00f3 y los que escogen destinos nacionales (29%) superan a aquellos que optan por destinos internacionales (7%) por m\u00e1s de 21 pp.<\/p><p>M\u00e1s all\u00e1 de las diferencias advertidas entre los vol\u00famenes de p\u00fablico que piensan vacacionar, y advirtiendo la diversa apreciaci\u00f3n y valoraci\u00f3n que se hace en nuestro contexto de las vacaciones de verano respecto de las de invierno, vale la pena rescatar como dato que, sin contar los turistas que provengan de otros lugares, unas 340.000 personas se disponen a vacacionar en la provincia.<\/p>\t\t\t\t\t\t\t\t<\/div>\n\t\t\t\t\t<\/div>\n\t\t<\/div>\n\t\t\t\t\t<\/div>\n\t\t<\/section>\n\t\t\t\t<section class=\"elementor-section elementor-top-section elementor-element elementor-element-b28ac47 elementor-section-height-min-height elementor-section-boxed elementor-section-height-default elementor-section-items-middle\" data-id=\"b28ac47\" data-element_type=\"section\" data-e-type=\"section\" data-settings=\"{&quot;background_background&quot;:&quot;classic&quot;}\">\n\t\t\t\t\t\t\t<div class=\"elementor-background-overlay\"><\/div>\n\t\t\t\t\t\t\t<div class=\"elementor-container elementor-column-gap-default\">\n\t\t\t\t\t<div class=\"elementor-column elementor-col-100 elementor-top-column elementor-element elementor-element-88fba06\" data-id=\"88fba06\" data-element_type=\"column\" data-e-type=\"column\">\n\t\t\t<div class=\"elementor-widget-wrap elementor-element-populated\">\n\t\t\t\t\t\t<div class=\"elementor-element elementor-element-7e65226 elementor-widget elementor-widget-heading\" data-id=\"7e65226\" data-element_type=\"widget\" data-e-type=\"widget\" data-widget_type=\"heading.default\">\n\t\t\t\t\t<h2 class=\"elementor-heading-title elementor-size-large\">Seguinos en nuestras redes<\/h2>\t\t\t\t<\/div>\n\t\t\t\t<div class=\"elementor-element elementor-element-c37b7ef elementor-shape-circle e-grid-align-tablet-center e-grid-align-mobile-center e-grid-align-left elementor-grid-0 elementor-widget elementor-widget-social-icons\" data-id=\"c37b7ef\" data-element_type=\"widget\" data-e-type=\"widget\" data-widget_type=\"social-icons.default\">\n\t\t\t\t\t\t\t<div class=\"elementor-social-icons-wrapper elementor-grid\" role=\"list\">\n\t\t\t\t\t\t\t<span class=\"elementor-grid-item\" role=\"listitem\">\n\t\t\t\t\t<a class=\"elementor-icon elementor-social-icon elementor-social-icon-facebook-f elementor-repeater-item-lf5yt4c\" href=\"https:\/\/www.facebook.com\/ConsultoraDelfos\" target=\"_blank\">\n\t\t\t\t\t\t<span class=\"elementor-screen-only\">Facebook-f<\/span>\n\t\t\t\t\t\t<i aria-hidden=\"true\" class=\"fab fa-facebook-f\"><\/i>\t\t\t\t\t<\/a>\n\t\t\t\t<\/span>\n\t\t\t\t\t\t\t<span class=\"elementor-grid-item\" role=\"listitem\">\n\t\t\t\t\t<a class=\"elementor-icon elementor-social-icon elementor-social-icon-twitter elementor-repeater-item-01xie82\" href=\"https:\/\/twitter.com\/delfoscba\" target=\"_blank\">\n\t\t\t\t\t\t<span class=\"elementor-screen-only\">Twitter<\/span>\n\t\t\t\t\t\t<i aria-hidden=\"true\" class=\"fab fa-twitter\"><\/i>\t\t\t\t\t<\/a>\n\t\t\t\t<\/span>\n\t\t\t\t\t\t\t<span class=\"elementor-grid-item\" role=\"listitem\">\n\t\t\t\t\t<a class=\"elementor-icon elementor-social-icon elementor-social-icon-linkedin elementor-repeater-item-grhvqhn\" target=\"_blank\">\n\t\t\t\t\t\t<span class=\"elementor-screen-only\">Linkedin<\/span>\n\t\t\t\t\t\t<i aria-hidden=\"true\" class=\"fab fa-linkedin\"><\/i>\t\t\t\t\t<\/a>\n\t\t\t\t<\/span>\n\t\t\t\t\t<\/div>\n\t\t\t\t\t\t<\/div>\n\t\t\t\t\t<\/div>\n\t\t<\/div>\n\t\t\t\t\t<\/div>\n\t\t<\/section>\n\t\t\t\t<\/div>\n\t\t","protected":false},"excerpt":{"rendered":"<p>Cu\u00e1ntos cordobeses piensan vacacionar, d\u00f3nde y c\u00f3mo.<\/p>\n","protected":false},"author":2,"featured_media":11439,"comment_status":"open","ping_status":"open","sticky":false,"template":"","format":"standard","meta":{"_acf_changed":false,"footnotes":""},"categories":[4],"tags":[380,39,40,38,37,362,302,399,34,54,397,398],"class_list":["post-11437","post","type-post","status-publish","format-standard","has-post-thumbnail","hentry","category-sociedad","tag-380","tag-argentina","tag-consultora","tag-cordoba","tag-cordobeses","tag-covid-19","tag-gobierno-de-cordoba","tag-invierno","tag-jose-gangi","tag-pandemia","tag-turismo","tag-vacaciones","et-has-post-format-content","et_post_format-et-post-format-standard"],"acf":[],"_links":{"self":[{"href":"https:\/\/delfoscba.com.ar\/dev\/wp-json\/wp\/v2\/posts\/11437","targetHints":{"allow":["GET"]}}],"collection":[{"href":"https:\/\/delfoscba.com.ar\/dev\/wp-json\/wp\/v2\/posts"}],"about":[{"href":"https:\/\/delfoscba.com.ar\/dev\/wp-json\/wp\/v2\/types\/post"}],"author":[{"embeddable":true,"href":"https:\/\/delfoscba.com.ar\/dev\/wp-json\/wp\/v2\/users\/2"}],"replies":[{"embeddable":true,"href":"https:\/\/delfoscba.com.ar\/dev\/wp-json\/wp\/v2\/comments?post=11437"}],"version-history":[{"count":4,"href":"https:\/\/delfoscba.com.ar\/dev\/wp-json\/wp\/v2\/posts\/11437\/revisions"}],"predecessor-version":[{"id":11444,"href":"https:\/\/delfoscba.com.ar\/dev\/wp-json\/wp\/v2\/posts\/11437\/revisions\/11444"}],"wp:featuredmedia":[{"embeddable":true,"href":"https:\/\/delfoscba.com.ar\/dev\/wp-json\/wp\/v2\/media\/11439"}],"wp:attachment":[{"href":"https:\/\/delfoscba.com.ar\/dev\/wp-json\/wp\/v2\/media?parent=11437"}],"wp:term":[{"taxonomy":"category","embeddable":true,"href":"https:\/\/delfoscba.com.ar\/dev\/wp-json\/wp\/v2\/categories?post=11437"},{"taxonomy":"post_tag","embeddable":true,"href":"https:\/\/delfoscba.com.ar\/dev\/wp-json\/wp\/v2\/tags?post=11437"}],"curies":[{"name":"wp","href":"https:\/\/api.w.org\/{rel}","templated":true}]}}