{"id":11502,"date":"2021-08-04T11:34:18","date_gmt":"2021-08-04T11:34:18","guid":{"rendered":"https:\/\/delfoscba.com.ar\/\/dev\/\/?p=11502"},"modified":"2021-08-04T11:37:38","modified_gmt":"2021-08-04T11:37:38","slug":"la-ideologia-argentina-segun-las-encuestas","status":"publish","type":"post","link":"https:\/\/delfoscba.com.ar\/dev\/politica\/la-ideologia-argentina-segun-las-encuestas\/","title":{"rendered":"La ideolog\u00eda argentina seg\u00fan las encuestas"},"content":{"rendered":"\t\t<div data-elementor-type=\"wp-post\" data-elementor-id=\"11502\" class=\"elementor elementor-11502\" data-elementor-post-type=\"post\">\n\t\t\t\t\t\t<section class=\"elementor-section elementor-top-section elementor-element elementor-element-41498b4 elementor-section-height-min-height elementor-section-boxed elementor-section-height-default elementor-section-items-middle\" data-id=\"41498b4\" data-element_type=\"section\" data-e-type=\"section\" data-settings=\"{&quot;background_background&quot;:&quot;classic&quot;}\">\n\t\t\t\t\t\t\t<div class=\"elementor-background-overlay\"><\/div>\n\t\t\t\t\t\t\t<div class=\"elementor-container elementor-column-gap-no\">\n\t\t\t\t\t<div class=\"elementor-column elementor-col-100 elementor-top-column elementor-element elementor-element-a18ac89\" data-id=\"a18ac89\" data-element_type=\"column\" data-e-type=\"column\">\n\t\t\t<div class=\"elementor-widget-wrap elementor-element-populated\">\n\t\t\t\t\t\t<div class=\"elementor-element elementor-element-e493600 elementor-widget elementor-widget-heading\" data-id=\"e493600\" data-element_type=\"widget\" data-e-type=\"widget\" data-widget_type=\"heading.default\">\n\t\t\t\t\t<h2 class=\"elementor-heading-title elementor-size-large\">POL\u00cdTICA<\/h2>\t\t\t\t<\/div>\n\t\t\t\t\t<\/div>\n\t\t<\/div>\n\t\t\t\t\t<\/div>\n\t\t<\/section>\n\t\t\t\t<section class=\"elementor-section elementor-top-section elementor-element elementor-element-7dafb6e4 elementor-section-boxed elementor-section-height-default elementor-section-height-default\" data-id=\"7dafb6e4\" data-element_type=\"section\" data-e-type=\"section\">\n\t\t\t\t\t\t<div class=\"elementor-container elementor-column-gap-default\">\n\t\t\t\t\t<div class=\"elementor-column elementor-col-100 elementor-top-column elementor-element elementor-element-38ae5a14\" data-id=\"38ae5a14\" data-element_type=\"column\" data-e-type=\"column\">\n\t\t\t<div class=\"elementor-widget-wrap elementor-element-populated\">\n\t\t\t\t\t\t<div class=\"elementor-element elementor-element-f8a3207 elementor-widget elementor-widget-author-box\" data-id=\"f8a3207\" data-element_type=\"widget\" data-e-type=\"widget\" data-widget_type=\"author-box.default\">\n\t\t\t\t\t\t\t<div class=\"elementor-author-box\">\n\t\t\t\t\t\t\t<a href=\"https:\/\/delfoscba.com.ar\/\/dev\/\/nosotros\/\" class=\"elementor-author-box__avatar\">\n\t\t\t\t\t<img decoding=\"async\" src=\"https:\/\/delfoscba.com.ar\/dev\/wp-content\/uploads\/2021\/02\/norman-250x250-1.jpg\" alt=\"Picture of Norman Berra\" loading=\"lazy\">\n\t\t\t\t<\/a>\n\t\t\t\n\t\t\t<div class=\"elementor-author-box__text\">\n\t\t\t\t\t\t\t\t\t<a href=\"https:\/\/delfoscba.com.ar\/\/dev\/\/nosotros\/\">\n\t\t\t\t\t\t<h4 class=\"elementor-author-box__name\">\n\t\t\t\t\t\t\tNorman Berra\t\t\t\t\t\t<\/h4>\n\t\t\t\t\t<\/a>\n\t\t\t\t\n\t\t\t\t\t\t\t\t\t<div class=\"elementor-author-box__bio\">\n\t\t\t\t\t\t<p>L\u00edder de proyectos<\/p>\n\t\t\t\t\t<\/div>\n\t\t\t\t\n\t\t\t\t\t\t\t<\/div>\n\t\t<\/div>\n\t\t\t\t\t\t<\/div>\n\t\t\t\t<div class=\"elementor-element elementor-element-7aefe4b4 elementor-widget elementor-widget-text-editor\" data-id=\"7aefe4b4\" data-element_type=\"widget\" data-e-type=\"widget\" data-widget_type=\"text-editor.default\">\n\t\t\t\t\t\t\t\t\t<p><a href=\"https:\/\/delfoscba.com.ar\/\/dev\/\/wp-content\/uploads\/2021\/08\/1.jpg\"><img fetchpriority=\"high\" decoding=\"async\" class=\"aligncenter wp-image-11507 size-large\" src=\"https:\/\/delfoscba.com.ar\/\/dev\/\/wp-content\/uploads\/2021\/08\/1-1024x529.jpg\" alt=\"\" width=\"1024\" height=\"529\" srcset=\"https:\/\/delfoscba.com.ar\/dev\/wp-content\/uploads\/2021\/08\/1-1024x529.jpg 1024w, https:\/\/delfoscba.com.ar\/dev\/wp-content\/uploads\/2021\/08\/1-300x155.jpg 300w, https:\/\/delfoscba.com.ar\/dev\/wp-content\/uploads\/2021\/08\/1-768x397.jpg 768w, https:\/\/delfoscba.com.ar\/dev\/wp-content\/uploads\/2021\/08\/1-1080x558.jpg 1080w, https:\/\/delfoscba.com.ar\/dev\/wp-content\/uploads\/2021\/08\/1.jpg 1301w\" sizes=\"(max-width: 1024px) 100vw, 1024px\" \/><\/a><\/p><p>Ya se trate de a\u00f1os electorales o no, el debate sobre la autoidentificaci\u00f3n ideol\u00f3gica de los argentinos no pierde vigencia. \u00bfQu\u00e9 dicen las encuestas al respecto? Si tomamos como referencia dos estudios nacionales recientes, no hay consenso en los datos. Seg\u00fan el CELAG, 21,2% de los argentinos se identifica con la izquierda, 3,6 puntos porcentuales por encima del casi 18% identificado con la derecha; estad\u00edsticamente, un empate t\u00e9cnico. Hay una mayor\u00eda de casi 60% que se ubica al medio, mientras que 3,1% ns\/nc (gr\u00e1fico arriba). Sin embargo, un estudio de Zuban C\u00f3rdoba (gr\u00e1fico abajo) arroja resultados distintos: 18,4% acumulado de izquierda vs 26,4% acumulado de derecha; en este caso, la brecha es de 8 pp a favor de la derecha, y adem\u00e1s apenas 19,2% se define como de centro, contra 58,2% en el estudio anterior.<\/p><p><a href=\"https:\/\/delfoscba.com.ar\/\/dev\/\/wp-content\/uploads\/2021\/08\/2.jpg\"><img decoding=\"async\" class=\"aligncenter wp-image-11508 size-large\" src=\"https:\/\/delfoscba.com.ar\/\/dev\/\/wp-content\/uploads\/2021\/08\/2-1024x570.jpg\" alt=\"\" width=\"1024\" height=\"570\" srcset=\"https:\/\/delfoscba.com.ar\/dev\/wp-content\/uploads\/2021\/08\/2-1024x570.jpg 1024w, https:\/\/delfoscba.com.ar\/dev\/wp-content\/uploads\/2021\/08\/2-300x167.jpg 300w, https:\/\/delfoscba.com.ar\/dev\/wp-content\/uploads\/2021\/08\/2-768x427.jpg 768w, https:\/\/delfoscba.com.ar\/dev\/wp-content\/uploads\/2021\/08\/2-1080x601.jpg 1080w, https:\/\/delfoscba.com.ar\/dev\/wp-content\/uploads\/2021\/08\/2.jpg 1300w\" sizes=\"(max-width: 1024px) 100vw, 1024px\" \/><\/a><\/p><p>Sumamos al an\u00e1lisis un estudio realizado por el Observatorio de Psicolog\u00eda Aplicada de la Universidad de Buenos Aires (OPSA) en el distrito electoral m\u00e1s gravitante de todo el pa\u00eds, provincia de Buenos Aires (pesa 38% del padr\u00f3n nacional). El resultado es 28% acumulado para la izquierda vs 24% para la sumatoria de derecha; una brecha de 4 pp, estad\u00edsticamente no significativa. Un 22% de los bonaerenses se define como de centro y poco m\u00e1s de un cuarto ns\/nc (gr\u00e1fico abajo).<\/p><p><a href=\"https:\/\/delfoscba.com.ar\/\/dev\/\/wp-content\/uploads\/2021\/08\/3.jpg\"><img decoding=\"async\" class=\"aligncenter wp-image-11509 size-large\" src=\"https:\/\/delfoscba.com.ar\/\/dev\/\/wp-content\/uploads\/2021\/08\/3-1024x577.jpg\" alt=\"\" width=\"1024\" height=\"577\" srcset=\"https:\/\/delfoscba.com.ar\/dev\/wp-content\/uploads\/2021\/08\/3-1024x577.jpg 1024w, https:\/\/delfoscba.com.ar\/dev\/wp-content\/uploads\/2021\/08\/3-300x169.jpg 300w, https:\/\/delfoscba.com.ar\/dev\/wp-content\/uploads\/2021\/08\/3-768x433.jpg 768w, https:\/\/delfoscba.com.ar\/dev\/wp-content\/uploads\/2021\/08\/3-1080x608.jpg 1080w, https:\/\/delfoscba.com.ar\/dev\/wp-content\/uploads\/2021\/08\/3.jpg 1200w\" sizes=\"(max-width: 1024px) 100vw, 1024px\" \/><\/a><\/p><p>Si \u201cpateamos el tablero\u201d de las etiquetas izquierda vs derecha con sus matices para introducir las referencias pol\u00edtico-partidarias, como lo hace un reciente estudio nacional de Giacobbe, el panorama se dispersa m\u00e1s: la izquierda alcanza 1,7%, mientras que el espacio pan justicialista, donde conviven las diversas variantes de peronismo y kirchnerismo, trepa al 27,7%. Es lo m\u00e1s parecido a lo que hoy expresa el Frente de Todos (FdT), aunque tambi\u00e9n podr\u00edamos sumarle casi 1% de radicales k, un legado de la concertaci\u00f3n donde hoy se destacan dirigentes como Leandro Santoro, cabeza de lista en la Ciudad Aut\u00f3noma de Buenos Aires; en ese caso, tenemos 28,6%. Por otro lado, est\u00e1 el peronismo no K (donde podr\u00edamos aglutinar a expresiones provinciales como Hacemos por C\u00f3rdoba), con 2,3% (gr\u00e1fico abajo).<\/p><p><a href=\"https:\/\/delfoscba.com.ar\/\/dev\/\/wp-content\/uploads\/2021\/08\/4.jpg\"><img loading=\"lazy\" decoding=\"async\" class=\"aligncenter wp-image-11510 size-large\" src=\"https:\/\/delfoscba.com.ar\/\/dev\/\/wp-content\/uploads\/2021\/08\/4-1024x640.jpg\" alt=\"\" width=\"1024\" height=\"640\" srcset=\"https:\/\/delfoscba.com.ar\/dev\/wp-content\/uploads\/2021\/08\/4-1024x640.jpg 1024w, https:\/\/delfoscba.com.ar\/dev\/wp-content\/uploads\/2021\/08\/4-300x188.jpg 300w, https:\/\/delfoscba.com.ar\/dev\/wp-content\/uploads\/2021\/08\/4-768x480.jpg 768w, https:\/\/delfoscba.com.ar\/dev\/wp-content\/uploads\/2021\/08\/4-400x250.jpg 400w, https:\/\/delfoscba.com.ar\/dev\/wp-content\/uploads\/2021\/08\/4-1080x675.jpg 1080w, https:\/\/delfoscba.com.ar\/dev\/wp-content\/uploads\/2021\/08\/4.jpg 1200w\" sizes=\"(max-width: 1024px) 100vw, 1024px\" \/><\/a><\/p><p>Luego, hay 5,2% que se define por el PRO, 4,7% de la UCR, 9% liberales y 4% derecha: eso suma casi 22,9%, lo que hoy expresa, con alg\u00fan matiz, Juntos por el Cambio (JxC). Por fuera de los dos polos, aparece 1,9% de progresistas, 6,7% de apol\u00edticos y 33,5% de independientes, mientras que 2,4% ns\/nc. \u00bfComplejo, verdad? Hagamos el ensayo de armar un mapa continuo, donde la izquierda est\u00e1 en un extremo, el peronismo, el peronismo K, el kirchnerismo y los radicales K cerca de la centroizquierda, los independientes y peronistas no K en el centro, liberales, UCR y PRO en la centroderecha, y luego la derecha; sumamos apol\u00edticos al ns\/nc. En ese caso, tenemos un polo con contornos algo difusos, donde el peronismo, kirchnerismo e izquierda suman 30,3%, el centro 35,8% y el polo de centro derecha aglutina 22,9%. Si sumamos apol\u00edticos al ns\/nc, tenemos 9,1%; en ese caso, s\u00f3lo quedan fuera de esas etiquetas 1,9% de progresistas. Si cruzamos este mapa con los dos anteriores (CELAG y Zuban C\u00f3rdoba) y hacemos un promedio de tres estudios nacionales, el resultado es: 23,9% para izquierda\/centroizquierda\/peronismoK\/K\/radicales K y 22,3% para derecha\/centroderecha\/radicales\/libertarios; una brecha de 1,6 pp, que expresa un empate t\u00e9cnico entre los dos polos. El centro aglutina 37,7% y 16,1% queda por fuera del radar. Esta s\u00edntesis estad\u00edstica nos permite entender por qu\u00e9, aunque la opini\u00f3n p\u00fablica est\u00e1 sin dudas polarizada (como vimos claramente en la elecci\u00f3n presidencial de 2019, en la que el FdT sum\u00f3 48,24% de los votos y JxC 40,28%, dejando muy poco para las dem\u00e1s fuerzas), la coalici\u00f3n ganadora m\u00ednima se construye desde esos polos hacia el centro, que es el que termina por definir el resultado final.<\/p>\t\t\t\t\t\t\t\t<\/div>\n\t\t\t\t\t<\/div>\n\t\t<\/div>\n\t\t\t\t\t<\/div>\n\t\t<\/section>\n\t\t\t\t<section class=\"elementor-section elementor-top-section elementor-element elementor-element-b28ac47 elementor-section-height-min-height elementor-section-boxed elementor-section-height-default elementor-section-items-middle\" data-id=\"b28ac47\" data-element_type=\"section\" data-e-type=\"section\" data-settings=\"{&quot;background_background&quot;:&quot;classic&quot;}\">\n\t\t\t\t\t\t\t<div class=\"elementor-background-overlay\"><\/div>\n\t\t\t\t\t\t\t<div class=\"elementor-container elementor-column-gap-default\">\n\t\t\t\t\t<div class=\"elementor-column elementor-col-100 elementor-top-column elementor-element elementor-element-88fba06\" data-id=\"88fba06\" data-element_type=\"column\" data-e-type=\"column\">\n\t\t\t<div class=\"elementor-widget-wrap elementor-element-populated\">\n\t\t\t\t\t\t<div class=\"elementor-element elementor-element-7e65226 elementor-widget elementor-widget-heading\" data-id=\"7e65226\" data-element_type=\"widget\" data-e-type=\"widget\" data-widget_type=\"heading.default\">\n\t\t\t\t\t<h2 class=\"elementor-heading-title elementor-size-large\">Seguinos en nuestras redes<\/h2>\t\t\t\t<\/div>\n\t\t\t\t<div class=\"elementor-element elementor-element-c37b7ef elementor-shape-circle e-grid-align-tablet-center e-grid-align-mobile-center e-grid-align-left elementor-grid-0 elementor-widget elementor-widget-social-icons\" data-id=\"c37b7ef\" data-element_type=\"widget\" data-e-type=\"widget\" data-widget_type=\"social-icons.default\">\n\t\t\t\t\t\t\t<div class=\"elementor-social-icons-wrapper elementor-grid\" role=\"list\">\n\t\t\t\t\t\t\t<span class=\"elementor-grid-item\" role=\"listitem\">\n\t\t\t\t\t<a class=\"elementor-icon elementor-social-icon elementor-social-icon-facebook-f elementor-repeater-item-lf5yt4c\" href=\"https:\/\/www.facebook.com\/ConsultoraDelfos\" target=\"_blank\">\n\t\t\t\t\t\t<span class=\"elementor-screen-only\">Facebook-f<\/span>\n\t\t\t\t\t\t<i aria-hidden=\"true\" class=\"fab fa-facebook-f\"><\/i>\t\t\t\t\t<\/a>\n\t\t\t\t<\/span>\n\t\t\t\t\t\t\t<span class=\"elementor-grid-item\" role=\"listitem\">\n\t\t\t\t\t<a class=\"elementor-icon elementor-social-icon elementor-social-icon-twitter elementor-repeater-item-01xie82\" href=\"https:\/\/twitter.com\/delfoscba\" target=\"_blank\">\n\t\t\t\t\t\t<span class=\"elementor-screen-only\">Twitter<\/span>\n\t\t\t\t\t\t<i aria-hidden=\"true\" class=\"fab fa-twitter\"><\/i>\t\t\t\t\t<\/a>\n\t\t\t\t<\/span>\n\t\t\t\t\t\t\t<span class=\"elementor-grid-item\" role=\"listitem\">\n\t\t\t\t\t<a class=\"elementor-icon elementor-social-icon elementor-social-icon-linkedin elementor-repeater-item-grhvqhn\" target=\"_blank\">\n\t\t\t\t\t\t<span class=\"elementor-screen-only\">Linkedin<\/span>\n\t\t\t\t\t\t<i aria-hidden=\"true\" class=\"fab fa-linkedin\"><\/i>\t\t\t\t\t<\/a>\n\t\t\t\t<\/span>\n\t\t\t\t\t<\/div>\n\t\t\t\t\t\t<\/div>\n\t\t\t\t\t<\/div>\n\t\t<\/div>\n\t\t\t\t\t<\/div>\n\t\t<\/section>\n\t\t\t\t<\/div>\n\t\t","protected":false},"excerpt":{"rendered":"<p>Trascendiendo el tiempo electoral, analizamos encuestas de los \u00faltimos tiempos acerca del posicionamiento ideol\u00f3gico de los argentinos.<\/p>\n","protected":false},"author":2,"featured_media":11511,"comment_status":"open","ping_status":"open","sticky":false,"template":"","format":"standard","meta":{"_acf_changed":false,"footnotes":""},"categories":[3],"tags":[39,193,40,38,403,246,402,291,404,57,287,289,405,395],"class_list":["post-11502","post","type-post","status-publish","format-standard","has-post-thumbnail","hentry","category-politica","tag-argentina","tag-conservadores","tag-consultora","tag-cordoba","tag-derecha","tag-encuestas","tag-izquierda","tag-kirchnerismo","tag-liberales","tag-norman-berra","tag-peronismo","tag-pro","tag-progresismo","tag-ucr","et-has-post-format-content","et_post_format-et-post-format-standard"],"acf":[],"_links":{"self":[{"href":"https:\/\/delfoscba.com.ar\/dev\/wp-json\/wp\/v2\/posts\/11502","targetHints":{"allow":["GET"]}}],"collection":[{"href":"https:\/\/delfoscba.com.ar\/dev\/wp-json\/wp\/v2\/posts"}],"about":[{"href":"https:\/\/delfoscba.com.ar\/dev\/wp-json\/wp\/v2\/types\/post"}],"author":[{"embeddable":true,"href":"https:\/\/delfoscba.com.ar\/dev\/wp-json\/wp\/v2\/users\/2"}],"replies":[{"embeddable":true,"href":"https:\/\/delfoscba.com.ar\/dev\/wp-json\/wp\/v2\/comments?post=11502"}],"version-history":[{"count":5,"href":"https:\/\/delfoscba.com.ar\/dev\/wp-json\/wp\/v2\/posts\/11502\/revisions"}],"predecessor-version":[{"id":11515,"href":"https:\/\/delfoscba.com.ar\/dev\/wp-json\/wp\/v2\/posts\/11502\/revisions\/11515"}],"wp:featuredmedia":[{"embeddable":true,"href":"https:\/\/delfoscba.com.ar\/dev\/wp-json\/wp\/v2\/media\/11511"}],"wp:attachment":[{"href":"https:\/\/delfoscba.com.ar\/dev\/wp-json\/wp\/v2\/media?parent=11502"}],"wp:term":[{"taxonomy":"category","embeddable":true,"href":"https:\/\/delfoscba.com.ar\/dev\/wp-json\/wp\/v2\/categories?post=11502"},{"taxonomy":"post_tag","embeddable":true,"href":"https:\/\/delfoscba.com.ar\/dev\/wp-json\/wp\/v2\/tags?post=11502"}],"curies":[{"name":"wp","href":"https:\/\/api.w.org\/{rel}","templated":true}]}}