{"id":11557,"date":"2021-08-17T15:10:19","date_gmt":"2021-08-17T15:10:19","guid":{"rendered":"https:\/\/delfoscba.com.ar\/\/dev\/\/?p=11557"},"modified":"2021-08-17T15:17:39","modified_gmt":"2021-08-17T15:17:39","slug":"a-casi-un-mes-de-las-paso-que-dicen-las-ultimas-encuestas-en-cordoba","status":"publish","type":"post","link":"https:\/\/delfoscba.com.ar\/dev\/politica\/a-casi-un-mes-de-las-paso-que-dicen-las-ultimas-encuestas-en-cordoba\/","title":{"rendered":"A casi un mes de las PASO: qu\u00e9 dicen las \u00faltimas encuestas en C\u00f3rdoba"},"content":{"rendered":"\t\t<div data-elementor-type=\"wp-post\" data-elementor-id=\"11557\" class=\"elementor elementor-11557\" data-elementor-post-type=\"post\">\n\t\t\t\t\t\t<section class=\"elementor-section elementor-top-section elementor-element elementor-element-41498b4 elementor-section-height-min-height elementor-section-boxed elementor-section-height-default elementor-section-items-middle\" data-id=\"41498b4\" data-element_type=\"section\" data-e-type=\"section\" data-settings=\"{&quot;background_background&quot;:&quot;classic&quot;}\">\n\t\t\t\t\t\t\t<div class=\"elementor-background-overlay\"><\/div>\n\t\t\t\t\t\t\t<div class=\"elementor-container elementor-column-gap-no\">\n\t\t\t\t\t<div class=\"elementor-column elementor-col-100 elementor-top-column elementor-element elementor-element-a18ac89\" data-id=\"a18ac89\" data-element_type=\"column\" data-e-type=\"column\">\n\t\t\t<div class=\"elementor-widget-wrap elementor-element-populated\">\n\t\t\t\t\t\t<div class=\"elementor-element elementor-element-e493600 elementor-widget elementor-widget-heading\" data-id=\"e493600\" data-element_type=\"widget\" data-e-type=\"widget\" data-widget_type=\"heading.default\">\n\t\t\t\t\t<h2 class=\"elementor-heading-title elementor-size-large\">POL\u00cdTICA<\/h2>\t\t\t\t<\/div>\n\t\t\t\t\t<\/div>\n\t\t<\/div>\n\t\t\t\t\t<\/div>\n\t\t<\/section>\n\t\t\t\t<section class=\"elementor-section elementor-top-section elementor-element elementor-element-7dafb6e4 elementor-section-boxed elementor-section-height-default elementor-section-height-default\" data-id=\"7dafb6e4\" data-element_type=\"section\" data-e-type=\"section\">\n\t\t\t\t\t\t<div class=\"elementor-container elementor-column-gap-default\">\n\t\t\t\t\t<div class=\"elementor-column elementor-col-100 elementor-top-column elementor-element elementor-element-38ae5a14\" data-id=\"38ae5a14\" data-element_type=\"column\" data-e-type=\"column\">\n\t\t\t<div class=\"elementor-widget-wrap elementor-element-populated\">\n\t\t\t\t\t\t<div class=\"elementor-element elementor-element-f8a3207 elementor-widget elementor-widget-author-box\" data-id=\"f8a3207\" data-element_type=\"widget\" data-e-type=\"widget\" data-widget_type=\"author-box.default\">\n\t\t\t\t\t\t\t<div class=\"elementor-author-box\">\n\t\t\t\t\t\t\t<a href=\"https:\/\/delfoscba.com.ar\/\/dev\/\/nosotros\/\" class=\"elementor-author-box__avatar\">\n\t\t\t\t\t<img decoding=\"async\" src=\"https:\/\/delfoscba.com.ar\/dev\/wp-content\/uploads\/2021\/02\/norman-250x250-1.jpg\" alt=\"Picture of Norman Berra\" loading=\"lazy\">\n\t\t\t\t<\/a>\n\t\t\t\n\t\t\t<div class=\"elementor-author-box__text\">\n\t\t\t\t\t\t\t\t\t<a href=\"https:\/\/delfoscba.com.ar\/\/dev\/\/nosotros\/\">\n\t\t\t\t\t\t<h4 class=\"elementor-author-box__name\">\n\t\t\t\t\t\t\tNorman Berra\t\t\t\t\t\t<\/h4>\n\t\t\t\t\t<\/a>\n\t\t\t\t\n\t\t\t\t\t\t\t\t\t<div class=\"elementor-author-box__bio\">\n\t\t\t\t\t\t<p>L\u00edder de proyectos<\/p>\n\t\t\t\t\t<\/div>\n\t\t\t\t\n\t\t\t\t\t\t\t<\/div>\n\t\t<\/div>\n\t\t\t\t\t\t<\/div>\n\t\t\t\t<div class=\"elementor-element elementor-element-7aefe4b4 elementor-widget elementor-widget-text-editor\" data-id=\"7aefe4b4\" data-element_type=\"widget\" data-e-type=\"widget\" data-widget_type=\"text-editor.default\">\n\t\t\t\t\t\t\t\t\t<p><a href=\"https:\/\/delfoscba.com.ar\/\/dev\/\/wp-content\/uploads\/2021\/08\/1-2.jpg\"><img fetchpriority=\"high\" decoding=\"async\" class=\"aligncenter wp-image-11558 size-full\" src=\"https:\/\/delfoscba.com.ar\/\/dev\/\/wp-content\/uploads\/2021\/08\/1-2.jpg\" alt=\"\" width=\"658\" height=\"658\" srcset=\"https:\/\/delfoscba.com.ar\/dev\/wp-content\/uploads\/2021\/08\/1-2.jpg 658w, https:\/\/delfoscba.com.ar\/dev\/wp-content\/uploads\/2021\/08\/1-2-300x300.jpg 300w, https:\/\/delfoscba.com.ar\/dev\/wp-content\/uploads\/2021\/08\/1-2-150x150.jpg 150w, https:\/\/delfoscba.com.ar\/dev\/wp-content\/uploads\/2021\/08\/1-2-440x440.jpg 440w\" sizes=\"(max-width: 658px) 100vw, 658px\" \/><\/a><\/p><p>A casi un mes de las primarias abiertas, simult\u00e1neas y obligatorias (PASO) del 12 de septiembre, es oportuno un repaso del contexto preelectoral en C\u00f3rdoba. Seg\u00fan la encuesta realizada a fines de julio por consultora Delfos, la gesti\u00f3n de Alberto Fern\u00e1ndez alcanza una evaluaci\u00f3n positiva del 26%, guarismo que se ubica en el mismo orden de magnitud del caudal que logr\u00f3 como candidato presidencial en nuestra provincia en 2019 (29,31%) y 8 puntos porcentuales por debajo del que ten\u00eda Macri antes de la elecci\u00f3n de medio t\u00e9rmino de 2017 (gr\u00e1fico arriba). Esa estabilidad de la variable \u201cblanda\u201d imagen respecto a la variable \u201cdura\u201d de voto 2019 es consistente con la relativa estabilidad que arroja la variable tambi\u00e9n \u201cdura\u201d de nivel socioecon\u00f3mico (NSE): pese al indudable impacto sanitario y socioecon\u00f3mico de la pandemia del Covid-19, el NSE de los cordobeses seg\u00fan Delfos se polariz\u00f3 levemente en la comparaci\u00f3n de antes y durante la pandemia, con una merma de apenas 3 puntos porcentuales en la clase media que se transfieren a la alta y a la baja (gr\u00e1fico abajo). Se trata de variaciones estad\u00edsticamente no significativas que contrastan con la ca\u00edda de casi 10 pp del PBI el a\u00f1o pasado y sugieren que el mix de ayuda estatal en 2020 e incipiente reactivaci\u00f3n en 2021 han morigerado lo que podr\u00eda haber sido una baja dram\u00e1tica.<\/p><p><a href=\"https:\/\/delfoscba.com.ar\/\/dev\/\/wp-content\/uploads\/2021\/08\/2-2.jpg\"><img decoding=\"async\" class=\"aligncenter wp-image-11559 size-full\" src=\"https:\/\/delfoscba.com.ar\/\/dev\/\/wp-content\/uploads\/2021\/08\/2-2.jpg\" alt=\"\" width=\"1024\" height=\"898\" srcset=\"https:\/\/delfoscba.com.ar\/dev\/wp-content\/uploads\/2021\/08\/2-2.jpg 1024w, https:\/\/delfoscba.com.ar\/dev\/wp-content\/uploads\/2021\/08\/2-2-300x263.jpg 300w, https:\/\/delfoscba.com.ar\/dev\/wp-content\/uploads\/2021\/08\/2-2-768x674.jpg 768w\" sizes=\"(max-width: 1024px) 100vw, 1024px\" \/><\/a><\/p><p>Pasando del plexo sociopol\u00edtico y socioecon\u00f3mico subyacente al proceso electoral a las consideraciones relativas al armado pol\u00edtico de las principales fuerzas, la competencia entre una lista de Hacemos por C\u00f3rdoba (HxC) y otra del Frente de Todos (FdT) se corresponde con la percepci\u00f3n dominante. Casi el 60% de los cordobeses consideraba antes del cierre de listas que el gobernador Juan Schiaretti y el presidente Alberto Fern\u00e1ndez no eran parte del mismo pol\u00edtico, seg\u00fan consultora Plebs; apenas 32% pensaba que s\u00ed (gr\u00e1fico abajo). De ese modo, no aparec\u00eda un consenso en favor de una lista de unidad o frente entre ambos espacios.<\/p><p><a href=\"https:\/\/delfoscba.com.ar\/\/dev\/\/wp-content\/uploads\/2021\/08\/3-2.jpg\"><img decoding=\"async\" class=\"aligncenter wp-image-11560 size-large\" src=\"https:\/\/delfoscba.com.ar\/\/dev\/\/wp-content\/uploads\/2021\/08\/3-2-1024x576.jpg\" alt=\"\" width=\"1024\" height=\"576\" srcset=\"https:\/\/delfoscba.com.ar\/dev\/wp-content\/uploads\/2021\/08\/3-2-1024x576.jpg 1024w, https:\/\/delfoscba.com.ar\/dev\/wp-content\/uploads\/2021\/08\/3-2-300x169.jpg 300w, https:\/\/delfoscba.com.ar\/dev\/wp-content\/uploads\/2021\/08\/3-2-768x432.jpg 768w, https:\/\/delfoscba.com.ar\/dev\/wp-content\/uploads\/2021\/08\/3-2.jpg 1079w\" sizes=\"(max-width: 1024px) 100vw, 1024px\" \/><\/a><\/p><p>En cambio, s\u00ed hab\u00eda un fuerte aval para boletas legislativas encabezadas por mujeres. Seg\u00fan una encuesta de Zuban C\u00f3rdoba previa al cierre de listas, casi 59% se pronunciaba favorablemente al respecto (gr\u00e1fico abajo). De esa manera, el armado de lista de HxC resulta asertivo con esa tendencia, al encabezar el tramo para el Senado nacional con Alejandra Vigo y el tramo a diputado nacional con Natalia De la Sota.<\/p><p><a href=\"https:\/\/delfoscba.com.ar\/\/dev\/\/wp-content\/uploads\/2021\/08\/4-2.jpg\"><img loading=\"lazy\" decoding=\"async\" class=\"aligncenter wp-image-11561 size-full\" src=\"https:\/\/delfoscba.com.ar\/\/dev\/\/wp-content\/uploads\/2021\/08\/4-2.jpg\" alt=\"\" width=\"1000\" height=\"566\" srcset=\"https:\/\/delfoscba.com.ar\/dev\/wp-content\/uploads\/2021\/08\/4-2.jpg 1000w, https:\/\/delfoscba.com.ar\/dev\/wp-content\/uploads\/2021\/08\/4-2-300x170.jpg 300w, https:\/\/delfoscba.com.ar\/dev\/wp-content\/uploads\/2021\/08\/4-2-768x435.jpg 768w\" sizes=\"(max-width: 1000px) 100vw, 1000px\" \/><\/a><\/p><p>Con respecto a la competencia entre listas, seg\u00fan el promedio de las \u00faltimas encuestas la sumatoria de Juntos por el Cambio (JxC) alcanza el 37%, HxC el 21% y el FdT 15%. As\u00ed, la encuesta m\u00e1s representativa de la serie reciente es la de Opiniones y Tendencias, que arroja casi 45%, 24,1% y 14,3% para cada una de las principales tres fuerzas, respectivamente (gr\u00e1fico abajo). Por fuera de ese podio, el promedio ubica a Encuentro Vecinal y el Frente de Izquierda entre el 2% y 3%, lo que tambi\u00e9n se corresponde con la tendencia que reporta esa consultora. Hoy, las dem\u00e1s listas corren el riesgo de no pasar el filtro del 1,5% de los votos, si bien cualquier encuesta probabil\u00edstica tiene dificultades para estimar el potencial electoral de fuerzas cuyo caudal se ubica por debajo o cerca del error muestral promedio.<\/p><p><a href=\"https:\/\/delfoscba.com.ar\/\/dev\/\/wp-content\/uploads\/2021\/08\/5-1.jpg\"><img loading=\"lazy\" decoding=\"async\" class=\"aligncenter wp-image-11562 size-full\" src=\"https:\/\/delfoscba.com.ar\/\/dev\/\/wp-content\/uploads\/2021\/08\/5-1.jpg\" alt=\"\" width=\"1014\" height=\"609\" srcset=\"https:\/\/delfoscba.com.ar\/dev\/wp-content\/uploads\/2021\/08\/5-1.jpg 1014w, https:\/\/delfoscba.com.ar\/dev\/wp-content\/uploads\/2021\/08\/5-1-300x180.jpg 300w, https:\/\/delfoscba.com.ar\/dev\/wp-content\/uploads\/2021\/08\/5-1-768x461.jpg 768w, https:\/\/delfoscba.com.ar\/dev\/wp-content\/uploads\/2021\/08\/5-1-627x376.jpg 627w, https:\/\/delfoscba.com.ar\/dev\/wp-content\/uploads\/2021\/08\/5-1-440x264.jpg 440w\" sizes=\"(max-width: 1014px) 100vw, 1014px\" \/><\/a><\/p><p>Con este panorama, la foto cordobesa actual muestra a JxC por encima de su resultado en las PASO del 2015 (34,5%, con arrastre de boleta presidencial) pero por debajo del de las PASO del 2017 (45,3%, elecci\u00f3n de medio t\u00e9rmino). En el caso de HxC, aparece por encima de su performance de primarias del 2019 (17,5%) y por debajo del 2017 (29,1%). Por su parte, el FdT aparece por encima del caudal de C\u00f3rdoba Ciudadana en las PASO del 2017 (10%) pero por debajo de su resultado en 2019 (24,2%).<\/p><p><a href=\"https:\/\/delfoscba.com.ar\/\/dev\/\/wp-content\/uploads\/2021\/08\/6.jpg\"><img loading=\"lazy\" decoding=\"async\" class=\"aligncenter wp-image-11563 size-full\" src=\"https:\/\/delfoscba.com.ar\/\/dev\/\/wp-content\/uploads\/2021\/08\/6.jpg\" alt=\"\" width=\"910\" height=\"570\" srcset=\"https:\/\/delfoscba.com.ar\/dev\/wp-content\/uploads\/2021\/08\/6.jpg 910w, https:\/\/delfoscba.com.ar\/dev\/wp-content\/uploads\/2021\/08\/6-300x188.jpg 300w, https:\/\/delfoscba.com.ar\/dev\/wp-content\/uploads\/2021\/08\/6-768x481.jpg 768w, https:\/\/delfoscba.com.ar\/dev\/wp-content\/uploads\/2021\/08\/6-400x250.jpg 400w\" sizes=\"(max-width: 910px) 100vw, 910px\" \/><\/a><\/p><p>Finalmente, otra buena aproximaci\u00f3n a la tendencia la aporta la \u00faltima encuesta de CB Consultora: si bien la inclusi\u00f3n de indecisos hace retroceder a algunas fuerzas respecto al promedio, son guarismos plausibles considerando que gran parte del electorado define su voto en la \u00faltima semana previa a la elecci\u00f3n. Haciendo zoom sobre la disputa al interior de JxC, tanto estos dos estudios citados como el promedio de los \u00faltimos ubican a la lista encabezada por Luis Juez superando a la de Mario Negri por una diferencia estad\u00edsticamente no significativa (similar al error muestral promedio), lo que perfila un empate t\u00e9cnico y una interna a\u00fan no definida al interior de JxC y que, al menos por ahora, no le agrega volumen a esa alianza respecto a sus resultados en PASO anterior de medio t\u00e9rmino.<\/p>\t\t\t\t\t\t\t\t<\/div>\n\t\t\t\t\t<\/div>\n\t\t<\/div>\n\t\t\t\t\t<\/div>\n\t\t<\/section>\n\t\t\t\t<section class=\"elementor-section elementor-top-section elementor-element elementor-element-b28ac47 elementor-section-height-min-height elementor-section-boxed elementor-section-height-default elementor-section-items-middle\" data-id=\"b28ac47\" data-element_type=\"section\" data-e-type=\"section\" data-settings=\"{&quot;background_background&quot;:&quot;classic&quot;}\">\n\t\t\t\t\t\t\t<div class=\"elementor-background-overlay\"><\/div>\n\t\t\t\t\t\t\t<div class=\"elementor-container elementor-column-gap-default\">\n\t\t\t\t\t<div class=\"elementor-column elementor-col-100 elementor-top-column elementor-element elementor-element-88fba06\" data-id=\"88fba06\" data-element_type=\"column\" data-e-type=\"column\">\n\t\t\t<div class=\"elementor-widget-wrap elementor-element-populated\">\n\t\t\t\t\t\t<div class=\"elementor-element elementor-element-7e65226 elementor-widget elementor-widget-heading\" data-id=\"7e65226\" data-element_type=\"widget\" data-e-type=\"widget\" data-widget_type=\"heading.default\">\n\t\t\t\t\t<h2 class=\"elementor-heading-title elementor-size-large\">Seguinos en nuestras redes<\/h2>\t\t\t\t<\/div>\n\t\t\t\t<div class=\"elementor-element elementor-element-c37b7ef elementor-shape-circle e-grid-align-tablet-center e-grid-align-mobile-center e-grid-align-left elementor-grid-0 elementor-widget elementor-widget-social-icons\" data-id=\"c37b7ef\" data-element_type=\"widget\" data-e-type=\"widget\" data-widget_type=\"social-icons.default\">\n\t\t\t\t\t\t\t<div class=\"elementor-social-icons-wrapper elementor-grid\" role=\"list\">\n\t\t\t\t\t\t\t<span class=\"elementor-grid-item\" role=\"listitem\">\n\t\t\t\t\t<a class=\"elementor-icon elementor-social-icon elementor-social-icon-facebook-f elementor-repeater-item-lf5yt4c\" href=\"https:\/\/www.facebook.com\/ConsultoraDelfos\" target=\"_blank\">\n\t\t\t\t\t\t<span class=\"elementor-screen-only\">Facebook-f<\/span>\n\t\t\t\t\t\t<i aria-hidden=\"true\" class=\"fab fa-facebook-f\"><\/i>\t\t\t\t\t<\/a>\n\t\t\t\t<\/span>\n\t\t\t\t\t\t\t<span class=\"elementor-grid-item\" role=\"listitem\">\n\t\t\t\t\t<a class=\"elementor-icon elementor-social-icon elementor-social-icon-twitter elementor-repeater-item-01xie82\" href=\"https:\/\/twitter.com\/delfoscba\" target=\"_blank\">\n\t\t\t\t\t\t<span class=\"elementor-screen-only\">Twitter<\/span>\n\t\t\t\t\t\t<i aria-hidden=\"true\" class=\"fab fa-twitter\"><\/i>\t\t\t\t\t<\/a>\n\t\t\t\t<\/span>\n\t\t\t\t\t\t\t<span class=\"elementor-grid-item\" role=\"listitem\">\n\t\t\t\t\t<a class=\"elementor-icon elementor-social-icon elementor-social-icon-linkedin elementor-repeater-item-grhvqhn\" target=\"_blank\">\n\t\t\t\t\t\t<span class=\"elementor-screen-only\">Linkedin<\/span>\n\t\t\t\t\t\t<i aria-hidden=\"true\" class=\"fab fa-linkedin\"><\/i>\t\t\t\t\t<\/a>\n\t\t\t\t<\/span>\n\t\t\t\t\t<\/div>\n\t\t\t\t\t\t<\/div>\n\t\t\t\t\t<\/div>\n\t\t<\/div>\n\t\t\t\t\t<\/div>\n\t\t<\/section>\n\t\t\t\t<\/div>\n\t\t","protected":false},"excerpt":{"rendered":"<p>Te compartimos los \u00faltimos n\u00fameros del panorama electoral en C\u00f3rdoba.<\/p>\n","protected":false},"author":2,"featured_media":11564,"comment_status":"open","ping_status":"open","sticky":false,"template":"","format":"standard","meta":{"_acf_changed":false,"footnotes":""},"categories":[3],"tags":[39,193,40,38,403,246,411,369,402,354,291,404,57,287,289,405,395],"class_list":["post-11557","post","type-post","status-publish","format-standard","has-post-thumbnail","hentry","category-politica","tag-argentina","tag-conservadores","tag-consultora","tag-cordoba","tag-derecha","tag-encuestas","tag-fit","tag-frente-de-todos","tag-izquierda","tag-juntos-por-el-cambio","tag-kirchnerismo","tag-liberales","tag-norman-berra","tag-peronismo","tag-pro","tag-progresismo","tag-ucr","et-has-post-format-content","et_post_format-et-post-format-standard"],"acf":[],"_links":{"self":[{"href":"https:\/\/delfoscba.com.ar\/dev\/wp-json\/wp\/v2\/posts\/11557","targetHints":{"allow":["GET"]}}],"collection":[{"href":"https:\/\/delfoscba.com.ar\/dev\/wp-json\/wp\/v2\/posts"}],"about":[{"href":"https:\/\/delfoscba.com.ar\/dev\/wp-json\/wp\/v2\/types\/post"}],"author":[{"embeddable":true,"href":"https:\/\/delfoscba.com.ar\/dev\/wp-json\/wp\/v2\/users\/2"}],"replies":[{"embeddable":true,"href":"https:\/\/delfoscba.com.ar\/dev\/wp-json\/wp\/v2\/comments?post=11557"}],"version-history":[{"count":4,"href":"https:\/\/delfoscba.com.ar\/dev\/wp-json\/wp\/v2\/posts\/11557\/revisions"}],"predecessor-version":[{"id":11568,"href":"https:\/\/delfoscba.com.ar\/dev\/wp-json\/wp\/v2\/posts\/11557\/revisions\/11568"}],"wp:featuredmedia":[{"embeddable":true,"href":"https:\/\/delfoscba.com.ar\/dev\/wp-json\/wp\/v2\/media\/11564"}],"wp:attachment":[{"href":"https:\/\/delfoscba.com.ar\/dev\/wp-json\/wp\/v2\/media?parent=11557"}],"wp:term":[{"taxonomy":"category","embeddable":true,"href":"https:\/\/delfoscba.com.ar\/dev\/wp-json\/wp\/v2\/categories?post=11557"},{"taxonomy":"post_tag","embeddable":true,"href":"https:\/\/delfoscba.com.ar\/dev\/wp-json\/wp\/v2\/tags?post=11557"}],"curies":[{"name":"wp","href":"https:\/\/api.w.org\/{rel}","templated":true}]}}