{"id":11854,"date":"2021-10-26T18:03:29","date_gmt":"2021-10-26T18:03:29","guid":{"rendered":"https:\/\/delfoscba.com.ar\/\/dev\/\/?p=11854"},"modified":"2021-10-26T18:08:10","modified_gmt":"2021-10-26T18:08:10","slug":"la-campana-de-vacunacion-entre-los-cordobeses","status":"publish","type":"post","link":"https:\/\/delfoscba.com.ar\/dev\/sociedad\/la-campana-de-vacunacion-entre-los-cordobeses\/","title":{"rendered":"La campa\u00f1a de vacunaci\u00f3n entre los cordobeses"},"content":{"rendered":"\t\t<div data-elementor-type=\"wp-post\" data-elementor-id=\"11854\" class=\"elementor elementor-11854\" data-elementor-post-type=\"post\">\n\t\t\t\t\t\t<section class=\"elementor-section elementor-top-section elementor-element elementor-element-41498b4 elementor-section-height-min-height elementor-section-boxed elementor-section-height-default elementor-section-items-middle\" data-id=\"41498b4\" data-element_type=\"section\" data-e-type=\"section\" data-settings=\"{&quot;background_background&quot;:&quot;classic&quot;}\">\n\t\t\t\t\t\t\t<div class=\"elementor-background-overlay\"><\/div>\n\t\t\t\t\t\t\t<div class=\"elementor-container elementor-column-gap-no\">\n\t\t\t\t\t<div class=\"elementor-column elementor-col-100 elementor-top-column elementor-element elementor-element-a18ac89\" data-id=\"a18ac89\" data-element_type=\"column\" data-e-type=\"column\">\n\t\t\t<div class=\"elementor-widget-wrap elementor-element-populated\">\n\t\t\t\t\t\t<div class=\"elementor-element elementor-element-e493600 elementor-widget elementor-widget-heading\" data-id=\"e493600\" data-element_type=\"widget\" data-e-type=\"widget\" data-widget_type=\"heading.default\">\n\t\t\t\t\t<h2 class=\"elementor-heading-title elementor-size-large\">SOCIEDAD<\/h2>\t\t\t\t<\/div>\n\t\t\t\t\t<\/div>\n\t\t<\/div>\n\t\t\t\t\t<\/div>\n\t\t<\/section>\n\t\t\t\t<section class=\"elementor-section elementor-top-section elementor-element elementor-element-7dafb6e4 elementor-section-boxed elementor-section-height-default elementor-section-height-default\" data-id=\"7dafb6e4\" data-element_type=\"section\" data-e-type=\"section\">\n\t\t\t\t\t\t<div class=\"elementor-container elementor-column-gap-default\">\n\t\t\t\t\t<div class=\"elementor-column elementor-col-100 elementor-top-column elementor-element elementor-element-38ae5a14\" data-id=\"38ae5a14\" data-element_type=\"column\" data-e-type=\"column\">\n\t\t\t<div class=\"elementor-widget-wrap elementor-element-populated\">\n\t\t\t\t\t\t<div class=\"elementor-element elementor-element-dfbc123 elementor-widget elementor-widget-author-box\" data-id=\"dfbc123\" data-element_type=\"widget\" data-e-type=\"widget\" data-widget_type=\"author-box.default\">\n\t\t\t\t\t\t\t<div class=\"elementor-author-box\">\n\t\t\t\t\t\t\t<a href=\"https:\/\/delfoscba.com.ar\/\/dev\/\/nosotros\/\" class=\"elementor-author-box__avatar\">\n\t\t\t\t\t<img decoding=\"async\" src=\"https:\/\/delfoscba.com.ar\/dev\/wp-content\/uploads\/2021\/03\/eia-1.png\" alt=\"Picture of Jos\u00e9 Gangi\" loading=\"lazy\">\n\t\t\t\t<\/a>\n\t\t\t\n\t\t\t<div class=\"elementor-author-box__text\">\n\t\t\t\t\t\t\t\t\t<a href=\"https:\/\/delfoscba.com.ar\/\/dev\/\/nosotros\/\">\n\t\t\t\t\t\t<h4 class=\"elementor-author-box__name\">\n\t\t\t\t\t\t\tJos\u00e9 Gangi\t\t\t\t\t\t<\/h4>\n\t\t\t\t\t<\/a>\n\t\t\t\t\n\t\t\t\t\t\t\t\t\t<div class=\"elementor-author-box__bio\">\n\t\t\t\t\t\t<p>Edici\u00f3n y An\u00e1lisis.<\/p>\n\t\t\t\t\t<\/div>\n\t\t\t\t\n\t\t\t\t\t\t\t<\/div>\n\t\t<\/div>\n\t\t\t\t\t\t<\/div>\n\t\t\t\t<div class=\"elementor-element elementor-element-7aefe4b4 elementor-widget elementor-widget-text-editor\" data-id=\"7aefe4b4\" data-element_type=\"widget\" data-e-type=\"widget\" data-widget_type=\"text-editor.default\">\n\t\t\t\t\t\t\t\t\t<p>Pocos imaginaban un estado de la campa\u00f1a de vacunaci\u00f3n similar al actual. En la provincia de C\u00f3rdoba, m\u00e1s del 75% de los ciudadanos poseen al menos una dosis y m\u00e1s del 58% dos. A su vez, la campa\u00f1a de vacunaci\u00f3n contin\u00faa avanzando a un ritmo vertiginoso. La semana pasada, m\u00e1s precisamente el viernes, se superaron las 46 mil dosis diarias aplicadas.<\/p><p>En este contexto, le preguntamos a los 1818 cordobeses que encuestamos del 1 al 6 de octubre del presente a\u00f1o qu\u00e9 vacunas recibieron y c\u00f3mo se sienten al respecto.<\/p><p>El primer dato que salta a la vista es la preeminencia de la Sputnik V (37%) entre las primeras dosis recibidas por los cordobeses, seguida de las unidades de Astra Zeneca con el 32% de los casos y de las Sinopharm con el 28%.<\/p><p><a href=\"https:\/\/delfoscba.com.ar\/\/dev\/\/wp-content\/uploads\/2021\/10\/1-1.png\"><img fetchpriority=\"high\" decoding=\"async\" class=\"aligncenter wp-image-11855 size-full\" src=\"https:\/\/delfoscba.com.ar\/\/dev\/\/wp-content\/uploads\/2021\/10\/1-1.png\" alt=\"\" width=\"994\" height=\"855\" srcset=\"https:\/\/delfoscba.com.ar\/dev\/wp-content\/uploads\/2021\/10\/1-1.png 994w, https:\/\/delfoscba.com.ar\/dev\/wp-content\/uploads\/2021\/10\/1-1-300x258.png 300w, https:\/\/delfoscba.com.ar\/dev\/wp-content\/uploads\/2021\/10\/1-1-768x661.png 768w\" sizes=\"(max-width: 994px) 100vw, 994px\" \/><\/a><\/p><p>Estos datos se diferencian de las cifras obtenidas respecto de las segundas dosis. De acuerdo con el testimonio de los cordobeses, un 29% fue inoculado con una segunda dosis de Astra Zeneca, un 24% con Sinopharm y s\u00f3lo un 17% con Sputnik V. Recordemos que el Instituto Gamaleya, instituci\u00f3n fabricante y reguladora de la fabricaci\u00f3n de esta \u00faltima vacuna, no cumpli\u00f3 con los plazos establecidos de aprovisionamiento y no pudo certificar a tiempo la fabricaci\u00f3n de esta en nuestro pa\u00eds para suplir este d\u00e9ficit. Esta situaci\u00f3n explica la ca\u00edda de la inoculaci\u00f3n con segundas dosis de Sputnik V y el crecimiento de la vacunaci\u00f3n con Moderna (9%), utilizada como remplazo de la vacuna rusa.<\/p><p><a href=\"https:\/\/delfoscba.com.ar\/\/dev\/\/wp-content\/uploads\/2021\/10\/2-1.png\"><img decoding=\"async\" class=\"aligncenter wp-image-11856 size-full\" src=\"https:\/\/delfoscba.com.ar\/\/dev\/\/wp-content\/uploads\/2021\/10\/2-1.png\" alt=\"\" width=\"977\" height=\"776\" srcset=\"https:\/\/delfoscba.com.ar\/dev\/wp-content\/uploads\/2021\/10\/2-1.png 977w, https:\/\/delfoscba.com.ar\/dev\/wp-content\/uploads\/2021\/10\/2-1-300x238.png 300w, https:\/\/delfoscba.com.ar\/dev\/wp-content\/uploads\/2021\/10\/2-1-768x610.png 768w\" sizes=\"(max-width: 977px) 100vw, 977px\" \/><\/a><\/p><p>A pesar de la politizaci\u00f3n de la campa\u00f1a de vacunaci\u00f3n y las complicaciones en el aprovisionamiento en tiempo y forma de las dosis, el punto a resaltar es el acuerdo casi generalizado respecto de la tranquilidad que dicen los cordobeses sentir post vacunaci\u00f3n.<\/p><p>Este dato resulta contundente e invita a superar cualquier barrera ideol\u00f3gica que se interponga ante la vacunaci\u00f3n.<\/p>\t\t\t\t\t\t\t\t<\/div>\n\t\t\t\t\t<\/div>\n\t\t<\/div>\n\t\t\t\t\t<\/div>\n\t\t<\/section>\n\t\t\t\t<section class=\"elementor-section elementor-top-section elementor-element elementor-element-b28ac47 elementor-section-height-min-height elementor-section-boxed elementor-section-height-default elementor-section-items-middle\" data-id=\"b28ac47\" data-element_type=\"section\" data-e-type=\"section\" data-settings=\"{&quot;background_background&quot;:&quot;classic&quot;}\">\n\t\t\t\t\t\t\t<div class=\"elementor-background-overlay\"><\/div>\n\t\t\t\t\t\t\t<div class=\"elementor-container elementor-column-gap-default\">\n\t\t\t\t\t<div class=\"elementor-column elementor-col-100 elementor-top-column elementor-element elementor-element-88fba06\" data-id=\"88fba06\" data-element_type=\"column\" data-e-type=\"column\">\n\t\t\t<div class=\"elementor-widget-wrap elementor-element-populated\">\n\t\t\t\t\t\t<div class=\"elementor-element elementor-element-7e65226 elementor-widget elementor-widget-heading\" data-id=\"7e65226\" data-element_type=\"widget\" data-e-type=\"widget\" data-widget_type=\"heading.default\">\n\t\t\t\t\t<h2 class=\"elementor-heading-title elementor-size-large\">Seguinos en nuestras redes<\/h2>\t\t\t\t<\/div>\n\t\t\t\t<div class=\"elementor-element elementor-element-c37b7ef elementor-shape-circle e-grid-align-tablet-center e-grid-align-mobile-center e-grid-align-left elementor-grid-0 elementor-widget elementor-widget-social-icons\" data-id=\"c37b7ef\" data-element_type=\"widget\" data-e-type=\"widget\" data-widget_type=\"social-icons.default\">\n\t\t\t\t\t\t\t<div class=\"elementor-social-icons-wrapper elementor-grid\" role=\"list\">\n\t\t\t\t\t\t\t<span class=\"elementor-grid-item\" role=\"listitem\">\n\t\t\t\t\t<a class=\"elementor-icon elementor-social-icon elementor-social-icon-facebook-f elementor-repeater-item-lf5yt4c\" href=\"https:\/\/www.facebook.com\/ConsultoraDelfos\" target=\"_blank\">\n\t\t\t\t\t\t<span class=\"elementor-screen-only\">Facebook-f<\/span>\n\t\t\t\t\t\t<i aria-hidden=\"true\" class=\"fab fa-facebook-f\"><\/i>\t\t\t\t\t<\/a>\n\t\t\t\t<\/span>\n\t\t\t\t\t\t\t<span class=\"elementor-grid-item\" role=\"listitem\">\n\t\t\t\t\t<a class=\"elementor-icon elementor-social-icon elementor-social-icon-twitter elementor-repeater-item-01xie82\" href=\"https:\/\/twitter.com\/delfoscba\" target=\"_blank\">\n\t\t\t\t\t\t<span class=\"elementor-screen-only\">Twitter<\/span>\n\t\t\t\t\t\t<i aria-hidden=\"true\" class=\"fab fa-twitter\"><\/i>\t\t\t\t\t<\/a>\n\t\t\t\t<\/span>\n\t\t\t\t\t\t\t<span class=\"elementor-grid-item\" role=\"listitem\">\n\t\t\t\t\t<a class=\"elementor-icon elementor-social-icon elementor-social-icon-linkedin elementor-repeater-item-grhvqhn\" target=\"_blank\">\n\t\t\t\t\t\t<span class=\"elementor-screen-only\">Linkedin<\/span>\n\t\t\t\t\t\t<i aria-hidden=\"true\" class=\"fab fa-linkedin\"><\/i>\t\t\t\t\t<\/a>\n\t\t\t\t<\/span>\n\t\t\t\t\t<\/div>\n\t\t\t\t\t\t<\/div>\n\t\t\t\t\t<\/div>\n\t\t<\/div>\n\t\t\t\t\t<\/div>\n\t\t<\/section>\n\t\t\t\t<\/div>\n\t\t","protected":false},"excerpt":{"rendered":"<p>Ante el avanzado estado de la campa\u00f1a de vacunaci\u00f3n en la provincia de C\u00f3rdoba, analizamos el peso de las diversas vacunas en la misma y el sentir de los cordobeses post vacunaci\u00f3n.<\/p>\n","protected":false},"author":2,"featured_media":11857,"comment_status":"open","ping_status":"open","sticky":false,"template":"","format":"standard","meta":{"_acf_changed":false,"footnotes":""},"categories":[4],"tags":[380,39,391,435,40,38,37,362,34,436,393,392,389],"class_list":["post-11854","post","type-post","status-publish","format-standard","has-post-thumbnail","hentry","category-sociedad","tag-380","tag-argentina","tag-astra-zeneca","tag-campana-de-vacunacion","tag-consultora","tag-cordoba","tag-cordobeses","tag-covid-19","tag-jose-gangi","tag-moderna","tag-sinopharm","tag-sputnik-v","tag-vacunacion","et-has-post-format-content","et_post_format-et-post-format-standard"],"acf":[],"_links":{"self":[{"href":"https:\/\/delfoscba.com.ar\/dev\/wp-json\/wp\/v2\/posts\/11854","targetHints":{"allow":["GET"]}}],"collection":[{"href":"https:\/\/delfoscba.com.ar\/dev\/wp-json\/wp\/v2\/posts"}],"about":[{"href":"https:\/\/delfoscba.com.ar\/dev\/wp-json\/wp\/v2\/types\/post"}],"author":[{"embeddable":true,"href":"https:\/\/delfoscba.com.ar\/dev\/wp-json\/wp\/v2\/users\/2"}],"replies":[{"embeddable":true,"href":"https:\/\/delfoscba.com.ar\/dev\/wp-json\/wp\/v2\/comments?post=11854"}],"version-history":[{"count":4,"href":"https:\/\/delfoscba.com.ar\/dev\/wp-json\/wp\/v2\/posts\/11854\/revisions"}],"predecessor-version":[{"id":11861,"href":"https:\/\/delfoscba.com.ar\/dev\/wp-json\/wp\/v2\/posts\/11854\/revisions\/11861"}],"wp:featuredmedia":[{"embeddable":true,"href":"https:\/\/delfoscba.com.ar\/dev\/wp-json\/wp\/v2\/media\/11857"}],"wp:attachment":[{"href":"https:\/\/delfoscba.com.ar\/dev\/wp-json\/wp\/v2\/media?parent=11854"}],"wp:term":[{"taxonomy":"category","embeddable":true,"href":"https:\/\/delfoscba.com.ar\/dev\/wp-json\/wp\/v2\/categories?post=11854"},{"taxonomy":"post_tag","embeddable":true,"href":"https:\/\/delfoscba.com.ar\/dev\/wp-json\/wp\/v2\/tags?post=11854"}],"curies":[{"name":"wp","href":"https:\/\/api.w.org\/{rel}","templated":true}]}}