{"id":11966,"date":"2021-11-30T21:31:31","date_gmt":"2021-11-30T21:31:31","guid":{"rendered":"https:\/\/delfoscba.com.ar\/\/dev\/\/?p=11966"},"modified":"2021-12-01T11:15:45","modified_gmt":"2021-12-01T11:15:45","slug":"los-habitos-de-consumo-de-los-cordobeses-cambiaron-con-la-pandemia","status":"publish","type":"post","link":"https:\/\/delfoscba.com.ar\/dev\/economia\/los-habitos-de-consumo-de-los-cordobeses-cambiaron-con-la-pandemia\/","title":{"rendered":"Los h\u00e1bitos de consumo de los cordobeses, \u00bfCambiaron con la pandemia?"},"content":{"rendered":"\t\t<div data-elementor-type=\"wp-post\" data-elementor-id=\"11966\" class=\"elementor elementor-11966\" data-elementor-post-type=\"post\">\n\t\t\t\t\t\t<section class=\"elementor-section elementor-top-section elementor-element elementor-element-41498b4 elementor-section-height-min-height elementor-section-boxed elementor-section-height-default elementor-section-items-middle\" data-id=\"41498b4\" data-element_type=\"section\" data-e-type=\"section\" data-settings=\"{&quot;background_background&quot;:&quot;classic&quot;}\">\n\t\t\t\t\t\t\t<div class=\"elementor-background-overlay\"><\/div>\n\t\t\t\t\t\t\t<div class=\"elementor-container elementor-column-gap-no\">\n\t\t\t\t\t<div class=\"elementor-column elementor-col-100 elementor-top-column elementor-element elementor-element-a18ac89\" data-id=\"a18ac89\" data-element_type=\"column\" data-e-type=\"column\">\n\t\t\t<div class=\"elementor-widget-wrap elementor-element-populated\">\n\t\t\t\t\t\t<div class=\"elementor-element elementor-element-e493600 elementor-widget elementor-widget-heading\" data-id=\"e493600\" data-element_type=\"widget\" data-e-type=\"widget\" data-widget_type=\"heading.default\">\n\t\t\t\t\t<h2 class=\"elementor-heading-title elementor-size-large\">ECONOM\u00cdA<\/h2>\t\t\t\t<\/div>\n\t\t\t\t\t<\/div>\n\t\t<\/div>\n\t\t\t\t\t<\/div>\n\t\t<\/section>\n\t\t\t\t<section class=\"elementor-section elementor-top-section elementor-element elementor-element-7dafb6e4 elementor-section-boxed elementor-section-height-default elementor-section-height-default\" data-id=\"7dafb6e4\" data-element_type=\"section\" data-e-type=\"section\">\n\t\t\t\t\t\t<div class=\"elementor-container elementor-column-gap-default\">\n\t\t\t\t\t<div class=\"elementor-column elementor-col-100 elementor-top-column elementor-element elementor-element-38ae5a14\" data-id=\"38ae5a14\" data-element_type=\"column\" data-e-type=\"column\">\n\t\t\t<div class=\"elementor-widget-wrap elementor-element-populated\">\n\t\t\t\t\t\t<div class=\"elementor-element elementor-element-dfbc123 elementor-widget elementor-widget-author-box\" data-id=\"dfbc123\" data-element_type=\"widget\" data-e-type=\"widget\" data-widget_type=\"author-box.default\">\n\t\t\t\t\t\t\t<div class=\"elementor-author-box\">\n\t\t\t\t\t\t\t<a href=\"https:\/\/delfoscba.com.ar\/\/dev\/\/nosotros\/\" class=\"elementor-author-box__avatar\">\n\t\t\t\t\t<img decoding=\"async\" src=\"https:\/\/delfoscba.com.ar\/dev\/wp-content\/uploads\/2021\/03\/eia-1.png\" alt=\"Picture of Jos\u00e9 Gangi\" loading=\"lazy\">\n\t\t\t\t<\/a>\n\t\t\t\n\t\t\t<div class=\"elementor-author-box__text\">\n\t\t\t\t\t\t\t\t\t<a href=\"https:\/\/delfoscba.com.ar\/\/dev\/\/nosotros\/\">\n\t\t\t\t\t\t<h4 class=\"elementor-author-box__name\">\n\t\t\t\t\t\t\tJos\u00e9 Gangi\t\t\t\t\t\t<\/h4>\n\t\t\t\t\t<\/a>\n\t\t\t\t\n\t\t\t\t\t\t\t\t\t<div class=\"elementor-author-box__bio\">\n\t\t\t\t\t\t<p>Edici\u00f3n y An\u00e1lisis.<\/p>\n\t\t\t\t\t<\/div>\n\t\t\t\t\n\t\t\t\t\t\t\t<\/div>\n\t\t<\/div>\n\t\t\t\t\t\t<\/div>\n\t\t\t\t<div class=\"elementor-element elementor-element-7aefe4b4 elementor-widget elementor-widget-text-editor\" data-id=\"7aefe4b4\" data-element_type=\"widget\" data-e-type=\"widget\" data-widget_type=\"text-editor.default\">\n\t\t\t\t\t\t\t\t\t<p>En los momentos m\u00e1s duros de la pandemia, la cuarentena y los peligros asociados a las multitudes y espacios cerrados, junto a la crisis econ\u00f3mica que golpea el bolsillo de los cordobeses desde hace ya varios a\u00f1os, obligaron a la poblaci\u00f3n a reformular el modo en el que habitaba y consum\u00eda en la ciudad.<\/p><p>Hoy, que la situaci\u00f3n sanitaria se encuentra controlada y las restricciones han desaparecido, comparamos los h\u00e1bitos de los cordobeses en tiempos de pre pandemia con los actuales para identificar si hubo cambios en las modalidades de consumo de bienes b\u00e1sicos fruto del per\u00edodo de auge pand\u00e9mico. Para ello comparamos una encuesta de 2019 con una actual, realizada del 30 de octubre al 5 de noviembre del corriente a 1.850 cordobeses.<\/p><p><a href=\"https:\/\/delfoscba.com.ar\/\/dev\/\/wp-content\/uploads\/2021\/11\/1-1.png\"><img fetchpriority=\"high\" decoding=\"async\" class=\"aligncenter wp-image-11969 size-full\" src=\"https:\/\/delfoscba.com.ar\/\/dev\/\/wp-content\/uploads\/2021\/11\/1-1.png\" alt=\"\" width=\"985\" height=\"677\" srcset=\"https:\/\/delfoscba.com.ar\/dev\/wp-content\/uploads\/2021\/11\/1-1.png 985w, https:\/\/delfoscba.com.ar\/dev\/wp-content\/uploads\/2021\/11\/1-1-300x206.png 300w, https:\/\/delfoscba.com.ar\/dev\/wp-content\/uploads\/2021\/11\/1-1-768x528.png 768w\" sizes=\"(max-width: 985px) 100vw, 985px\" \/><\/a><\/p><p>En t\u00e9rminos de frecuencia y modo en que compran los cordobeses, el primer resultado que salta a la vista es la fuerte disminuci\u00f3n de las compras diarias (- 14 pp.) como forma predilecta de consumo en favor de aquellas compras de mayor plazo, particularmente mensuales. Es decir, se aprecia una disminuci\u00f3n de la frecuencia y un aumento de la planificaci\u00f3n con la que consumen mercader\u00eda los cordobeses.<\/p><p><a href=\"https:\/\/delfoscba.com.ar\/\/dev\/\/wp-content\/uploads\/2021\/11\/2-1.png\"><img decoding=\"async\" class=\"aligncenter wp-image-11970 size-full\" src=\"https:\/\/delfoscba.com.ar\/\/dev\/\/wp-content\/uploads\/2021\/11\/2-1.png\" alt=\"\" width=\"929\" height=\"710\" srcset=\"https:\/\/delfoscba.com.ar\/dev\/wp-content\/uploads\/2021\/11\/2-1.png 929w, https:\/\/delfoscba.com.ar\/dev\/wp-content\/uploads\/2021\/11\/2-1-300x229.png 300w, https:\/\/delfoscba.com.ar\/dev\/wp-content\/uploads\/2021\/11\/2-1-768x587.png 768w\" sizes=\"(max-width: 929px) 100vw, 929px\" \/><\/a><\/p><p>Claramente esta situaci\u00f3n presenta grandes matices si consideramos el nivel socioecon\u00f3mico de los cordobeses. Los sectores que poseen un nivel bajo son exponencialmente m\u00e1s propensos a realizar solo compras diarias que los sectores medios y altos. Esta situaci\u00f3n presenta un v\u00ednculo ineludible entre la frecuencia y las condiciones econ\u00f3micas de los consumidores.<\/p><p><a href=\"https:\/\/delfoscba.com.ar\/\/dev\/\/wp-content\/uploads\/2021\/11\/3-1.png\"><img decoding=\"async\" class=\"aligncenter wp-image-11971 size-full\" src=\"https:\/\/delfoscba.com.ar\/\/dev\/\/wp-content\/uploads\/2021\/11\/3-1.png\" alt=\"\" width=\"951\" height=\"710\" srcset=\"https:\/\/delfoscba.com.ar\/dev\/wp-content\/uploads\/2021\/11\/3-1.png 951w, https:\/\/delfoscba.com.ar\/dev\/wp-content\/uploads\/2021\/11\/3-1-300x224.png 300w, https:\/\/delfoscba.com.ar\/dev\/wp-content\/uploads\/2021\/11\/3-1-768x573.png 768w\" sizes=\"(max-width: 951px) 100vw, 951px\" \/><\/a><\/p><p>Si analizamos el dato teniendo en cuenta la zona donde habitan los cordobeses, podemos apreciar que las compras de largo plazo son m\u00e1s usuales entre los capitalinos que entre los cordobeses que viven en el interior de la provincia.<\/p><p><a href=\"https:\/\/delfoscba.com.ar\/\/dev\/\/wp-content\/uploads\/2021\/11\/4-1.png\"><img loading=\"lazy\" decoding=\"async\" class=\"aligncenter wp-image-11972 size-full\" src=\"https:\/\/delfoscba.com.ar\/\/dev\/\/wp-content\/uploads\/2021\/11\/4-1.png\" alt=\"\" width=\"923\" height=\"670\" srcset=\"https:\/\/delfoscba.com.ar\/dev\/wp-content\/uploads\/2021\/11\/4-1.png 923w, https:\/\/delfoscba.com.ar\/dev\/wp-content\/uploads\/2021\/11\/4-1-300x218.png 300w, https:\/\/delfoscba.com.ar\/dev\/wp-content\/uploads\/2021\/11\/4-1-768x557.png 768w\" sizes=\"(max-width: 923px) 100vw, 923px\" \/><\/a><\/p><p>Por otro lado, los supermercados (60%) son los comercios m\u00e1s elegidos por los cordobeses para abastecerse de mercader\u00eda, seguidos de lejos por los almacenes de barrio (22%), los hipermercados (13%) y los minimercados (5%). Si agrupamos los supermercados con los hipermercados, podemos observar que el 73% de los cordobeses frecuenta locales de gran concurrencia.<\/p><p>En s\u00edntesis, si tomamos en consideraci\u00f3n las transformaciones acontecidas en los indicadores de frecuencia, el gran peso de los comercios de grandes superficies y la estabilidad de los indicadores de nivel socioecon\u00f3micos analizados en notas anteriores, podemos inferir que factores asociados a la pandemia no han alejado a los cordobeses de los grandes comercios, m\u00e1s bien los han impulsado a hacerlo con una menor frecuencia y a planificar mejor sus compras.<\/p>\t\t\t\t\t\t\t\t<\/div>\n\t\t\t\t\t<\/div>\n\t\t<\/div>\n\t\t\t\t\t<\/div>\n\t\t<\/section>\n\t\t\t\t<section class=\"elementor-section elementor-top-section elementor-element elementor-element-b28ac47 elementor-section-height-min-height elementor-section-boxed elementor-section-height-default elementor-section-items-middle\" data-id=\"b28ac47\" data-element_type=\"section\" data-e-type=\"section\" data-settings=\"{&quot;background_background&quot;:&quot;classic&quot;}\">\n\t\t\t\t\t\t\t<div class=\"elementor-background-overlay\"><\/div>\n\t\t\t\t\t\t\t<div class=\"elementor-container elementor-column-gap-default\">\n\t\t\t\t\t<div class=\"elementor-column elementor-col-100 elementor-top-column elementor-element elementor-element-88fba06\" data-id=\"88fba06\" data-element_type=\"column\" data-e-type=\"column\">\n\t\t\t<div class=\"elementor-widget-wrap elementor-element-populated\">\n\t\t\t\t\t\t<div class=\"elementor-element elementor-element-7e65226 elementor-widget elementor-widget-heading\" data-id=\"7e65226\" data-element_type=\"widget\" data-e-type=\"widget\" data-widget_type=\"heading.default\">\n\t\t\t\t\t<h2 class=\"elementor-heading-title elementor-size-large\">Seguinos en nuestras redes<\/h2>\t\t\t\t<\/div>\n\t\t\t\t<div class=\"elementor-element elementor-element-c37b7ef elementor-shape-circle e-grid-align-tablet-center e-grid-align-mobile-center e-grid-align-left elementor-grid-0 elementor-widget elementor-widget-social-icons\" data-id=\"c37b7ef\" data-element_type=\"widget\" data-e-type=\"widget\" data-widget_type=\"social-icons.default\">\n\t\t\t\t\t\t\t<div class=\"elementor-social-icons-wrapper elementor-grid\" role=\"list\">\n\t\t\t\t\t\t\t<span class=\"elementor-grid-item\" role=\"listitem\">\n\t\t\t\t\t<a class=\"elementor-icon elementor-social-icon elementor-social-icon-facebook-f elementor-repeater-item-lf5yt4c\" href=\"https:\/\/www.facebook.com\/ConsultoraDelfos\" target=\"_blank\">\n\t\t\t\t\t\t<span class=\"elementor-screen-only\">Facebook-f<\/span>\n\t\t\t\t\t\t<i aria-hidden=\"true\" class=\"fab fa-facebook-f\"><\/i>\t\t\t\t\t<\/a>\n\t\t\t\t<\/span>\n\t\t\t\t\t\t\t<span class=\"elementor-grid-item\" role=\"listitem\">\n\t\t\t\t\t<a class=\"elementor-icon elementor-social-icon elementor-social-icon-twitter elementor-repeater-item-01xie82\" href=\"https:\/\/twitter.com\/delfoscba\" target=\"_blank\">\n\t\t\t\t\t\t<span class=\"elementor-screen-only\">Twitter<\/span>\n\t\t\t\t\t\t<i aria-hidden=\"true\" class=\"fab fa-twitter\"><\/i>\t\t\t\t\t<\/a>\n\t\t\t\t<\/span>\n\t\t\t\t\t\t\t<span class=\"elementor-grid-item\" role=\"listitem\">\n\t\t\t\t\t<a class=\"elementor-icon elementor-social-icon elementor-social-icon-linkedin elementor-repeater-item-grhvqhn\" target=\"_blank\">\n\t\t\t\t\t\t<span class=\"elementor-screen-only\">Linkedin<\/span>\n\t\t\t\t\t\t<i aria-hidden=\"true\" class=\"fab fa-linkedin\"><\/i>\t\t\t\t\t<\/a>\n\t\t\t\t<\/span>\n\t\t\t\t\t<\/div>\n\t\t\t\t\t\t<\/div>\n\t\t\t\t\t<\/div>\n\t\t<\/div>\n\t\t\t\t\t<\/div>\n\t\t<\/section>\n\t\t\t\t<\/div>\n\t\t","protected":false},"excerpt":{"rendered":"<p>Comparamos los h\u00e1bitos de los cordobeses en tiempos de pre pandemia con los actuales para identificar si hubo cambios en las modalidades de consumo de bienes b\u00e1sicos.<\/p>\n","protected":false},"author":2,"featured_media":11967,"comment_status":"open","ping_status":"open","sticky":false,"template":"","format":"standard","meta":{"_acf_changed":false,"footnotes":""},"categories":[2],"tags":[380,462,39,172,40,81,38,37,362,461,34,459,463,54,460],"class_list":["post-11966","post","type-post","status-publish","format-standard","has-post-thumbnail","hentry","category-economia","tag-380","tag-almacen","tag-argentina","tag-compras","tag-consultora","tag-consumo","tag-cordoba","tag-cordobeses","tag-covid-19","tag-hipermercado","tag-jose-gangi","tag-mercaderia","tag-minimercado","tag-pandemia","tag-supermercado","et-has-post-format-content","et_post_format-et-post-format-standard"],"acf":[],"_links":{"self":[{"href":"https:\/\/delfoscba.com.ar\/dev\/wp-json\/wp\/v2\/posts\/11966","targetHints":{"allow":["GET"]}}],"collection":[{"href":"https:\/\/delfoscba.com.ar\/dev\/wp-json\/wp\/v2\/posts"}],"about":[{"href":"https:\/\/delfoscba.com.ar\/dev\/wp-json\/wp\/v2\/types\/post"}],"author":[{"embeddable":true,"href":"https:\/\/delfoscba.com.ar\/dev\/wp-json\/wp\/v2\/users\/2"}],"replies":[{"embeddable":true,"href":"https:\/\/delfoscba.com.ar\/dev\/wp-json\/wp\/v2\/comments?post=11966"}],"version-history":[{"count":7,"href":"https:\/\/delfoscba.com.ar\/dev\/wp-json\/wp\/v2\/posts\/11966\/revisions"}],"predecessor-version":[{"id":11978,"href":"https:\/\/delfoscba.com.ar\/dev\/wp-json\/wp\/v2\/posts\/11966\/revisions\/11978"}],"wp:featuredmedia":[{"embeddable":true,"href":"https:\/\/delfoscba.com.ar\/dev\/wp-json\/wp\/v2\/media\/11967"}],"wp:attachment":[{"href":"https:\/\/delfoscba.com.ar\/dev\/wp-json\/wp\/v2\/media?parent=11966"}],"wp:term":[{"taxonomy":"category","embeddable":true,"href":"https:\/\/delfoscba.com.ar\/dev\/wp-json\/wp\/v2\/categories?post=11966"},{"taxonomy":"post_tag","embeddable":true,"href":"https:\/\/delfoscba.com.ar\/dev\/wp-json\/wp\/v2\/tags?post=11966"}],"curies":[{"name":"wp","href":"https:\/\/api.w.org\/{rel}","templated":true}]}}