{"id":11998,"date":"2021-12-15T12:57:49","date_gmt":"2021-12-15T12:57:49","guid":{"rendered":"https:\/\/delfoscba.com.ar\/\/dev\/\/?p=11998"},"modified":"2021-12-15T13:15:46","modified_gmt":"2021-12-15T13:15:46","slug":"10-de-diciembre-oficialismo-y-oposicion-segun-las-ultimas-encuestas","status":"publish","type":"post","link":"https:\/\/delfoscba.com.ar\/dev\/politica\/10-de-diciembre-oficialismo-y-oposicion-segun-las-ultimas-encuestas\/","title":{"rendered":"Oficialismo y oposici\u00f3n seg\u00fan las \u00faltimas encuestas"},"content":{"rendered":"\t\t<div data-elementor-type=\"wp-post\" data-elementor-id=\"11998\" class=\"elementor elementor-11998\" data-elementor-post-type=\"post\">\n\t\t\t\t\t\t<section class=\"elementor-section elementor-top-section elementor-element elementor-element-41498b4 elementor-section-height-min-height elementor-section-boxed elementor-section-height-default elementor-section-items-middle\" data-id=\"41498b4\" data-element_type=\"section\" data-e-type=\"section\" data-settings=\"{&quot;background_background&quot;:&quot;classic&quot;}\">\n\t\t\t\t\t\t\t<div class=\"elementor-background-overlay\"><\/div>\n\t\t\t\t\t\t\t<div class=\"elementor-container elementor-column-gap-no\">\n\t\t\t\t\t<div class=\"elementor-column elementor-col-100 elementor-top-column elementor-element elementor-element-a18ac89\" data-id=\"a18ac89\" data-element_type=\"column\" data-e-type=\"column\">\n\t\t\t<div class=\"elementor-widget-wrap elementor-element-populated\">\n\t\t\t\t\t\t<div class=\"elementor-element elementor-element-e493600 elementor-widget elementor-widget-heading\" data-id=\"e493600\" data-element_type=\"widget\" data-e-type=\"widget\" data-widget_type=\"heading.default\">\n\t\t\t\t\t<h2 class=\"elementor-heading-title elementor-size-large\">POL\u00cdTICA<\/h2>\t\t\t\t<\/div>\n\t\t\t\t\t<\/div>\n\t\t<\/div>\n\t\t\t\t\t<\/div>\n\t\t<\/section>\n\t\t\t\t<section class=\"elementor-section elementor-top-section elementor-element elementor-element-7dafb6e4 elementor-section-boxed elementor-section-height-default elementor-section-height-default\" data-id=\"7dafb6e4\" data-element_type=\"section\" data-e-type=\"section\">\n\t\t\t\t\t\t<div class=\"elementor-container elementor-column-gap-default\">\n\t\t\t\t\t<div class=\"elementor-column elementor-col-100 elementor-top-column elementor-element elementor-element-38ae5a14\" data-id=\"38ae5a14\" data-element_type=\"column\" data-e-type=\"column\">\n\t\t\t<div class=\"elementor-widget-wrap elementor-element-populated\">\n\t\t\t\t\t\t<div class=\"elementor-element elementor-element-f8a3207 elementor-widget elementor-widget-author-box\" data-id=\"f8a3207\" data-element_type=\"widget\" data-e-type=\"widget\" data-widget_type=\"author-box.default\">\n\t\t\t\t\t\t\t<div class=\"elementor-author-box\">\n\t\t\t\t\t\t\t<a href=\"https:\/\/delfoscba.com.ar\/\/dev\/\/nosotros\/\" class=\"elementor-author-box__avatar\">\n\t\t\t\t\t<img decoding=\"async\" src=\"https:\/\/delfoscba.com.ar\/dev\/wp-content\/uploads\/2021\/02\/norman-250x250-1.jpg\" alt=\"Picture of Norman Berra\" loading=\"lazy\">\n\t\t\t\t<\/a>\n\t\t\t\n\t\t\t<div class=\"elementor-author-box__text\">\n\t\t\t\t\t\t\t\t\t<a href=\"https:\/\/delfoscba.com.ar\/\/dev\/\/nosotros\/\">\n\t\t\t\t\t\t<h4 class=\"elementor-author-box__name\">\n\t\t\t\t\t\t\tNorman Berra\t\t\t\t\t\t<\/h4>\n\t\t\t\t\t<\/a>\n\t\t\t\t\n\t\t\t\t\t\t\t\t\t<div class=\"elementor-author-box__bio\">\n\t\t\t\t\t\t<p>L\u00edder de Proyectos<\/p>\n\t\t\t\t\t<\/div>\n\t\t\t\t\n\t\t\t\t\t\t\t<\/div>\n\t\t<\/div>\n\t\t\t\t\t\t<\/div>\n\t\t\t\t<div class=\"elementor-element elementor-element-7aefe4b4 elementor-widget elementor-widget-text-editor\" data-id=\"7aefe4b4\" data-element_type=\"widget\" data-e-type=\"widget\" data-widget_type=\"text-editor.default\">\n\t\t\t\t\t\t\t\t\t<p><a href=\"https:\/\/delfoscba.com.ar\/\/dev\/\/wp-content\/uploads\/2021\/12\/UNO.jpg\"><img fetchpriority=\"high\" decoding=\"async\" class=\"aligncenter wp-image-12004 size-full\" src=\"https:\/\/delfoscba.com.ar\/\/dev\/\/wp-content\/uploads\/2021\/12\/UNO.jpg\" alt=\"\" width=\"399\" height=\"340\" srcset=\"https:\/\/delfoscba.com.ar\/dev\/wp-content\/uploads\/2021\/12\/UNO.jpg 399w, https:\/\/delfoscba.com.ar\/dev\/wp-content\/uploads\/2021\/12\/UNO-300x256.jpg 300w\" sizes=\"(max-width: 399px) 100vw, 399px\" \/><\/a><\/p><p>En las elecciones de medio t\u00e9rmino del pasado 14 de noviembre, Juntos por el Cambio (JXC) alcanz\u00f3 42% de los votos vs 34,5% del Frente de Todos (FDT), contando los aliados de ambas coaliciones. Si comparamos el resultado del FDT el 14-N, vemos que est\u00e1 algo por encima de la performance del FPV en 2009 y 2013 (entre 30% y 31%), pero por debajo de la mejor elecci\u00f3n de ese sello en el poder, que fue la de 2005 (41,59%; gr\u00e1fico arriba). As\u00ed, el an\u00e1lisis comparado permite confirmar que el caudal de base del espacio pan justicialista cuando es gobierno se mantiene s\u00f3lido. La novedad respecto a las elecciones de 2009 y 2013 es que antes ese caudal le bastaba para mantener la primera minor\u00eda electoral ante una oposici\u00f3n dispersa, mientras que desde 2017 el sello de JXC aglutina de manera s\u00f3lida un caudal anti peronista en torno al 40%.<\/p><p><a href=\"https:\/\/delfoscba.com.ar\/\/dev\/\/wp-content\/uploads\/2021\/12\/DOS.jpg\"><img decoding=\"async\" class=\"aligncenter wp-image-12002 size-full\" src=\"https:\/\/delfoscba.com.ar\/\/dev\/\/wp-content\/uploads\/2021\/12\/DOS.jpg\" alt=\"\" width=\"720\" height=\"434\" srcset=\"https:\/\/delfoscba.com.ar\/dev\/wp-content\/uploads\/2021\/12\/DOS.jpg 720w, https:\/\/delfoscba.com.ar\/dev\/wp-content\/uploads\/2021\/12\/DOS-300x181.jpg 300w, https:\/\/delfoscba.com.ar\/dev\/wp-content\/uploads\/2021\/12\/DOS-440x264.jpg 440w\" sizes=\"(max-width: 720px) 100vw, 720px\" \/><\/a><\/p><p>As\u00ed, el FDT obtuvo un caudal que se ubica en el mismo orden de magnitud del que alcanz\u00f3 el FPV en dos de tres elecciones de medio t\u00e9rmino de ese sello en el poder. Esto sugiere que se sostiene la base electoral del kirchnerismo y que las figuras de Alberto Fern\u00e1ndez y de Sergio Massa no aportaron un plus, a diferencia de lo que sucedi\u00f3 en 2019. Que la solidez del n\u00facleo duro del espacio pan justicialista sigue siendo de base kirchnerista queda confirmada adem\u00e1s con la \u00faltima encuesta de CB Consultora, que muestra a CFK con una ventaja holgada sobre otros referentes del FDT de cara a una potencial primaria del oficialismo (gr\u00e1fico arriba): con 16,2% de preferencia, le saca m\u00e1s de 10 puntos porcentuales de ventaja a cualquiera de las otras figuras del frente. Esa vigencia despeja cualquier posibilidad de que las internas propias de la coalici\u00f3n escalen en una ruptura, dado que a ninguno de los socios electoralmente minoritarios del FDT les convendr\u00eda un escenario de ese tipo; tienen m\u00e1s incentivos para mantener los pies adentro del plato que para sacarlos. \u00a0<\/p><p><a href=\"https:\/\/delfoscba.com.ar\/\/dev\/\/wp-content\/uploads\/2021\/12\/TRES.jpg\"><img decoding=\"async\" class=\"aligncenter wp-image-12003 size-full\" src=\"https:\/\/delfoscba.com.ar\/\/dev\/\/wp-content\/uploads\/2021\/12\/TRES.jpg\" alt=\"\" width=\"768\" height=\"393\" srcset=\"https:\/\/delfoscba.com.ar\/dev\/wp-content\/uploads\/2021\/12\/TRES.jpg 768w, https:\/\/delfoscba.com.ar\/dev\/wp-content\/uploads\/2021\/12\/TRES-300x154.jpg 300w\" sizes=\"(max-width: 768px) 100vw, 768px\" \/><\/a><\/p><p>El panorama contrario se observa en JXC: el resultado por debajo de las expectativas posteriores a las primarias desat\u00f3 m\u00faltiples pujas, tanto al interior del PRO como de la Uni\u00f3n C\u00edvica Radical (UCR). Seg\u00fan la misma encuesta de CB, Horacio Rodr\u00edguez Larreta tiene una ventaja del tipo \u201cprimus inter pares\u201d, no lo suficientemente holgada para resolver la disputa por la candidatura presidencial hacia 2023. Le saca unos 7 puntos porcentuales de ventaja al ex presidente Mauricio Macri, unos 10 pp a Facundo Manes y poco m\u00e1s de 11 pp a Patricia Bullrich (gr\u00e1fico arriba), una brecha insuficiente como para que esas y otras figuras de la coalici\u00f3n resignen sus aspiraciones. En cuanto a la percepci\u00f3n de liderazgo opositor, la disputa es a\u00fan m\u00e1s encarnizada: seg\u00fan el \u00faltimo monitoreo en redes sociales de consultora Taqui\u00f3n, Larreta roza el 18% vs 15% de Bullrich, casi 14% de Macri y 9,5% de Mar\u00eda Eugenia Vidal; por fuera de JXC, se cuela en esa competencia Javier Milei, de Avanza Libertad, con 9,6% (gr\u00e1fico abajo).<\/p><p><a href=\"https:\/\/delfoscba.com.ar\/\/dev\/\/wp-content\/uploads\/2021\/12\/CUATRO.jpg\"><img loading=\"lazy\" decoding=\"async\" class=\"aligncenter wp-image-12001 size-large\" src=\"https:\/\/delfoscba.com.ar\/\/dev\/\/wp-content\/uploads\/2021\/12\/CUATRO-1024x582.jpg\" alt=\"\" width=\"1024\" height=\"582\" srcset=\"https:\/\/delfoscba.com.ar\/dev\/wp-content\/uploads\/2021\/12\/CUATRO-1024x582.jpg 1024w, https:\/\/delfoscba.com.ar\/dev\/wp-content\/uploads\/2021\/12\/CUATRO-300x170.jpg 300w, https:\/\/delfoscba.com.ar\/dev\/wp-content\/uploads\/2021\/12\/CUATRO-768x436.jpg 768w, https:\/\/delfoscba.com.ar\/dev\/wp-content\/uploads\/2021\/12\/CUATRO.jpg 1074w\" sizes=\"(max-width: 1024px) 100vw, 1024px\" \/><\/a><\/p><p>En ese marco, si algo amenaza las chances de JXC de cara al 2023 es la posibilidad de que el espacio libertario se consolide, puesto que seg\u00fan CB parte de un piso de intenci\u00f3n de voto en torno al 6% con un techo de hasta 22% (gr\u00e1fico abajo).<\/p><p><a href=\"https:\/\/delfoscba.com.ar\/\/dev\/\/wp-content\/uploads\/2021\/12\/CINCO.jpg\"><img loading=\"lazy\" decoding=\"async\" class=\"aligncenter wp-image-12000 size-full\" src=\"https:\/\/delfoscba.com.ar\/\/dev\/\/wp-content\/uploads\/2021\/12\/CINCO.jpg\" alt=\"\" width=\"720\" height=\"430\" srcset=\"https:\/\/delfoscba.com.ar\/dev\/wp-content\/uploads\/2021\/12\/CINCO.jpg 720w, https:\/\/delfoscba.com.ar\/dev\/wp-content\/uploads\/2021\/12\/CINCO-300x179.jpg 300w, https:\/\/delfoscba.com.ar\/dev\/wp-content\/uploads\/2021\/12\/CINCO-440x264.jpg 440w\" sizes=\"(max-width: 720px) 100vw, 720px\" \/><\/a><\/p><p>En s\u00edntesis, el oficialismo llega al 10 de diciembre con un caudal sensiblemente menor al de su victoria de hace poco m\u00e1s de 10 a\u00f1os, pero con el piso electoral s\u00f3lido obtenido en las tres \u00faltimas elecciones de medio t\u00e9rmino del espacio panjusticialista, con su unidad consolidada y conservando su condici\u00f3n de primera minor\u00eda tanto en la C\u00e1mara de diputados nacionales como en la de senadores nacionales. En cambio, JXC llega con varias disputas abiertas al interior de la coalici\u00f3n, lo que ya ha tenido traducci\u00f3n parlamentaria en el Congreso en los \u00faltimos d\u00edas: Sergio Massa fue reconfirmado al frente de la C\u00e1mara baja, dejando atr\u00e1s la avanzada opositora posterior a las primarias, mientras que el bloque radical enfrenta una fractura que puede seguir escalando.<\/p>\t\t\t\t\t\t\t\t<\/div>\n\t\t\t\t\t<\/div>\n\t\t<\/div>\n\t\t\t\t\t<\/div>\n\t\t<\/section>\n\t\t\t\t<section class=\"elementor-section elementor-top-section elementor-element elementor-element-b28ac47 elementor-section-height-min-height elementor-section-boxed elementor-section-height-default elementor-section-items-middle\" data-id=\"b28ac47\" data-element_type=\"section\" data-e-type=\"section\" data-settings=\"{&quot;background_background&quot;:&quot;classic&quot;}\">\n\t\t\t\t\t\t\t<div class=\"elementor-background-overlay\"><\/div>\n\t\t\t\t\t\t\t<div class=\"elementor-container elementor-column-gap-default\">\n\t\t\t\t\t<div class=\"elementor-column elementor-col-100 elementor-top-column elementor-element elementor-element-88fba06\" data-id=\"88fba06\" data-element_type=\"column\" data-e-type=\"column\">\n\t\t\t<div class=\"elementor-widget-wrap elementor-element-populated\">\n\t\t\t\t\t\t<div class=\"elementor-element elementor-element-7e65226 elementor-widget elementor-widget-heading\" data-id=\"7e65226\" data-element_type=\"widget\" data-e-type=\"widget\" data-widget_type=\"heading.default\">\n\t\t\t\t\t<h2 class=\"elementor-heading-title elementor-size-large\">Seguinos en nuestras redes<\/h2>\t\t\t\t<\/div>\n\t\t\t\t<div class=\"elementor-element elementor-element-c37b7ef elementor-shape-circle e-grid-align-tablet-center e-grid-align-mobile-center e-grid-align-left elementor-grid-0 elementor-widget elementor-widget-social-icons\" data-id=\"c37b7ef\" data-element_type=\"widget\" data-e-type=\"widget\" data-widget_type=\"social-icons.default\">\n\t\t\t\t\t\t\t<div class=\"elementor-social-icons-wrapper elementor-grid\" role=\"list\">\n\t\t\t\t\t\t\t<span class=\"elementor-grid-item\" role=\"listitem\">\n\t\t\t\t\t<a class=\"elementor-icon elementor-social-icon elementor-social-icon-facebook-f elementor-repeater-item-lf5yt4c\" href=\"https:\/\/www.facebook.com\/ConsultoraDelfos\" target=\"_blank\">\n\t\t\t\t\t\t<span class=\"elementor-screen-only\">Facebook-f<\/span>\n\t\t\t\t\t\t<i aria-hidden=\"true\" class=\"fab fa-facebook-f\"><\/i>\t\t\t\t\t<\/a>\n\t\t\t\t<\/span>\n\t\t\t\t\t\t\t<span class=\"elementor-grid-item\" role=\"listitem\">\n\t\t\t\t\t<a class=\"elementor-icon elementor-social-icon elementor-social-icon-twitter elementor-repeater-item-01xie82\" href=\"https:\/\/twitter.com\/delfoscba\" target=\"_blank\">\n\t\t\t\t\t\t<span class=\"elementor-screen-only\">Twitter<\/span>\n\t\t\t\t\t\t<i aria-hidden=\"true\" class=\"fab fa-twitter\"><\/i>\t\t\t\t\t<\/a>\n\t\t\t\t<\/span>\n\t\t\t\t\t\t\t<span class=\"elementor-grid-item\" role=\"listitem\">\n\t\t\t\t\t<a class=\"elementor-icon elementor-social-icon elementor-social-icon-linkedin elementor-repeater-item-grhvqhn\" target=\"_blank\">\n\t\t\t\t\t\t<span class=\"elementor-screen-only\">Linkedin<\/span>\n\t\t\t\t\t\t<i aria-hidden=\"true\" class=\"fab fa-linkedin\"><\/i>\t\t\t\t\t<\/a>\n\t\t\t\t<\/span>\n\t\t\t\t\t<\/div>\n\t\t\t\t\t\t<\/div>\n\t\t\t\t\t<\/div>\n\t\t<\/div>\n\t\t\t\t\t<\/div>\n\t\t<\/section>\n\t\t\t\t<\/div>\n\t\t","protected":false},"excerpt":{"rendered":"<p>A partir de un an\u00e1lisis hist\u00f3rico del desempe\u00f1o en elecciones de medio t\u00e9rmino y de encuestas actuales, ponemos en tela de juicio las apreciaciones sobre el vigor del oficialismo y la oposici\u00f3n.<\/p>\n","protected":false},"author":2,"featured_media":11999,"comment_status":"open","ping_status":"open","sticky":false,"template":"","format":"standard","meta":{"_acf_changed":false,"footnotes":""},"categories":[3],"tags":[380,453,39,40,38,264,454,354,180,291,140,57,468,355,287],"class_list":["post-11998","post","type-post","status-publish","format-standard","has-post-thumbnail","hentry","category-politica","tag-380","tag-alberto","tag-argentina","tag-consultora","tag-cordoba","tag-cristina","tag-fernandez","tag-juntos-por-el-cambio","tag-kirchner","tag-kirchnerismo","tag-macri","tag-norman-berra","tag-oficialismo","tag-oposicion","tag-peronismo","et-has-post-format-content","et_post_format-et-post-format-standard"],"acf":[],"_links":{"self":[{"href":"https:\/\/delfoscba.com.ar\/dev\/wp-json\/wp\/v2\/posts\/11998","targetHints":{"allow":["GET"]}}],"collection":[{"href":"https:\/\/delfoscba.com.ar\/dev\/wp-json\/wp\/v2\/posts"}],"about":[{"href":"https:\/\/delfoscba.com.ar\/dev\/wp-json\/wp\/v2\/types\/post"}],"author":[{"embeddable":true,"href":"https:\/\/delfoscba.com.ar\/dev\/wp-json\/wp\/v2\/users\/2"}],"replies":[{"embeddable":true,"href":"https:\/\/delfoscba.com.ar\/dev\/wp-json\/wp\/v2\/comments?post=11998"}],"version-history":[{"count":5,"href":"https:\/\/delfoscba.com.ar\/dev\/wp-json\/wp\/v2\/posts\/11998\/revisions"}],"predecessor-version":[{"id":12010,"href":"https:\/\/delfoscba.com.ar\/dev\/wp-json\/wp\/v2\/posts\/11998\/revisions\/12010"}],"wp:featuredmedia":[{"embeddable":true,"href":"https:\/\/delfoscba.com.ar\/dev\/wp-json\/wp\/v2\/media\/11999"}],"wp:attachment":[{"href":"https:\/\/delfoscba.com.ar\/dev\/wp-json\/wp\/v2\/media?parent=11998"}],"wp:term":[{"taxonomy":"category","embeddable":true,"href":"https:\/\/delfoscba.com.ar\/dev\/wp-json\/wp\/v2\/categories?post=11998"},{"taxonomy":"post_tag","embeddable":true,"href":"https:\/\/delfoscba.com.ar\/dev\/wp-json\/wp\/v2\/tags?post=11998"}],"curies":[{"name":"wp","href":"https:\/\/api.w.org\/{rel}","templated":true}]}}