{"id":12151,"date":"2022-02-04T23:07:50","date_gmt":"2022-02-04T23:07:50","guid":{"rendered":"https:\/\/delfoscba.com.ar\/\/dev\/\/?p=12151"},"modified":"2022-02-04T23:13:53","modified_gmt":"2022-02-04T23:13:53","slug":"acuerdo-con-el-fmi-segun-las-ultimas-encuestas","status":"publish","type":"post","link":"https:\/\/delfoscba.com.ar\/dev\/economia\/acuerdo-con-el-fmi-segun-las-ultimas-encuestas\/","title":{"rendered":"Acuerdo con el FMI seg\u00fan las \u00faltimas encuestas"},"content":{"rendered":"\t\t<div data-elementor-type=\"wp-post\" data-elementor-id=\"12151\" class=\"elementor elementor-12151\" data-elementor-post-type=\"post\">\n\t\t\t\t\t\t<section class=\"elementor-section elementor-top-section elementor-element elementor-element-41498b4 elementor-section-height-min-height elementor-section-boxed elementor-section-height-default elementor-section-items-middle\" data-id=\"41498b4\" data-element_type=\"section\" data-e-type=\"section\" data-settings=\"{&quot;background_background&quot;:&quot;classic&quot;}\">\n\t\t\t\t\t\t\t<div class=\"elementor-background-overlay\"><\/div>\n\t\t\t\t\t\t\t<div class=\"elementor-container elementor-column-gap-no\">\n\t\t\t\t\t<div class=\"elementor-column elementor-col-100 elementor-top-column elementor-element elementor-element-a18ac89\" data-id=\"a18ac89\" data-element_type=\"column\" data-e-type=\"column\">\n\t\t\t<div class=\"elementor-widget-wrap elementor-element-populated\">\n\t\t\t\t\t\t<div class=\"elementor-element elementor-element-e493600 elementor-widget elementor-widget-heading\" data-id=\"e493600\" data-element_type=\"widget\" data-e-type=\"widget\" data-widget_type=\"heading.default\">\n\t\t\t\t\t<h2 class=\"elementor-heading-title elementor-size-large\">ECONOM\u00cdA<\/h2>\t\t\t\t<\/div>\n\t\t\t\t\t<\/div>\n\t\t<\/div>\n\t\t\t\t\t<\/div>\n\t\t<\/section>\n\t\t\t\t<section class=\"elementor-section elementor-top-section elementor-element elementor-element-7dafb6e4 elementor-section-boxed elementor-section-height-default elementor-section-height-default\" data-id=\"7dafb6e4\" data-element_type=\"section\" data-e-type=\"section\">\n\t\t\t\t\t\t<div class=\"elementor-container elementor-column-gap-default\">\n\t\t\t\t\t<div class=\"elementor-column elementor-col-100 elementor-top-column elementor-element elementor-element-38ae5a14\" data-id=\"38ae5a14\" data-element_type=\"column\" data-e-type=\"column\">\n\t\t\t<div class=\"elementor-widget-wrap elementor-element-populated\">\n\t\t\t\t\t\t<div class=\"elementor-element elementor-element-f8a3207 elementor-widget elementor-widget-author-box\" data-id=\"f8a3207\" data-element_type=\"widget\" data-e-type=\"widget\" data-widget_type=\"author-box.default\">\n\t\t\t\t\t\t\t<div class=\"elementor-author-box\">\n\t\t\t\t\t\t\t<a href=\"https:\/\/delfoscba.com.ar\/\/dev\/\/nosotros\/\" class=\"elementor-author-box__avatar\">\n\t\t\t\t\t<img decoding=\"async\" src=\"https:\/\/delfoscba.com.ar\/dev\/wp-content\/uploads\/2021\/02\/norman-250x250-1.jpg\" alt=\"Picture of Norman Berra\" loading=\"lazy\">\n\t\t\t\t<\/a>\n\t\t\t\n\t\t\t<div class=\"elementor-author-box__text\">\n\t\t\t\t\t\t\t\t\t<a href=\"https:\/\/delfoscba.com.ar\/\/dev\/\/nosotros\/\">\n\t\t\t\t\t\t<h4 class=\"elementor-author-box__name\">\n\t\t\t\t\t\t\tNorman Berra\t\t\t\t\t\t<\/h4>\n\t\t\t\t\t<\/a>\n\t\t\t\t\n\t\t\t\t\t\t\t\t\t<div class=\"elementor-author-box__bio\">\n\t\t\t\t\t\t<p>L\u00edder de Proyectos<\/p>\n\t\t\t\t\t<\/div>\n\t\t\t\t\n\t\t\t\t\t\t\t<\/div>\n\t\t<\/div>\n\t\t\t\t\t\t<\/div>\n\t\t\t\t<div class=\"elementor-element elementor-element-7aefe4b4 elementor-widget elementor-widget-text-editor\" data-id=\"7aefe4b4\" data-element_type=\"widget\" data-e-type=\"widget\" data-widget_type=\"text-editor.default\">\n\t\t\t\t\t\t\t\t\t<p><a href=\"https:\/\/delfoscba.com.ar\/\/dev\/\/wp-content\/uploads\/2022\/02\/1.jpg\"><img fetchpriority=\"high\" decoding=\"async\" class=\"aligncenter wp-image-12152 size-full\" src=\"https:\/\/delfoscba.com.ar\/\/dev\/\/wp-content\/uploads\/2022\/02\/1.jpg\" alt=\"\" width=\"862\" height=\"415\" srcset=\"https:\/\/delfoscba.com.ar\/dev\/wp-content\/uploads\/2022\/02\/1.jpg 862w, https:\/\/delfoscba.com.ar\/dev\/wp-content\/uploads\/2022\/02\/1-300x144.jpg 300w, https:\/\/delfoscba.com.ar\/dev\/wp-content\/uploads\/2022\/02\/1-768x370.jpg 768w\" sizes=\"(max-width: 862px) 100vw, 862px\" \/><\/a><\/p><p>El pasado viernes 28 de enero, el Gobierno nacional anunci\u00f3 un acuerdo con el Fondo Monetario Internacional (FMI) respecto a la deuda contra\u00edda con ese organismo por la gesti\u00f3n Cambiemos desde la crisis desatada en 2018; como a\u00fan debe pasar por el Congreso para completar el proceso, resulta oportuno un repaso de qu\u00e9 dicen las encuestas m\u00e1s recientes sobre el tema, a efectos de calibrar el consenso social y su eventual impacto en el tr\u00e1mite legislativo. El primer punto a considerar es que el entendimiento sintoniza con las expectativas previas: seg\u00fan un estudio realizado por la consultora D`Alessio\/IROL a fines de 2021, 58% por ciento de los argentinos cre\u00eda que era posible arribar a un acuerdo con el FMI (gr\u00e1fico arriba), optimismo que trepaba al 83% por ciento entre los electores del Frente de Todos (FDT), al 56% entre votantes de otras fuerzas y al 43% entre los de Juntos por el Cambio (JXC). \u00a0En esa l\u00ednea, el acuerdo tambi\u00e9n sintoniza con el \u00edndice de voluntad de pago (IVP) que elabora la misma consultora, el cual rond\u00f3 el 60% a lo largo de todo el a\u00f1o pasado (gr\u00e1fico abajo).<\/p><p><a href=\"https:\/\/delfoscba.com.ar\/\/dev\/\/wp-content\/uploads\/2022\/02\/2.jpg\"><img decoding=\"async\" class=\"aligncenter wp-image-12153 size-full\" src=\"https:\/\/delfoscba.com.ar\/\/dev\/\/wp-content\/uploads\/2022\/02\/2.jpg\" alt=\"\" width=\"767\" height=\"431\" srcset=\"https:\/\/delfoscba.com.ar\/dev\/wp-content\/uploads\/2022\/02\/2.jpg 767w, https:\/\/delfoscba.com.ar\/dev\/wp-content\/uploads\/2022\/02\/2-300x169.jpg 300w\" sizes=\"(max-width: 767px) 100vw, 767px\" \/><\/a><\/p><p>Respecto al impacto que un acuerdo con el Fondo puede tener en t\u00e9rminos de permitir a Argentina crecer y desarrollarse en la pr\u00f3xima d\u00e9cada, la \u00faltima encuesta nacional cerrada por la consultora Analog\u00edas pocos d\u00edas antes del anuncio del viernes pasado arroja un escenario dividido: casi 38% cree que un entendimiento puede impactar \u201cmucho o bastante\u201d, en tanto que 45,6% responde \u201cpoco o nada\u201d. Claramente, el optimismo es dominante entre los electores oficialistas netos (llega al 60,4%), mientras que el escepticismo se impone entre oficialistas moderados, opositores moderados y opositores con guarismos superiores al 50% (gr\u00e1fico abajo).<\/p><p><a href=\"https:\/\/delfoscba.com.ar\/\/dev\/\/wp-content\/uploads\/2022\/02\/3.jpg\"><img decoding=\"async\" class=\"aligncenter wp-image-12154 size-full\" src=\"https:\/\/delfoscba.com.ar\/\/dev\/\/wp-content\/uploads\/2022\/02\/3.jpg\" alt=\"\" width=\"730\" height=\"410\" srcset=\"https:\/\/delfoscba.com.ar\/dev\/wp-content\/uploads\/2022\/02\/3.jpg 730w, https:\/\/delfoscba.com.ar\/dev\/wp-content\/uploads\/2022\/02\/3-300x168.jpg 300w\" sizes=\"(max-width: 730px) 100vw, 730px\" \/><\/a><\/p><p>En cuanto a la percepci\u00f3n de responsabilidades por contraer la deuda con el FMI, Analog\u00edas aporta datos muy pertinentes: seg\u00fan una encuesta previa, casi 51% asignaba la responsabilidad al gobierno de Mauricio Macri, mientras que 25,2% la atribu\u00eda al gobierno de Alberto Fern\u00e1ndez; 24% no sab\u00eda (gr\u00e1fico abajo).<\/p><p><a href=\"https:\/\/delfoscba.com.ar\/\/dev\/\/wp-content\/uploads\/2022\/02\/4.jpg\"><img loading=\"lazy\" decoding=\"async\" class=\"aligncenter wp-image-12155 size-full\" src=\"https:\/\/delfoscba.com.ar\/\/dev\/\/wp-content\/uploads\/2022\/02\/4.jpg\" alt=\"\" width=\"984\" height=\"349\" srcset=\"https:\/\/delfoscba.com.ar\/dev\/wp-content\/uploads\/2022\/02\/4.jpg 984w, https:\/\/delfoscba.com.ar\/dev\/wp-content\/uploads\/2022\/02\/4-300x106.jpg 300w, https:\/\/delfoscba.com.ar\/dev\/wp-content\/uploads\/2022\/02\/4-768x272.jpg 768w\" sizes=\"(max-width: 984px) 100vw, 984px\" \/><\/a><\/p><p>En la encuesta m\u00e1s reciente, la atribuci\u00f3n de responsabilidades por contraer la deuda con el FMI al gobierno de Macri baja al 43,3% (un descenso de 7,5 puntos porcentuales), mientras que la relativa al gobierno del FDT no presenta variaciones estad\u00edsticamente significativas (26%) y crece a casi 31% la respuesta \u201cno sabe\u201d (gr\u00e1fico abajo). \u00a0\u00a0<\/p><p><a href=\"https:\/\/delfoscba.com.ar\/\/dev\/\/wp-content\/uploads\/2022\/02\/5.jpg\"><img loading=\"lazy\" decoding=\"async\" class=\"aligncenter wp-image-12156 size-full\" src=\"https:\/\/delfoscba.com.ar\/\/dev\/\/wp-content\/uploads\/2022\/02\/5.jpg\" alt=\"\" width=\"793\" height=\"359\" srcset=\"https:\/\/delfoscba.com.ar\/dev\/wp-content\/uploads\/2022\/02\/5.jpg 793w, https:\/\/delfoscba.com.ar\/dev\/wp-content\/uploads\/2022\/02\/5-300x136.jpg 300w, https:\/\/delfoscba.com.ar\/dev\/wp-content\/uploads\/2022\/02\/5-768x348.jpg 768w\" sizes=\"(max-width: 793px) 100vw, 793px\" \/><\/a><\/p><p>En s\u00edntesis, del an\u00e1lisis de los datos se desprende que el acuerdo cuenta con un consenso social importante, que no se agota entre los votantes oficialistas en t\u00e9rminos de la necesidad de suscribirlo. Las opiniones est\u00e1n m\u00e1s divididas en cuanto a su impacto en t\u00e9rminos de crecimiento, pero en este punto hay que destacar que el \u00faltimo reporte del FMI estima que la econom\u00eda latinoamericana crecer\u00e1 en 2022 un 2,4%, lo que rebaja en 6 d\u00e9cimas su estimaci\u00f3n de octubre de 2021, mientras que las proyecciones de suba aumentan para Argentina: seg\u00fan el organismo, la econom\u00eda de nuestro pa\u00eds crecer\u00e1 un 3% este a\u00f1o (mientras que hace tres meses esperaba un 2,5% de expansi\u00f3n), y el Gobierno nacional apuesta a un crecimiento en torno al 4%. En cualquier caso, a corto plazo ambas proyecciones son m\u00e1s favorables que las del programa que present\u00f3 el gobierno de Cambiemos al tomar la deuda con el FMI en 2018 (gr\u00e1fico abajo): apostaba a un crecimiento magro de 0,4% o una ca\u00edda del 1,3% en escenario adverso, mientras que el PBI de Argentina cay\u00f3 el doble (2,6%).<\/p><p><a href=\"https:\/\/delfoscba.com.ar\/\/dev\/\/wp-content\/uploads\/2022\/02\/6.jpg\"><img loading=\"lazy\" decoding=\"async\" class=\"aligncenter wp-image-12157 size-full\" src=\"https:\/\/delfoscba.com.ar\/\/dev\/\/wp-content\/uploads\/2022\/02\/6.jpg\" alt=\"\" width=\"680\" height=\"577\" srcset=\"https:\/\/delfoscba.com.ar\/dev\/wp-content\/uploads\/2022\/02\/6.jpg 680w, https:\/\/delfoscba.com.ar\/dev\/wp-content\/uploads\/2022\/02\/6-300x255.jpg 300w\" sizes=\"(max-width: 680px) 100vw, 680px\" \/><\/a><\/p>\t\t\t\t\t\t\t\t<\/div>\n\t\t\t\t\t<\/div>\n\t\t<\/div>\n\t\t\t\t\t<\/div>\n\t\t<\/section>\n\t\t\t\t<section class=\"elementor-section elementor-top-section elementor-element elementor-element-b28ac47 elementor-section-height-min-height elementor-section-boxed elementor-section-height-default elementor-section-items-middle\" data-id=\"b28ac47\" data-element_type=\"section\" data-e-type=\"section\" data-settings=\"{&quot;background_background&quot;:&quot;classic&quot;}\">\n\t\t\t\t\t\t\t<div class=\"elementor-background-overlay\"><\/div>\n\t\t\t\t\t\t\t<div class=\"elementor-container elementor-column-gap-default\">\n\t\t\t\t\t<div class=\"elementor-column elementor-col-100 elementor-top-column elementor-element elementor-element-88fba06\" data-id=\"88fba06\" data-element_type=\"column\" data-e-type=\"column\">\n\t\t\t<div class=\"elementor-widget-wrap elementor-element-populated\">\n\t\t\t\t\t\t<div class=\"elementor-element elementor-element-7e65226 elementor-widget elementor-widget-heading\" data-id=\"7e65226\" data-element_type=\"widget\" data-e-type=\"widget\" data-widget_type=\"heading.default\">\n\t\t\t\t\t<h2 class=\"elementor-heading-title elementor-size-large\">Seguinos en nuestras redes<\/h2>\t\t\t\t<\/div>\n\t\t\t\t<div class=\"elementor-element elementor-element-c37b7ef elementor-shape-circle e-grid-align-tablet-center e-grid-align-mobile-center e-grid-align-left elementor-grid-0 elementor-widget elementor-widget-social-icons\" data-id=\"c37b7ef\" data-element_type=\"widget\" data-e-type=\"widget\" data-widget_type=\"social-icons.default\">\n\t\t\t\t\t\t\t<div class=\"elementor-social-icons-wrapper elementor-grid\" role=\"list\">\n\t\t\t\t\t\t\t<span class=\"elementor-grid-item\" role=\"listitem\">\n\t\t\t\t\t<a class=\"elementor-icon elementor-social-icon elementor-social-icon-facebook-f elementor-repeater-item-lf5yt4c\" href=\"https:\/\/www.facebook.com\/ConsultoraDelfos\" target=\"_blank\">\n\t\t\t\t\t\t<span class=\"elementor-screen-only\">Facebook-f<\/span>\n\t\t\t\t\t\t<i aria-hidden=\"true\" class=\"fab fa-facebook-f\"><\/i>\t\t\t\t\t<\/a>\n\t\t\t\t<\/span>\n\t\t\t\t\t\t\t<span class=\"elementor-grid-item\" role=\"listitem\">\n\t\t\t\t\t<a class=\"elementor-icon elementor-social-icon elementor-social-icon-twitter elementor-repeater-item-01xie82\" href=\"https:\/\/twitter.com\/delfoscba\" target=\"_blank\">\n\t\t\t\t\t\t<span class=\"elementor-screen-only\">Twitter<\/span>\n\t\t\t\t\t\t<i aria-hidden=\"true\" class=\"fab fa-twitter\"><\/i>\t\t\t\t\t<\/a>\n\t\t\t\t<\/span>\n\t\t\t\t\t\t\t<span class=\"elementor-grid-item\" role=\"listitem\">\n\t\t\t\t\t<a class=\"elementor-icon elementor-social-icon elementor-social-icon-linkedin elementor-repeater-item-grhvqhn\" target=\"_blank\">\n\t\t\t\t\t\t<span class=\"elementor-screen-only\">Linkedin<\/span>\n\t\t\t\t\t\t<i aria-hidden=\"true\" class=\"fab fa-linkedin\"><\/i>\t\t\t\t\t<\/a>\n\t\t\t\t<\/span>\n\t\t\t\t\t<\/div>\n\t\t\t\t\t\t<\/div>\n\t\t\t\t\t<\/div>\n\t\t<\/div>\n\t\t\t\t\t<\/div>\n\t\t<\/section>\n\t\t\t\t<\/div>\n\t\t","protected":false},"excerpt":{"rendered":"<p>Cu\u00e1l es el nivel de consenso social con respecto al acuerdo, cu\u00e1l el posible impacto y qui\u00e9nes son los principales responsables de la deuda<\/p>\n","protected":false},"author":2,"featured_media":12158,"comment_status":"open","ping_status":"open","sticky":false,"template":"","format":"standard","meta":{"_acf_changed":false,"footnotes":""},"categories":[2],"tags":[471,493,447,39,267,495,40,38,128,143,343,369,194,496,57,56,494],"class_list":["post-12151","post","type-post","status-publish","format-standard","has-post-thumbnail","hentry","category-economia","tag-471","tag-acuerdo","tag-alberto-fernandez","tag-argentina","tag-cambiemos","tag-consenso-social","tag-consultora","tag-cordoba","tag-delfos","tag-estados-unidos","tag-fmi","tag-frente-de-todos","tag-ideologia","tag-impacto","tag-norman-berra","tag-politica","tag-responsabilidad","et-has-post-format-content","et_post_format-et-post-format-standard"],"acf":[],"_links":{"self":[{"href":"https:\/\/delfoscba.com.ar\/dev\/wp-json\/wp\/v2\/posts\/12151","targetHints":{"allow":["GET"]}}],"collection":[{"href":"https:\/\/delfoscba.com.ar\/dev\/wp-json\/wp\/v2\/posts"}],"about":[{"href":"https:\/\/delfoscba.com.ar\/dev\/wp-json\/wp\/v2\/types\/post"}],"author":[{"embeddable":true,"href":"https:\/\/delfoscba.com.ar\/dev\/wp-json\/wp\/v2\/users\/2"}],"replies":[{"embeddable":true,"href":"https:\/\/delfoscba.com.ar\/dev\/wp-json\/wp\/v2\/comments?post=12151"}],"version-history":[{"count":4,"href":"https:\/\/delfoscba.com.ar\/dev\/wp-json\/wp\/v2\/posts\/12151\/revisions"}],"predecessor-version":[{"id":12162,"href":"https:\/\/delfoscba.com.ar\/dev\/wp-json\/wp\/v2\/posts\/12151\/revisions\/12162"}],"wp:featuredmedia":[{"embeddable":true,"href":"https:\/\/delfoscba.com.ar\/dev\/wp-json\/wp\/v2\/media\/12158"}],"wp:attachment":[{"href":"https:\/\/delfoscba.com.ar\/dev\/wp-json\/wp\/v2\/media?parent=12151"}],"wp:term":[{"taxonomy":"category","embeddable":true,"href":"https:\/\/delfoscba.com.ar\/dev\/wp-json\/wp\/v2\/categories?post=12151"},{"taxonomy":"post_tag","embeddable":true,"href":"https:\/\/delfoscba.com.ar\/dev\/wp-json\/wp\/v2\/tags?post=12151"}],"curies":[{"name":"wp","href":"https:\/\/api.w.org\/{rel}","templated":true}]}}