{"id":12292,"date":"2022-02-09T12:34:11","date_gmt":"2022-02-09T12:34:11","guid":{"rendered":"https:\/\/delfoscba.com.ar\/\/dev\/\/?p=12292"},"modified":"2022-02-09T12:38:37","modified_gmt":"2022-02-09T12:38:37","slug":"internas-y-liderazgos-segun-las-ultimas-encuestas","status":"publish","type":"post","link":"https:\/\/delfoscba.com.ar\/dev\/politica\/internas-y-liderazgos-segun-las-ultimas-encuestas\/","title":{"rendered":"Internas y liderazgos seg\u00fan las \u00faltimas encuestas"},"content":{"rendered":"\t\t<div data-elementor-type=\"wp-post\" data-elementor-id=\"12292\" class=\"elementor elementor-12292\" data-elementor-post-type=\"post\">\n\t\t\t\t\t\t<section class=\"elementor-section elementor-top-section elementor-element elementor-element-41498b4 elementor-section-height-min-height elementor-section-boxed elementor-section-height-default elementor-section-items-middle\" data-id=\"41498b4\" data-element_type=\"section\" data-e-type=\"section\" data-settings=\"{&quot;background_background&quot;:&quot;classic&quot;}\">\n\t\t\t\t\t\t\t<div class=\"elementor-background-overlay\"><\/div>\n\t\t\t\t\t\t\t<div class=\"elementor-container elementor-column-gap-no\">\n\t\t\t\t\t<div class=\"elementor-column elementor-col-100 elementor-top-column elementor-element elementor-element-a18ac89\" data-id=\"a18ac89\" data-element_type=\"column\" data-e-type=\"column\">\n\t\t\t<div class=\"elementor-widget-wrap elementor-element-populated\">\n\t\t\t\t\t\t<div class=\"elementor-element elementor-element-e493600 elementor-widget elementor-widget-heading\" data-id=\"e493600\" data-element_type=\"widget\" data-e-type=\"widget\" data-widget_type=\"heading.default\">\n\t\t\t\t\t<h2 class=\"elementor-heading-title elementor-size-large\">POL\u00cdTICA<\/h2>\t\t\t\t<\/div>\n\t\t\t\t\t<\/div>\n\t\t<\/div>\n\t\t\t\t\t<\/div>\n\t\t<\/section>\n\t\t\t\t<section class=\"elementor-section elementor-top-section elementor-element elementor-element-7dafb6e4 elementor-section-boxed elementor-section-height-default elementor-section-height-default\" data-id=\"7dafb6e4\" data-element_type=\"section\" data-e-type=\"section\">\n\t\t\t\t\t\t<div class=\"elementor-container elementor-column-gap-default\">\n\t\t\t\t\t<div class=\"elementor-column elementor-col-100 elementor-top-column elementor-element elementor-element-38ae5a14\" data-id=\"38ae5a14\" data-element_type=\"column\" data-e-type=\"column\">\n\t\t\t<div class=\"elementor-widget-wrap elementor-element-populated\">\n\t\t\t\t\t\t<div class=\"elementor-element elementor-element-f8a3207 elementor-widget elementor-widget-author-box\" data-id=\"f8a3207\" data-element_type=\"widget\" data-e-type=\"widget\" data-widget_type=\"author-box.default\">\n\t\t\t\t\t\t\t<div class=\"elementor-author-box\">\n\t\t\t\t\t\t\t<a href=\"https:\/\/delfoscba.com.ar\/\/dev\/\/nosotros\/\" class=\"elementor-author-box__avatar\">\n\t\t\t\t\t<img decoding=\"async\" src=\"https:\/\/delfoscba.com.ar\/dev\/wp-content\/uploads\/2021\/02\/norman-250x250-1.jpg\" alt=\"Picture of Norman Berra\" loading=\"lazy\">\n\t\t\t\t<\/a>\n\t\t\t\n\t\t\t<div class=\"elementor-author-box__text\">\n\t\t\t\t\t\t\t\t\t<a href=\"https:\/\/delfoscba.com.ar\/\/dev\/\/nosotros\/\">\n\t\t\t\t\t\t<h4 class=\"elementor-author-box__name\">\n\t\t\t\t\t\t\tNorman Berra\t\t\t\t\t\t<\/h4>\n\t\t\t\t\t<\/a>\n\t\t\t\t\n\t\t\t\t\t\t\t\t\t<div class=\"elementor-author-box__bio\">\n\t\t\t\t\t\t<p>L\u00edder de Proyectos<\/p>\n\t\t\t\t\t<\/div>\n\t\t\t\t\n\t\t\t\t\t\t\t<\/div>\n\t\t<\/div>\n\t\t\t\t\t\t<\/div>\n\t\t\t\t<div class=\"elementor-element elementor-element-7aefe4b4 elementor-widget elementor-widget-text-editor\" data-id=\"7aefe4b4\" data-element_type=\"widget\" data-e-type=\"widget\" data-widget_type=\"text-editor.default\">\n\t\t\t\t\t\t\t\t\t<p><a href=\"https:\/\/delfoscba.com.ar\/\/dev\/\/wp-content\/uploads\/2022\/02\/1-1.jpg\"><img fetchpriority=\"high\" decoding=\"async\" class=\"aligncenter wp-image-12293 size-full\" src=\"https:\/\/delfoscba.com.ar\/\/dev\/\/wp-content\/uploads\/2022\/02\/1-1.jpg\" alt=\"\" width=\"983\" height=\"477\" srcset=\"https:\/\/delfoscba.com.ar\/dev\/wp-content\/uploads\/2022\/02\/1-1.jpg 983w, https:\/\/delfoscba.com.ar\/dev\/wp-content\/uploads\/2022\/02\/1-1-300x146.jpg 300w, https:\/\/delfoscba.com.ar\/dev\/wp-content\/uploads\/2022\/02\/1-1-768x373.jpg 768w\" sizes=\"(max-width: 983px) 100vw, 983px\" \/><\/a><\/p><p>El Frente de Todos (FDT) lleg\u00f3 al poder como coalici\u00f3n electoral hace poco m\u00e1s de dos a\u00f1os; desde entonces, procesa su transformaci\u00f3n en coalici\u00f3n de gobierno, condici\u00f3n que incluye momentos de consenso y momentos de disenso, como los que se expres\u00f3 la vicepresidenta Cristina Fern\u00e1ndez luego de las primarias de septiembre de 2021 y hace una semana manifest\u00f3 M\u00e1ximo Kirchner con su renuncia a presidir la banca del FDT por discrepar con el principio de acuerdo firmado con el Fondo Monetario Internacional (FMI). \u00bfC\u00f3mo impacta el debate interno del oficialismo en las encuestas? Un estudio reciente sobre el tema de la consultora D`Alessio\/IROL arroja que 48% de los electores argentinos cree que las discrepancias internas del FDT pueden afectar en gran medida la gobernabilidad, mientras que 36% cree que la pueden afectar en alguna medida; 16% cree que no la afectan (gr\u00e1fico arriba). Sin embargo, los matices son muy significativos al analizar la percepci\u00f3n seg\u00fan los votantes: s\u00f3lo 18% de los electores oficialistas cree que el disenso interno puede afectar en gran medida la gobernabilidad mientras que 51% cree que no la afecta, mientras que entre votantes de Juntos por el Cambio (JXC) 64% opina que los disensos internos en el oficialismo afectan la gobernabilidad; las opiniones est\u00e1n divididas en los electores de otras fuerzas (gr\u00e1fico arriba).<\/p><p><a href=\"https:\/\/delfoscba.com.ar\/\/dev\/\/wp-content\/uploads\/2022\/02\/2-1.jpg\"><img decoding=\"async\" class=\"aligncenter wp-image-12294 size-large\" src=\"https:\/\/delfoscba.com.ar\/\/dev\/\/wp-content\/uploads\/2022\/02\/2-1-1024x567.jpg\" alt=\"\" width=\"1024\" height=\"567\" srcset=\"https:\/\/delfoscba.com.ar\/dev\/wp-content\/uploads\/2022\/02\/2-1-1024x567.jpg 1024w, https:\/\/delfoscba.com.ar\/dev\/wp-content\/uploads\/2022\/02\/2-1-300x166.jpg 300w, https:\/\/delfoscba.com.ar\/dev\/wp-content\/uploads\/2022\/02\/2-1-768x425.jpg 768w, https:\/\/delfoscba.com.ar\/dev\/wp-content\/uploads\/2022\/02\/2-1-1080x598.jpg 1080w, https:\/\/delfoscba.com.ar\/dev\/wp-content\/uploads\/2022\/02\/2-1.jpg 1276w\" sizes=\"(max-width: 1024px) 100vw, 1024px\" \/><\/a><\/p><p>El an\u00e1lisis de esos matices pol\u00edticos permite profundizar por qu\u00e9 el oficialismo tiene una ventaja relativa sobre la actual oposici\u00f3n: existe un consenso de casi 70% en que Cristina Fern\u00e1ndez es la l\u00edder del oficialismo seg\u00fan una la \u00faltima encuesta de Udesa. Esa condici\u00f3n conjura hasta cierto punto la posibilidad de ruptura, dado que esa percepci\u00f3n es m\u00e1s que mayoritaria. Los liderazgos perceptivos de las dem\u00e1s figuras del oficialismo son minoritarios: 14% lo atribuye al presidente Alberto Fern\u00e1ndez, mientras que M\u00e1ximo Kirchner, Axel Kiciloff, Sergio Massa y Juan Manzur se encuentran por debajo del 5% (gr\u00e1fico arriba). Para m\u00e1s datos, el liderazgo de CFK atraviesa \u201cla grieta\u201d: si bien con matices cuantitativos, los votantes del FDT coinciden con los de JXC en que la vicepresidenta es la l\u00edder del oficialismo (con 67% vs 87%, respectivamente; gr\u00e1fico abajo). \u00a0<\/p><p><a href=\"https:\/\/delfoscba.com.ar\/\/dev\/\/wp-content\/uploads\/2022\/02\/3-1.jpg\"><img decoding=\"async\" class=\"aligncenter wp-image-12295 size-large\" src=\"https:\/\/delfoscba.com.ar\/\/dev\/\/wp-content\/uploads\/2022\/02\/3-1-1024x566.jpg\" alt=\"\" width=\"1024\" height=\"566\" srcset=\"https:\/\/delfoscba.com.ar\/dev\/wp-content\/uploads\/2022\/02\/3-1-1024x566.jpg 1024w, https:\/\/delfoscba.com.ar\/dev\/wp-content\/uploads\/2022\/02\/3-1-300x166.jpg 300w, https:\/\/delfoscba.com.ar\/dev\/wp-content\/uploads\/2022\/02\/3-1-768x424.jpg 768w, https:\/\/delfoscba.com.ar\/dev\/wp-content\/uploads\/2022\/02\/3-1-1080x597.jpg 1080w, https:\/\/delfoscba.com.ar\/dev\/wp-content\/uploads\/2022\/02\/3-1-1280x709.jpg 1280w, https:\/\/delfoscba.com.ar\/dev\/wp-content\/uploads\/2022\/02\/3-1.jpg 1283w\" sizes=\"(max-width: 1024px) 100vw, 1024px\" \/><\/a><\/p><p>En cambio, la percepci\u00f3n de liderazgo en la oposici\u00f3n est\u00e1 mucho m\u00e1s disputada. Seg\u00fan la \u00faltima encuesta del consultor Cristian Solmoirago, 24,1% considera al ex presidente Mauricio Macri como l\u00edder de la oposici\u00f3n, mientras que casi 21% opina que es Patricia Bullrich, lo que estad\u00edsticamente es un empate t\u00e9cnico; en tercer t\u00e9rmino aparece Horacio Rodr\u00edguez Larreta, con 18,2%, mientras que el libertario Javier Milei se ubica cuarto en ese mapa perceptivo, con 12,3% de menciones (gr\u00e1fico abajo). \u00a0<\/p><p><a href=\"https:\/\/delfoscba.com.ar\/\/dev\/\/wp-content\/uploads\/2022\/02\/4-1.jpg\"><img loading=\"lazy\" decoding=\"async\" class=\"aligncenter wp-image-12296 size-full\" src=\"https:\/\/delfoscba.com.ar\/\/dev\/\/wp-content\/uploads\/2022\/02\/4-1.jpg\" alt=\"\" width=\"816\" height=\"447\" srcset=\"https:\/\/delfoscba.com.ar\/dev\/wp-content\/uploads\/2022\/02\/4-1.jpg 816w, https:\/\/delfoscba.com.ar\/dev\/wp-content\/uploads\/2022\/02\/4-1-300x164.jpg 300w, https:\/\/delfoscba.com.ar\/dev\/wp-content\/uploads\/2022\/02\/4-1-768x421.jpg 768w\" sizes=\"(max-width: 816px) 100vw, 816px\" \/><\/a><\/p><p>Para Udesa, Macri y Rodr\u00edguez Larreta empatan, con 24% de percepci\u00f3n de liderazgo opositor cada uno; luego, hay otro empate t\u00e9cnico, en este caso a tres bandas, entre Mar\u00eda Eugenia Vidal, Milei y Bullrich (con 13%, 11% y 10%, respectivamente; gr\u00e1fico abajo). \u00a0<\/p><p><a href=\"https:\/\/delfoscba.com.ar\/\/dev\/\/wp-content\/uploads\/2022\/02\/5-1.jpg\"><img loading=\"lazy\" decoding=\"async\" class=\"aligncenter wp-image-12297 size-large\" src=\"https:\/\/delfoscba.com.ar\/\/dev\/\/wp-content\/uploads\/2022\/02\/5-1-1024x566.jpg\" alt=\"\" width=\"1024\" height=\"566\" srcset=\"https:\/\/delfoscba.com.ar\/dev\/wp-content\/uploads\/2022\/02\/5-1-1024x566.jpg 1024w, https:\/\/delfoscba.com.ar\/dev\/wp-content\/uploads\/2022\/02\/5-1-300x166.jpg 300w, https:\/\/delfoscba.com.ar\/dev\/wp-content\/uploads\/2022\/02\/5-1-768x424.jpg 768w, https:\/\/delfoscba.com.ar\/dev\/wp-content\/uploads\/2022\/02\/5-1-1080x597.jpg 1080w, https:\/\/delfoscba.com.ar\/dev\/wp-content\/uploads\/2022\/02\/5-1.jpg 1276w\" sizes=\"(max-width: 1024px) 100vw, 1024px\" \/><\/a><\/p><p>En tanto, seg\u00fan la \u00faltima encuesta de Taqui\u00f3n, Rodr\u00edguez Larreta roza el 18% de percepci\u00f3n de liderazgo opositor, seguido de cerca por Milei; luego, hay un empate t\u00e9cnico por el tercer lugar entre Macri y Bulrrich, dado que ambos rozan el 13% (gr\u00e1fico abajo). <a href=\"https:\/\/delfoscba.com.ar\/\/dev\/\/wp-content\/uploads\/2022\/02\/6-1.jpg\"><img loading=\"lazy\" decoding=\"async\" class=\"aligncenter wp-image-12298 size-full\" src=\"https:\/\/delfoscba.com.ar\/\/dev\/\/wp-content\/uploads\/2022\/02\/6-1.jpg\" alt=\"\" width=\"634\" height=\"489\" srcset=\"https:\/\/delfoscba.com.ar\/dev\/wp-content\/uploads\/2022\/02\/6-1.jpg 634w, https:\/\/delfoscba.com.ar\/dev\/wp-content\/uploads\/2022\/02\/6-1-300x231.jpg 300w\" sizes=\"(max-width: 634px) 100vw, 634px\" \/><\/a>\u00a0<\/p><p>Del mismo modo en que la percepci\u00f3n de liderazgo opositor aparece muy disputada seg\u00fan las encuestas a nivel general, tambi\u00e9n al interior de las dos coaliciones principales hay miradas distintas: seg\u00fan Udesa, para los votantes del FDT el l\u00edder de la oposici\u00f3n es Larreta, ya que con 46% de las menciones duplica a Macri; las dem\u00e1s figuras no llegan al 10% de las respuestas individualmente. En cambio, para los votantes de JXC la disputa es mucho m\u00e1s pareja, con Macri en 29% de las menciones, Larreta el 29%, Bullrich 18% y Vidal el 13%; Milei alcanza el 5%, mientras que las dem\u00e1s figuras aparecen por debajo de ese umbral (gr\u00e1fico abajo).<\/p><p><a href=\"https:\/\/delfoscba.com.ar\/\/dev\/\/wp-content\/uploads\/2022\/02\/7.jpg\"><img loading=\"lazy\" decoding=\"async\" class=\"aligncenter wp-image-12299 size-full\" src=\"https:\/\/delfoscba.com.ar\/\/dev\/\/wp-content\/uploads\/2022\/02\/7.jpg\" alt=\"\" width=\"749\" height=\"419\" srcset=\"https:\/\/delfoscba.com.ar\/dev\/wp-content\/uploads\/2022\/02\/7.jpg 749w, https:\/\/delfoscba.com.ar\/dev\/wp-content\/uploads\/2022\/02\/7-300x168.jpg 300w\" sizes=\"(max-width: 749px) 100vw, 749px\" \/><\/a><\/p><p>En s\u00edntesis, del an\u00e1lisis de los datos se desprende que hay una percepci\u00f3n de que las internas dentro del oficialismo pueden afectar la gobernabilidad que es importante, aunque no llega a ser mayoritaria; sin embargo, ese no es un tema de gran preocupaci\u00f3n entre los votantes del FDT. Asimismo, la percepci\u00f3n de liderazgo dentro del gobierno es clara, ya que tanto a nivel general como entre electores propios y ajenos es CFK quien lo detenta, lo que aparece como un l\u00edmite para la fractura. En cambio, en el plano opositor la competencia por el liderazgo es mucho m\u00e1s pareja, y adem\u00e1s de la competencia al interior de JXC, esa coalici\u00f3n enfrenta la emergencia de un liderazgo como el del libertario Javier Milei, que le disputa electores.<\/p>\t\t\t\t\t\t\t\t<\/div>\n\t\t\t\t\t<\/div>\n\t\t<\/div>\n\t\t\t\t\t<\/div>\n\t\t<\/section>\n\t\t\t\t<section class=\"elementor-section elementor-top-section elementor-element elementor-element-b28ac47 elementor-section-height-min-height elementor-section-boxed elementor-section-height-default elementor-section-items-middle\" data-id=\"b28ac47\" data-element_type=\"section\" data-e-type=\"section\" data-settings=\"{&quot;background_background&quot;:&quot;classic&quot;}\">\n\t\t\t\t\t\t\t<div class=\"elementor-background-overlay\"><\/div>\n\t\t\t\t\t\t\t<div class=\"elementor-container elementor-column-gap-default\">\n\t\t\t\t\t<div class=\"elementor-column elementor-col-100 elementor-top-column elementor-element elementor-element-88fba06\" data-id=\"88fba06\" data-element_type=\"column\" data-e-type=\"column\">\n\t\t\t<div class=\"elementor-widget-wrap elementor-element-populated\">\n\t\t\t\t\t\t<div class=\"elementor-element elementor-element-7e65226 elementor-widget elementor-widget-heading\" data-id=\"7e65226\" data-element_type=\"widget\" data-e-type=\"widget\" data-widget_type=\"heading.default\">\n\t\t\t\t\t<h2 class=\"elementor-heading-title elementor-size-large\">Seguinos en nuestras redes<\/h2>\t\t\t\t<\/div>\n\t\t\t\t<div class=\"elementor-element elementor-element-c37b7ef elementor-shape-circle e-grid-align-tablet-center e-grid-align-mobile-center e-grid-align-left elementor-grid-0 elementor-widget elementor-widget-social-icons\" data-id=\"c37b7ef\" data-element_type=\"widget\" data-e-type=\"widget\" data-widget_type=\"social-icons.default\">\n\t\t\t\t\t\t\t<div class=\"elementor-social-icons-wrapper elementor-grid\" role=\"list\">\n\t\t\t\t\t\t\t<span class=\"elementor-grid-item\" role=\"listitem\">\n\t\t\t\t\t<a class=\"elementor-icon elementor-social-icon elementor-social-icon-facebook-f elementor-repeater-item-lf5yt4c\" href=\"https:\/\/www.facebook.com\/ConsultoraDelfos\" target=\"_blank\">\n\t\t\t\t\t\t<span class=\"elementor-screen-only\">Facebook-f<\/span>\n\t\t\t\t\t\t<i aria-hidden=\"true\" class=\"fab fa-facebook-f\"><\/i>\t\t\t\t\t<\/a>\n\t\t\t\t<\/span>\n\t\t\t\t\t\t\t<span class=\"elementor-grid-item\" role=\"listitem\">\n\t\t\t\t\t<a class=\"elementor-icon elementor-social-icon elementor-social-icon-twitter elementor-repeater-item-01xie82\" href=\"https:\/\/twitter.com\/delfoscba\" target=\"_blank\">\n\t\t\t\t\t\t<span class=\"elementor-screen-only\">Twitter<\/span>\n\t\t\t\t\t\t<i aria-hidden=\"true\" class=\"fab fa-twitter\"><\/i>\t\t\t\t\t<\/a>\n\t\t\t\t<\/span>\n\t\t\t\t\t\t\t<span class=\"elementor-grid-item\" role=\"listitem\">\n\t\t\t\t\t<a class=\"elementor-icon elementor-social-icon elementor-social-icon-linkedin elementor-repeater-item-grhvqhn\" target=\"_blank\">\n\t\t\t\t\t\t<span class=\"elementor-screen-only\">Linkedin<\/span>\n\t\t\t\t\t\t<i aria-hidden=\"true\" class=\"fab fa-linkedin\"><\/i>\t\t\t\t\t<\/a>\n\t\t\t\t<\/span>\n\t\t\t\t\t<\/div>\n\t\t\t\t\t\t<\/div>\n\t\t\t\t\t<\/div>\n\t\t<\/div>\n\t\t\t\t\t<\/div>\n\t\t<\/section>\n\t\t\t\t<\/div>\n\t\t","protected":false},"excerpt":{"rendered":"<p>El impacto de las internas y los referentes percibidos por la gente de los principales partidos pol\u00edticos de Argentina.<\/p>\n","protected":false},"author":2,"featured_media":12300,"comment_status":"open","ping_status":"open","sticky":false,"template":"","format":"standard","meta":{"_acf_changed":false,"footnotes":""},"categories":[3],"tags":[471,493,447,39,267,495,40,38,248,128,343,369,501,500,57,56],"class_list":["post-12292","post","type-post","status-publish","format-standard","has-post-thumbnail","hentry","category-politica","tag-471","tag-acuerdo","tag-alberto-fernandez","tag-argentina","tag-cambiemos","tag-consenso-social","tag-consultora","tag-cordoba","tag-cristina-fernandez-de-kirchner","tag-delfos","tag-fmi","tag-frente-de-todos","tag-internas","tag-maximo-kirchner","tag-norman-berra","tag-politica","et-has-post-format-content","et_post_format-et-post-format-standard"],"acf":[],"_links":{"self":[{"href":"https:\/\/delfoscba.com.ar\/dev\/wp-json\/wp\/v2\/posts\/12292","targetHints":{"allow":["GET"]}}],"collection":[{"href":"https:\/\/delfoscba.com.ar\/dev\/wp-json\/wp\/v2\/posts"}],"about":[{"href":"https:\/\/delfoscba.com.ar\/dev\/wp-json\/wp\/v2\/types\/post"}],"author":[{"embeddable":true,"href":"https:\/\/delfoscba.com.ar\/dev\/wp-json\/wp\/v2\/users\/2"}],"replies":[{"embeddable":true,"href":"https:\/\/delfoscba.com.ar\/dev\/wp-json\/wp\/v2\/comments?post=12292"}],"version-history":[{"count":4,"href":"https:\/\/delfoscba.com.ar\/dev\/wp-json\/wp\/v2\/posts\/12292\/revisions"}],"predecessor-version":[{"id":12304,"href":"https:\/\/delfoscba.com.ar\/dev\/wp-json\/wp\/v2\/posts\/12292\/revisions\/12304"}],"wp:featuredmedia":[{"embeddable":true,"href":"https:\/\/delfoscba.com.ar\/dev\/wp-json\/wp\/v2\/media\/12300"}],"wp:attachment":[{"href":"https:\/\/delfoscba.com.ar\/dev\/wp-json\/wp\/v2\/media?parent=12292"}],"wp:term":[{"taxonomy":"category","embeddable":true,"href":"https:\/\/delfoscba.com.ar\/dev\/wp-json\/wp\/v2\/categories?post=12292"},{"taxonomy":"post_tag","embeddable":true,"href":"https:\/\/delfoscba.com.ar\/dev\/wp-json\/wp\/v2\/tags?post=12292"}],"curies":[{"name":"wp","href":"https:\/\/api.w.org\/{rel}","templated":true}]}}