{"id":12391,"date":"2022-02-21T15:17:35","date_gmt":"2022-02-21T15:17:35","guid":{"rendered":"https:\/\/delfoscba.com.ar\/\/dev\/\/?p=12391"},"modified":"2022-02-23T15:31:06","modified_gmt":"2022-02-23T15:31:06","slug":"la-relacion-de-los-cordobeses-con-el-fmi","status":"publish","type":"post","link":"https:\/\/delfoscba.com.ar\/dev\/internacional\/la-relacion-de-los-cordobeses-con-el-fmi\/","title":{"rendered":"La relaci\u00f3n de los cordobeses con el FMI"},"content":{"rendered":"\t\t<div data-elementor-type=\"wp-post\" data-elementor-id=\"12391\" class=\"elementor elementor-12391\" data-elementor-post-type=\"post\">\n\t\t\t\t\t\t<section class=\"elementor-section elementor-top-section elementor-element elementor-element-41498b4 elementor-section-height-min-height elementor-section-boxed elementor-section-height-default elementor-section-items-middle\" data-id=\"41498b4\" data-element_type=\"section\" data-e-type=\"section\" data-settings=\"{&quot;background_background&quot;:&quot;classic&quot;}\">\n\t\t\t\t\t\t\t<div class=\"elementor-background-overlay\"><\/div>\n\t\t\t\t\t\t\t<div class=\"elementor-container elementor-column-gap-no\">\n\t\t\t\t\t<div class=\"elementor-column elementor-col-100 elementor-top-column elementor-element elementor-element-a18ac89\" data-id=\"a18ac89\" data-element_type=\"column\" data-e-type=\"column\">\n\t\t\t<div class=\"elementor-widget-wrap elementor-element-populated\">\n\t\t\t\t\t\t<div class=\"elementor-element elementor-element-e493600 elementor-widget elementor-widget-heading\" data-id=\"e493600\" data-element_type=\"widget\" data-e-type=\"widget\" data-widget_type=\"heading.default\">\n\t\t\t\t\t<h2 class=\"elementor-heading-title elementor-size-large\">INTERNACIONALES<\/h2>\t\t\t\t<\/div>\n\t\t\t\t\t<\/div>\n\t\t<\/div>\n\t\t\t\t\t<\/div>\n\t\t<\/section>\n\t\t\t\t<section class=\"elementor-section elementor-top-section elementor-element elementor-element-7dafb6e4 elementor-section-boxed elementor-section-height-default elementor-section-height-default\" data-id=\"7dafb6e4\" data-element_type=\"section\" data-e-type=\"section\">\n\t\t\t\t\t\t<div class=\"elementor-container elementor-column-gap-default\">\n\t\t\t\t\t<div class=\"elementor-column elementor-col-100 elementor-top-column elementor-element elementor-element-38ae5a14\" data-id=\"38ae5a14\" data-element_type=\"column\" data-e-type=\"column\">\n\t\t\t<div class=\"elementor-widget-wrap elementor-element-populated\">\n\t\t\t\t\t\t<div class=\"elementor-element elementor-element-f8a3207 elementor-widget elementor-widget-author-box\" data-id=\"f8a3207\" data-element_type=\"widget\" data-e-type=\"widget\" data-widget_type=\"author-box.default\">\n\t\t\t\t\t\t\t<div class=\"elementor-author-box\">\n\t\t\t\t\t\t\t<a href=\"https:\/\/delfoscba.com.ar\/\/dev\/\/nosotros\/\" class=\"elementor-author-box__avatar\">\n\t\t\t\t\t<img decoding=\"async\" src=\"https:\/\/delfoscba.com.ar\/dev\/wp-content\/uploads\/2021\/03\/eia-1.png\" alt=\"Picture of Jos\u00e9 Gangi\" loading=\"lazy\">\n\t\t\t\t<\/a>\n\t\t\t\n\t\t\t<div class=\"elementor-author-box__text\">\n\t\t\t\t\t\t\t\t\t<a href=\"https:\/\/delfoscba.com.ar\/\/dev\/\/nosotros\/\">\n\t\t\t\t\t\t<h4 class=\"elementor-author-box__name\">\n\t\t\t\t\t\t\tJos\u00e9 Gangi\t\t\t\t\t\t<\/h4>\n\t\t\t\t\t<\/a>\n\t\t\t\t\n\t\t\t\t\t\t\t\t\t<div class=\"elementor-author-box__bio\">\n\t\t\t\t\t\t<p>Edici\u00f3n y An\u00e1lisis de informes<\/p>\n\t\t\t\t\t<\/div>\n\t\t\t\t\n\t\t\t\t\t\t\t<\/div>\n\t\t<\/div>\n\t\t\t\t\t\t<\/div>\n\t\t\t\t<div class=\"elementor-element elementor-element-7aefe4b4 elementor-widget elementor-widget-text-editor\" data-id=\"7aefe4b4\" data-element_type=\"widget\" data-e-type=\"widget\" data-widget_type=\"text-editor.default\">\n\t\t\t\t\t\t\t\t\t<p>Con el objetivo de sortear o al menos administrar m\u00e1s eficazmente el condicionamiento externo impuesto por los elevados y prematuros vencimientos de la deuda externa heredada, el Gobierno nacional transform\u00f3 en uno de los ejes primordiales de su gesti\u00f3n la negociaci\u00f3n con tenedores privados y el Fondo Monetario Internacional (FMI).<\/p><p>El acuerdo con los tenedores privados se concret\u00f3 en agosto de 2020 y cont\u00f3 con un fuerte apoyo de la opini\u00f3n p\u00fablica, principalmente por el ahorro de U$S 35.000 millones hasta 2024 que acarrear\u00eda para Argentina.<\/p><p>Por su parte, luego de prolongadas negociaciones y en v\u00edsperas de un nuevo vencimiento que posicionaba al pa\u00eds al borde del default, el pasado 28 de enero finalmente se anunci\u00f3 un principio de acuerdo con el FMI.<\/p><p>Con la intenci\u00f3n de despejar el corto plazo de vencimientos, acumular reservas y potenciar la econom\u00eda, el Fondo desembolsar\u00eda una cantidad id\u00e9ntica a la prestada durante la gesti\u00f3n de Cambiemos. A pesar de contar con condicionalidades generales y progresivas tanto en t\u00e9rminos fiscales como monetarios, el Gobierno argentino lo anunci\u00f3 como benigno y fruto de una negociaci\u00f3n donde se tuvieron en cuenta los intereses argentinos.<\/p><p>Este parecer no fue muy compartido, ni siquiera entre los propios. Luego de ese entendimiento, el mism\u00edsimo M\u00e1ximo Kirchner renunci\u00f3 a la presidencia de la bancada oficialista en la C\u00e1mara de Diputados.<\/p><p>En este marco de aguas turbias, donde hacia el interior de las principales fuerzas pol\u00edticas se aprecian m\u00e1s dudas que certezas, salvando las diferencias de contexto decidimos preguntarles a los cordobeses acerca de las posibles implicancias del acuerdo alcanzado y el principal responsable de la situaci\u00f3n econ\u00f3mica actual.<\/p><p>A su vez, comparamos los datos actuales con los obtenidos en julio de 2018 para conocer qu\u00e9 opinaban los cordobeses respecto del acuerdo que por ese momento rubricaba el expresidente Mauricio Macri con el FMI y, de esa forma, obtener una visi\u00f3n transversal de la relaci\u00f3n de los cordobeses con el Fondo.<\/p><p>Con respecto a las posibles implicancias, el 33% de los encuestados respondi\u00f3 que este acuerdo empeorar\u00eda el estado de la econom\u00eda, un 31% que la econom\u00eda argentina seguir\u00eda igual y s\u00f3lo un 14% consider\u00f3 que ser\u00eda una respuesta que le permitir\u00eda al pa\u00eds dejar atr\u00e1s la crisis y mejorar su econom\u00eda.<\/p><p><a href=\"https:\/\/delfoscba.com.ar\/\/dev\/\/wp-content\/uploads\/2022\/02\/1-3.png\"><img fetchpriority=\"high\" decoding=\"async\" class=\"aligncenter wp-image-12414 size-large\" src=\"https:\/\/delfoscba.com.ar\/\/dev\/\/wp-content\/uploads\/2022\/02\/1-3-1024x900.png\" alt=\"\" width=\"1024\" height=\"900\" srcset=\"https:\/\/delfoscba.com.ar\/dev\/wp-content\/uploads\/2022\/02\/1-3-1024x900.png 1024w, https:\/\/delfoscba.com.ar\/dev\/wp-content\/uploads\/2022\/02\/1-3-300x264.png 300w, https:\/\/delfoscba.com.ar\/dev\/wp-content\/uploads\/2022\/02\/1-3-768x675.png 768w, https:\/\/delfoscba.com.ar\/dev\/wp-content\/uploads\/2022\/02\/1-3-1080x949.png 1080w, https:\/\/delfoscba.com.ar\/dev\/wp-content\/uploads\/2022\/02\/1-3.png 1405w\" sizes=\"(max-width: 1024px) 100vw, 1024px\" \/><\/a><\/p><p>Las mermadas esperanzas que despierta el acuerdo entre los cordobeses son similares a las de 2018, cuando esa respuesta obtuvo un peso de 18%. Lo que ha disminuido sensiblemente fue la idea de que este acuerdo empeorar\u00eda el estado de la econom\u00eda: en 2018, el 50% de los cordobeses se recostaba sobre esta opci\u00f3n.<\/p><p>Por otro lado, al preguntar por los responsables de la actual situaci\u00f3n econ\u00f3mica se afianza la opci\u00f3n por la responsabilidad compartida (en 2018 entre Cristina Fern\u00e1ndez y Macri, en la actualidad entre Macri y Alberto Fern\u00e1ndez) y se diluyen las responsabilidades individuales.<\/p><p><img decoding=\"async\" class=\"aligncenter wp-image-12415 size-large\" src=\"https:\/\/delfoscba.com.ar\/\/dev\/\/wp-content\/uploads\/2022\/02\/2-3-1024x896.png\" alt=\"\" width=\"1024\" height=\"896\" srcset=\"https:\/\/delfoscba.com.ar\/dev\/wp-content\/uploads\/2022\/02\/2-3-1024x896.png 1024w, https:\/\/delfoscba.com.ar\/dev\/wp-content\/uploads\/2022\/02\/2-3-300x262.png 300w, https:\/\/delfoscba.com.ar\/dev\/wp-content\/uploads\/2022\/02\/2-3-768x672.png 768w, https:\/\/delfoscba.com.ar\/dev\/wp-content\/uploads\/2022\/02\/2-3-1080x945.png 1080w, https:\/\/delfoscba.com.ar\/dev\/wp-content\/uploads\/2022\/02\/2-3.png 1412w\" sizes=\"(max-width: 1024px) 100vw, 1024px\" \/><\/p><p>En 2018 la opci\u00f3n compartida hab\u00eda obtenido un 41% y en la encuesta actual obtuvo un 42%. Las responsabilidades individuales de Cristina Fern\u00e1ndez y Mauricio Macri se diluyen en pos de una atribuci\u00f3n incipiente a Alberto Fern\u00e1ndez y al desconocimiento (Ns\/Nc), opci\u00f3n que representa la opini\u00f3n de m\u00e1s del 20% de los cordobeses.<\/p><p>En conclusi\u00f3n, la fat\u00eddica historia de la relaci\u00f3n argentina con el FMI se expresa concluyentemente en las respuestas brindadas por los cordobeses. M\u00e1s all\u00e1 del color pol\u00edtico del gobierno de turno, los electores de nuestra provincia no aprecian con buenos ojos un acuerdo con el FMI.<\/p><p>Asimismo, tanto en la actual idea preponderante de que este acuerdo no va a cambiar nada como en la que afirma que la responsabilidad es compartida por las \u00faltimas gestiones, se aprecia un pase de factura a toda la clase pol\u00edtica y una atribuci\u00f3n de la actual situaci\u00f3n econ\u00f3mica a problemas que van m\u00e1s all\u00e1 de la deuda externa.<\/p>\t\t\t\t\t\t\t\t<\/div>\n\t\t\t\t\t<\/div>\n\t\t<\/div>\n\t\t\t\t\t<\/div>\n\t\t<\/section>\n\t\t\t\t<section class=\"elementor-section elementor-top-section elementor-element elementor-element-b28ac47 elementor-section-height-min-height elementor-section-boxed elementor-section-height-default elementor-section-items-middle\" data-id=\"b28ac47\" data-element_type=\"section\" data-e-type=\"section\" data-settings=\"{&quot;background_background&quot;:&quot;classic&quot;}\">\n\t\t\t\t\t\t\t<div class=\"elementor-background-overlay\"><\/div>\n\t\t\t\t\t\t\t<div class=\"elementor-container elementor-column-gap-default\">\n\t\t\t\t\t<div class=\"elementor-column elementor-col-100 elementor-top-column elementor-element elementor-element-88fba06\" data-id=\"88fba06\" data-element_type=\"column\" data-e-type=\"column\">\n\t\t\t<div class=\"elementor-widget-wrap elementor-element-populated\">\n\t\t\t\t\t\t<div class=\"elementor-element elementor-element-7e65226 elementor-widget elementor-widget-heading\" data-id=\"7e65226\" data-element_type=\"widget\" data-e-type=\"widget\" data-widget_type=\"heading.default\">\n\t\t\t\t\t<h2 class=\"elementor-heading-title elementor-size-large\">Seguinos en nuestras redes<\/h2>\t\t\t\t<\/div>\n\t\t\t\t<div class=\"elementor-element elementor-element-c37b7ef elementor-shape-circle e-grid-align-tablet-center e-grid-align-mobile-center e-grid-align-left elementor-grid-0 elementor-widget elementor-widget-social-icons\" data-id=\"c37b7ef\" data-element_type=\"widget\" data-e-type=\"widget\" data-widget_type=\"social-icons.default\">\n\t\t\t\t\t\t\t<div class=\"elementor-social-icons-wrapper elementor-grid\" role=\"list\">\n\t\t\t\t\t\t\t<span class=\"elementor-grid-item\" role=\"listitem\">\n\t\t\t\t\t<a class=\"elementor-icon elementor-social-icon elementor-social-icon-facebook-f elementor-repeater-item-lf5yt4c\" href=\"https:\/\/www.facebook.com\/ConsultoraDelfos\" target=\"_blank\">\n\t\t\t\t\t\t<span class=\"elementor-screen-only\">Facebook-f<\/span>\n\t\t\t\t\t\t<i aria-hidden=\"true\" class=\"fab fa-facebook-f\"><\/i>\t\t\t\t\t<\/a>\n\t\t\t\t<\/span>\n\t\t\t\t\t\t\t<span class=\"elementor-grid-item\" role=\"listitem\">\n\t\t\t\t\t<a class=\"elementor-icon elementor-social-icon elementor-social-icon-twitter elementor-repeater-item-01xie82\" href=\"https:\/\/twitter.com\/delfoscba\" target=\"_blank\">\n\t\t\t\t\t\t<span class=\"elementor-screen-only\">Twitter<\/span>\n\t\t\t\t\t\t<i aria-hidden=\"true\" class=\"fab fa-twitter\"><\/i>\t\t\t\t\t<\/a>\n\t\t\t\t<\/span>\n\t\t\t\t\t\t\t<span class=\"elementor-grid-item\" role=\"listitem\">\n\t\t\t\t\t<a class=\"elementor-icon elementor-social-icon elementor-social-icon-linkedin elementor-repeater-item-grhvqhn\" target=\"_blank\">\n\t\t\t\t\t\t<span class=\"elementor-screen-only\">Linkedin<\/span>\n\t\t\t\t\t\t<i aria-hidden=\"true\" class=\"fab fa-linkedin\"><\/i>\t\t\t\t\t<\/a>\n\t\t\t\t<\/span>\n\t\t\t\t\t<\/div>\n\t\t\t\t\t\t<\/div>\n\t\t\t\t\t<\/div>\n\t\t<\/div>\n\t\t\t\t\t<\/div>\n\t\t<\/section>\n\t\t\t\t<\/div>\n\t\t","protected":false},"excerpt":{"rendered":"<p>Exploramos la relaci\u00f3n de los cordobeses con el FMI, las implicancias del acuerdo y las responsabilidades por la situaci\u00f3n econ\u00f3mica.<\/p>\n","protected":false},"author":1,"featured_media":12395,"comment_status":"open","ping_status":"open","sticky":false,"template":"","format":"standard","meta":{"_acf_changed":false,"footnotes":""},"categories":[464],"tags":[471,447,39,40,38,45,248,128,513,343,524,34,354,140,188,287,289,396,525,523],"class_list":["post-12391","post","type-post","status-publish","format-standard","has-post-thumbnail","hentry","category-internacional","tag-471","tag-alberto-fernandez","tag-argentina","tag-consultora","tag-cordoba","tag-crisis","tag-cristina-fernandez-de-kirchner","tag-delfos","tag-dinero","tag-fmi","tag-implicancias","tag-jose-gangi","tag-juntos-por-el-cambio","tag-macri","tag-opinion-publica","tag-peronismo","tag-pro","tag-radicales","tag-responsabilidades","tag-situacion-economica","et-has-post-format-content","et_post_format-et-post-format-standard"],"acf":[],"_links":{"self":[{"href":"https:\/\/delfoscba.com.ar\/dev\/wp-json\/wp\/v2\/posts\/12391","targetHints":{"allow":["GET"]}}],"collection":[{"href":"https:\/\/delfoscba.com.ar\/dev\/wp-json\/wp\/v2\/posts"}],"about":[{"href":"https:\/\/delfoscba.com.ar\/dev\/wp-json\/wp\/v2\/types\/post"}],"author":[{"embeddable":true,"href":"https:\/\/delfoscba.com.ar\/dev\/wp-json\/wp\/v2\/users\/1"}],"replies":[{"embeddable":true,"href":"https:\/\/delfoscba.com.ar\/dev\/wp-json\/wp\/v2\/comments?post=12391"}],"version-history":[{"count":7,"href":"https:\/\/delfoscba.com.ar\/dev\/wp-json\/wp\/v2\/posts\/12391\/revisions"}],"predecessor-version":[{"id":12418,"href":"https:\/\/delfoscba.com.ar\/dev\/wp-json\/wp\/v2\/posts\/12391\/revisions\/12418"}],"wp:featuredmedia":[{"embeddable":true,"href":"https:\/\/delfoscba.com.ar\/dev\/wp-json\/wp\/v2\/media\/12395"}],"wp:attachment":[{"href":"https:\/\/delfoscba.com.ar\/dev\/wp-json\/wp\/v2\/media?parent=12391"}],"wp:term":[{"taxonomy":"category","embeddable":true,"href":"https:\/\/delfoscba.com.ar\/dev\/wp-json\/wp\/v2\/categories?post=12391"},{"taxonomy":"post_tag","embeddable":true,"href":"https:\/\/delfoscba.com.ar\/dev\/wp-json\/wp\/v2\/tags?post=12391"}],"curies":[{"name":"wp","href":"https:\/\/api.w.org\/{rel}","templated":true}]}}