{"id":12401,"date":"2022-02-22T21:45:25","date_gmt":"2022-02-22T21:45:25","guid":{"rendered":"https:\/\/delfoscba.com.ar\/\/dev\/\/?p=12401"},"modified":"2022-02-22T21:49:16","modified_gmt":"2022-02-22T21:49:16","slug":"la-carrera-hacia-la-eleccion-2023-en-las-ultimas-encuestas","status":"publish","type":"post","link":"https:\/\/delfoscba.com.ar\/dev\/politica\/la-carrera-hacia-la-eleccion-2023-en-las-ultimas-encuestas\/","title":{"rendered":"La carrera hacia la elecci\u00f3n 2023 en las \u00faltimas encuestas"},"content":{"rendered":"\t\t<div data-elementor-type=\"wp-post\" data-elementor-id=\"12401\" class=\"elementor elementor-12401\" data-elementor-post-type=\"post\">\n\t\t\t\t\t\t<section class=\"elementor-section elementor-top-section elementor-element elementor-element-41498b4 elementor-section-height-min-height elementor-section-boxed elementor-section-height-default elementor-section-items-middle\" data-id=\"41498b4\" data-element_type=\"section\" data-e-type=\"section\" data-settings=\"{&quot;background_background&quot;:&quot;classic&quot;}\">\n\t\t\t\t\t\t\t<div class=\"elementor-background-overlay\"><\/div>\n\t\t\t\t\t\t\t<div class=\"elementor-container elementor-column-gap-no\">\n\t\t\t\t\t<div class=\"elementor-column elementor-col-100 elementor-top-column elementor-element elementor-element-a18ac89\" data-id=\"a18ac89\" data-element_type=\"column\" data-e-type=\"column\">\n\t\t\t<div class=\"elementor-widget-wrap elementor-element-populated\">\n\t\t\t\t\t\t<div class=\"elementor-element elementor-element-e493600 elementor-widget elementor-widget-heading\" data-id=\"e493600\" data-element_type=\"widget\" data-e-type=\"widget\" data-widget_type=\"heading.default\">\n\t\t\t\t\t<h2 class=\"elementor-heading-title elementor-size-large\">POL\u00cdTICA<\/h2>\t\t\t\t<\/div>\n\t\t\t\t\t<\/div>\n\t\t<\/div>\n\t\t\t\t\t<\/div>\n\t\t<\/section>\n\t\t\t\t<section class=\"elementor-section elementor-top-section elementor-element elementor-element-7dafb6e4 elementor-section-boxed elementor-section-height-default elementor-section-height-default\" data-id=\"7dafb6e4\" data-element_type=\"section\" data-e-type=\"section\">\n\t\t\t\t\t\t<div class=\"elementor-container elementor-column-gap-default\">\n\t\t\t\t\t<div class=\"elementor-column elementor-col-100 elementor-top-column elementor-element elementor-element-38ae5a14\" data-id=\"38ae5a14\" data-element_type=\"column\" data-e-type=\"column\">\n\t\t\t<div class=\"elementor-widget-wrap elementor-element-populated\">\n\t\t\t\t\t\t<div class=\"elementor-element elementor-element-f8a3207 elementor-widget elementor-widget-author-box\" data-id=\"f8a3207\" data-element_type=\"widget\" data-e-type=\"widget\" data-widget_type=\"author-box.default\">\n\t\t\t\t\t\t\t<div class=\"elementor-author-box\">\n\t\t\t\t\t\t\t<a href=\"https:\/\/delfoscba.com.ar\/\/dev\/\/nosotros\/\" class=\"elementor-author-box__avatar\">\n\t\t\t\t\t<img decoding=\"async\" src=\"https:\/\/delfoscba.com.ar\/dev\/wp-content\/uploads\/2021\/02\/norman-250x250-1.jpg\" alt=\"Picture of Norman Berra\" loading=\"lazy\">\n\t\t\t\t<\/a>\n\t\t\t\n\t\t\t<div class=\"elementor-author-box__text\">\n\t\t\t\t\t\t\t\t\t<a href=\"https:\/\/delfoscba.com.ar\/\/dev\/\/nosotros\/\">\n\t\t\t\t\t\t<h4 class=\"elementor-author-box__name\">\n\t\t\t\t\t\t\tNorman Berra\t\t\t\t\t\t<\/h4>\n\t\t\t\t\t<\/a>\n\t\t\t\t\n\t\t\t\t\t\t\t\t\t<div class=\"elementor-author-box__bio\">\n\t\t\t\t\t\t<p>L\u00edder de proyectos<\/p>\n\t\t\t\t\t<\/div>\n\t\t\t\t\n\t\t\t\t\t\t\t<\/div>\n\t\t<\/div>\n\t\t\t\t\t\t<\/div>\n\t\t\t\t<div class=\"elementor-element elementor-element-7aefe4b4 elementor-widget elementor-widget-text-editor\" data-id=\"7aefe4b4\" data-element_type=\"widget\" data-e-type=\"widget\" data-widget_type=\"text-editor.default\">\n\t\t\t\t\t\t\t\t\t<p><a href=\"https:\/\/delfoscba.com.ar\/\/dev\/\/wp-content\/uploads\/2022\/02\/1-3.jpg\"><img fetchpriority=\"high\" decoding=\"async\" class=\"aligncenter wp-image-12402 size-large\" src=\"https:\/\/delfoscba.com.ar\/\/dev\/\/wp-content\/uploads\/2022\/02\/1-3-1024x537.jpg\" alt=\"\" width=\"1024\" height=\"537\" srcset=\"https:\/\/delfoscba.com.ar\/dev\/wp-content\/uploads\/2022\/02\/1-3-1024x537.jpg 1024w, https:\/\/delfoscba.com.ar\/dev\/wp-content\/uploads\/2022\/02\/1-3-300x157.jpg 300w, https:\/\/delfoscba.com.ar\/dev\/wp-content\/uploads\/2022\/02\/1-3-768x403.jpg 768w, https:\/\/delfoscba.com.ar\/dev\/wp-content\/uploads\/2022\/02\/1-3-1080x566.jpg 1080w, https:\/\/delfoscba.com.ar\/dev\/wp-content\/uploads\/2022\/02\/1-3.jpg 1150w\" sizes=\"(max-width: 1024px) 100vw, 1024px\" \/><\/a><\/p><p>En las elecciones de medio t\u00e9rmino de noviembre pasado, Juntos por el Cambio (JXC) sum\u00f3 con aliados 42% de los votos a nivel nacional, en tanto que el Frente de Todos (FDT) con aliados alcanz\u00f3 34,5%. As\u00ed, la principal fuerza opositora le sac\u00f3 una ventaja de 7,5 puntos porcentuales al oficialismo, revirtiendo el resultado de las presidenciales de 2019, en las cuales el FDT le hab\u00eda sacado a JXC 7,96 pp (48,24% vs 40,28%). Si hacemos un repaso de las \u00faltimas encuestas nacionales que miden escenarios hacia el turno presidencial 2023, la brecha a favor de la oposici\u00f3n se diluye o tiende a desaparecer. Seg\u00fan la medici\u00f3n realizada por el consultor Cristian Solmoirago, la ventaja se reduce a 6,1 pp, con JXC en 34,3% y el FDT en 28,2%; mientras ambos retroceden respecto a sus guarismos de 2019 y 2021, los libertarios trepan a 11,1%, en tanto que el FIT ronda el 2% y casi 6% se inclina por otros varios (gr\u00e1fico arriba). \u00a0<\/p><p><a href=\"https:\/\/delfoscba.com.ar\/\/dev\/\/wp-content\/uploads\/2022\/02\/2-3.jpg\"><img decoding=\"async\" class=\"aligncenter wp-image-12403 size-large\" src=\"https:\/\/delfoscba.com.ar\/\/dev\/\/wp-content\/uploads\/2022\/02\/2-3-1024x529.jpg\" alt=\"\" width=\"1024\" height=\"529\" srcset=\"https:\/\/delfoscba.com.ar\/dev\/wp-content\/uploads\/2022\/02\/2-3-1024x529.jpg 1024w, https:\/\/delfoscba.com.ar\/dev\/wp-content\/uploads\/2022\/02\/2-3-300x155.jpg 300w, https:\/\/delfoscba.com.ar\/dev\/wp-content\/uploads\/2022\/02\/2-3-768x397.jpg 768w, https:\/\/delfoscba.com.ar\/dev\/wp-content\/uploads\/2022\/02\/2-3-1080x558.jpg 1080w, https:\/\/delfoscba.com.ar\/dev\/wp-content\/uploads\/2022\/02\/2-3-1280x663.jpg 1280w, https:\/\/delfoscba.com.ar\/dev\/wp-content\/uploads\/2022\/02\/2-3.jpg 1283w\" sizes=\"(max-width: 1024px) 100vw, 1024px\" \/><\/a><\/p><p>En tanto, seg\u00fan la \u00faltima encuesta de consultora Opinaia se registra un empate con 32% para el FDT y JXC, mientras que los libertarios trepan al 17%, el FIT (con Nicol\u00e1s del Ca\u00f1o) alcanza 4% y el peronismo por fuera del FDT (con Juan Schiaretti) llega al 3%, con 12% de indecisos. En el oficialismo, la vicepresidenta CFK le saca una m\u00ednima ventaja de 2 pp (estad\u00edsticamente no significativa) al actual presidente Alberto Fern\u00e1ndez, mientras que dentro de la principal fuerza opositora Horacio Rodr\u00edguez Larreta empata con el expresidente Mauricio Macri (ambos con 9%); los siguen de cerca Mar\u00eda E. Vidal y Patricia Bullrich (6% y 5%, respectivamente). Dentro de los libertarios, Javier Milei (14%) se despega de Jos\u00e9 Espert (3%) por 11 pp (gr\u00e1fico arriba).\u00a0 \u00a0<\/p><p><a href=\"https:\/\/delfoscba.com.ar\/\/dev\/\/wp-content\/uploads\/2022\/02\/3-3.jpg\"><img decoding=\"async\" class=\"aligncenter wp-image-12404 size-full\" src=\"https:\/\/delfoscba.com.ar\/\/dev\/\/wp-content\/uploads\/2022\/02\/3-3.jpg\" alt=\"\" width=\"900\" height=\"505\" srcset=\"https:\/\/delfoscba.com.ar\/dev\/wp-content\/uploads\/2022\/02\/3-3.jpg 900w, https:\/\/delfoscba.com.ar\/dev\/wp-content\/uploads\/2022\/02\/3-3-300x168.jpg 300w, https:\/\/delfoscba.com.ar\/dev\/wp-content\/uploads\/2022\/02\/3-3-768x431.jpg 768w\" sizes=\"(max-width: 900px) 100vw, 900px\" \/><\/a><\/p><p>Con alg\u00fan matiz, la encuesta conjunta m\u00e1s reciente de las consultoras GOP y Trespuntozero mide presidente deseado m\u00e1s que opini\u00f3n electoral (un proxy de intenci\u00f3n de voto, dado el tiempo que falta para el turno presidencial 2023). Vuelve a aparecer un empate t\u00e9cnico, con JXC en 26,5% vs 25,8% del FDT, una brecha de 0,7 pp estad\u00edsticamente no significativa. Los libertarios cruzan nuevamente el umbral del 10% y Milei le saca una brecha de casi 9 pp a Espert (gr\u00e1fico arriba).<\/p><p><a href=\"https:\/\/delfoscba.com.ar\/\/dev\/\/wp-content\/uploads\/2022\/02\/4-3.jpg\"><img loading=\"lazy\" decoding=\"async\" class=\"aligncenter wp-image-12405 size-full\" src=\"https:\/\/delfoscba.com.ar\/\/dev\/\/wp-content\/uploads\/2022\/02\/4-3.jpg\" alt=\"\" width=\"680\" height=\"415\" srcset=\"https:\/\/delfoscba.com.ar\/dev\/wp-content\/uploads\/2022\/02\/4-3.jpg 680w, https:\/\/delfoscba.com.ar\/dev\/wp-content\/uploads\/2022\/02\/4-3-300x183.jpg 300w\" sizes=\"(max-width: 680px) 100vw, 680px\" \/><\/a><\/p><p>As\u00ed, del an\u00e1lisis de estos tres estudios surge que si la elecci\u00f3n presidencial fuera ahora ser\u00eda necesario un ballotage. El estudio de GOP-Trespuntozero ensaya varias aproximaciones dentro de esa hip\u00f3tesis. En el escenario Bullrich-Fern\u00e1ndez, JXC le saca al FDT una ventaja de 6,8 pp, lo que deja abierto el resultado, dado que un 33% no se define por ninguno de los dos (gr\u00e1fico arriba).<\/p><p><a href=\"https:\/\/delfoscba.com.ar\/\/dev\/\/wp-content\/uploads\/2022\/02\/5-3.jpg\"><img loading=\"lazy\" decoding=\"async\" class=\"aligncenter wp-image-12406 size-full\" src=\"https:\/\/delfoscba.com.ar\/\/dev\/\/wp-content\/uploads\/2022\/02\/5-3.jpg\" alt=\"\" width=\"662\" height=\"424\" srcset=\"https:\/\/delfoscba.com.ar\/dev\/wp-content\/uploads\/2022\/02\/5-3.jpg 662w, https:\/\/delfoscba.com.ar\/dev\/wp-content\/uploads\/2022\/02\/5-3-300x192.jpg 300w\" sizes=\"(max-width: 662px) 100vw, 662px\" \/><\/a><\/p><p>En el escenario Rodr\u00edguez Larreta-Fern\u00e1ndez la brecha se achica a 2,6 pp, quedando nuevamente sin resolver la disputa con 34,2% que no se decanta por ninguno de los dos (gr\u00e1fico arriba). Con CFK en la cancha, la brecha se achica a 5,9 pp vs Bullrich (gr\u00e1fico abajo). As\u00ed, la vicepresidenta hace una elecci\u00f3n apenas mejor que la del presidente en ese escenario, por una diferencia estad\u00edsticamente no significativa (recorta la ventaja de JXC en 0,9 pp), en tanto que quienes no se definen por ninguno de los dos descienden al 29,1%.<\/p><p><a href=\"https:\/\/delfoscba.com.ar\/\/dev\/\/wp-content\/uploads\/2022\/02\/6-2.jpg\"><img loading=\"lazy\" decoding=\"async\" class=\"aligncenter wp-image-12407 size-full\" src=\"https:\/\/delfoscba.com.ar\/\/dev\/\/wp-content\/uploads\/2022\/02\/6-2.jpg\" alt=\"\" width=\"685\" height=\"428\" srcset=\"https:\/\/delfoscba.com.ar\/dev\/wp-content\/uploads\/2022\/02\/6-2.jpg 685w, https:\/\/delfoscba.com.ar\/dev\/wp-content\/uploads\/2022\/02\/6-2-300x187.jpg 300w, https:\/\/delfoscba.com.ar\/dev\/wp-content\/uploads\/2022\/02\/6-2-400x250.jpg 400w\" sizes=\"(max-width: 685px) 100vw, 685px\" \/><\/a><\/p><p>Finalmente, compitiendo CFK contra el actual jefe de gobierno de la Ciudad Aut\u00f3noma de Buenos Aires (CABA) la brecha es de 5,3 pp, con JXC en 37,1% y el FDT en casi 32%. En este caso, 31,1% no se define por ninguno de los dos (gr\u00e1fico abajo).<\/p><p><a href=\"https:\/\/delfoscba.com.ar\/\/dev\/\/wp-content\/uploads\/2022\/02\/7-1.jpg\"><img loading=\"lazy\" decoding=\"async\" class=\"aligncenter wp-image-12408 size-full\" src=\"https:\/\/delfoscba.com.ar\/\/dev\/\/wp-content\/uploads\/2022\/02\/7-1.jpg\" alt=\"\" width=\"666\" height=\"435\" srcset=\"https:\/\/delfoscba.com.ar\/dev\/wp-content\/uploads\/2022\/02\/7-1.jpg 666w, https:\/\/delfoscba.com.ar\/dev\/wp-content\/uploads\/2022\/02\/7-1-300x196.jpg 300w\" sizes=\"(max-width: 666px) 100vw, 666px\" \/><\/a><\/p><p>En s\u00edntesis, el an\u00e1lisis de las \u00faltimas encuestas nacionales arroja que la coalici\u00f3n opositora perdi\u00f3 la ventaja obtenida en noviembre de 2021; aun as\u00ed, est\u00e1 mejor que en octubre de 2019, pues logra de m\u00ednima un empate t\u00e9cnico con el oficialismo, o de m\u00e1xima una ventaja en torno a los 6 pp. De todos modos, esa brecha resultar\u00eda insuficiente para ganar la presidencia si hoy hubiera elecciones, lo cual abre la hip\u00f3tesis de un ballotage cuyo desenlace hoy se torna imprevisible, dada la principal novedad pol\u00edtica respecto a la elecci\u00f3n resuelta en primera ronda en 2019 y en segunda en 2015: la irrupci\u00f3n del voto libertario.<\/p>\t\t\t\t\t\t\t\t<\/div>\n\t\t\t\t\t<\/div>\n\t\t<\/div>\n\t\t\t\t\t<\/div>\n\t\t<\/section>\n\t\t\t\t<section class=\"elementor-section elementor-top-section elementor-element elementor-element-b28ac47 elementor-section-height-min-height elementor-section-boxed elementor-section-height-default elementor-section-items-middle\" data-id=\"b28ac47\" data-element_type=\"section\" data-e-type=\"section\" data-settings=\"{&quot;background_background&quot;:&quot;classic&quot;}\">\n\t\t\t\t\t\t\t<div class=\"elementor-background-overlay\"><\/div>\n\t\t\t\t\t\t\t<div class=\"elementor-container elementor-column-gap-default\">\n\t\t\t\t\t<div class=\"elementor-column elementor-col-100 elementor-top-column elementor-element elementor-element-88fba06\" data-id=\"88fba06\" data-element_type=\"column\" data-e-type=\"column\">\n\t\t\t<div class=\"elementor-widget-wrap elementor-element-populated\">\n\t\t\t\t\t\t<div class=\"elementor-element elementor-element-7e65226 elementor-widget elementor-widget-heading\" data-id=\"7e65226\" data-element_type=\"widget\" data-e-type=\"widget\" data-widget_type=\"heading.default\">\n\t\t\t\t\t<h2 class=\"elementor-heading-title elementor-size-large\">Seguinos en nuestras redes<\/h2>\t\t\t\t<\/div>\n\t\t\t\t<div class=\"elementor-element elementor-element-c37b7ef elementor-shape-circle e-grid-align-tablet-center e-grid-align-mobile-center e-grid-align-left elementor-grid-0 elementor-widget elementor-widget-social-icons\" data-id=\"c37b7ef\" data-element_type=\"widget\" data-e-type=\"widget\" data-widget_type=\"social-icons.default\">\n\t\t\t\t\t\t\t<div class=\"elementor-social-icons-wrapper elementor-grid\" role=\"list\">\n\t\t\t\t\t\t\t<span class=\"elementor-grid-item\" role=\"listitem\">\n\t\t\t\t\t<a class=\"elementor-icon elementor-social-icon elementor-social-icon-facebook-f elementor-repeater-item-lf5yt4c\" href=\"https:\/\/www.facebook.com\/ConsultoraDelfos\" target=\"_blank\">\n\t\t\t\t\t\t<span class=\"elementor-screen-only\">Facebook-f<\/span>\n\t\t\t\t\t\t<i aria-hidden=\"true\" class=\"fab fa-facebook-f\"><\/i>\t\t\t\t\t<\/a>\n\t\t\t\t<\/span>\n\t\t\t\t\t\t\t<span class=\"elementor-grid-item\" role=\"listitem\">\n\t\t\t\t\t<a class=\"elementor-icon elementor-social-icon elementor-social-icon-twitter elementor-repeater-item-01xie82\" href=\"https:\/\/twitter.com\/delfoscba\" target=\"_blank\">\n\t\t\t\t\t\t<span class=\"elementor-screen-only\">Twitter<\/span>\n\t\t\t\t\t\t<i aria-hidden=\"true\" class=\"fab fa-twitter\"><\/i>\t\t\t\t\t<\/a>\n\t\t\t\t<\/span>\n\t\t\t\t\t\t\t<span class=\"elementor-grid-item\" role=\"listitem\">\n\t\t\t\t\t<a class=\"elementor-icon elementor-social-icon elementor-social-icon-linkedin elementor-repeater-item-grhvqhn\" target=\"_blank\">\n\t\t\t\t\t\t<span class=\"elementor-screen-only\">Linkedin<\/span>\n\t\t\t\t\t\t<i aria-hidden=\"true\" class=\"fab fa-linkedin\"><\/i>\t\t\t\t\t<\/a>\n\t\t\t\t<\/span>\n\t\t\t\t\t<\/div>\n\t\t\t\t\t\t<\/div>\n\t\t\t\t\t<\/div>\n\t\t<\/div>\n\t\t\t\t\t<\/div>\n\t\t<\/section>\n\t\t\t\t<\/div>\n\t\t","protected":false},"excerpt":{"rendered":"<p>A un a\u00f1o y medio de las pr\u00f3ximas elecciones presidenciales, empezamos a explorar el panorama electoral.<\/p>\n","protected":false},"author":1,"featured_media":12409,"comment_status":"open","ping_status":"open","sticky":false,"template":"","format":"standard","meta":{"_acf_changed":false,"footnotes":""},"categories":[3],"tags":[471,526,447,39,465,40,38,248,128,97,369,354,356,140,57],"class_list":["post-12401","post","type-post","status-publish","format-standard","has-post-thumbnail","hentry","category-politica","tag-471","tag-526","tag-alberto-fernandez","tag-argentina","tag-ballotage","tag-consultora","tag-cordoba","tag-cristina-fernandez-de-kirchner","tag-delfos","tag-elecciones","tag-frente-de-todos","tag-juntos-por-el-cambio","tag-larreta","tag-macri","tag-norman-berra","et-has-post-format-content","et_post_format-et-post-format-standard"],"acf":[],"_links":{"self":[{"href":"https:\/\/delfoscba.com.ar\/dev\/wp-json\/wp\/v2\/posts\/12401","targetHints":{"allow":["GET"]}}],"collection":[{"href":"https:\/\/delfoscba.com.ar\/dev\/wp-json\/wp\/v2\/posts"}],"about":[{"href":"https:\/\/delfoscba.com.ar\/dev\/wp-json\/wp\/v2\/types\/post"}],"author":[{"embeddable":true,"href":"https:\/\/delfoscba.com.ar\/dev\/wp-json\/wp\/v2\/users\/1"}],"replies":[{"embeddable":true,"href":"https:\/\/delfoscba.com.ar\/dev\/wp-json\/wp\/v2\/comments?post=12401"}],"version-history":[{"count":4,"href":"https:\/\/delfoscba.com.ar\/dev\/wp-json\/wp\/v2\/posts\/12401\/revisions"}],"predecessor-version":[{"id":12413,"href":"https:\/\/delfoscba.com.ar\/dev\/wp-json\/wp\/v2\/posts\/12401\/revisions\/12413"}],"wp:featuredmedia":[{"embeddable":true,"href":"https:\/\/delfoscba.com.ar\/dev\/wp-json\/wp\/v2\/media\/12409"}],"wp:attachment":[{"href":"https:\/\/delfoscba.com.ar\/dev\/wp-json\/wp\/v2\/media?parent=12401"}],"wp:term":[{"taxonomy":"category","embeddable":true,"href":"https:\/\/delfoscba.com.ar\/dev\/wp-json\/wp\/v2\/categories?post=12401"},{"taxonomy":"post_tag","embeddable":true,"href":"https:\/\/delfoscba.com.ar\/dev\/wp-json\/wp\/v2\/tags?post=12401"}],"curies":[{"name":"wp","href":"https:\/\/api.w.org\/{rel}","templated":true}]}}