{"id":12521,"date":"2022-03-23T14:39:02","date_gmt":"2022-03-23T14:39:02","guid":{"rendered":"https:\/\/delfoscba.com.ar\/\/dev\/\/?p=12521"},"modified":"2022-03-23T14:39:26","modified_gmt":"2022-03-23T14:39:26","slug":"guerra-contra-la-inflacion-que-dicen-las-ultimas-encuestas","status":"publish","type":"post","link":"https:\/\/delfoscba.com.ar\/dev\/economia\/guerra-contra-la-inflacion-que-dicen-las-ultimas-encuestas\/","title":{"rendered":"\u00abGuerra contra la inflaci\u00f3n\u00bb: qu\u00e9 dicen las \u00faltimas encuestas"},"content":{"rendered":"\t\t<div data-elementor-type=\"wp-post\" data-elementor-id=\"12521\" class=\"elementor elementor-12521\" data-elementor-post-type=\"post\">\n\t\t\t\t\t\t<section class=\"elementor-section elementor-top-section elementor-element elementor-element-41498b4 elementor-section-height-min-height elementor-section-boxed elementor-section-height-default elementor-section-items-middle\" data-id=\"41498b4\" data-element_type=\"section\" data-e-type=\"section\" data-settings=\"{&quot;background_background&quot;:&quot;classic&quot;}\">\n\t\t\t\t\t\t\t<div class=\"elementor-background-overlay\"><\/div>\n\t\t\t\t\t\t\t<div class=\"elementor-container elementor-column-gap-no\">\n\t\t\t\t\t<div class=\"elementor-column elementor-col-100 elementor-top-column elementor-element elementor-element-a18ac89\" data-id=\"a18ac89\" data-element_type=\"column\" data-e-type=\"column\">\n\t\t\t<div class=\"elementor-widget-wrap elementor-element-populated\">\n\t\t\t\t\t\t<div class=\"elementor-element elementor-element-e493600 elementor-widget elementor-widget-heading\" data-id=\"e493600\" data-element_type=\"widget\" data-e-type=\"widget\" data-widget_type=\"heading.default\">\n\t\t\t\t\t<h2 class=\"elementor-heading-title elementor-size-large\">ECONOM\u00cdA<\/h2>\t\t\t\t<\/div>\n\t\t\t\t\t<\/div>\n\t\t<\/div>\n\t\t\t\t\t<\/div>\n\t\t<\/section>\n\t\t\t\t<section class=\"elementor-section elementor-top-section elementor-element elementor-element-7dafb6e4 elementor-section-boxed elementor-section-height-default elementor-section-height-default\" data-id=\"7dafb6e4\" data-element_type=\"section\" data-e-type=\"section\">\n\t\t\t\t\t\t<div class=\"elementor-container elementor-column-gap-default\">\n\t\t\t\t\t<div class=\"elementor-column elementor-col-100 elementor-top-column elementor-element elementor-element-38ae5a14\" data-id=\"38ae5a14\" data-element_type=\"column\" data-e-type=\"column\">\n\t\t\t<div class=\"elementor-widget-wrap elementor-element-populated\">\n\t\t\t\t\t\t<div class=\"elementor-element elementor-element-f8a3207 elementor-widget elementor-widget-author-box\" data-id=\"f8a3207\" data-element_type=\"widget\" data-e-type=\"widget\" data-widget_type=\"author-box.default\">\n\t\t\t\t\t\t\t<div class=\"elementor-author-box\">\n\t\t\t\t\t\t\t<a href=\"https:\/\/delfoscba.com.ar\/\/dev\/\/nosotros\/\" class=\"elementor-author-box__avatar\">\n\t\t\t\t\t<img decoding=\"async\" src=\"https:\/\/delfoscba.com.ar\/dev\/wp-content\/uploads\/2021\/02\/norman-250x250-1.jpg\" alt=\"Picture of Norman Berra\" loading=\"lazy\">\n\t\t\t\t<\/a>\n\t\t\t\n\t\t\t<div class=\"elementor-author-box__text\">\n\t\t\t\t\t\t\t\t\t<a href=\"https:\/\/delfoscba.com.ar\/\/dev\/\/nosotros\/\">\n\t\t\t\t\t\t<h4 class=\"elementor-author-box__name\">\n\t\t\t\t\t\t\tNorman Berra\t\t\t\t\t\t<\/h4>\n\t\t\t\t\t<\/a>\n\t\t\t\t\n\t\t\t\t\t\t\t\t\t<div class=\"elementor-author-box__bio\">\n\t\t\t\t\t\t<p>L\u00edder de proyectos<\/p>\n\t\t\t\t\t<\/div>\n\t\t\t\t\n\t\t\t\t\t\t\t<\/div>\n\t\t<\/div>\n\t\t\t\t\t\t<\/div>\n\t\t\t\t<div class=\"elementor-element elementor-element-7aefe4b4 elementor-widget elementor-widget-text-editor\" data-id=\"7aefe4b4\" data-element_type=\"widget\" data-e-type=\"widget\" data-widget_type=\"text-editor.default\">\n\t\t\t\t\t\t\t\t\t<p><a href=\"https:\/\/delfoscba.com.ar\/\/dev\/\/wp-content\/uploads\/2022\/03\/1-3.jpg\"><img fetchpriority=\"high\" decoding=\"async\" class=\"aligncenter wp-image-12522 size-full\" src=\"https:\/\/delfoscba.com.ar\/\/dev\/\/wp-content\/uploads\/2022\/03\/1-3.jpg\" alt=\"\" width=\"796\" height=\"575\" srcset=\"https:\/\/delfoscba.com.ar\/dev\/wp-content\/uploads\/2022\/03\/1-3.jpg 796w, https:\/\/delfoscba.com.ar\/dev\/wp-content\/uploads\/2022\/03\/1-3-300x217.jpg 300w, https:\/\/delfoscba.com.ar\/dev\/wp-content\/uploads\/2022\/03\/1-3-768x555.jpg 768w\" sizes=\"(max-width: 796px) 100vw, 796px\" \/><\/a><\/p><p>A casi dos a\u00f1os de aquel 19 de marzo en el que Alberto Fern\u00e1ndez anunci\u00f3 el comienzo del aislamiento social, preventivo y obligatorio (ASPO) contra el Covid-19, la semana pasada el presidente anunci\u00f3 el comienzo de una \u201cguerra contra la inflaci\u00f3n\u201d como parte de una potencial agenda pos pandemia. Sin dudas, el aumento sistem\u00e1tico de precios es uno de los principales problemas de la econom\u00eda argentina; como puede apreciarse en el gr\u00e1fico de arriba, luego de la crisis de 2002 s\u00f3lo durante dos a\u00f1os de la gesti\u00f3n de N\u00e9stor Kirchner (2003-2004) la inflaci\u00f3n anual estuvo por debajo del 10%; desde 2005 super\u00f3 los dos d\u00edgitos, y a lo largo de los dos mandatos de Cristina Fern\u00e1ndez de Kirchner (2007-2015) oscil\u00f3 entre pisos del 15% (2009) y techos apenas por debajo del 40% (2014), con un promedio entre el 25% y el 30%. Aun peor fue el desempe\u00f1o de Mauricio Macri (2015-2019), con un registro piso en torno al 25% (2017) y un techo de casi 55% (2019). En el primer bienio de Alberto Fern\u00e1ndez, pandemia mediante, la inflaci\u00f3n rond\u00f3 el 35% en 2020 y cerr\u00f3 en casi 51% en 2021, lo que implica que al menos desde 2018 el pa\u00eds arrastra una inercia inflacionaria que ubica al aumento de precios anual en una franja entre el 35% y el 50%.<\/p><p><a href=\"https:\/\/delfoscba.com.ar\/\/dev\/\/wp-content\/uploads\/2022\/03\/2-3.jpg\"><img decoding=\"async\" class=\"aligncenter wp-image-12523 size-large\" src=\"https:\/\/delfoscba.com.ar\/\/dev\/\/wp-content\/uploads\/2022\/03\/2-3-1024x574.jpg\" alt=\"\" width=\"1024\" height=\"574\" srcset=\"https:\/\/delfoscba.com.ar\/dev\/wp-content\/uploads\/2022\/03\/2-3-1024x574.jpg 1024w, https:\/\/delfoscba.com.ar\/dev\/wp-content\/uploads\/2022\/03\/2-3-300x168.jpg 300w, https:\/\/delfoscba.com.ar\/dev\/wp-content\/uploads\/2022\/03\/2-3-768x430.jpg 768w, https:\/\/delfoscba.com.ar\/dev\/wp-content\/uploads\/2022\/03\/2-3-1080x605.jpg 1080w, https:\/\/delfoscba.com.ar\/dev\/wp-content\/uploads\/2022\/03\/2-3.jpg 1298w\" sizes=\"(max-width: 1024px) 100vw, 1024px\" \/><\/a><\/p><p>En ese marco, no sorprende que la inflaci\u00f3n est\u00e9 al tope de las preocupaciones de la opini\u00f3n p\u00fablica. Seg\u00fan una encuesta reciente de la consultora Synopsis, ocupa casi 49% de las menciones en el electorado general y trepa al 69,4% entre los electores del Frente de Todos (FDT) en 2021 (gr\u00e1fico arriba). Cuando la pregunta acerca de los problemas percibidos no se hace de manera excluyente sino que admite varias respuestas, como sucede en un estudio reciente de la consultora D`Alessio\/IROL, la incidencia de la inflaci\u00f3n roza el 90%, con matices menores entre los electores del FDT (86%) y los de Juntos por el Cambio (JXC, 93%), confirmando que es un problema cuya importancia resulta transversal a la \u201cgrieta\u201d pol\u00edtica (gr\u00e1fica abajo).<\/p><p><a href=\"https:\/\/delfoscba.com.ar\/\/dev\/\/wp-content\/uploads\/2022\/03\/3-3.jpg\"><img decoding=\"async\" class=\"aligncenter wp-image-12524 size-large\" src=\"https:\/\/delfoscba.com.ar\/\/dev\/\/wp-content\/uploads\/2022\/03\/3-3-1024x360.jpg\" alt=\"\" width=\"1024\" height=\"360\" srcset=\"https:\/\/delfoscba.com.ar\/dev\/wp-content\/uploads\/2022\/03\/3-3-1024x360.jpg 1024w, https:\/\/delfoscba.com.ar\/dev\/wp-content\/uploads\/2022\/03\/3-3-300x106.jpg 300w, https:\/\/delfoscba.com.ar\/dev\/wp-content\/uploads\/2022\/03\/3-3-768x270.jpg 768w, https:\/\/delfoscba.com.ar\/dev\/wp-content\/uploads\/2022\/03\/3-3-1080x380.jpg 1080w, https:\/\/delfoscba.com.ar\/dev\/wp-content\/uploads\/2022\/03\/3-3.jpg 1185w\" sizes=\"(max-width: 1024px) 100vw, 1024px\" \/><\/a><\/p><p>A su turno, la \u00faltima encuesta de Clivajes realizada en Ciudad Aut\u00f3noma de Buenos Aires (CABA) y provincia de Buenos Aires (PBA, dos distritos que suman 45% de los electores del pa\u00eds) confirma la prioridad del problema en la agenda social, dado que casi 40% de los votantes de ese conglomerado ubica a la inflaci\u00f3n al tope de las preocupaciones. Sus menciones m\u00e1s que duplican al segundo de la lista (desempleo, con 17,5%) y m\u00e1s que triplican a tercero (pobreza, con casi 16%; gr\u00e1fico abajo).<\/p><p><a href=\"https:\/\/delfoscba.com.ar\/\/dev\/\/wp-content\/uploads\/2022\/03\/4-3.jpg\"><img loading=\"lazy\" decoding=\"async\" class=\"aligncenter wp-image-12525 size-large\" src=\"https:\/\/delfoscba.com.ar\/\/dev\/\/wp-content\/uploads\/2022\/03\/4-3-1024x625.jpg\" alt=\"\" width=\"1024\" height=\"625\" srcset=\"https:\/\/delfoscba.com.ar\/dev\/wp-content\/uploads\/2022\/03\/4-3-1024x625.jpg 1024w, https:\/\/delfoscba.com.ar\/dev\/wp-content\/uploads\/2022\/03\/4-3-300x183.jpg 300w, https:\/\/delfoscba.com.ar\/dev\/wp-content\/uploads\/2022\/03\/4-3-768x469.jpg 768w, https:\/\/delfoscba.com.ar\/dev\/wp-content\/uploads\/2022\/03\/4-3.jpg 1080w\" sizes=\"(max-width: 1024px) 100vw, 1024px\" \/><\/a><\/p><p>Consistente con eso, la \u00faltima encuesta de Consultora Circuitos en PBA tambi\u00e9n ubica al aumento de precios como el problema m\u00e1s mencionado (31,4%), muy por encima de su escolta (corrupci\u00f3n, con casi 22%; gr\u00e1fico abajo).<\/p><p><a href=\"https:\/\/delfoscba.com.ar\/\/dev\/\/wp-content\/uploads\/2022\/03\/5-3.jpg\"><img loading=\"lazy\" decoding=\"async\" class=\"aligncenter wp-image-12526 size-full\" src=\"https:\/\/delfoscba.com.ar\/\/dev\/\/wp-content\/uploads\/2022\/03\/5-3.jpg\" alt=\"\" width=\"720\" height=\"540\" srcset=\"https:\/\/delfoscba.com.ar\/dev\/wp-content\/uploads\/2022\/03\/5-3.jpg 720w, https:\/\/delfoscba.com.ar\/dev\/wp-content\/uploads\/2022\/03\/5-3-300x225.jpg 300w\" sizes=\"(max-width: 720px) 100vw, 720px\" \/><\/a><\/p><p>En este marco, una primera conclusi\u00f3n que deviene evidente es que la frase presidencial coincide con la opini\u00f3n p\u00fablica en t\u00e9rminos de diagn\u00f3stico de problemas prioritarios. Sin embargo, el desaf\u00edo que enfrenta el gobierno es que se le hace cuesta arriba revertir la percepci\u00f3n de una baja eficacia de la estrategia de control de precios, que recibe un acompa\u00f1amiento de apenas 10,1% de los electores, mientras que casi 79% cree que no hay eficacia en esa materia, seg\u00fan el \u00faltimo estudio de Rouvier &amp; Asociados (gr\u00e1fico abajo).<\/p><p><a href=\"https:\/\/delfoscba.com.ar\/\/dev\/\/wp-content\/uploads\/2022\/03\/6-2.jpg\"><img loading=\"lazy\" decoding=\"async\" class=\"aligncenter wp-image-12527 size-full\" src=\"https:\/\/delfoscba.com.ar\/\/dev\/\/wp-content\/uploads\/2022\/03\/6-2.jpg\" alt=\"\" width=\"757\" height=\"568\" srcset=\"https:\/\/delfoscba.com.ar\/dev\/wp-content\/uploads\/2022\/03\/6-2.jpg 757w, https:\/\/delfoscba.com.ar\/dev\/wp-content\/uploads\/2022\/03\/6-2-300x225.jpg 300w\" sizes=\"(max-width: 757px) 100vw, 757px\" \/><\/a><\/p><p>Profundizando en el an\u00e1lisis, el mismo estudio arroja que la expectativa de reducci\u00f3n de la inflaci\u00f3n viene en ca\u00edda desde febrero de 2020, el mes inmediato anterior a la llegada de la pandemia al pa\u00eds y el \u00fanico de la serie hist\u00f3rica con un optimismo cercano al pesimismo. Desde entonces, la confianza en una baja de la inflaci\u00f3n se desplom\u00f3, llegando a un piso del 17,5% en la \u00faltima encuesta, contra un escepticismo de 75% (gr\u00e1fico abajo).<\/p><p><a href=\"https:\/\/delfoscba.com.ar\/\/dev\/\/wp-content\/uploads\/2022\/03\/7-1.jpg\"><img loading=\"lazy\" decoding=\"async\" class=\"aligncenter wp-image-12528 size-full\" src=\"https:\/\/delfoscba.com.ar\/\/dev\/\/wp-content\/uploads\/2022\/03\/7-1.jpg\" alt=\"\" width=\"771\" height=\"569\" srcset=\"https:\/\/delfoscba.com.ar\/dev\/wp-content\/uploads\/2022\/03\/7-1.jpg 771w, https:\/\/delfoscba.com.ar\/dev\/wp-content\/uploads\/2022\/03\/7-1-300x221.jpg 300w, https:\/\/delfoscba.com.ar\/dev\/wp-content\/uploads\/2022\/03\/7-1-768x567.jpg 768w\" sizes=\"(max-width: 771px) 100vw, 771px\" \/><\/a><\/p><p>En la misma l\u00ednea, la \u00faltima encuesta de consultora Analog\u00edas detect\u00f3 que apenas 15,6% cree que durante el resto del a\u00f1o se podr\u00e1 ir reduciendo mucho o bastante la inflaci\u00f3n, contra 77,3% que opina que se reducir\u00e1 poco o nada (gr\u00e1fico abajo). En s\u00edntesis, el Gobierno nacional enfrenta claramente un problema de expectativas negativas en la materia, agudizadas por una inercia inflacionaria elevada que va camino a cumplir cuatro a\u00f1os. Adem\u00e1s, por si fuera poco, la pandemia del Covid-19 primero y la escalada b\u00e9lica entre Rusia y Ucrania despu\u00e9s han contribuido a acelerar el aumento de precios a nivel global, con lo cual a los componentes end\u00f3genos del problema se agregan los factores ex\u00f3genos.<\/p><p><a href=\"https:\/\/delfoscba.com.ar\/\/dev\/\/wp-content\/uploads\/2022\/03\/8-1.jpg\"><img loading=\"lazy\" decoding=\"async\" class=\"aligncenter wp-image-12529 size-full\" src=\"https:\/\/delfoscba.com.ar\/\/dev\/\/wp-content\/uploads\/2022\/03\/8-1.jpg\" alt=\"\" width=\"768\" height=\"469\" srcset=\"https:\/\/delfoscba.com.ar\/dev\/wp-content\/uploads\/2022\/03\/8-1.jpg 768w, https:\/\/delfoscba.com.ar\/dev\/wp-content\/uploads\/2022\/03\/8-1-300x183.jpg 300w\" sizes=\"(max-width: 768px) 100vw, 768px\" \/><\/a><\/p>\t\t\t\t\t\t\t\t<\/div>\n\t\t\t\t\t<\/div>\n\t\t<\/div>\n\t\t\t\t\t<\/div>\n\t\t<\/section>\n\t\t\t\t<section class=\"elementor-section elementor-top-section elementor-element elementor-element-b28ac47 elementor-section-height-min-height elementor-section-boxed elementor-section-height-default elementor-section-items-middle\" data-id=\"b28ac47\" data-element_type=\"section\" data-e-type=\"section\" data-settings=\"{&quot;background_background&quot;:&quot;classic&quot;}\">\n\t\t\t\t\t\t\t<div class=\"elementor-background-overlay\"><\/div>\n\t\t\t\t\t\t\t<div class=\"elementor-container elementor-column-gap-default\">\n\t\t\t\t\t<div class=\"elementor-column elementor-col-100 elementor-top-column elementor-element elementor-element-88fba06\" data-id=\"88fba06\" data-element_type=\"column\" data-e-type=\"column\">\n\t\t\t<div class=\"elementor-widget-wrap elementor-element-populated\">\n\t\t\t\t\t\t<div class=\"elementor-element elementor-element-7e65226 elementor-widget elementor-widget-heading\" data-id=\"7e65226\" data-element_type=\"widget\" data-e-type=\"widget\" data-widget_type=\"heading.default\">\n\t\t\t\t\t<h2 class=\"elementor-heading-title elementor-size-large\">Seguinos en nuestras redes<\/h2>\t\t\t\t<\/div>\n\t\t\t\t<div class=\"elementor-element elementor-element-c37b7ef elementor-shape-circle e-grid-align-tablet-center e-grid-align-mobile-center e-grid-align-left elementor-grid-0 elementor-widget elementor-widget-social-icons\" data-id=\"c37b7ef\" data-element_type=\"widget\" data-e-type=\"widget\" data-widget_type=\"social-icons.default\">\n\t\t\t\t\t\t\t<div class=\"elementor-social-icons-wrapper elementor-grid\" role=\"list\">\n\t\t\t\t\t\t\t<span class=\"elementor-grid-item\" role=\"listitem\">\n\t\t\t\t\t<a class=\"elementor-icon elementor-social-icon elementor-social-icon-facebook-f elementor-repeater-item-lf5yt4c\" href=\"https:\/\/www.facebook.com\/ConsultoraDelfos\" target=\"_blank\">\n\t\t\t\t\t\t<span class=\"elementor-screen-only\">Facebook-f<\/span>\n\t\t\t\t\t\t<i aria-hidden=\"true\" class=\"fab fa-facebook-f\"><\/i>\t\t\t\t\t<\/a>\n\t\t\t\t<\/span>\n\t\t\t\t\t\t\t<span class=\"elementor-grid-item\" role=\"listitem\">\n\t\t\t\t\t<a class=\"elementor-icon elementor-social-icon elementor-social-icon-twitter elementor-repeater-item-01xie82\" href=\"https:\/\/twitter.com\/delfoscba\" target=\"_blank\">\n\t\t\t\t\t\t<span class=\"elementor-screen-only\">Twitter<\/span>\n\t\t\t\t\t\t<i aria-hidden=\"true\" class=\"fab fa-twitter\"><\/i>\t\t\t\t\t<\/a>\n\t\t\t\t<\/span>\n\t\t\t\t\t\t\t<span class=\"elementor-grid-item\" role=\"listitem\">\n\t\t\t\t\t<a class=\"elementor-icon elementor-social-icon elementor-social-icon-linkedin elementor-repeater-item-grhvqhn\" target=\"_blank\">\n\t\t\t\t\t\t<span class=\"elementor-screen-only\">Linkedin<\/span>\n\t\t\t\t\t\t<i aria-hidden=\"true\" class=\"fab fa-linkedin\"><\/i>\t\t\t\t\t<\/a>\n\t\t\t\t<\/span>\n\t\t\t\t\t<\/div>\n\t\t\t\t\t\t<\/div>\n\t\t\t\t\t<\/div>\n\t\t<\/div>\n\t\t\t\t\t<\/div>\n\t\t<\/section>\n\t\t\t\t<\/div>\n\t\t","protected":false},"excerpt":{"rendered":"<p>En un complejo contexto econ\u00f3mico, analizamos la repercusi\u00f3n entre los argentinos de la declaraci\u00f3n de guerra presidencial a la inflaci\u00f3n<\/p>\n","protected":false},"author":1,"featured_media":12530,"comment_status":"open","ping_status":"open","sticky":false,"template":"","format":"standard","meta":{"_acf_changed":false,"footnotes":""},"categories":[2],"tags":[471,447,39,40,38,128,42,546,496,145,547,57,537],"class_list":["post-12521","post","type-post","status-publish","format-standard","has-post-thumbnail","hentry","category-economia","tag-471","tag-alberto-fernandez","tag-argentina","tag-consultora","tag-cordoba","tag-delfos","tag-economia","tag-guerra","tag-impacto","tag-inflacion","tag-nacional","tag-norman-berra","tag-rechazo","et-has-post-format-content","et_post_format-et-post-format-standard"],"acf":[],"_links":{"self":[{"href":"https:\/\/delfoscba.com.ar\/dev\/wp-json\/wp\/v2\/posts\/12521","targetHints":{"allow":["GET"]}}],"collection":[{"href":"https:\/\/delfoscba.com.ar\/dev\/wp-json\/wp\/v2\/posts"}],"about":[{"href":"https:\/\/delfoscba.com.ar\/dev\/wp-json\/wp\/v2\/types\/post"}],"author":[{"embeddable":true,"href":"https:\/\/delfoscba.com.ar\/dev\/wp-json\/wp\/v2\/users\/1"}],"replies":[{"embeddable":true,"href":"https:\/\/delfoscba.com.ar\/dev\/wp-json\/wp\/v2\/comments?post=12521"}],"version-history":[{"count":4,"href":"https:\/\/delfoscba.com.ar\/dev\/wp-json\/wp\/v2\/posts\/12521\/revisions"}],"predecessor-version":[{"id":12534,"href":"https:\/\/delfoscba.com.ar\/dev\/wp-json\/wp\/v2\/posts\/12521\/revisions\/12534"}],"wp:featuredmedia":[{"embeddable":true,"href":"https:\/\/delfoscba.com.ar\/dev\/wp-json\/wp\/v2\/media\/12530"}],"wp:attachment":[{"href":"https:\/\/delfoscba.com.ar\/dev\/wp-json\/wp\/v2\/media?parent=12521"}],"wp:term":[{"taxonomy":"category","embeddable":true,"href":"https:\/\/delfoscba.com.ar\/dev\/wp-json\/wp\/v2\/categories?post=12521"},{"taxonomy":"post_tag","embeddable":true,"href":"https:\/\/delfoscba.com.ar\/dev\/wp-json\/wp\/v2\/tags?post=12521"}],"curies":[{"name":"wp","href":"https:\/\/api.w.org\/{rel}","templated":true}]}}