{"id":12557,"date":"2022-03-29T20:16:22","date_gmt":"2022-03-29T20:16:22","guid":{"rendered":"https:\/\/delfoscba.com.ar\/\/dev\/\/?p=12557"},"modified":"2022-03-29T20:23:13","modified_gmt":"2022-03-29T20:23:13","slug":"guerra-rusia-ucrania-que-dicen-los-argentinos-en-las-encuestas","status":"publish","type":"post","link":"https:\/\/delfoscba.com.ar\/dev\/internacional\/guerra-rusia-ucrania-que-dicen-los-argentinos-en-las-encuestas\/","title":{"rendered":"Guerra Rusia-Ucrania: qu\u00e9 dicen los argentinos en las encuestas"},"content":{"rendered":"\t\t<div data-elementor-type=\"wp-post\" data-elementor-id=\"12557\" class=\"elementor elementor-12557\" data-elementor-post-type=\"post\">\n\t\t\t\t\t\t<section class=\"elementor-section elementor-top-section elementor-element elementor-element-41498b4 elementor-section-height-min-height elementor-section-boxed elementor-section-height-default elementor-section-items-middle\" data-id=\"41498b4\" data-element_type=\"section\" data-e-type=\"section\" data-settings=\"{&quot;background_background&quot;:&quot;classic&quot;}\">\n\t\t\t\t\t\t\t<div class=\"elementor-background-overlay\"><\/div>\n\t\t\t\t\t\t\t<div class=\"elementor-container elementor-column-gap-no\">\n\t\t\t\t\t<div class=\"elementor-column elementor-col-100 elementor-top-column elementor-element elementor-element-a18ac89\" data-id=\"a18ac89\" data-element_type=\"column\" data-e-type=\"column\">\n\t\t\t<div class=\"elementor-widget-wrap elementor-element-populated\">\n\t\t\t\t\t\t<div class=\"elementor-element elementor-element-e493600 elementor-widget elementor-widget-heading\" data-id=\"e493600\" data-element_type=\"widget\" data-e-type=\"widget\" data-widget_type=\"heading.default\">\n\t\t\t\t\t<h2 class=\"elementor-heading-title elementor-size-large\">INTERNACIONAL<\/h2>\t\t\t\t<\/div>\n\t\t\t\t\t<\/div>\n\t\t<\/div>\n\t\t\t\t\t<\/div>\n\t\t<\/section>\n\t\t\t\t<section class=\"elementor-section elementor-top-section elementor-element elementor-element-7dafb6e4 elementor-section-boxed elementor-section-height-default elementor-section-height-default\" data-id=\"7dafb6e4\" data-element_type=\"section\" data-e-type=\"section\">\n\t\t\t\t\t\t<div class=\"elementor-container elementor-column-gap-default\">\n\t\t\t\t\t<div class=\"elementor-column elementor-col-100 elementor-top-column elementor-element elementor-element-38ae5a14\" data-id=\"38ae5a14\" data-element_type=\"column\" data-e-type=\"column\">\n\t\t\t<div class=\"elementor-widget-wrap elementor-element-populated\">\n\t\t\t\t\t\t<div class=\"elementor-element elementor-element-f8a3207 elementor-widget elementor-widget-author-box\" data-id=\"f8a3207\" data-element_type=\"widget\" data-e-type=\"widget\" data-widget_type=\"author-box.default\">\n\t\t\t\t\t\t\t<div class=\"elementor-author-box\">\n\t\t\t\t\t\t\t<a href=\"https:\/\/delfoscba.com.ar\/\/dev\/\/nosotros\/\" class=\"elementor-author-box__avatar\">\n\t\t\t\t\t<img decoding=\"async\" src=\"https:\/\/delfoscba.com.ar\/dev\/wp-content\/uploads\/2021\/02\/norman-250x250-1.jpg\" alt=\"Picture of Norman Berra\" loading=\"lazy\">\n\t\t\t\t<\/a>\n\t\t\t\n\t\t\t<div class=\"elementor-author-box__text\">\n\t\t\t\t\t\t\t\t\t<a href=\"https:\/\/delfoscba.com.ar\/\/dev\/\/nosotros\/\">\n\t\t\t\t\t\t<h4 class=\"elementor-author-box__name\">\n\t\t\t\t\t\t\tNorman Berra\t\t\t\t\t\t<\/h4>\n\t\t\t\t\t<\/a>\n\t\t\t\t\n\t\t\t\t\t\t\t\t\t<div class=\"elementor-author-box__bio\">\n\t\t\t\t\t\t<p>L\u00edder de proyectos<\/p>\n\t\t\t\t\t<\/div>\n\t\t\t\t\n\t\t\t\t\t\t\t<\/div>\n\t\t<\/div>\n\t\t\t\t\t\t<\/div>\n\t\t\t\t<div class=\"elementor-element elementor-element-7aefe4b4 elementor-widget elementor-widget-text-editor\" data-id=\"7aefe4b4\" data-element_type=\"widget\" data-e-type=\"widget\" data-widget_type=\"text-editor.default\">\n\t\t\t\t\t\t\t\t\t<p><a href=\"https:\/\/delfoscba.com.ar\/\/dev\/\/wp-content\/uploads\/2022\/03\/1-4.jpg\"><img fetchpriority=\"high\" decoding=\"async\" class=\"aligncenter wp-image-12558 size-full\" src=\"https:\/\/delfoscba.com.ar\/\/dev\/\/wp-content\/uploads\/2022\/03\/1-4.jpg\" alt=\"\" width=\"960\" height=\"720\" srcset=\"https:\/\/delfoscba.com.ar\/dev\/wp-content\/uploads\/2022\/03\/1-4.jpg 960w, https:\/\/delfoscba.com.ar\/dev\/wp-content\/uploads\/2022\/03\/1-4-300x225.jpg 300w, https:\/\/delfoscba.com.ar\/dev\/wp-content\/uploads\/2022\/03\/1-4-768x576.jpg 768w\" sizes=\"(max-width: 960px) 100vw, 960px\" \/><\/a><\/p><p>El conflicto entre Rusia y Ucrania que comenz\u00f3 en 2014 escal\u00f3 a fines de febrero pasado en una operaci\u00f3n b\u00e9lica de gran magnitud. A un mes de la invasi\u00f3n rusa, \u00bfc\u00f3mo ve la opini\u00f3n p\u00fablica argentina el conflicto? Seg\u00fan la \u00faltima encuesta nacional de Ricardo Rouvier &amp; Asociados, casi 79% de los electores est\u00e1 en desacuerdo con la acci\u00f3n militar rusa, mientras que 10,5% est\u00e1 de acuerdo; casi 8% se muestra neutro (gr\u00e1fico arriba). A su turno, un estudio reciente de consultora Synopsis muestra mayores matices respecto al tema: 65,2% de los adultos argentinos califica de manera negativa la invasi\u00f3n rusa, mientras que 5,6% tiene una opini\u00f3n regular. Al contrario, 23,1% valora la avanzada militar de manera positiva (gr\u00e1fico abajo).<\/p><p><a href=\"https:\/\/delfoscba.com.ar\/\/dev\/\/wp-content\/uploads\/2022\/03\/2-4.jpg\"><img decoding=\"async\" class=\"aligncenter wp-image-12559 size-large\" src=\"https:\/\/delfoscba.com.ar\/\/dev\/\/wp-content\/uploads\/2022\/03\/2-4-1024x576.jpg\" alt=\"\" width=\"1024\" height=\"576\" srcset=\"https:\/\/delfoscba.com.ar\/dev\/wp-content\/uploads\/2022\/03\/2-4-1024x576.jpg 1024w, https:\/\/delfoscba.com.ar\/dev\/wp-content\/uploads\/2022\/03\/2-4-300x169.jpg 300w, https:\/\/delfoscba.com.ar\/dev\/wp-content\/uploads\/2022\/03\/2-4-768x432.jpg 768w, https:\/\/delfoscba.com.ar\/dev\/wp-content\/uploads\/2022\/03\/2-4-1536x864.jpg 1536w, https:\/\/delfoscba.com.ar\/dev\/wp-content\/uploads\/2022\/03\/2-4-1080x608.jpg 1080w, https:\/\/delfoscba.com.ar\/dev\/wp-content\/uploads\/2022\/03\/2-4.jpg 1920w\" sizes=\"(max-width: 1024px) 100vw, 1024px\" \/><\/a><\/p><p>Profundizando el an\u00e1lisis, se advierten matices importantes en algunas variables: entre los hombres, 68% califica de manera negativa la acci\u00f3n rusa, pero 32% opina de manera favorable, mientras que en las mujeres la condena trepa al 73% vs apenas 16% de acompa\u00f1amiento. Tambi\u00e9n se perfila una \u201cgrieta pol\u00edtica\u201d: entre votantes del Frente de Todos (FDT) y de la izquierda la opini\u00f3n negativa ronda entre el 24% y el 40%, respectivamente, mientras que el apoyo se ubica entre 53% y 29%. En sentido contrario, entre los votantes de Juntos por el Cambio (JXC) y la derecha la calificaci\u00f3n negativa ronda entre el 95% y el 87%.<\/p><p><a href=\"https:\/\/delfoscba.com.ar\/\/dev\/\/wp-content\/uploads\/2022\/03\/3-4.jpg\"><img decoding=\"async\" class=\"aligncenter wp-image-12560 size-large\" src=\"https:\/\/delfoscba.com.ar\/\/dev\/\/wp-content\/uploads\/2022\/03\/3-4-1024x512.jpg\" alt=\"\" width=\"1024\" height=\"512\" srcset=\"https:\/\/delfoscba.com.ar\/dev\/wp-content\/uploads\/2022\/03\/3-4-1024x512.jpg 1024w, https:\/\/delfoscba.com.ar\/dev\/wp-content\/uploads\/2022\/03\/3-4-300x150.jpg 300w, https:\/\/delfoscba.com.ar\/dev\/wp-content\/uploads\/2022\/03\/3-4-768x384.jpg 768w, https:\/\/delfoscba.com.ar\/dev\/wp-content\/uploads\/2022\/03\/3-4-1080x540.jpg 1080w, https:\/\/delfoscba.com.ar\/dev\/wp-content\/uploads\/2022\/03\/3-4-1280x640.jpg 1280w, https:\/\/delfoscba.com.ar\/dev\/wp-content\/uploads\/2022\/03\/3-4.jpg 1300w\" sizes=\"(max-width: 1024px) 100vw, 1024px\" \/><\/a><\/p><p>Esos matices tambi\u00e9n aparecen cuando se indaga la orientaci\u00f3n de la pol\u00edtica exterior de nuestro pa\u00eds. Seg\u00fan una reciente encuesta de Opinaia, 44% de los electores argentinos cree que nuestro pa\u00eds debe llevarse mejor con Estados Unidos y la Uni\u00f3n Europea, mientras que 22% se inclina por China y Rusia, en tanto que un 16% prefiere estrechar lazos regionales con pa\u00edses latinoamericanos y casi la misma proporci\u00f3n no sabe (gr\u00e1fico arriba).<\/p><p><a href=\"https:\/\/delfoscba.com.ar\/\/dev\/\/wp-content\/uploads\/2022\/03\/4-4.jpg\"><img loading=\"lazy\" decoding=\"async\" class=\"aligncenter wp-image-12561 size-large\" src=\"https:\/\/delfoscba.com.ar\/\/dev\/\/wp-content\/uploads\/2022\/03\/4-4-646x1024.jpg\" alt=\"\" width=\"646\" height=\"1024\" srcset=\"https:\/\/delfoscba.com.ar\/dev\/wp-content\/uploads\/2022\/03\/4-4-646x1024.jpg 646w, https:\/\/delfoscba.com.ar\/dev\/wp-content\/uploads\/2022\/03\/4-4-189x300.jpg 189w, https:\/\/delfoscba.com.ar\/dev\/wp-content\/uploads\/2022\/03\/4-4-768x1217.jpg 768w, https:\/\/delfoscba.com.ar\/dev\/wp-content\/uploads\/2022\/03\/4-4.jpg 863w\" sizes=\"(max-width: 646px) 100vw, 646px\" \/><\/a><\/p><p>Seg\u00fan Opinaia, 2 de cada 3 votantes de JXC se inclinan por EE.UU y la UE, el mismo patr\u00f3n que los libertarios (64%). En sentido contrario, esa posici\u00f3n resulta minoritaria entre votantes del FDT, que dividen sus preferencias entre China y Rusia (35%) y Latinoam\u00e9rica (24%). Los electores de izquierda presentan mayor dispersi\u00f3n, pues sus preferencias se reparten entre esas tres posiciones sin que ninguna llegue a un tercio de la distribuci\u00f3n. La \u00faltima encuesta de Zuban C\u00f3rdoba &amp; Asociados tambi\u00e9n ilustra los matices entre las dos principales fuerzas: mientras casi 80% de los votantes de Mauricio Macri cree que la diplomacia argentina debe alinearse con EE.UU. y el resto de Occidente (gr\u00e1fico arriba), el 55,5% de los electores de Alberto Fern\u00e1ndez se pronuncia en favor de la neutralidad (gr\u00e1fico abajo).<\/p><p><a href=\"https:\/\/delfoscba.com.ar\/\/dev\/\/wp-content\/uploads\/2022\/03\/5-4.jpg\"><img loading=\"lazy\" decoding=\"async\" class=\"aligncenter wp-image-12562 size-large\" src=\"https:\/\/delfoscba.com.ar\/\/dev\/\/wp-content\/uploads\/2022\/03\/5-4-680x1024.jpg\" alt=\"\" width=\"680\" height=\"1024\" srcset=\"https:\/\/delfoscba.com.ar\/dev\/wp-content\/uploads\/2022\/03\/5-4-680x1024.jpg 680w, https:\/\/delfoscba.com.ar\/dev\/wp-content\/uploads\/2022\/03\/5-4-199x300.jpg 199w, https:\/\/delfoscba.com.ar\/dev\/wp-content\/uploads\/2022\/03\/5-4-768x1157.jpg 768w, https:\/\/delfoscba.com.ar\/dev\/wp-content\/uploads\/2022\/03\/5-4.jpg 881w\" sizes=\"(max-width: 680px) 100vw, 680px\" \/><\/a><\/p><p>A su turno, Rouvier hace una aproximaci\u00f3n alternativa (sin respuestas excluyentes) al tema: casi 48% prefiere que Argentina tenga una relaci\u00f3n cercana con EE.UU, 9 puntos porcentuales m\u00e1s que quienes plantean cercan\u00eda con China (gr\u00e1fico abajo).<\/p><p><a href=\"https:\/\/delfoscba.com.ar\/\/dev\/\/wp-content\/uploads\/2022\/03\/6-3.jpg\"><img loading=\"lazy\" decoding=\"async\" class=\"aligncenter wp-image-12563 size-full\" src=\"https:\/\/delfoscba.com.ar\/\/dev\/\/wp-content\/uploads\/2022\/03\/6-3.jpg\" alt=\"\" width=\"960\" height=\"720\" srcset=\"https:\/\/delfoscba.com.ar\/dev\/wp-content\/uploads\/2022\/03\/6-3.jpg 960w, https:\/\/delfoscba.com.ar\/dev\/wp-content\/uploads\/2022\/03\/6-3-300x225.jpg 300w, https:\/\/delfoscba.com.ar\/dev\/wp-content\/uploads\/2022\/03\/6-3-768x576.jpg 768w\" sizes=\"(max-width: 960px) 100vw, 960px\" \/><\/a><\/p><p>Finalmente, 75,2% opina que Argentina debe tener una relaci\u00f3n cercana con Europa, vs apenas 16% que piensa lo mismo respecto a Rusia (gr\u00e1fico abajo).<\/p><p><a href=\"https:\/\/delfoscba.com.ar\/\/dev\/\/wp-content\/uploads\/2022\/03\/7-2.jpg\"><img loading=\"lazy\" decoding=\"async\" class=\"aligncenter wp-image-12564 size-full\" src=\"https:\/\/delfoscba.com.ar\/\/dev\/\/wp-content\/uploads\/2022\/03\/7-2.jpg\" alt=\"\" width=\"960\" height=\"720\" srcset=\"https:\/\/delfoscba.com.ar\/dev\/wp-content\/uploads\/2022\/03\/7-2.jpg 960w, https:\/\/delfoscba.com.ar\/dev\/wp-content\/uploads\/2022\/03\/7-2-300x225.jpg 300w, https:\/\/delfoscba.com.ar\/dev\/wp-content\/uploads\/2022\/03\/7-2-768x576.jpg 768w\" sizes=\"(max-width: 960px) 100vw, 960px\" \/><\/a><\/p><p>En s\u00edntesis, una primera conclusi\u00f3n sobre las percepciones de la opini\u00f3n p\u00fablica argentina en relaci\u00f3n al actual conflicto es que la acci\u00f3n militar rusa recibe una calificaci\u00f3n negativa y desacuerdo mayoritarios. Sin embargo, al profundizar el an\u00e1lisis se advierten matices en funci\u00f3n de algunas variables sociodemogr\u00e1ficas (como el sexo) y en particular seg\u00fan voto anterior, ya que hay sinton\u00eda de opiniones entre los votantes de JXC y los libertarios por un lado, mientras que por el otro los electores del FDT y de la izquierda muestran relativa cercan\u00eda en algunos puntos de la agenda internacional en debate y no tanto en otros.<\/p>\t\t\t\t\t\t\t\t<\/div>\n\t\t\t\t\t<\/div>\n\t\t<\/div>\n\t\t\t\t\t<\/div>\n\t\t<\/section>\n\t\t\t\t<section class=\"elementor-section elementor-top-section elementor-element elementor-element-b28ac47 elementor-section-height-min-height elementor-section-boxed elementor-section-height-default elementor-section-items-middle\" data-id=\"b28ac47\" data-element_type=\"section\" data-e-type=\"section\" data-settings=\"{&quot;background_background&quot;:&quot;classic&quot;}\">\n\t\t\t\t\t\t\t<div class=\"elementor-background-overlay\"><\/div>\n\t\t\t\t\t\t\t<div class=\"elementor-container elementor-column-gap-default\">\n\t\t\t\t\t<div class=\"elementor-column elementor-col-100 elementor-top-column elementor-element elementor-element-88fba06\" data-id=\"88fba06\" data-element_type=\"column\" data-e-type=\"column\">\n\t\t\t<div class=\"elementor-widget-wrap elementor-element-populated\">\n\t\t\t\t\t\t<div class=\"elementor-element elementor-element-7e65226 elementor-widget elementor-widget-heading\" data-id=\"7e65226\" data-element_type=\"widget\" data-e-type=\"widget\" data-widget_type=\"heading.default\">\n\t\t\t\t\t<h2 class=\"elementor-heading-title elementor-size-large\">Seguinos en nuestras redes<\/h2>\t\t\t\t<\/div>\n\t\t\t\t<div class=\"elementor-element elementor-element-c37b7ef elementor-shape-circle e-grid-align-tablet-center e-grid-align-mobile-center e-grid-align-left elementor-grid-0 elementor-widget elementor-widget-social-icons\" data-id=\"c37b7ef\" data-element_type=\"widget\" data-e-type=\"widget\" data-widget_type=\"social-icons.default\">\n\t\t\t\t\t\t\t<div class=\"elementor-social-icons-wrapper elementor-grid\" role=\"list\">\n\t\t\t\t\t\t\t<span class=\"elementor-grid-item\" role=\"listitem\">\n\t\t\t\t\t<a class=\"elementor-icon elementor-social-icon elementor-social-icon-facebook-f elementor-repeater-item-lf5yt4c\" href=\"https:\/\/www.facebook.com\/ConsultoraDelfos\" target=\"_blank\">\n\t\t\t\t\t\t<span class=\"elementor-screen-only\">Facebook-f<\/span>\n\t\t\t\t\t\t<i aria-hidden=\"true\" class=\"fab fa-facebook-f\"><\/i>\t\t\t\t\t<\/a>\n\t\t\t\t<\/span>\n\t\t\t\t\t\t\t<span class=\"elementor-grid-item\" role=\"listitem\">\n\t\t\t\t\t<a class=\"elementor-icon elementor-social-icon elementor-social-icon-twitter elementor-repeater-item-01xie82\" href=\"https:\/\/twitter.com\/delfoscba\" target=\"_blank\">\n\t\t\t\t\t\t<span class=\"elementor-screen-only\">Twitter<\/span>\n\t\t\t\t\t\t<i aria-hidden=\"true\" class=\"fab fa-twitter\"><\/i>\t\t\t\t\t<\/a>\n\t\t\t\t<\/span>\n\t\t\t\t\t\t\t<span class=\"elementor-grid-item\" role=\"listitem\">\n\t\t\t\t\t<a class=\"elementor-icon elementor-social-icon elementor-social-icon-linkedin elementor-repeater-item-grhvqhn\" target=\"_blank\">\n\t\t\t\t\t\t<span class=\"elementor-screen-only\">Linkedin<\/span>\n\t\t\t\t\t\t<i aria-hidden=\"true\" class=\"fab fa-linkedin\"><\/i>\t\t\t\t\t<\/a>\n\t\t\t\t<\/span>\n\t\t\t\t\t<\/div>\n\t\t\t\t\t\t<\/div>\n\t\t\t\t\t<\/div>\n\t\t<\/div>\n\t\t\t\t\t<\/div>\n\t\t<\/section>\n\t\t\t\t<\/div>\n\t\t","protected":false},"excerpt":{"rendered":"<p>A un mes de la invasi\u00f3n rusa, \u00bfC\u00f3mo ve la opini\u00f3n p\u00fablica argentina el conflicto?<\/p>\n","protected":false},"author":1,"featured_media":12565,"comment_status":"open","ping_status":"open","sticky":false,"template":"","format":"standard","meta":{"_acf_changed":false,"footnotes":""},"categories":[464],"tags":[471,39,40,128,143,544,546,514,547,57,520,519,555],"class_list":["post-12557","post","type-post","status-publish","format-standard","has-post-thumbnail","hentry","category-internacional","tag-471","tag-argentina","tag-consultora","tag-delfos","tag-estados-unidos","tag-europa","tag-guerra","tag-internacional","tag-nacional","tag-norman-berra","tag-putin","tag-rusia","tag-ucrania","et-has-post-format-content","et_post_format-et-post-format-standard"],"acf":[],"_links":{"self":[{"href":"https:\/\/delfoscba.com.ar\/dev\/wp-json\/wp\/v2\/posts\/12557","targetHints":{"allow":["GET"]}}],"collection":[{"href":"https:\/\/delfoscba.com.ar\/dev\/wp-json\/wp\/v2\/posts"}],"about":[{"href":"https:\/\/delfoscba.com.ar\/dev\/wp-json\/wp\/v2\/types\/post"}],"author":[{"embeddable":true,"href":"https:\/\/delfoscba.com.ar\/dev\/wp-json\/wp\/v2\/users\/1"}],"replies":[{"embeddable":true,"href":"https:\/\/delfoscba.com.ar\/dev\/wp-json\/wp\/v2\/comments?post=12557"}],"version-history":[{"count":7,"href":"https:\/\/delfoscba.com.ar\/dev\/wp-json\/wp\/v2\/posts\/12557\/revisions"}],"predecessor-version":[{"id":12572,"href":"https:\/\/delfoscba.com.ar\/dev\/wp-json\/wp\/v2\/posts\/12557\/revisions\/12572"}],"wp:featuredmedia":[{"embeddable":true,"href":"https:\/\/delfoscba.com.ar\/dev\/wp-json\/wp\/v2\/media\/12565"}],"wp:attachment":[{"href":"https:\/\/delfoscba.com.ar\/dev\/wp-json\/wp\/v2\/media?parent=12557"}],"wp:term":[{"taxonomy":"category","embeddable":true,"href":"https:\/\/delfoscba.com.ar\/dev\/wp-json\/wp\/v2\/categories?post=12557"},{"taxonomy":"post_tag","embeddable":true,"href":"https:\/\/delfoscba.com.ar\/dev\/wp-json\/wp\/v2\/tags?post=12557"}],"curies":[{"name":"wp","href":"https:\/\/api.w.org\/{rel}","templated":true}]}}