{"id":12587,"date":"2022-04-04T15:36:17","date_gmt":"2022-04-04T15:36:17","guid":{"rendered":"https:\/\/delfoscba.com.ar\/\/dev\/\/?p=12587"},"modified":"2022-04-04T15:43:33","modified_gmt":"2022-04-04T15:43:33","slug":"de-la-guerra-rusia-ucrania-a-malvinas-la-grieta-argentina-en-las-encuestas","status":"publish","type":"post","link":"https:\/\/delfoscba.com.ar\/dev\/internacional\/de-la-guerra-rusia-ucrania-a-malvinas-la-grieta-argentina-en-las-encuestas\/","title":{"rendered":"De la guerra Rusia-Ucrania a Malvinas: la grieta argentina en las encuestas"},"content":{"rendered":"\t\t<div data-elementor-type=\"wp-post\" data-elementor-id=\"12587\" class=\"elementor elementor-12587\" data-elementor-post-type=\"post\">\n\t\t\t\t\t\t<section class=\"elementor-section elementor-top-section elementor-element elementor-element-41498b4 elementor-section-height-min-height elementor-section-boxed elementor-section-height-default elementor-section-items-middle\" data-id=\"41498b4\" data-element_type=\"section\" data-e-type=\"section\" data-settings=\"{&quot;background_background&quot;:&quot;classic&quot;}\">\n\t\t\t\t\t\t\t<div class=\"elementor-background-overlay\"><\/div>\n\t\t\t\t\t\t\t<div class=\"elementor-container elementor-column-gap-no\">\n\t\t\t\t\t<div class=\"elementor-column elementor-col-100 elementor-top-column elementor-element elementor-element-a18ac89\" data-id=\"a18ac89\" data-element_type=\"column\" data-e-type=\"column\">\n\t\t\t<div class=\"elementor-widget-wrap elementor-element-populated\">\n\t\t\t\t\t\t<div class=\"elementor-element elementor-element-e493600 elementor-widget elementor-widget-heading\" data-id=\"e493600\" data-element_type=\"widget\" data-e-type=\"widget\" data-widget_type=\"heading.default\">\n\t\t\t\t\t<h2 class=\"elementor-heading-title elementor-size-large\">INTERNACIONAL<\/h2>\t\t\t\t<\/div>\n\t\t\t\t\t<\/div>\n\t\t<\/div>\n\t\t\t\t\t<\/div>\n\t\t<\/section>\n\t\t\t\t<section class=\"elementor-section elementor-top-section elementor-element elementor-element-7dafb6e4 elementor-section-boxed elementor-section-height-default elementor-section-height-default\" data-id=\"7dafb6e4\" data-element_type=\"section\" data-e-type=\"section\">\n\t\t\t\t\t\t<div class=\"elementor-container elementor-column-gap-default\">\n\t\t\t\t\t<div class=\"elementor-column elementor-col-100 elementor-top-column elementor-element elementor-element-38ae5a14\" data-id=\"38ae5a14\" data-element_type=\"column\" data-e-type=\"column\">\n\t\t\t<div class=\"elementor-widget-wrap elementor-element-populated\">\n\t\t\t\t\t\t<div class=\"elementor-element elementor-element-f8a3207 elementor-widget elementor-widget-author-box\" data-id=\"f8a3207\" data-element_type=\"widget\" data-e-type=\"widget\" data-widget_type=\"author-box.default\">\n\t\t\t\t\t\t\t<div class=\"elementor-author-box\">\n\t\t\t\t\t\t\t<a href=\"https:\/\/delfoscba.com.ar\/\/dev\/\/nosotros\/\" class=\"elementor-author-box__avatar\">\n\t\t\t\t\t<img decoding=\"async\" src=\"https:\/\/delfoscba.com.ar\/dev\/wp-content\/uploads\/2021\/02\/norman-250x250-1.jpg\" alt=\"Picture of Norman Berra\" loading=\"lazy\">\n\t\t\t\t<\/a>\n\t\t\t\n\t\t\t<div class=\"elementor-author-box__text\">\n\t\t\t\t\t\t\t\t\t<a href=\"https:\/\/delfoscba.com.ar\/\/dev\/\/nosotros\/\">\n\t\t\t\t\t\t<h4 class=\"elementor-author-box__name\">\n\t\t\t\t\t\t\tNorman Berra\t\t\t\t\t\t<\/h4>\n\t\t\t\t\t<\/a>\n\t\t\t\t\n\t\t\t\t\t\t\t\t\t<div class=\"elementor-author-box__bio\">\n\t\t\t\t\t\t<p>L\u00edder de proyectos<\/p>\n\t\t\t\t\t<\/div>\n\t\t\t\t\n\t\t\t\t\t\t\t<\/div>\n\t\t<\/div>\n\t\t\t\t\t\t<\/div>\n\t\t\t\t<div class=\"elementor-element elementor-element-7aefe4b4 elementor-widget elementor-widget-text-editor\" data-id=\"7aefe4b4\" data-element_type=\"widget\" data-e-type=\"widget\" data-widget_type=\"text-editor.default\">\n\t\t\t\t\t\t\t\t\t<p><a href=\"https:\/\/delfoscba.com.ar\/\/dev\/\/wp-content\/uploads\/2022\/04\/1.jpg\"><img fetchpriority=\"high\" decoding=\"async\" class=\"aligncenter wp-image-12588 size-large\" src=\"https:\/\/delfoscba.com.ar\/\/dev\/\/wp-content\/uploads\/2022\/04\/1-1024x636.jpg\" alt=\"\" width=\"1024\" height=\"636\" srcset=\"https:\/\/delfoscba.com.ar\/dev\/wp-content\/uploads\/2022\/04\/1-1024x636.jpg 1024w, https:\/\/delfoscba.com.ar\/dev\/wp-content\/uploads\/2022\/04\/1-300x186.jpg 300w, https:\/\/delfoscba.com.ar\/dev\/wp-content\/uploads\/2022\/04\/1-768x477.jpg 768w, https:\/\/delfoscba.com.ar\/dev\/wp-content\/uploads\/2022\/04\/1-1080x671.jpg 1080w, https:\/\/delfoscba.com.ar\/dev\/wp-content\/uploads\/2022\/04\/1.jpg 1109w\" sizes=\"(max-width: 1024px) 100vw, 1024px\" \/><\/a><\/p><p>En nuestra nota anterior repasamos c\u00f3mo los mayores matices respecto a la mirada sobre el conflicto entre Rusia y Ucrania ten\u00edan que ver con la llamada \u201cgrieta pol\u00edtica\u201d: as\u00ed, mientras los electores de Juntos por el Cambio (JXC)\u00a0 y libertarios se alinean de manera contundente con la condena a la invasi\u00f3n rusa y creen que la pol\u00edtica exterior argentina debe encolumnarse con la orientaci\u00f3n pro-Occidente liderada por Estados Unidos (EE.UUU) y la Uni\u00f3n Europea (UE), los votantes del Frente de Todos (FDT) y de la izquierda muestran matices consistentes con su posici\u00f3n de mayor neutralidad en la pol\u00edtica exterior y su mirada m\u00e1s latinoamericana y multilateral en materia de geopol\u00edtica. En esta nota, veremos c\u00f3mo esos mismos matices atraviesan las percepciones respecto a la actitud del Gobierno argentino ante el actual conflicto y tambi\u00e9n la cuesti\u00f3n Malvinas. A nivel general, el primer tema divide opiniones: seg\u00fan la \u00faltima encuesta de Giacobbe, casi 37% ve al gobierno nacional m\u00e1s cerca de Rusia, pero una proporci\u00f3n similar (34,6%) dice no entender de qu\u00e9 lado est\u00e1; casi 6% lo ve del lado de Ucrania, mientras que casi 22% se inclina por la neutralidad (gr\u00e1fico arriba).<\/p><p><a href=\"https:\/\/delfoscba.com.ar\/\/dev\/\/wp-content\/uploads\/2022\/04\/2.jpg\"><img decoding=\"async\" class=\"aligncenter wp-image-12589 size-large\" src=\"https:\/\/delfoscba.com.ar\/\/dev\/\/wp-content\/uploads\/2022\/04\/2-1024x576.jpg\" alt=\"\" width=\"1024\" height=\"576\" srcset=\"https:\/\/delfoscba.com.ar\/dev\/wp-content\/uploads\/2022\/04\/2-1024x576.jpg 1024w, https:\/\/delfoscba.com.ar\/dev\/wp-content\/uploads\/2022\/04\/2-300x169.jpg 300w, https:\/\/delfoscba.com.ar\/dev\/wp-content\/uploads\/2022\/04\/2-768x432.jpg 768w, https:\/\/delfoscba.com.ar\/dev\/wp-content\/uploads\/2022\/04\/2-1536x864.jpg 1536w, https:\/\/delfoscba.com.ar\/dev\/wp-content\/uploads\/2022\/04\/2-1080x608.jpg 1080w, https:\/\/delfoscba.com.ar\/dev\/wp-content\/uploads\/2022\/04\/2.jpg 1920w\" sizes=\"(max-width: 1024px) 100vw, 1024px\" \/><\/a><\/p><p>En tanto, seg\u00fan consultora Synopsis 25,1% de los electores califica la actitud del gobierno argentino frente al conflicto de manera positiva, casi 12% la ve regular y 59% opina de manera negativa. Sin embargo, 60% de los votantes del FDT opina de manera positiva y 44% de los de izquierda muestra la misma opini\u00f3n, un contraste n\u00edtido con lo que se detecta entre electores de JXC (90% califica de manera negativa) y libertarios (77% de negatividad; gr\u00e1fico arriba). Esos matices se explican en funci\u00f3n de las diferencias que cada grupo tiene respecto al \u201cdeber ser\u201d de la posici\u00f3n argentina: seg\u00fan una encuesta reciente de Zuban C\u00f3rdoba &amp; Asociados, en general casi 51% cree que Argentina debe condenar la invasi\u00f3n rusa sin involucrarse en el conflicto, mientras que casi un 24% prefiere estricta neutralidad; 17,4% mantiene una posici\u00f3n de repudio a la invasi\u00f3n e involucramiento en el conflicto (las dem\u00e1s posiciones no llegan individualmente al 5%; gr\u00e1fico abajo).<\/p><p><a href=\"https:\/\/delfoscba.com.ar\/\/dev\/\/wp-content\/uploads\/2022\/04\/3.jpg\"><img decoding=\"async\" class=\"aligncenter wp-image-12590 size-full\" src=\"https:\/\/delfoscba.com.ar\/\/dev\/\/wp-content\/uploads\/2022\/04\/3.jpg\" alt=\"\" width=\"994\" height=\"576\" srcset=\"https:\/\/delfoscba.com.ar\/dev\/wp-content\/uploads\/2022\/04\/3.jpg 994w, https:\/\/delfoscba.com.ar\/dev\/wp-content\/uploads\/2022\/04\/3-300x174.jpg 300w, https:\/\/delfoscba.com.ar\/dev\/wp-content\/uploads\/2022\/04\/3-768x445.jpg 768w\" sizes=\"(max-width: 994px) 100vw, 994px\" \/><\/a><\/p><p>Al analizar las respuestas en funci\u00f3n del voto, se advierte que 2 de cada 3 votantes de Mauricio Macri se inclinan por el repudio de la invasi\u00f3n sin involucrarse en el conflicto, en tanto que casi un cuarto prefiere repudio m\u00e1s involucramiento. As\u00ed, su posici\u00f3n est\u00e1 claramente atravesada por el alineamiento con EE.UU y Europa occidental, muy lejos de la neutralidad (no llega al 10%). En sentido contrario, los votantes de Alberto Fern\u00e1ndez dividen sus opiniones de manera sim\u00e9trica entre el repudio a la invasi\u00f3n rusa sin involucramiento (37,2%) y la neutralidad (36,5%; gr\u00e1fico arriba), volviendo a poner de manifiesto una preferencia por una pol\u00edtica exterior m\u00e1s independiente, no alineada con las potencias occidentales.<\/p><p><a href=\"https:\/\/delfoscba.com.ar\/\/dev\/\/wp-content\/uploads\/2022\/04\/4.jpg\"><img loading=\"lazy\" decoding=\"async\" class=\"aligncenter wp-image-12591 size-full\" src=\"https:\/\/delfoscba.com.ar\/\/dev\/\/wp-content\/uploads\/2022\/04\/4.jpg\" alt=\"\" width=\"900\" height=\"531\" srcset=\"https:\/\/delfoscba.com.ar\/dev\/wp-content\/uploads\/2022\/04\/4.jpg 900w, https:\/\/delfoscba.com.ar\/dev\/wp-content\/uploads\/2022\/04\/4-300x177.jpg 300w, https:\/\/delfoscba.com.ar\/dev\/wp-content\/uploads\/2022\/04\/4-768x453.jpg 768w\" sizes=\"(max-width: 900px) 100vw, 900px\" \/><\/a><\/p><p>Las implicancias de esos matices son relevantes a la hora de entender los sesgos en las actitudes respecto a una eventual agresi\u00f3n contra nuestro pa\u00eds y, de manera m\u00e1s situada, en relaci\u00f3n al tema Malvinas. Seg\u00fan Zuban C\u00f3rdoba, casi 53% de los adultos argentinos considera \u201cmuy probable\u201d armarse en defensa de nuestro pa\u00eds si este fuese invadido, en tanto que 16,1% lo ve probable; por otro lado, 28,1% lo ve \u201cpoco o nada probable\u201d. Al abrir el dato por voto anterior, se percibe que la probabilidad entre los electores de Alberto Fern\u00e1ndez supera en 10,1% puntos porcentuales al registro entre votantes de Mauricio Macri (gr\u00e1fico arriba); si bien en ambos la probabilidad es mayoritaria, el matiz de compromiso es insoslayable.<\/p><p><a href=\"https:\/\/delfoscba.com.ar\/\/dev\/\/wp-content\/uploads\/2022\/04\/5.jpg\"><img loading=\"lazy\" decoding=\"async\" class=\"aligncenter wp-image-12592 size-full\" src=\"https:\/\/delfoscba.com.ar\/\/dev\/\/wp-content\/uploads\/2022\/04\/5.jpg\" alt=\"\" width=\"530\" height=\"748\" srcset=\"https:\/\/delfoscba.com.ar\/dev\/wp-content\/uploads\/2022\/04\/5.jpg 530w, https:\/\/delfoscba.com.ar\/dev\/wp-content\/uploads\/2022\/04\/5-213x300.jpg 213w\" sizes=\"(max-width: 530px) 100vw, 530px\" \/><\/a><\/p><p>Finalmente, ese sesgo se profundiza en la cuesti\u00f3n Malvinas: mientras que a nivel general casi 64% considera prioritario para nuestro pa\u00eds resolver la cuesti\u00f3n de la soberan\u00eda sobre las islas (gr\u00e1fico arriba), la diferencia en funci\u00f3n del voto anterior resulta muy significativa. Entre los votantes de Macri 54,2% ve el tema como prioritario, casi 21 puntos porcentuales por debajo de la prioridad que le asignan los electores de Fern\u00e1ndez (75%). As\u00ed, dentro de JXC casi 45% no ve a Malvinas como prioridad, lo que pone en evidencia que aquella frase del ex presidente en 1997 (<em>\u201cNunca entend\u00ed los temas de soberan\u00eda en un pa\u00eds tan grande como el nuestro\u2026 las Islas Malvinas ser\u00edan un fuerte d\u00e9ficit adicional para la Argentina\u201d<\/em>) expresa una actitud de desapego que comparte una parte importante de su base electoral. En sentido contrario, s\u00f3lo 22,7% de los electores del FDT considera no prioritario el tema Malvinas (gr\u00e1fico abajo).<\/p><p><a href=\"https:\/\/delfoscba.com.ar\/\/dev\/\/wp-content\/uploads\/2022\/04\/6.jpg\"><img loading=\"lazy\" decoding=\"async\" class=\"aligncenter wp-image-12593 size-full\" src=\"https:\/\/delfoscba.com.ar\/\/dev\/\/wp-content\/uploads\/2022\/04\/6.jpg\" alt=\"\" width=\"754\" height=\"354\" srcset=\"https:\/\/delfoscba.com.ar\/dev\/wp-content\/uploads\/2022\/04\/6.jpg 754w, https:\/\/delfoscba.com.ar\/dev\/wp-content\/uploads\/2022\/04\/6-300x141.jpg 300w\" sizes=\"(max-width: 754px) 100vw, 754px\" \/><\/a><\/p>\t\t\t\t\t\t\t\t<\/div>\n\t\t\t\t\t<\/div>\n\t\t<\/div>\n\t\t\t\t\t<\/div>\n\t\t<\/section>\n\t\t\t\t<section class=\"elementor-section elementor-top-section elementor-element elementor-element-b28ac47 elementor-section-height-min-height elementor-section-boxed elementor-section-height-default elementor-section-items-middle\" data-id=\"b28ac47\" data-element_type=\"section\" data-e-type=\"section\" data-settings=\"{&quot;background_background&quot;:&quot;classic&quot;}\">\n\t\t\t\t\t\t\t<div class=\"elementor-background-overlay\"><\/div>\n\t\t\t\t\t\t\t<div class=\"elementor-container elementor-column-gap-default\">\n\t\t\t\t\t<div class=\"elementor-column elementor-col-100 elementor-top-column elementor-element elementor-element-88fba06\" data-id=\"88fba06\" data-element_type=\"column\" data-e-type=\"column\">\n\t\t\t<div class=\"elementor-widget-wrap elementor-element-populated\">\n\t\t\t\t\t\t<div class=\"elementor-element elementor-element-7e65226 elementor-widget elementor-widget-heading\" data-id=\"7e65226\" data-element_type=\"widget\" data-e-type=\"widget\" data-widget_type=\"heading.default\">\n\t\t\t\t\t<h2 class=\"elementor-heading-title elementor-size-large\">Seguinos en nuestras redes<\/h2>\t\t\t\t<\/div>\n\t\t\t\t<div class=\"elementor-element elementor-element-c37b7ef elementor-shape-circle e-grid-align-tablet-center e-grid-align-mobile-center e-grid-align-left elementor-grid-0 elementor-widget elementor-widget-social-icons\" data-id=\"c37b7ef\" data-element_type=\"widget\" data-e-type=\"widget\" data-widget_type=\"social-icons.default\">\n\t\t\t\t\t\t\t<div class=\"elementor-social-icons-wrapper elementor-grid\" role=\"list\">\n\t\t\t\t\t\t\t<span class=\"elementor-grid-item\" role=\"listitem\">\n\t\t\t\t\t<a class=\"elementor-icon elementor-social-icon elementor-social-icon-facebook-f elementor-repeater-item-lf5yt4c\" href=\"https:\/\/www.facebook.com\/ConsultoraDelfos\" target=\"_blank\">\n\t\t\t\t\t\t<span class=\"elementor-screen-only\">Facebook-f<\/span>\n\t\t\t\t\t\t<i aria-hidden=\"true\" class=\"fab fa-facebook-f\"><\/i>\t\t\t\t\t<\/a>\n\t\t\t\t<\/span>\n\t\t\t\t\t\t\t<span class=\"elementor-grid-item\" role=\"listitem\">\n\t\t\t\t\t<a class=\"elementor-icon elementor-social-icon elementor-social-icon-twitter elementor-repeater-item-01xie82\" href=\"https:\/\/twitter.com\/delfoscba\" target=\"_blank\">\n\t\t\t\t\t\t<span class=\"elementor-screen-only\">Twitter<\/span>\n\t\t\t\t\t\t<i aria-hidden=\"true\" class=\"fab fa-twitter\"><\/i>\t\t\t\t\t<\/a>\n\t\t\t\t<\/span>\n\t\t\t\t\t\t\t<span class=\"elementor-grid-item\" role=\"listitem\">\n\t\t\t\t\t<a class=\"elementor-icon elementor-social-icon elementor-social-icon-linkedin elementor-repeater-item-grhvqhn\" target=\"_blank\">\n\t\t\t\t\t\t<span class=\"elementor-screen-only\">Linkedin<\/span>\n\t\t\t\t\t\t<i aria-hidden=\"true\" class=\"fab fa-linkedin\"><\/i>\t\t\t\t\t<\/a>\n\t\t\t\t<\/span>\n\t\t\t\t\t<\/div>\n\t\t\t\t\t\t<\/div>\n\t\t\t\t\t<\/div>\n\t\t<\/div>\n\t\t\t\t\t<\/div>\n\t\t<\/section>\n\t\t\t\t<\/div>\n\t\t","protected":false},"excerpt":{"rendered":"<p>Teniendo como antecedente la percepci\u00f3n del posicionamiento argentino frente al conflicto europeo, analizamos c\u00f3mo observan los argentinos el accionar del Gobierno frente a la cuesti\u00f3n Malvinas.<\/p>\n","protected":false},"author":1,"featured_media":12594,"comment_status":"open","ping_status":"open","sticky":false,"template":"","format":"standard","meta":{"_acf_changed":false,"footnotes":""},"categories":[464],"tags":[471,39,518,40,128,403,143,544,369,546,557,514,402,354,556,547,57,287,520,519,555],"class_list":["post-12587","post","type-post","status-publish","format-standard","has-post-thumbnail","hentry","category-internacional","tag-471","tag-argentina","tag-china","tag-consultora","tag-delfos","tag-derecha","tag-estados-unidos","tag-europa","tag-frente-de-todos","tag-guerra","tag-inglaterra","tag-internacional","tag-izquierda","tag-juntos-por-el-cambio","tag-malvinas","tag-nacional","tag-norman-berra","tag-peronismo","tag-putin","tag-rusia","tag-ucrania","et-has-post-format-content","et_post_format-et-post-format-standard"],"acf":[],"_links":{"self":[{"href":"https:\/\/delfoscba.com.ar\/dev\/wp-json\/wp\/v2\/posts\/12587","targetHints":{"allow":["GET"]}}],"collection":[{"href":"https:\/\/delfoscba.com.ar\/dev\/wp-json\/wp\/v2\/posts"}],"about":[{"href":"https:\/\/delfoscba.com.ar\/dev\/wp-json\/wp\/v2\/types\/post"}],"author":[{"embeddable":true,"href":"https:\/\/delfoscba.com.ar\/dev\/wp-json\/wp\/v2\/users\/1"}],"replies":[{"embeddable":true,"href":"https:\/\/delfoscba.com.ar\/dev\/wp-json\/wp\/v2\/comments?post=12587"}],"version-history":[{"count":5,"href":"https:\/\/delfoscba.com.ar\/dev\/wp-json\/wp\/v2\/posts\/12587\/revisions"}],"predecessor-version":[{"id":12599,"href":"https:\/\/delfoscba.com.ar\/dev\/wp-json\/wp\/v2\/posts\/12587\/revisions\/12599"}],"wp:featuredmedia":[{"embeddable":true,"href":"https:\/\/delfoscba.com.ar\/dev\/wp-json\/wp\/v2\/media\/12594"}],"wp:attachment":[{"href":"https:\/\/delfoscba.com.ar\/dev\/wp-json\/wp\/v2\/media?parent=12587"}],"wp:term":[{"taxonomy":"category","embeddable":true,"href":"https:\/\/delfoscba.com.ar\/dev\/wp-json\/wp\/v2\/categories?post=12587"},{"taxonomy":"post_tag","embeddable":true,"href":"https:\/\/delfoscba.com.ar\/dev\/wp-json\/wp\/v2\/tags?post=12587"}],"curies":[{"name":"wp","href":"https:\/\/api.w.org\/{rel}","templated":true}]}}