{"id":12619,"date":"2022-04-12T14:36:10","date_gmt":"2022-04-12T14:36:10","guid":{"rendered":"https:\/\/delfoscba.com.ar\/\/dev\/\/?p=12619"},"modified":"2022-04-12T15:00:19","modified_gmt":"2022-04-12T15:00:19","slug":"la-cuestion-social-en-las-encuestas","status":"publish","type":"post","link":"https:\/\/delfoscba.com.ar\/dev\/sociedad\/la-cuestion-social-en-las-encuestas\/","title":{"rendered":"La cuesti\u00f3n social en las encuestas"},"content":{"rendered":"\t\t<div data-elementor-type=\"wp-post\" data-elementor-id=\"12619\" class=\"elementor elementor-12619\" data-elementor-post-type=\"post\">\n\t\t\t\t\t\t<section class=\"elementor-section elementor-top-section elementor-element elementor-element-41498b4 elementor-section-height-min-height elementor-section-boxed elementor-section-height-default elementor-section-items-middle\" data-id=\"41498b4\" data-element_type=\"section\" data-e-type=\"section\" data-settings=\"{&quot;background_background&quot;:&quot;classic&quot;}\">\n\t\t\t\t\t\t\t<div class=\"elementor-background-overlay\"><\/div>\n\t\t\t\t\t\t\t<div class=\"elementor-container elementor-column-gap-no\">\n\t\t\t\t\t<div class=\"elementor-column elementor-col-100 elementor-top-column elementor-element elementor-element-a18ac89\" data-id=\"a18ac89\" data-element_type=\"column\" data-e-type=\"column\">\n\t\t\t<div class=\"elementor-widget-wrap elementor-element-populated\">\n\t\t\t\t\t\t<div class=\"elementor-element elementor-element-e493600 elementor-widget elementor-widget-heading\" data-id=\"e493600\" data-element_type=\"widget\" data-e-type=\"widget\" data-widget_type=\"heading.default\">\n\t\t\t\t\t<h2 class=\"elementor-heading-title elementor-size-large\">SOCIEDAD<\/h2>\t\t\t\t<\/div>\n\t\t\t\t\t<\/div>\n\t\t<\/div>\n\t\t\t\t\t<\/div>\n\t\t<\/section>\n\t\t\t\t<section class=\"elementor-section elementor-top-section elementor-element elementor-element-7dafb6e4 elementor-section-boxed elementor-section-height-default elementor-section-height-default\" data-id=\"7dafb6e4\" data-element_type=\"section\" data-e-type=\"section\">\n\t\t\t\t\t\t<div class=\"elementor-container elementor-column-gap-default\">\n\t\t\t\t\t<div class=\"elementor-column elementor-col-100 elementor-top-column elementor-element elementor-element-38ae5a14\" data-id=\"38ae5a14\" data-element_type=\"column\" data-e-type=\"column\">\n\t\t\t<div class=\"elementor-widget-wrap elementor-element-populated\">\n\t\t\t\t\t\t<div class=\"elementor-element elementor-element-f8a3207 elementor-widget elementor-widget-author-box\" data-id=\"f8a3207\" data-element_type=\"widget\" data-e-type=\"widget\" data-widget_type=\"author-box.default\">\n\t\t\t\t\t\t\t<div class=\"elementor-author-box\">\n\t\t\t\t\t\t\t<a href=\"https:\/\/delfoscba.com.ar\/\/dev\/\/nosotros\/\" class=\"elementor-author-box__avatar\">\n\t\t\t\t\t<img decoding=\"async\" src=\"https:\/\/delfoscba.com.ar\/dev\/wp-content\/uploads\/2021\/02\/norman-250x250-1.jpg\" alt=\"Picture of Norman Berra\" loading=\"lazy\">\n\t\t\t\t<\/a>\n\t\t\t\n\t\t\t<div class=\"elementor-author-box__text\">\n\t\t\t\t\t\t\t\t\t<a href=\"https:\/\/delfoscba.com.ar\/\/dev\/\/nosotros\/\">\n\t\t\t\t\t\t<h4 class=\"elementor-author-box__name\">\n\t\t\t\t\t\t\tNorman Berra\t\t\t\t\t\t<\/h4>\n\t\t\t\t\t<\/a>\n\t\t\t\t\n\t\t\t\t\t\t\t\t\t<div class=\"elementor-author-box__bio\">\n\t\t\t\t\t\t<p>L\u00edder de proyectos<\/p>\n\t\t\t\t\t<\/div>\n\t\t\t\t\n\t\t\t\t\t\t\t<\/div>\n\t\t<\/div>\n\t\t\t\t\t\t<\/div>\n\t\t\t\t<div class=\"elementor-element elementor-element-7aefe4b4 elementor-widget elementor-widget-text-editor\" data-id=\"7aefe4b4\" data-element_type=\"widget\" data-e-type=\"widget\" data-widget_type=\"text-editor.default\">\n\t\t\t\t\t\t\t\t\t<p><a href=\"https:\/\/delfoscba.com.ar\/\/dev\/\/wp-content\/uploads\/2022\/04\/1-1.jpg\"><img fetchpriority=\"high\" decoding=\"async\" class=\"aligncenter wp-image-12620 size-large\" src=\"https:\/\/delfoscba.com.ar\/\/dev\/\/wp-content\/uploads\/2022\/04\/1-1-1024x594.jpg\" alt=\"\" width=\"1024\" height=\"594\" srcset=\"https:\/\/delfoscba.com.ar\/dev\/wp-content\/uploads\/2022\/04\/1-1-1024x594.jpg 1024w, https:\/\/delfoscba.com.ar\/dev\/wp-content\/uploads\/2022\/04\/1-1-300x174.jpg 300w, https:\/\/delfoscba.com.ar\/dev\/wp-content\/uploads\/2022\/04\/1-1-768x445.jpg 768w, https:\/\/delfoscba.com.ar\/dev\/wp-content\/uploads\/2022\/04\/1-1.jpg 1080w\" sizes=\"(max-width: 1024px) 100vw, 1024px\" \/><\/a><\/p><p>En las \u00faltimas semanas, el acampe de diversas organizaciones y movimientos piqueteros en protesta por la decisi\u00f3n del ministro de Desarrollo Social Juan Zabaleta puso sobre el tapete la cuesti\u00f3n social. El funcionario defini\u00f3 que esa cartera no iba a otorgar m\u00e1s planes, sino que en lugar de ello incrementar\u00eda los programas vinculados a la generaci\u00f3n de empleo. \u00bfQu\u00e9 dicen las \u00faltimas encuestas al respecto? Seg\u00fan una reciente medici\u00f3n de las consultoras Grupo de Opini\u00f3n P\u00fablica (GOP) y Trespuntozero, casi 2 de cada 3 electores argentinos (65,2%) se muestra muy o bastante de acuerdo con ese planteo de Zabaleta, mientras que 27,3% est\u00e1 poco o nada de acuerdo. Profundizando en el an\u00e1lisis, cuando se hace la apertura por la variable clase social para hacer foco en las opiniones de los sectores medios, el aval crece levemente hasta 67,8% (gr\u00e1fico arriba). La variaci\u00f3n no resulta estad\u00edsticamente significativa respecto a la tendencia general, y confirma que la decisi\u00f3n ministerial va en sinton\u00eda con el sentir mayoritario al respecto.<\/p><p><a href=\"https:\/\/delfoscba.com.ar\/\/dev\/\/wp-content\/uploads\/2022\/04\/2-1.jpg\"><img decoding=\"async\" class=\"aligncenter wp-image-12621 size-large\" src=\"https:\/\/delfoscba.com.ar\/\/dev\/\/wp-content\/uploads\/2022\/04\/2-1-1024x594.jpg\" alt=\"\" width=\"1024\" height=\"594\" srcset=\"https:\/\/delfoscba.com.ar\/dev\/wp-content\/uploads\/2022\/04\/2-1-1024x594.jpg 1024w, https:\/\/delfoscba.com.ar\/dev\/wp-content\/uploads\/2022\/04\/2-1-300x174.jpg 300w, https:\/\/delfoscba.com.ar\/dev\/wp-content\/uploads\/2022\/04\/2-1-768x446.jpg 768w, https:\/\/delfoscba.com.ar\/dev\/wp-content\/uploads\/2022\/04\/2-1.jpg 1080w\" sizes=\"(max-width: 1024px) 100vw, 1024px\" \/><\/a><\/p><p>Cuando se agrega al an\u00e1lisis la variable voto anterior, se detecta que 63% de los votantes de Mauricio Macri en 2019 se muestra de acuerdo con la propuesta del ministro, apoyo que crece 10,4 puntos porcentuales entre los electores de Alberto Fern\u00e1ndez (gr\u00e1fico arriba). As\u00ed, aunque hay cierto matiz, el acuerdo claramente atraviesa la \u201cgrieta\u201d, pues el disenso en ambas segmentaciones pol\u00edticas apenas ronda entre 30% y 22%, respectivamente.<\/p><p><a href=\"https:\/\/delfoscba.com.ar\/\/dev\/\/wp-content\/uploads\/2022\/04\/3-1.jpg\"><img decoding=\"async\" class=\"aligncenter wp-image-12622 size-large\" src=\"https:\/\/delfoscba.com.ar\/\/dev\/\/wp-content\/uploads\/2022\/04\/3-1-1024x734.jpg\" alt=\"\" width=\"1024\" height=\"734\" srcset=\"https:\/\/delfoscba.com.ar\/dev\/wp-content\/uploads\/2022\/04\/3-1-1024x734.jpg 1024w, https:\/\/delfoscba.com.ar\/dev\/wp-content\/uploads\/2022\/04\/3-1-300x215.jpg 300w, https:\/\/delfoscba.com.ar\/dev\/wp-content\/uploads\/2022\/04\/3-1-768x550.jpg 768w, https:\/\/delfoscba.com.ar\/dev\/wp-content\/uploads\/2022\/04\/3-1.jpg 1080w\" sizes=\"(max-width: 1024px) 100vw, 1024px\" \/><\/a><\/p><p>Esa mirada tiene que ver con un contexto de opini\u00f3n p\u00fablica en el cual los planes sociales tienen un consenso m\u00f3dico. Seg\u00fan la \u00faltima encuesta de la consultora Anal\u00eda del Franco en el \u00c1rea Metropolitana de Buenos Aires (AMBA, uno de los focos del acampe), 2 de cada 3 electores de ese conglomerado est\u00e1 a favor de los planes, pero un 52,3% acota su favorabilidad a que se los aplique de manera acotada. Apenas un cuarto (25,3%) se muestra decididamente en contra y casi 7% no tiene una postura definida. Las opiniones se mantienen estables entre febrero y marzo (gr\u00e1fico arriba).<\/p><p><a href=\"https:\/\/delfoscba.com.ar\/\/dev\/\/wp-content\/uploads\/2022\/04\/4-1.jpg\"><img loading=\"lazy\" decoding=\"async\" class=\"aligncenter wp-image-12623 size-large\" src=\"https:\/\/delfoscba.com.ar\/\/dev\/\/wp-content\/uploads\/2022\/04\/4-1-1024x576.jpg\" alt=\"\" width=\"1024\" height=\"576\" srcset=\"https:\/\/delfoscba.com.ar\/dev\/wp-content\/uploads\/2022\/04\/4-1-1024x576.jpg 1024w, https:\/\/delfoscba.com.ar\/dev\/wp-content\/uploads\/2022\/04\/4-1-300x169.jpg 300w, https:\/\/delfoscba.com.ar\/dev\/wp-content\/uploads\/2022\/04\/4-1-768x432.jpg 768w, https:\/\/delfoscba.com.ar\/dev\/wp-content\/uploads\/2022\/04\/4-1-1080x608.jpg 1080w, https:\/\/delfoscba.com.ar\/dev\/wp-content\/uploads\/2022\/04\/4-1.jpg 1200w\" sizes=\"(max-width: 1024px) 100vw, 1024px\" \/><\/a><\/p><p>Con alg\u00fan matiz, ese patr\u00f3n tambi\u00e9n aparece al medir ya no planes sociales en general sino un derecho de m\u00e1s larga data, como la Asignaci\u00f3n Universal por Hijo (AUH). El Instituto de Ciencias Sociales y Disciplinas Proyectuales (INSOD) de la Universidad Argentina de la Empresa (UADE) realiz\u00f3 una encuesta online entre ciudadanos de nivel socioecon\u00f3mico medio y medio-alto de la Ciudad Aut\u00f3noma de Buenos Aires (CABA) y localidades del conurbano bonaerense (GBA). Casi 7 de cada 10 (69%) consideraron que limitar el uso de la AUH mejorar\u00eda la implementaci\u00f3n del beneficio, mientras que 16% consider\u00f3 que es indistinto y 12% se mostr\u00f3 en contra de cualquier limitaci\u00f3n (gr\u00e1fico arriba). Con respecto a uno de los impactos principales asociados a la AUH (mantener la escolarizaci\u00f3n de los beneficiarios), el 28% se mostr\u00f3 muy o algo de acuerdo, pero casi 60% estuvo algo o muy en desacuerdo; 14% se mostr\u00f3 equidistante (gr\u00e1fico abajo).<\/p><p><a href=\"https:\/\/delfoscba.com.ar\/\/dev\/\/wp-content\/uploads\/2022\/04\/5-1.jpg\"><img loading=\"lazy\" decoding=\"async\" class=\"aligncenter wp-image-12624 size-large\" src=\"https:\/\/delfoscba.com.ar\/\/dev\/\/wp-content\/uploads\/2022\/04\/5-1-1024x591.jpg\" alt=\"\" width=\"1024\" height=\"591\" srcset=\"https:\/\/delfoscba.com.ar\/dev\/wp-content\/uploads\/2022\/04\/5-1-1024x591.jpg 1024w, https:\/\/delfoscba.com.ar\/dev\/wp-content\/uploads\/2022\/04\/5-1-300x173.jpg 300w, https:\/\/delfoscba.com.ar\/dev\/wp-content\/uploads\/2022\/04\/5-1-768x443.jpg 768w, https:\/\/delfoscba.com.ar\/dev\/wp-content\/uploads\/2022\/04\/5-1-1080x623.jpg 1080w, https:\/\/delfoscba.com.ar\/dev\/wp-content\/uploads\/2022\/04\/5-1.jpg 1200w\" sizes=\"(max-width: 1024px) 100vw, 1024px\" \/><\/a><\/p><p>En s\u00edntesis, las encuestas realizadas a nivel pa\u00eds y en el AMBA confirman que los planes y otros beneficios en materia social cuentan con consenso mayoritario en la opini\u00f3n p\u00fablica. Sin embargo, al mismo tiempo, predomina la idea de acotarlos en t\u00e9rminos de extensi\u00f3n, lo que avala la decisi\u00f3n del Ministerio de Desarrollo Social de no seguir sumando masa a los actuales programas sino incentivar los asociados a la generaci\u00f3n de empleo, algo m\u00e1s factible ahora que parece haber pasado lo peor de la pandemia, luego de casi dos a\u00f1os en los que la ayuda estatal fue indispensable para sostener un tejido social da\u00f1ado por la crisis de 2018-2019 primero y por el Covid-19 despu\u00e9s.<\/p>\t\t\t\t\t\t\t\t<\/div>\n\t\t\t\t\t<\/div>\n\t\t<\/div>\n\t\t\t\t\t<\/div>\n\t\t<\/section>\n\t\t\t\t<section class=\"elementor-section elementor-top-section elementor-element elementor-element-b28ac47 elementor-section-height-min-height elementor-section-boxed elementor-section-height-default elementor-section-items-middle\" data-id=\"b28ac47\" data-element_type=\"section\" data-e-type=\"section\" data-settings=\"{&quot;background_background&quot;:&quot;classic&quot;}\">\n\t\t\t\t\t\t\t<div class=\"elementor-background-overlay\"><\/div>\n\t\t\t\t\t\t\t<div class=\"elementor-container elementor-column-gap-default\">\n\t\t\t\t\t<div class=\"elementor-column elementor-col-100 elementor-top-column elementor-element elementor-element-88fba06\" data-id=\"88fba06\" data-element_type=\"column\" data-e-type=\"column\">\n\t\t\t<div class=\"elementor-widget-wrap elementor-element-populated\">\n\t\t\t\t\t\t<div class=\"elementor-element elementor-element-7e65226 elementor-widget elementor-widget-heading\" data-id=\"7e65226\" data-element_type=\"widget\" data-e-type=\"widget\" data-widget_type=\"heading.default\">\n\t\t\t\t\t<h2 class=\"elementor-heading-title elementor-size-large\">Seguinos en nuestras redes<\/h2>\t\t\t\t<\/div>\n\t\t\t\t<div class=\"elementor-element elementor-element-c37b7ef elementor-shape-circle e-grid-align-tablet-center e-grid-align-mobile-center e-grid-align-left elementor-grid-0 elementor-widget elementor-widget-social-icons\" data-id=\"c37b7ef\" data-element_type=\"widget\" data-e-type=\"widget\" data-widget_type=\"social-icons.default\">\n\t\t\t\t\t\t\t<div class=\"elementor-social-icons-wrapper elementor-grid\" role=\"list\">\n\t\t\t\t\t\t\t<span class=\"elementor-grid-item\" role=\"listitem\">\n\t\t\t\t\t<a class=\"elementor-icon elementor-social-icon elementor-social-icon-facebook-f elementor-repeater-item-lf5yt4c\" href=\"https:\/\/www.facebook.com\/ConsultoraDelfos\" target=\"_blank\">\n\t\t\t\t\t\t<span class=\"elementor-screen-only\">Facebook-f<\/span>\n\t\t\t\t\t\t<i aria-hidden=\"true\" class=\"fab fa-facebook-f\"><\/i>\t\t\t\t\t<\/a>\n\t\t\t\t<\/span>\n\t\t\t\t\t\t\t<span class=\"elementor-grid-item\" role=\"listitem\">\n\t\t\t\t\t<a class=\"elementor-icon elementor-social-icon elementor-social-icon-twitter elementor-repeater-item-01xie82\" href=\"https:\/\/twitter.com\/delfoscba\" target=\"_blank\">\n\t\t\t\t\t\t<span class=\"elementor-screen-only\">Twitter<\/span>\n\t\t\t\t\t\t<i aria-hidden=\"true\" class=\"fab fa-twitter\"><\/i>\t\t\t\t\t<\/a>\n\t\t\t\t<\/span>\n\t\t\t\t\t\t\t<span class=\"elementor-grid-item\" role=\"listitem\">\n\t\t\t\t\t<a class=\"elementor-icon elementor-social-icon elementor-social-icon-linkedin elementor-repeater-item-grhvqhn\" target=\"_blank\">\n\t\t\t\t\t\t<span class=\"elementor-screen-only\">Linkedin<\/span>\n\t\t\t\t\t\t<i aria-hidden=\"true\" class=\"fab fa-linkedin\"><\/i>\t\t\t\t\t<\/a>\n\t\t\t\t<\/span>\n\t\t\t\t\t<\/div>\n\t\t\t\t\t\t<\/div>\n\t\t\t\t\t<\/div>\n\t\t<\/div>\n\t\t\t\t\t<\/div>\n\t\t<\/section>\n\t\t\t\t<\/div>\n\t\t","protected":false},"excerpt":{"rendered":"<p>Frente a la intenci\u00f3n gubernamental de comenzar a dejar de lado los planes y los acampes, analizamos la repercusi\u00f3n entre los argentinos de la cuesti\u00f3n social en nuestro pa\u00eds.<\/p>\n","protected":false},"author":1,"featured_media":12625,"comment_status":"open","ping_status":"open","sticky":false,"template":"","format":"standard","meta":{"_acf_changed":false,"footnotes":""},"categories":[4],"tags":[471,39,567,40,128,454,568,57,566,564,112,565],"class_list":["post-12619","post","type-post","status-publish","format-standard","has-post-thumbnail","hentry","category-sociedad","tag-471","tag-argentina","tag-auh","tag-consultora","tag-delfos","tag-fernandez","tag-ministerio-de-desarrollo-social","tag-norman-berra","tag-planes","tag-social","tag-trabajo","tag-zabaleta","et-has-post-format-content","et_post_format-et-post-format-standard"],"acf":[],"_links":{"self":[{"href":"https:\/\/delfoscba.com.ar\/dev\/wp-json\/wp\/v2\/posts\/12619","targetHints":{"allow":["GET"]}}],"collection":[{"href":"https:\/\/delfoscba.com.ar\/dev\/wp-json\/wp\/v2\/posts"}],"about":[{"href":"https:\/\/delfoscba.com.ar\/dev\/wp-json\/wp\/v2\/types\/post"}],"author":[{"embeddable":true,"href":"https:\/\/delfoscba.com.ar\/dev\/wp-json\/wp\/v2\/users\/1"}],"replies":[{"embeddable":true,"href":"https:\/\/delfoscba.com.ar\/dev\/wp-json\/wp\/v2\/comments?post=12619"}],"version-history":[{"count":7,"href":"https:\/\/delfoscba.com.ar\/dev\/wp-json\/wp\/v2\/posts\/12619\/revisions"}],"predecessor-version":[{"id":12632,"href":"https:\/\/delfoscba.com.ar\/dev\/wp-json\/wp\/v2\/posts\/12619\/revisions\/12632"}],"wp:featuredmedia":[{"embeddable":true,"href":"https:\/\/delfoscba.com.ar\/dev\/wp-json\/wp\/v2\/media\/12625"}],"wp:attachment":[{"href":"https:\/\/delfoscba.com.ar\/dev\/wp-json\/wp\/v2\/media?parent=12619"}],"wp:term":[{"taxonomy":"category","embeddable":true,"href":"https:\/\/delfoscba.com.ar\/dev\/wp-json\/wp\/v2\/categories?post=12619"},{"taxonomy":"post_tag","embeddable":true,"href":"https:\/\/delfoscba.com.ar\/dev\/wp-json\/wp\/v2\/tags?post=12619"}],"curies":[{"name":"wp","href":"https:\/\/api.w.org\/{rel}","templated":true}]}}