{"id":12636,"date":"2022-04-18T15:35:43","date_gmt":"2022-04-18T15:35:43","guid":{"rendered":"https:\/\/delfoscba.com.ar\/\/dev\/\/?p=12636"},"modified":"2022-04-18T15:42:04","modified_gmt":"2022-04-18T15:42:04","slug":"la-carrera-al-2023-en-las-encuestas-el-factor-libertario","status":"publish","type":"post","link":"https:\/\/delfoscba.com.ar\/dev\/politica\/la-carrera-al-2023-en-las-encuestas-el-factor-libertario\/","title":{"rendered":"La carrera al 2023 en las encuestas: el factor libertario"},"content":{"rendered":"\t\t<div data-elementor-type=\"wp-post\" data-elementor-id=\"12636\" class=\"elementor elementor-12636\" data-elementor-post-type=\"post\">\n\t\t\t\t\t\t<section class=\"elementor-section elementor-top-section elementor-element elementor-element-41498b4 elementor-section-height-min-height elementor-section-boxed elementor-section-height-default elementor-section-items-middle\" data-id=\"41498b4\" data-element_type=\"section\" data-e-type=\"section\" data-settings=\"{&quot;background_background&quot;:&quot;classic&quot;}\">\n\t\t\t\t\t\t\t<div class=\"elementor-background-overlay\"><\/div>\n\t\t\t\t\t\t\t<div class=\"elementor-container elementor-column-gap-no\">\n\t\t\t\t\t<div class=\"elementor-column elementor-col-100 elementor-top-column elementor-element elementor-element-a18ac89\" data-id=\"a18ac89\" data-element_type=\"column\" data-e-type=\"column\">\n\t\t\t<div class=\"elementor-widget-wrap elementor-element-populated\">\n\t\t\t\t\t\t<div class=\"elementor-element elementor-element-e493600 elementor-widget elementor-widget-heading\" data-id=\"e493600\" data-element_type=\"widget\" data-e-type=\"widget\" data-widget_type=\"heading.default\">\n\t\t\t\t\t<h2 class=\"elementor-heading-title elementor-size-large\">POL\u00cdTICA<\/h2>\t\t\t\t<\/div>\n\t\t\t\t\t<\/div>\n\t\t<\/div>\n\t\t\t\t\t<\/div>\n\t\t<\/section>\n\t\t\t\t<section class=\"elementor-section elementor-top-section elementor-element elementor-element-7dafb6e4 elementor-section-boxed elementor-section-height-default elementor-section-height-default\" data-id=\"7dafb6e4\" data-element_type=\"section\" data-e-type=\"section\">\n\t\t\t\t\t\t<div class=\"elementor-container elementor-column-gap-default\">\n\t\t\t\t\t<div class=\"elementor-column elementor-col-100 elementor-top-column elementor-element elementor-element-38ae5a14\" data-id=\"38ae5a14\" data-element_type=\"column\" data-e-type=\"column\">\n\t\t\t<div class=\"elementor-widget-wrap elementor-element-populated\">\n\t\t\t\t\t\t<div class=\"elementor-element elementor-element-f8a3207 elementor-widget elementor-widget-author-box\" data-id=\"f8a3207\" data-element_type=\"widget\" data-e-type=\"widget\" data-widget_type=\"author-box.default\">\n\t\t\t\t\t\t\t<div class=\"elementor-author-box\">\n\t\t\t\t\t\t\t<a href=\"https:\/\/delfoscba.com.ar\/\/dev\/\/nosotros\/\" class=\"elementor-author-box__avatar\">\n\t\t\t\t\t<img decoding=\"async\" src=\"https:\/\/delfoscba.com.ar\/dev\/wp-content\/uploads\/2021\/02\/norman-250x250-1.jpg\" alt=\"Picture of Norman Berra\" loading=\"lazy\">\n\t\t\t\t<\/a>\n\t\t\t\n\t\t\t<div class=\"elementor-author-box__text\">\n\t\t\t\t\t\t\t\t\t<a href=\"https:\/\/delfoscba.com.ar\/\/dev\/\/nosotros\/\">\n\t\t\t\t\t\t<h4 class=\"elementor-author-box__name\">\n\t\t\t\t\t\t\tNorman Berra\t\t\t\t\t\t<\/h4>\n\t\t\t\t\t<\/a>\n\t\t\t\t\n\t\t\t\t\t\t\t\t\t<div class=\"elementor-author-box__bio\">\n\t\t\t\t\t\t<p>L\u00edder de proyectos<\/p>\n\t\t\t\t\t<\/div>\n\t\t\t\t\n\t\t\t\t\t\t\t<\/div>\n\t\t<\/div>\n\t\t\t\t\t\t<\/div>\n\t\t\t\t<div class=\"elementor-element elementor-element-7aefe4b4 elementor-widget elementor-widget-text-editor\" data-id=\"7aefe4b4\" data-element_type=\"widget\" data-e-type=\"widget\" data-widget_type=\"text-editor.default\">\n\t\t\t\t\t\t\t\t\t<p><a href=\"https:\/\/delfoscba.com.ar\/\/dev\/\/wp-content\/uploads\/2022\/04\/1-2.jpg\"><img fetchpriority=\"high\" decoding=\"async\" class=\"aligncenter wp-image-12637 size-large\" src=\"https:\/\/delfoscba.com.ar\/\/dev\/\/wp-content\/uploads\/2022\/04\/1-2-1024x517.jpg\" alt=\"\" width=\"1024\" height=\"517\" srcset=\"https:\/\/delfoscba.com.ar\/dev\/wp-content\/uploads\/2022\/04\/1-2-1024x517.jpg 1024w, https:\/\/delfoscba.com.ar\/dev\/wp-content\/uploads\/2022\/04\/1-2-300x151.jpg 300w, https:\/\/delfoscba.com.ar\/dev\/wp-content\/uploads\/2022\/04\/1-2-768x388.jpg 768w, https:\/\/delfoscba.com.ar\/dev\/wp-content\/uploads\/2022\/04\/1-2-1080x545.jpg 1080w, https:\/\/delfoscba.com.ar\/dev\/wp-content\/uploads\/2022\/04\/1-2.jpg 1242w\" sizes=\"(max-width: 1024px) 100vw, 1024px\" \/><\/a><\/p><p>En las \u00faltimas semanas, uno de los temas de la agenda preelectoral fue el avance de Javier Milei en las encuestas. \u00bfQu\u00e9 dicen las \u00faltimas mediciones de intenci\u00f3n de voto de cara al turno electoral 2023? Seg\u00fan el promedio ponderado de los \u00faltimos 10 estudios nacionales, el Frente de Todos (FDT) y Juntos por el Cambio (JXC) empatan con 33%, mientras que el sello libertario ronda el 13%, la izquierda 3% y otras listas 4%, con 13% de indecisos + votos en blanco. En ese marco, la encuesta m\u00e1s representativa de la serie es la m\u00e1s reciente de Opinaia, que ubica al FDT con 31%, JXC con 30% y la suma de Javier Milei y Jos\u00e9 Luis Espert en 20%, en este caso por encima del promedio (gr\u00e1fico arriba). Un resultado similar arroja la variable de ola ganadora: 32% cree que el pr\u00f3ximo presidente ser\u00e1 cambiemita, 31% piensa que ser\u00e1 del FDT y 14% opina que ser\u00e1 libertario, con 21% de no sabe (gr\u00e1fico abajo).<\/p><p><a href=\"https:\/\/delfoscba.com.ar\/\/dev\/\/wp-content\/uploads\/2022\/04\/2-2.jpg\"><img decoding=\"async\" class=\"aligncenter wp-image-12638 size-full\" src=\"https:\/\/delfoscba.com.ar\/\/dev\/\/wp-content\/uploads\/2022\/04\/2-2.jpg\" alt=\"\" width=\"862\" height=\"447\" srcset=\"https:\/\/delfoscba.com.ar\/dev\/wp-content\/uploads\/2022\/04\/2-2.jpg 862w, https:\/\/delfoscba.com.ar\/dev\/wp-content\/uploads\/2022\/04\/2-2-300x156.jpg 300w, https:\/\/delfoscba.com.ar\/dev\/wp-content\/uploads\/2022\/04\/2-2-768x398.jpg 768w\" sizes=\"(max-width: 862px) 100vw, 862px\" \/><\/a><\/p><p>Si comparamos la media de intenci\u00f3n de voto con el resultado de noviembre de 2021, cuando el FDT alcanz\u00f3 35%, vemos que el oficialismo sostiene su caudal, que se ubica en el mismo orden de magnitud que el segmento de electores que se define como oficialista: 34,2% seg\u00fan la \u00faltima encuesta de consultora Analog\u00edas (gr\u00e1fico abajo). \u00a0<\/p><p><a href=\"https:\/\/delfoscba.com.ar\/\/dev\/\/wp-content\/uploads\/2022\/04\/3-2.jpg\"><img decoding=\"async\" class=\"aligncenter wp-image-12639 size-full\" src=\"https:\/\/delfoscba.com.ar\/\/dev\/\/wp-content\/uploads\/2022\/04\/3-2.jpg\" alt=\"\" width=\"730\" height=\"412\" srcset=\"https:\/\/delfoscba.com.ar\/dev\/wp-content\/uploads\/2022\/04\/3-2.jpg 730w, https:\/\/delfoscba.com.ar\/dev\/wp-content\/uploads\/2022\/04\/3-2-300x169.jpg 300w\" sizes=\"(max-width: 730px) 100vw, 730px\" \/><\/a><\/p><p>Al contrario, cuando se compara el promedio que ronda JXC contra el resultado de la \u00faltima elecci\u00f3n de medio t\u00e9rmino, cuando esa fuerza alcanz\u00f3 42% de los votos, se observa que cede 9 puntos porcentuales que se trasladan mayoritariamente a los libertarios. Esto aporta una primera clave de explicaci\u00f3n del actual debate interno en JXC entre sectores que apuestan a hacer foco en las electores moderados vs aquellos (como Mauricio Macri y Patricia Bullrich) a favor de ampliar la coalici\u00f3n hacia la derecha para sumar esos votos en lugar de sufrir un potencial drenaje en 2023 (aun cuando eso plantee el riesgo de ruptura con el ala cambiemita que prefiere el centro, como Horacio Rodr\u00edguez Larreta y el radicalismo referenciado en Gerardo Morales). As\u00ed, se plantea una situaci\u00f3n singular: al mismo tiempo que el oficialismo est\u00e1 atravesado por una fuerte interna entre el sector con mayor caudal dentro de la coalici\u00f3n (el kirchnerismo) y el ala moderada por el rumbo de la pol\u00edtica econ\u00f3mica, al interior de la coalici\u00f3n opositora se dirime un debate similar. Esas disputas no aparecen saldadas cuando se mide el perfil pol\u00edtico esperado del pr\u00f3ximo presidente, seg\u00fan la \u00faltima encuesta de D\u00b4Alessio\/IROL (gr\u00e1fico abajo).<\/p><p><a href=\"https:\/\/delfoscba.com.ar\/\/dev\/\/wp-content\/uploads\/2022\/04\/4-2.jpg\"><img loading=\"lazy\" decoding=\"async\" class=\"aligncenter wp-image-12640 size-large\" src=\"https:\/\/delfoscba.com.ar\/\/dev\/\/wp-content\/uploads\/2022\/04\/4-2-1024x561.jpg\" alt=\"\" width=\"1024\" height=\"561\" srcset=\"https:\/\/delfoscba.com.ar\/dev\/wp-content\/uploads\/2022\/04\/4-2-1024x561.jpg 1024w, https:\/\/delfoscba.com.ar\/dev\/wp-content\/uploads\/2022\/04\/4-2-300x165.jpg 300w, https:\/\/delfoscba.com.ar\/dev\/wp-content\/uploads\/2022\/04\/4-2-768x421.jpg 768w, https:\/\/delfoscba.com.ar\/dev\/wp-content\/uploads\/2022\/04\/4-2-1080x592.jpg 1080w, https:\/\/delfoscba.com.ar\/dev\/wp-content\/uploads\/2022\/04\/4-2.jpg 1200w\" sizes=\"(max-width: 1024px) 100vw, 1024px\" \/><\/a><\/p><p>La situaci\u00f3n cambia parcialmente en el distrito de mayor peso, provincia de Buenos Aires (PBA, que suma el 37% de los electores del padr\u00f3n nacional) cuando se mide la variable cercan\u00eda pol\u00edtica. Seg\u00fan Circuitos, dentro del FDT la vicepresidenta Cristina Fern\u00e1ndez lidera claramente, mientras que en JXC la disputa permanece abierta, en este caso entre Macri y Larreta (gr\u00e1fico abajo).<\/p><p><a href=\"https:\/\/delfoscba.com.ar\/\/dev\/\/wp-content\/uploads\/2022\/04\/5-2.jpg\"><img loading=\"lazy\" decoding=\"async\" class=\"aligncenter wp-image-12641 size-full\" src=\"https:\/\/delfoscba.com.ar\/\/dev\/\/wp-content\/uploads\/2022\/04\/5-2.jpg\" alt=\"\" width=\"720\" height=\"540\" srcset=\"https:\/\/delfoscba.com.ar\/dev\/wp-content\/uploads\/2022\/04\/5-2.jpg 720w, https:\/\/delfoscba.com.ar\/dev\/wp-content\/uploads\/2022\/04\/5-2-300x225.jpg 300w\" sizes=\"(max-width: 720px) 100vw, 720px\" \/><\/a><\/p><p>As\u00ed, hoy la irrupci\u00f3n libertaria le devuelve competitividad a la tendencia electoral de cara al pr\u00f3ximo a\u00f1o, ya que el FDT sostiene su caudal, mientras que JXC resigna una parte en torno al 10% hacia Milei y Espert. Con todo, a\u00fan el sello La Libertad Avanza (LLA) no llega a romper la polarizaci\u00f3n entre el FDT y JXC: si las primarias de 2023 fueran hoy, una de esas dos fuerzas ser\u00eda primera minor\u00eda y la otra escolta, mientras que LLA se ubicar\u00eda tercera, es decir, un resultado similar a agosto de 2015, cuando el tercero en discordia fue Unidos por una Nueva Alternativa (UNA, que alcanz\u00f3 20,56% del total con la sumatoria de Sergio Massa y Jos\u00e9 M. De la Sota). Esa tendencia en primarias permite abrir algunas hip\u00f3tesis, que la consultora Grupo de Opini\u00f3n P\u00fablica (GOP) midi\u00f3 recientemente: un escenario con Rodr\u00edguez Larreta como representante del ala moderada de JXC vs Alberto Fern\u00e1ndez queda en empate t\u00e9cnico, pues la brecha de 2,6 puntos porcentuales a favor del jefe de gobierno porte\u00f1o no resulta estad\u00edsticamente significativa (gr\u00e1fico abajo).\u00a0<\/p><p><a href=\"https:\/\/delfoscba.com.ar\/\/dev\/\/wp-content\/uploads\/2022\/04\/6-1.jpg\"><img loading=\"lazy\" decoding=\"async\" class=\"aligncenter wp-image-12642 size-full\" src=\"https:\/\/delfoscba.com.ar\/\/dev\/\/wp-content\/uploads\/2022\/04\/6-1.jpg\" alt=\"\" width=\"662\" height=\"424\" srcset=\"https:\/\/delfoscba.com.ar\/dev\/wp-content\/uploads\/2022\/04\/6-1.jpg 662w, https:\/\/delfoscba.com.ar\/dev\/wp-content\/uploads\/2022\/04\/6-1-300x192.jpg 300w\" sizes=\"(max-width: 662px) 100vw, 662px\" \/><\/a><\/p><p>Con Bullrich como candidata del ala dura de JXC, la ventaja se estira a casi 7 puntos porcentuales, cercana al empate t\u00e9cnico si se considera la covarianza estad\u00edstica impl\u00edcita en el margen de error muestral (gr\u00e1fico abajo).<\/p><p><a href=\"https:\/\/delfoscba.com.ar\/\/dev\/\/wp-content\/uploads\/2022\/04\/7.jpg\"><img loading=\"lazy\" decoding=\"async\" class=\"aligncenter wp-image-12643 size-full\" src=\"https:\/\/delfoscba.com.ar\/\/dev\/\/wp-content\/uploads\/2022\/04\/7.jpg\" alt=\"\" width=\"680\" height=\"415\" srcset=\"https:\/\/delfoscba.com.ar\/dev\/wp-content\/uploads\/2022\/04\/7.jpg 680w, https:\/\/delfoscba.com.ar\/dev\/wp-content\/uploads\/2022\/04\/7-300x183.jpg 300w\" sizes=\"(max-width: 680px) 100vw, 680px\" \/><\/a><\/p><p>En el escenario Rodr\u00edguez Larreta vs CFK, la brecha apenas var\u00eda respecto a si el candidato oficialista fuera el presidente: 5,3 pp (gr\u00e1fico abajo).<\/p><p><a href=\"https:\/\/delfoscba.com.ar\/\/dev\/\/wp-content\/uploads\/2022\/04\/8.jpg\"><img loading=\"lazy\" decoding=\"async\" class=\"aligncenter wp-image-12644 size-full\" src=\"https:\/\/delfoscba.com.ar\/\/dev\/\/wp-content\/uploads\/2022\/04\/8.jpg\" alt=\"\" width=\"666\" height=\"435\" srcset=\"https:\/\/delfoscba.com.ar\/dev\/wp-content\/uploads\/2022\/04\/8.jpg 666w, https:\/\/delfoscba.com.ar\/dev\/wp-content\/uploads\/2022\/04\/8-300x196.jpg 300w\" sizes=\"(max-width: 666px) 100vw, 666px\" \/><\/a><\/p><p>En tanto, con Bullrich compitiendo contra CFK la brecha ronda 6 puntos porcentuales (gr\u00e1fico abajo).<\/p><p><a href=\"https:\/\/delfoscba.com.ar\/\/dev\/\/wp-content\/uploads\/2022\/04\/9.jpg\"><img loading=\"lazy\" decoding=\"async\" class=\"aligncenter wp-image-12645 size-full\" src=\"https:\/\/delfoscba.com.ar\/\/dev\/\/wp-content\/uploads\/2022\/04\/9.jpg\" alt=\"\" width=\"685\" height=\"428\" srcset=\"https:\/\/delfoscba.com.ar\/dev\/wp-content\/uploads\/2022\/04\/9.jpg 685w, https:\/\/delfoscba.com.ar\/dev\/wp-content\/uploads\/2022\/04\/9-300x187.jpg 300w, https:\/\/delfoscba.com.ar\/dev\/wp-content\/uploads\/2022\/04\/9-400x250.jpg 400w\" sizes=\"(max-width: 685px) 100vw, 685px\" \/><\/a><\/p><p>En s\u00edntesis, las encuestas muestran que hoy la irrupci\u00f3n libertaria afecta sobre todo a JXC, que resigna caudal mientras que el FDT lo sostiene. Adem\u00e1s, a tenor de estas cifras, a\u00fan no queda claro si a la alianza opositora le conviene profundizar su desplazamiento a la derecha o apostar al centro moderado. Por otro lado, Milei como representante del sello libertario no logra todav\u00eda romper la polarizaci\u00f3n: en rigor, su figura genera una situaci\u00f3n de mayor competitividad entre el oficialismo y JXC, al punto de perfilar un escenario de empate t\u00e9cnico de cara a una eventual primaria y acotar la ventaja opositora por debajo de los 10 puntos porcentuales en escenarios de primera vuelta. Si el turno electoral fuera ahora ser\u00eda necesario un ballotage para definir al nuevo presidente, hip\u00f3tesis que ninguna encuesta reciente midi\u00f3 hasta hoy.\u00a0<\/p>\t\t\t\t\t\t\t\t<\/div>\n\t\t\t\t\t<\/div>\n\t\t<\/div>\n\t\t\t\t\t<\/div>\n\t\t<\/section>\n\t\t\t\t<section class=\"elementor-section elementor-top-section elementor-element elementor-element-b28ac47 elementor-section-height-min-height elementor-section-boxed elementor-section-height-default elementor-section-items-middle\" data-id=\"b28ac47\" data-element_type=\"section\" data-e-type=\"section\" data-settings=\"{&quot;background_background&quot;:&quot;classic&quot;}\">\n\t\t\t\t\t\t\t<div class=\"elementor-background-overlay\"><\/div>\n\t\t\t\t\t\t\t<div class=\"elementor-container elementor-column-gap-default\">\n\t\t\t\t\t<div class=\"elementor-column elementor-col-100 elementor-top-column elementor-element elementor-element-88fba06\" data-id=\"88fba06\" data-element_type=\"column\" data-e-type=\"column\">\n\t\t\t<div class=\"elementor-widget-wrap elementor-element-populated\">\n\t\t\t\t\t\t<div class=\"elementor-element elementor-element-7e65226 elementor-widget elementor-widget-heading\" data-id=\"7e65226\" data-element_type=\"widget\" data-e-type=\"widget\" data-widget_type=\"heading.default\">\n\t\t\t\t\t<h2 class=\"elementor-heading-title elementor-size-large\">Seguinos en nuestras redes<\/h2>\t\t\t\t<\/div>\n\t\t\t\t<div class=\"elementor-element elementor-element-c37b7ef elementor-shape-circle e-grid-align-tablet-center e-grid-align-mobile-center e-grid-align-left elementor-grid-0 elementor-widget elementor-widget-social-icons\" data-id=\"c37b7ef\" data-element_type=\"widget\" data-e-type=\"widget\" data-widget_type=\"social-icons.default\">\n\t\t\t\t\t\t\t<div class=\"elementor-social-icons-wrapper elementor-grid\" role=\"list\">\n\t\t\t\t\t\t\t<span class=\"elementor-grid-item\" role=\"listitem\">\n\t\t\t\t\t<a class=\"elementor-icon elementor-social-icon elementor-social-icon-facebook-f elementor-repeater-item-lf5yt4c\" href=\"https:\/\/www.facebook.com\/ConsultoraDelfos\" target=\"_blank\">\n\t\t\t\t\t\t<span class=\"elementor-screen-only\">Facebook-f<\/span>\n\t\t\t\t\t\t<i aria-hidden=\"true\" class=\"fab fa-facebook-f\"><\/i>\t\t\t\t\t<\/a>\n\t\t\t\t<\/span>\n\t\t\t\t\t\t\t<span class=\"elementor-grid-item\" role=\"listitem\">\n\t\t\t\t\t<a class=\"elementor-icon elementor-social-icon elementor-social-icon-twitter elementor-repeater-item-01xie82\" href=\"https:\/\/twitter.com\/delfoscba\" target=\"_blank\">\n\t\t\t\t\t\t<span class=\"elementor-screen-only\">Twitter<\/span>\n\t\t\t\t\t\t<i aria-hidden=\"true\" class=\"fab fa-twitter\"><\/i>\t\t\t\t\t<\/a>\n\t\t\t\t<\/span>\n\t\t\t\t\t\t\t<span class=\"elementor-grid-item\" role=\"listitem\">\n\t\t\t\t\t<a class=\"elementor-icon elementor-social-icon elementor-social-icon-linkedin elementor-repeater-item-grhvqhn\" target=\"_blank\">\n\t\t\t\t\t\t<span class=\"elementor-screen-only\">Linkedin<\/span>\n\t\t\t\t\t\t<i aria-hidden=\"true\" class=\"fab fa-linkedin\"><\/i>\t\t\t\t\t<\/a>\n\t\t\t\t<\/span>\n\t\t\t\t\t<\/div>\n\t\t\t\t\t\t<\/div>\n\t\t\t\t\t<\/div>\n\t\t<\/div>\n\t\t\t\t\t<\/div>\n\t\t<\/section>\n\t\t\t\t<\/div>\n\t\t","protected":false},"excerpt":{"rendered":"<p>Analizamos qu\u00e9 dicen las \u00faltimas mediciones de intenci\u00f3n de voto de cara al turno electoral 2023.<\/p>\n","protected":false},"author":1,"featured_media":12646,"comment_status":"open","ping_status":"open","sticky":false,"template":"","format":"standard","meta":{"_acf_changed":false,"footnotes":""},"categories":[3],"tags":[471,39,570,40,128,369,354,571,569,57,287],"class_list":["post-12636","post","type-post","status-publish","format-standard","has-post-thumbnail","hentry","category-politica","tag-471","tag-argentina","tag-carrera-presidencial","tag-consultora","tag-delfos","tag-frente-de-todos","tag-juntos-por-el-cambio","tag-libertarios","tag-milei","tag-norman-berra","tag-peronismo","et-has-post-format-content","et_post_format-et-post-format-standard"],"acf":[],"_links":{"self":[{"href":"https:\/\/delfoscba.com.ar\/dev\/wp-json\/wp\/v2\/posts\/12636","targetHints":{"allow":["GET"]}}],"collection":[{"href":"https:\/\/delfoscba.com.ar\/dev\/wp-json\/wp\/v2\/posts"}],"about":[{"href":"https:\/\/delfoscba.com.ar\/dev\/wp-json\/wp\/v2\/types\/post"}],"author":[{"embeddable":true,"href":"https:\/\/delfoscba.com.ar\/dev\/wp-json\/wp\/v2\/users\/1"}],"replies":[{"embeddable":true,"href":"https:\/\/delfoscba.com.ar\/dev\/wp-json\/wp\/v2\/comments?post=12636"}],"version-history":[{"count":4,"href":"https:\/\/delfoscba.com.ar\/dev\/wp-json\/wp\/v2\/posts\/12636\/revisions"}],"predecessor-version":[{"id":12650,"href":"https:\/\/delfoscba.com.ar\/dev\/wp-json\/wp\/v2\/posts\/12636\/revisions\/12650"}],"wp:featuredmedia":[{"embeddable":true,"href":"https:\/\/delfoscba.com.ar\/dev\/wp-json\/wp\/v2\/media\/12646"}],"wp:attachment":[{"href":"https:\/\/delfoscba.com.ar\/dev\/wp-json\/wp\/v2\/media?parent=12636"}],"wp:term":[{"taxonomy":"category","embeddable":true,"href":"https:\/\/delfoscba.com.ar\/dev\/wp-json\/wp\/v2\/categories?post=12636"},{"taxonomy":"post_tag","embeddable":true,"href":"https:\/\/delfoscba.com.ar\/dev\/wp-json\/wp\/v2\/tags?post=12636"}],"curies":[{"name":"wp","href":"https:\/\/api.w.org\/{rel}","templated":true}]}}