{"id":12663,"date":"2022-04-21T20:19:33","date_gmt":"2022-04-21T20:19:33","guid":{"rendered":"https:\/\/delfoscba.com.ar\/\/dev\/\/?p=12663"},"modified":"2022-04-21T22:04:09","modified_gmt":"2022-04-21T22:04:09","slug":"seis-intendentes-en-30-anos-como-calificaron-los-cordobeses-a-cada-una-de-las-gestiones","status":"publish","type":"post","link":"https:\/\/delfoscba.com.ar\/dev\/politica\/seis-intendentes-en-30-anos-como-calificaron-los-cordobeses-a-cada-una-de-las-gestiones\/","title":{"rendered":"Seis intendentes en 30 a\u00f1os: \u00bfC\u00f3mo calificaron los cordobeses a cada una de las gestiones?"},"content":{"rendered":"\t\t<div data-elementor-type=\"wp-post\" data-elementor-id=\"12663\" class=\"elementor elementor-12663\" data-elementor-post-type=\"post\">\n\t\t\t\t\t\t<section class=\"elementor-section elementor-top-section elementor-element elementor-element-41498b4 elementor-section-height-min-height elementor-section-boxed elementor-section-height-default elementor-section-items-middle\" data-id=\"41498b4\" data-element_type=\"section\" data-e-type=\"section\" data-settings=\"{&quot;background_background&quot;:&quot;classic&quot;}\">\n\t\t\t\t\t\t\t<div class=\"elementor-background-overlay\"><\/div>\n\t\t\t\t\t\t\t<div class=\"elementor-container elementor-column-gap-no\">\n\t\t\t\t\t<div class=\"elementor-column elementor-col-100 elementor-top-column elementor-element elementor-element-a18ac89\" data-id=\"a18ac89\" data-element_type=\"column\" data-e-type=\"column\">\n\t\t\t<div class=\"elementor-widget-wrap elementor-element-populated\">\n\t\t\t\t\t\t<div class=\"elementor-element elementor-element-e493600 elementor-widget elementor-widget-heading\" data-id=\"e493600\" data-element_type=\"widget\" data-e-type=\"widget\" data-widget_type=\"heading.default\">\n\t\t\t\t\t<h2 class=\"elementor-heading-title elementor-size-large\">POL\u00cdTICA<\/h2>\t\t\t\t<\/div>\n\t\t\t\t\t<\/div>\n\t\t<\/div>\n\t\t\t\t\t<\/div>\n\t\t<\/section>\n\t\t\t\t<section class=\"elementor-section elementor-top-section elementor-element elementor-element-7dafb6e4 elementor-section-boxed elementor-section-height-default elementor-section-height-default\" data-id=\"7dafb6e4\" data-element_type=\"section\" data-e-type=\"section\">\n\t\t\t\t\t\t<div class=\"elementor-container elementor-column-gap-default\">\n\t\t\t\t\t<div class=\"elementor-column elementor-col-100 elementor-top-column elementor-element elementor-element-38ae5a14\" data-id=\"38ae5a14\" data-element_type=\"column\" data-e-type=\"column\">\n\t\t\t<div class=\"elementor-widget-wrap elementor-element-populated\">\n\t\t\t\t\t\t<div class=\"elementor-element elementor-element-f8a3207 elementor-widget elementor-widget-author-box\" data-id=\"f8a3207\" data-element_type=\"widget\" data-e-type=\"widget\" data-widget_type=\"author-box.default\">\n\t\t\t\t\t\t\t<div class=\"elementor-author-box\">\n\t\t\t\t\t\t\t<a href=\"https:\/\/delfoscba.com.ar\/\/dev\/\/nosotros\/\" class=\"elementor-author-box__avatar\">\n\t\t\t\t\t<img decoding=\"async\" src=\"https:\/\/delfoscba.com.ar\/dev\/wp-content\/uploads\/2021\/03\/eia-1.png\" alt=\"Picture of Jos\u00e9 Gangi\" loading=\"lazy\">\n\t\t\t\t<\/a>\n\t\t\t\n\t\t\t<div class=\"elementor-author-box__text\">\n\t\t\t\t\t\t\t\t\t<a href=\"https:\/\/delfoscba.com.ar\/\/dev\/\/nosotros\/\">\n\t\t\t\t\t\t<h4 class=\"elementor-author-box__name\">\n\t\t\t\t\t\t\tJos\u00e9 Gangi\t\t\t\t\t\t<\/h4>\n\t\t\t\t\t<\/a>\n\t\t\t\t\n\t\t\t\t\t\t\t\t\t<div class=\"elementor-author-box__bio\">\n\t\t\t\t\t\t<p>Edici\u00f3n y An\u00e1lisis de informes<\/p>\n\t\t\t\t\t<\/div>\n\t\t\t\t\n\t\t\t\t\t\t\t<\/div>\n\t\t<\/div>\n\t\t\t\t\t\t<\/div>\n\t\t\t\t<div class=\"elementor-element elementor-element-7aefe4b4 elementor-widget elementor-widget-text-editor\" data-id=\"7aefe4b4\" data-element_type=\"widget\" data-e-type=\"widget\" data-widget_type=\"text-editor.default\">\n\t\t\t\t\t\t\t\t\t<p>La mejor forma de comprender las cifras del presente sobre un aspecto de la realidad es compararlas con las del pasado sobre ese mismo aspecto. De esta forma, nos aseguramos de estar comprendi\u00e9ndolas en su contexto y, en consecuencia, calific\u00e1ndolas seg\u00fan los rangos en los que han mutado esos indicadores en ese marco espacio-temporal.<\/p><p>En esta tarea, Delfos cuenta con una ventaja: tenemos en nuestros archivos datos propios sobre lo que opinaban los cordobeses desde 1991 hasta la actualidad. \u00bfPor qu\u00e9 es una ventaja? Como advertimos hace poco en una nota sobre la clase social de los cordobeses, la percepci\u00f3n del pasado puede diferir significativamente de lo que una misma persona pensaba en el momento de los hechos.<\/p><p>Por eso, tomamos datos de relevamientos realizados en la capital cordobesa en marzo de 1994, 2002, 2006, 2010, 2014 y 2022 para comparar la calificaci\u00f3n que los cordobeses le brindaban en cada momento a cada gesti\u00f3n capitalina a dos a\u00f1os y pocos meses de iniciados sus mandatos.<\/p><p><a href=\"https:\/\/delfoscba.com.ar\/\/dev\/\/wp-content\/uploads\/2022\/04\/1.1.png\"><img fetchpriority=\"high\" decoding=\"async\" class=\"aligncenter wp-image-12669 size-large\" src=\"https:\/\/delfoscba.com.ar\/\/dev\/\/wp-content\/uploads\/2022\/04\/1.1-1021x1024.png\" alt=\"\" width=\"1021\" height=\"1024\" srcset=\"https:\/\/delfoscba.com.ar\/dev\/wp-content\/uploads\/2022\/04\/1.1-1021x1024.png 1021w, https:\/\/delfoscba.com.ar\/dev\/wp-content\/uploads\/2022\/04\/1.1-300x300.png 300w, https:\/\/delfoscba.com.ar\/dev\/wp-content\/uploads\/2022\/04\/1.1-150x150.png 150w, https:\/\/delfoscba.com.ar\/dev\/wp-content\/uploads\/2022\/04\/1.1-768x770.png 768w, https:\/\/delfoscba.com.ar\/dev\/wp-content\/uploads\/2022\/04\/1.1-1080x1083.png 1080w, https:\/\/delfoscba.com.ar\/dev\/wp-content\/uploads\/2022\/04\/1.1-440x440.png 440w, https:\/\/delfoscba.com.ar\/dev\/wp-content\/uploads\/2022\/04\/1.1.png 1083w\" sizes=\"(max-width: 1021px) 100vw, 1021px\" \/><\/a><\/p><p>La primera gesti\u00f3n que comprendimos fue la del radical Rub\u00e9n Mart\u00ed, intendente de C\u00f3rdoba desde 1991 a 1999. En 1994, el 42% de los cordobeses expres\u00f3 que pose\u00eda una imagen positiva de su gobierno, mientras que un 24% afirm\u00f3 tener una regular y un 19% una imagen negativa. Un dato para destacar: nadie asever\u00f3 tener una imagen muy mala del exintendente capitalino.<\/p><p><a href=\"https:\/\/delfoscba.com.ar\/\/dev\/\/wp-content\/uploads\/2022\/04\/2.1.png\"><img decoding=\"async\" class=\"aligncenter wp-image-12670 size-large\" src=\"https:\/\/delfoscba.com.ar\/\/dev\/\/wp-content\/uploads\/2022\/04\/2.1-1021x1024.png\" alt=\"\" width=\"1021\" height=\"1024\" srcset=\"https:\/\/delfoscba.com.ar\/dev\/wp-content\/uploads\/2022\/04\/2.1-1021x1024.png 1021w, https:\/\/delfoscba.com.ar\/dev\/wp-content\/uploads\/2022\/04\/2.1-300x300.png 300w, https:\/\/delfoscba.com.ar\/dev\/wp-content\/uploads\/2022\/04\/2.1-150x150.png 150w, https:\/\/delfoscba.com.ar\/dev\/wp-content\/uploads\/2022\/04\/2.1-768x770.png 768w, https:\/\/delfoscba.com.ar\/dev\/wp-content\/uploads\/2022\/04\/2.1-1080x1083.png 1080w, https:\/\/delfoscba.com.ar\/dev\/wp-content\/uploads\/2022\/04\/2.1-440x440.png 440w, https:\/\/delfoscba.com.ar\/dev\/wp-content\/uploads\/2022\/04\/2.1.png 1083w\" sizes=\"(max-width: 1021px) 100vw, 1021px\" \/><\/a><\/p><p>Germ\u00e1n Kammerath fue el intendente que sucedi\u00f3 a Rub\u00e9n Mart\u00ed y gobern\u00f3 la ciudad entre\u00a0 1999 y 2003. A diferencia de lo sucedido con su antecesor, el porcentaje de cordobeses que dijeron tener una imagen positiva en 2002 respecto de la gesti\u00f3n fue de tan s\u00f3lo un 2%. En paralelo, un 30% la calific\u00f3 de forma regular y un 85% de forma negativa, optando un 55% de los cordobeses por la opci\u00f3n muy mala.<\/p><p><a href=\"https:\/\/delfoscba.com.ar\/\/dev\/\/wp-content\/uploads\/2022\/04\/3.1.png\"><img decoding=\"async\" class=\"aligncenter wp-image-12671 size-large\" src=\"https:\/\/delfoscba.com.ar\/\/dev\/\/wp-content\/uploads\/2022\/04\/3.1-1021x1024.png\" alt=\"\" width=\"1021\" height=\"1024\" srcset=\"https:\/\/delfoscba.com.ar\/dev\/wp-content\/uploads\/2022\/04\/3.1-1021x1024.png 1021w, https:\/\/delfoscba.com.ar\/dev\/wp-content\/uploads\/2022\/04\/3.1-300x300.png 300w, https:\/\/delfoscba.com.ar\/dev\/wp-content\/uploads\/2022\/04\/3.1-150x150.png 150w, https:\/\/delfoscba.com.ar\/dev\/wp-content\/uploads\/2022\/04\/3.1-768x770.png 768w, https:\/\/delfoscba.com.ar\/dev\/wp-content\/uploads\/2022\/04\/3.1-1080x1083.png 1080w, https:\/\/delfoscba.com.ar\/dev\/wp-content\/uploads\/2022\/04\/3.1-440x440.png 440w, https:\/\/delfoscba.com.ar\/dev\/wp-content\/uploads\/2022\/04\/3.1.png 1083w\" sizes=\"(max-width: 1021px) 100vw, 1021px\" \/><\/a><\/p><p>La siguiente gesti\u00f3n fue la encabezada por Luis Juez de 2003 a 2007. A poco m\u00e1s de dos a\u00f1os de iniciada, present\u00f3 mejoras sustanciales en los indicadores respecto de su antecesor. La imagen positiva alcanz\u00f3 el 35% y la negativa el 21%. Sin embargo, la que prim\u00f3 fue la regular, con el 39% de las menciones.<\/p><p><a href=\"https:\/\/delfoscba.com.ar\/\/dev\/\/wp-content\/uploads\/2022\/04\/4.1.png\"><img loading=\"lazy\" decoding=\"async\" class=\"aligncenter wp-image-12672 size-large\" src=\"https:\/\/delfoscba.com.ar\/\/dev\/\/wp-content\/uploads\/2022\/04\/4.1-1021x1024.png\" alt=\"\" width=\"1021\" height=\"1024\" srcset=\"https:\/\/delfoscba.com.ar\/dev\/wp-content\/uploads\/2022\/04\/4.1-1021x1024.png 1021w, https:\/\/delfoscba.com.ar\/dev\/wp-content\/uploads\/2022\/04\/4.1-300x300.png 300w, https:\/\/delfoscba.com.ar\/dev\/wp-content\/uploads\/2022\/04\/4.1-150x150.png 150w, https:\/\/delfoscba.com.ar\/dev\/wp-content\/uploads\/2022\/04\/4.1-768x770.png 768w, https:\/\/delfoscba.com.ar\/dev\/wp-content\/uploads\/2022\/04\/4.1-1080x1083.png 1080w, https:\/\/delfoscba.com.ar\/dev\/wp-content\/uploads\/2022\/04\/4.1-440x440.png 440w, https:\/\/delfoscba.com.ar\/dev\/wp-content\/uploads\/2022\/04\/4.1.png 1083w\" sizes=\"(max-width: 1021px) 100vw, 1021px\" \/><\/a><\/p><p>Del a\u00f1o 2007 a 2011 gobern\u00f3 la ciudad de C\u00f3rdoba Daniel Giacomino. Su gesti\u00f3n volvi\u00f3 a mostrar una imagen m\u00e1s parecida a la cosechada por Kammerath. La calificaci\u00f3n positiva se situ\u00f3 en torno al 10%, mientras que la regular lo hizo en 24% y la negativa en 63%.<\/p><p><a href=\"https:\/\/delfoscba.com.ar\/\/dev\/\/wp-content\/uploads\/2022\/04\/5.1.png\"><img loading=\"lazy\" decoding=\"async\" class=\"aligncenter wp-image-12673 size-large\" src=\"https:\/\/delfoscba.com.ar\/\/dev\/\/wp-content\/uploads\/2022\/04\/5.1-1021x1024.png\" alt=\"\" width=\"1021\" height=\"1024\" srcset=\"https:\/\/delfoscba.com.ar\/dev\/wp-content\/uploads\/2022\/04\/5.1-1021x1024.png 1021w, https:\/\/delfoscba.com.ar\/dev\/wp-content\/uploads\/2022\/04\/5.1-300x300.png 300w, https:\/\/delfoscba.com.ar\/dev\/wp-content\/uploads\/2022\/04\/5.1-150x150.png 150w, https:\/\/delfoscba.com.ar\/dev\/wp-content\/uploads\/2022\/04\/5.1-768x770.png 768w, https:\/\/delfoscba.com.ar\/dev\/wp-content\/uploads\/2022\/04\/5.1-1080x1083.png 1080w, https:\/\/delfoscba.com.ar\/dev\/wp-content\/uploads\/2022\/04\/5.1-440x440.png 440w, https:\/\/delfoscba.com.ar\/dev\/wp-content\/uploads\/2022\/04\/5.1.png 1083w\" sizes=\"(max-width: 1021px) 100vw, 1021px\" \/><\/a><\/p><p>El siguiente en la lista es el exintendente Ram\u00f3n Mestre (hijo), que gobern\u00f3 dos per\u00edodos la capital cordobesa, entre 2011 y 2019. A dos a\u00f1os de iniciada su gesti\u00f3n, el 21% de los cordobeses la calific\u00f3 positivamente, un 36% de forma regular y un 40% de forma negativa. Nuevamente, predominaba por aquel entonces una imagen negativa respecto de una gesti\u00f3n capitalina.<\/p><p><a href=\"https:\/\/delfoscba.com.ar\/\/dev\/\/wp-content\/uploads\/2022\/04\/6.1.png\"><img loading=\"lazy\" decoding=\"async\" class=\"aligncenter wp-image-12674 size-large\" src=\"https:\/\/delfoscba.com.ar\/\/dev\/\/wp-content\/uploads\/2022\/04\/6.1-1021x1024.png\" alt=\"\" width=\"1021\" height=\"1024\" srcset=\"https:\/\/delfoscba.com.ar\/dev\/wp-content\/uploads\/2022\/04\/6.1-1021x1024.png 1021w, https:\/\/delfoscba.com.ar\/dev\/wp-content\/uploads\/2022\/04\/6.1-300x300.png 300w, https:\/\/delfoscba.com.ar\/dev\/wp-content\/uploads\/2022\/04\/6.1-150x150.png 150w, https:\/\/delfoscba.com.ar\/dev\/wp-content\/uploads\/2022\/04\/6.1-768x770.png 768w, https:\/\/delfoscba.com.ar\/dev\/wp-content\/uploads\/2022\/04\/6.1-1080x1083.png 1080w, https:\/\/delfoscba.com.ar\/dev\/wp-content\/uploads\/2022\/04\/6.1-440x440.png 440w, https:\/\/delfoscba.com.ar\/dev\/wp-content\/uploads\/2022\/04\/6.1.png 1083w\" sizes=\"(max-width: 1021px) 100vw, 1021px\" \/><\/a><\/p><p>Por \u00faltimo, la gesti\u00f3n actual encabezada por Mart\u00edn Llaryora desde el a\u00f1o 2019. En marzo de 2022, el 49% de los cordobeses afirm\u00f3 poseer una imagen positiva de su gesti\u00f3n, mientras que un 30% asever\u00f3 que ten\u00eda una imagen regular y s\u00f3lo un 13% se despach\u00f3 con una calificaci\u00f3n negativa.<\/p><p><img loading=\"lazy\" decoding=\"async\" class=\"aligncenter wp-image-12675 size-large\" src=\"https:\/\/delfoscba.com.ar\/\/dev\/\/wp-content\/uploads\/2022\/04\/7.1-1024x576.png\" alt=\"\" width=\"1024\" height=\"576\" srcset=\"https:\/\/delfoscba.com.ar\/dev\/wp-content\/uploads\/2022\/04\/7.1-1024x576.png 1024w, https:\/\/delfoscba.com.ar\/dev\/wp-content\/uploads\/2022\/04\/7.1-300x169.png 300w, https:\/\/delfoscba.com.ar\/dev\/wp-content\/uploads\/2022\/04\/7.1-768x432.png 768w, https:\/\/delfoscba.com.ar\/dev\/wp-content\/uploads\/2022\/04\/7.1-1536x865.png 1536w, https:\/\/delfoscba.com.ar\/dev\/wp-content\/uploads\/2022\/04\/7.1-1080x608.png 1080w, https:\/\/delfoscba.com.ar\/dev\/wp-content\/uploads\/2022\/04\/7.1.png 1922w\" sizes=\"(max-width: 1024px) 100vw, 1024px\" \/><\/p><p>En s\u00edntesis, tal como podemos observar en el gr\u00e1fico que antecede el presente p\u00e1rrafo, con dos a\u00f1os en sus espaldas las gestiones peores calificadas por los cordobeses fueron las de Kammerath y Giacomino. Luego, podr\u00edamos englobar como gestiones m\u00e1s regulares las encabezadas por Juez y Mestre (h), aunque el primero posea una imagen positiva marcadamente superior al segundo. Por \u00faltimo, las mejores calificadas por los cordobeses son las encabezadas por Llaryora y Mart\u00ed, con contundentes balances positivos.<\/p>\t\t\t\t\t\t\t\t<\/div>\n\t\t\t\t\t<\/div>\n\t\t<\/div>\n\t\t\t\t\t<\/div>\n\t\t<\/section>\n\t\t\t\t<section class=\"elementor-section elementor-top-section elementor-element elementor-element-b28ac47 elementor-section-height-min-height elementor-section-boxed elementor-section-height-default elementor-section-items-middle\" data-id=\"b28ac47\" data-element_type=\"section\" data-e-type=\"section\" data-settings=\"{&quot;background_background&quot;:&quot;classic&quot;}\">\n\t\t\t\t\t\t\t<div class=\"elementor-background-overlay\"><\/div>\n\t\t\t\t\t\t\t<div class=\"elementor-container elementor-column-gap-default\">\n\t\t\t\t\t<div class=\"elementor-column elementor-col-100 elementor-top-column elementor-element elementor-element-88fba06\" data-id=\"88fba06\" data-element_type=\"column\" data-e-type=\"column\">\n\t\t\t<div class=\"elementor-widget-wrap elementor-element-populated\">\n\t\t\t\t\t\t<div class=\"elementor-element elementor-element-7e65226 elementor-widget elementor-widget-heading\" data-id=\"7e65226\" data-element_type=\"widget\" data-e-type=\"widget\" data-widget_type=\"heading.default\">\n\t\t\t\t\t<h2 class=\"elementor-heading-title elementor-size-large\">Seguinos en nuestras redes<\/h2>\t\t\t\t<\/div>\n\t\t\t\t<div class=\"elementor-element elementor-element-c37b7ef elementor-shape-circle e-grid-align-tablet-center e-grid-align-mobile-center e-grid-align-left elementor-grid-0 elementor-widget elementor-widget-social-icons\" data-id=\"c37b7ef\" data-element_type=\"widget\" data-e-type=\"widget\" data-widget_type=\"social-icons.default\">\n\t\t\t\t\t\t\t<div class=\"elementor-social-icons-wrapper elementor-grid\" role=\"list\">\n\t\t\t\t\t\t\t<span class=\"elementor-grid-item\" role=\"listitem\">\n\t\t\t\t\t<a class=\"elementor-icon elementor-social-icon elementor-social-icon-facebook-f elementor-repeater-item-lf5yt4c\" href=\"https:\/\/www.facebook.com\/ConsultoraDelfos\" target=\"_blank\">\n\t\t\t\t\t\t<span class=\"elementor-screen-only\">Facebook-f<\/span>\n\t\t\t\t\t\t<i aria-hidden=\"true\" class=\"fab fa-facebook-f\"><\/i>\t\t\t\t\t<\/a>\n\t\t\t\t<\/span>\n\t\t\t\t\t\t\t<span class=\"elementor-grid-item\" role=\"listitem\">\n\t\t\t\t\t<a class=\"elementor-icon elementor-social-icon elementor-social-icon-twitter elementor-repeater-item-01xie82\" href=\"https:\/\/twitter.com\/delfoscba\" target=\"_blank\">\n\t\t\t\t\t\t<span class=\"elementor-screen-only\">Twitter<\/span>\n\t\t\t\t\t\t<i aria-hidden=\"true\" class=\"fab fa-twitter\"><\/i>\t\t\t\t\t<\/a>\n\t\t\t\t<\/span>\n\t\t\t\t\t\t\t<span class=\"elementor-grid-item\" role=\"listitem\">\n\t\t\t\t\t<a class=\"elementor-icon elementor-social-icon elementor-social-icon-linkedin elementor-repeater-item-grhvqhn\" target=\"_blank\">\n\t\t\t\t\t\t<span class=\"elementor-screen-only\">Linkedin<\/span>\n\t\t\t\t\t\t<i aria-hidden=\"true\" class=\"fab fa-linkedin\"><\/i>\t\t\t\t\t<\/a>\n\t\t\t\t<\/span>\n\t\t\t\t\t<\/div>\n\t\t\t\t\t\t<\/div>\n\t\t\t\t\t<\/div>\n\t\t<\/div>\n\t\t\t\t\t<\/div>\n\t\t<\/section>\n\t\t\t\t<\/div>\n\t\t","protected":false},"excerpt":{"rendered":"<p>Mirar el pasado para comprender el presente. A dos a\u00f1os de gesti\u00f3n, \u00bfC\u00f3mo calificaron los cordobeses de su tiempo cada gesti\u00f3n?<\/p>\n","protected":false},"author":1,"featured_media":12664,"comment_status":"open","ping_status":"open","sticky":false,"template":"","format":"standard","meta":{"_acf_changed":false,"footnotes":""},"categories":[3],"tags":[548,584,558,585,586,587,471,39,588,530,40,38,554,128,578,582,61,34,383,579,583,589,580,581,592,591,590],"class_list":["post-12663","post","type-post","status-publish","format-standard","has-post-thumbnail","hentry","category-politica","tag-548","tag-584","tag-558","tag-585","tag-586","tag-587","tag-471","tag-argentina","tag-buena","tag-ciudad-de-cordoba","tag-consultora","tag-cordoba","tag-cordoba-capital","tag-delfos","tag-gestiones","tag-giacomino","tag-imagen","tag-jose-gangi","tag-juez","tag-kammerath","tag-llaryora","tag-mala","tag-marti","tag-mestre","tag-negativa","tag-positiva","tag-regular","et-has-post-format-content","et_post_format-et-post-format-standard"],"acf":[],"_links":{"self":[{"href":"https:\/\/delfoscba.com.ar\/dev\/wp-json\/wp\/v2\/posts\/12663","targetHints":{"allow":["GET"]}}],"collection":[{"href":"https:\/\/delfoscba.com.ar\/dev\/wp-json\/wp\/v2\/posts"}],"about":[{"href":"https:\/\/delfoscba.com.ar\/dev\/wp-json\/wp\/v2\/types\/post"}],"author":[{"embeddable":true,"href":"https:\/\/delfoscba.com.ar\/dev\/wp-json\/wp\/v2\/users\/1"}],"replies":[{"embeddable":true,"href":"https:\/\/delfoscba.com.ar\/dev\/wp-json\/wp\/v2\/comments?post=12663"}],"version-history":[{"count":10,"href":"https:\/\/delfoscba.com.ar\/dev\/wp-json\/wp\/v2\/posts\/12663\/revisions"}],"predecessor-version":[{"id":12681,"href":"https:\/\/delfoscba.com.ar\/dev\/wp-json\/wp\/v2\/posts\/12663\/revisions\/12681"}],"wp:featuredmedia":[{"embeddable":true,"href":"https:\/\/delfoscba.com.ar\/dev\/wp-json\/wp\/v2\/media\/12664"}],"wp:attachment":[{"href":"https:\/\/delfoscba.com.ar\/dev\/wp-json\/wp\/v2\/media?parent=12663"}],"wp:term":[{"taxonomy":"category","embeddable":true,"href":"https:\/\/delfoscba.com.ar\/dev\/wp-json\/wp\/v2\/categories?post=12663"},{"taxonomy":"post_tag","embeddable":true,"href":"https:\/\/delfoscba.com.ar\/dev\/wp-json\/wp\/v2\/tags?post=12663"}],"curies":[{"name":"wp","href":"https:\/\/api.w.org\/{rel}","templated":true}]}}