{"id":12704,"date":"2022-04-27T18:46:00","date_gmt":"2022-04-27T18:46:00","guid":{"rendered":"https:\/\/delfoscba.com.ar\/\/dev\/\/?p=12704"},"modified":"2022-04-27T18:47:13","modified_gmt":"2022-04-27T18:47:13","slug":"la-victoria-del-22-del-electorado","status":"publish","type":"post","link":"https:\/\/delfoscba.com.ar\/dev\/politica\/la-victoria-del-22-del-electorado\/","title":{"rendered":"La victoria del 22% del electorado"},"content":{"rendered":"\t\t<div data-elementor-type=\"wp-post\" data-elementor-id=\"12704\" class=\"elementor elementor-12704\" data-elementor-post-type=\"post\">\n\t\t\t\t\t\t<section class=\"elementor-section elementor-top-section elementor-element elementor-element-41498b4 elementor-section-height-min-height elementor-section-boxed elementor-section-height-default elementor-section-items-middle\" data-id=\"41498b4\" data-element_type=\"section\" data-e-type=\"section\" data-settings=\"{&quot;background_background&quot;:&quot;classic&quot;}\">\n\t\t\t\t\t\t\t<div class=\"elementor-background-overlay\"><\/div>\n\t\t\t\t\t\t\t<div class=\"elementor-container elementor-column-gap-no\">\n\t\t\t\t\t<div class=\"elementor-column elementor-col-100 elementor-top-column elementor-element elementor-element-a18ac89\" data-id=\"a18ac89\" data-element_type=\"column\" data-e-type=\"column\">\n\t\t\t<div class=\"elementor-widget-wrap elementor-element-populated\">\n\t\t\t\t\t\t<div class=\"elementor-element elementor-element-e493600 elementor-widget elementor-widget-heading\" data-id=\"e493600\" data-element_type=\"widget\" data-e-type=\"widget\" data-widget_type=\"heading.default\">\n\t\t\t\t\t<h2 class=\"elementor-heading-title elementor-size-large\">POL\u00cdTICA<\/h2>\t\t\t\t<\/div>\n\t\t\t\t\t<\/div>\n\t\t<\/div>\n\t\t\t\t\t<\/div>\n\t\t<\/section>\n\t\t\t\t<section class=\"elementor-section elementor-top-section elementor-element elementor-element-7dafb6e4 elementor-section-boxed elementor-section-height-default elementor-section-height-default\" data-id=\"7dafb6e4\" data-element_type=\"section\" data-e-type=\"section\">\n\t\t\t\t\t\t<div class=\"elementor-container elementor-column-gap-default\">\n\t\t\t\t\t<div class=\"elementor-column elementor-col-100 elementor-top-column elementor-element elementor-element-38ae5a14\" data-id=\"38ae5a14\" data-element_type=\"column\" data-e-type=\"column\">\n\t\t\t<div class=\"elementor-widget-wrap elementor-element-populated\">\n\t\t\t\t\t\t<div class=\"elementor-element elementor-element-f8a3207 elementor-widget elementor-widget-author-box\" data-id=\"f8a3207\" data-element_type=\"widget\" data-e-type=\"widget\" data-widget_type=\"author-box.default\">\n\t\t\t\t\t\t\t<div class=\"elementor-author-box\">\n\t\t\t\t\t\t\t<a href=\"https:\/\/delfoscba.com.ar\/\/dev\/\/nosotros\/\" class=\"elementor-author-box__avatar\">\n\t\t\t\t\t<img decoding=\"async\" src=\"https:\/\/delfoscba.com.ar\/dev\/wp-content\/uploads\/2021\/03\/eia-1.png\" alt=\"Picture of Jos\u00e9 Gangi\" loading=\"lazy\">\n\t\t\t\t<\/a>\n\t\t\t\n\t\t\t<div class=\"elementor-author-box__text\">\n\t\t\t\t\t\t\t\t\t<a href=\"https:\/\/delfoscba.com.ar\/\/dev\/\/nosotros\/\">\n\t\t\t\t\t\t<h4 class=\"elementor-author-box__name\">\n\t\t\t\t\t\t\tJos\u00e9 Gangi\t\t\t\t\t\t<\/h4>\n\t\t\t\t\t<\/a>\n\t\t\t\t\n\t\t\t\t\t\t\t\t\t<div class=\"elementor-author-box__bio\">\n\t\t\t\t\t\t<p>Edici\u00f3n y An\u00e1lisis de informes<\/p>\n\t\t\t\t\t<\/div>\n\t\t\t\t\n\t\t\t\t\t\t\t<\/div>\n\t\t<\/div>\n\t\t\t\t\t\t<\/div>\n\t\t\t\t<div class=\"elementor-element elementor-element-7aefe4b4 elementor-widget elementor-widget-text-editor\" data-id=\"7aefe4b4\" data-element_type=\"widget\" data-e-type=\"widget\" data-widget_type=\"text-editor.default\">\n\t\t\t\t\t\t\t\t\t<p>El 27 de abril de 2003 se llevaban a cabo las primeras elecciones generales despu\u00e9s del catastr\u00f3fico 2001. Los resultados hablaron por s\u00ed solos: Carlos Menem, expresidente electo en dos oportunidades, obtuvo un 24,45% de los votos y N\u00e9stor Kirchner, gobernador de Santa Cruz por entonces, el 22,25%.<\/p><p>La escueta cantidad de votos obtenidos por ambos los traslad\u00f3 autom\u00e1ticamente a un ballotage, del cual Carlos Menem se baj\u00f3 el 14 de mayo. De esta forma, N\u00e9stor Kirchner llegaba al Ejecutivo nacional por primera y \u00fanica vez y terminaba de concretar, con un sobrio caudal, el final del per\u00edodo neoliberal.<\/p><p>A 19 a\u00f1os de estos eventos, analizamos lo que pensaban votar de cara a las elecciones presidenciales los cordobeses capitalinos en abril de 2003.<\/p><p><a href=\"https:\/\/delfoscba.com.ar\/\/dev\/\/wp-content\/uploads\/2022\/04\/WhatsApp-Image-2022-04-27-at-3.27.26-PM.jpeg\"><img fetchpriority=\"high\" decoding=\"async\" class=\"aligncenter wp-image-12709 size-large\" src=\"https:\/\/delfoscba.com.ar\/\/dev\/\/wp-content\/uploads\/2022\/04\/WhatsApp-Image-2022-04-27-at-3.27.26-PM-1021x1024.jpeg\" alt=\"\" width=\"1021\" height=\"1024\" srcset=\"https:\/\/delfoscba.com.ar\/dev\/wp-content\/uploads\/2022\/04\/WhatsApp-Image-2022-04-27-at-3.27.26-PM-1021x1024.jpeg 1021w, https:\/\/delfoscba.com.ar\/dev\/wp-content\/uploads\/2022\/04\/WhatsApp-Image-2022-04-27-at-3.27.26-PM-300x300.jpeg 300w, https:\/\/delfoscba.com.ar\/dev\/wp-content\/uploads\/2022\/04\/WhatsApp-Image-2022-04-27-at-3.27.26-PM-150x150.jpeg 150w, https:\/\/delfoscba.com.ar\/dev\/wp-content\/uploads\/2022\/04\/WhatsApp-Image-2022-04-27-at-3.27.26-PM-768x770.jpeg 768w, https:\/\/delfoscba.com.ar\/dev\/wp-content\/uploads\/2022\/04\/WhatsApp-Image-2022-04-27-at-3.27.26-PM-1080x1083.jpeg 1080w, https:\/\/delfoscba.com.ar\/dev\/wp-content\/uploads\/2022\/04\/WhatsApp-Image-2022-04-27-at-3.27.26-PM-440x440.jpeg 440w, https:\/\/delfoscba.com.ar\/dev\/wp-content\/uploads\/2022\/04\/WhatsApp-Image-2022-04-27-at-3.27.26-PM.jpeg 1083w\" sizes=\"(max-width: 1021px) 100vw, 1021px\" \/><\/a><\/p><p>La atomizaci\u00f3n que expresaron los resultados nacionales de aquel momento tambi\u00e9n fue un dato contundente de las encuestas entre los cordobeses capitalinos. La f\u00f3rmula preferida en C\u00f3rdoba capital era Menem-Romero, pero con una intenci\u00f3n de voto que apenas alcanzaba el 19,5%. La segu\u00edan la f\u00f3rmula Rodr\u00edguez Sa\u00e1-Posse con un 15,7%, L\u00f3pez Murphy-G\u00f3mez Diez con 15,3%, Carri\u00f3-Guti\u00e9rrez con 11,7% y reci\u00e9n despu\u00e9s aparec\u00eda la f\u00f3rmula Kirchner-Scioli, con 8%.<\/p><p>Sin embargo, ya en ese momento previo a la primera vuelta la intenci\u00f3n de voto de los cordobeses ante un posible escenario de ballotage brindaba algunas pistas de lo que pod\u00eda suceder a futuro.<\/p><p>El alto nivel de rechazo que detentaba Menem por aquel entonces hac\u00eda que sus posibilidades de obtener votos en una segunda vuelta por fuera de su n\u00facleo duro de votantes fueran muy acotadas. El expresidente riojano era derrotado por cualquier candidato que se le presentara, incluso N\u00e9stor Kirchner.<\/p><p><a href=\"https:\/\/delfoscba.com.ar\/\/dev\/\/wp-content\/uploads\/2022\/04\/WhatsApp-Image-2022-04-27-at-3.45.50-PM.jpeg\"><img decoding=\"async\" class=\"aligncenter wp-image-12711 size-large\" src=\"https:\/\/delfoscba.com.ar\/\/dev\/\/wp-content\/uploads\/2022\/04\/WhatsApp-Image-2022-04-27-at-3.45.50-PM-1021x1024.jpeg\" alt=\"\" width=\"1021\" height=\"1024\" srcset=\"https:\/\/delfoscba.com.ar\/dev\/wp-content\/uploads\/2022\/04\/WhatsApp-Image-2022-04-27-at-3.45.50-PM-1021x1024.jpeg 1021w, https:\/\/delfoscba.com.ar\/dev\/wp-content\/uploads\/2022\/04\/WhatsApp-Image-2022-04-27-at-3.45.50-PM-300x300.jpeg 300w, https:\/\/delfoscba.com.ar\/dev\/wp-content\/uploads\/2022\/04\/WhatsApp-Image-2022-04-27-at-3.45.50-PM-150x150.jpeg 150w, https:\/\/delfoscba.com.ar\/dev\/wp-content\/uploads\/2022\/04\/WhatsApp-Image-2022-04-27-at-3.45.50-PM-768x770.jpeg 768w, https:\/\/delfoscba.com.ar\/dev\/wp-content\/uploads\/2022\/04\/WhatsApp-Image-2022-04-27-at-3.45.50-PM-1080x1083.jpeg 1080w, https:\/\/delfoscba.com.ar\/dev\/wp-content\/uploads\/2022\/04\/WhatsApp-Image-2022-04-27-at-3.45.50-PM-440x440.jpeg 440w, https:\/\/delfoscba.com.ar\/dev\/wp-content\/uploads\/2022\/04\/WhatsApp-Image-2022-04-27-at-3.45.50-PM.jpeg 1083w\" sizes=\"(max-width: 1021px) 100vw, 1021px\" \/><\/a><\/p><p>Ante un ballotage entre Kirchner y Menem, el candidato patag\u00f3nico detentaba entre los cordobeses una intenci\u00f3n de voto del 46% contra tan s\u00f3lo 28% del riojano.<\/p><p>En s\u00edntesis, el escenario cordob\u00e9s brind\u00f3 todos los indicios para comprender lo que ocurrir\u00eda de cara a las elecciones nacionales: aunque Menem obtuviera la primera minor\u00eda en las elecciones generales, no ser\u00eda lo suficientemente abultada para resultar electo en esta instancia. De cara a un ballotage, el rechazo cosechado potenciar\u00eda a cualquier candidato contra el que compitiera hasta hacerlo ganador de la contienda.<\/p><p>De esta forma, sin un rumbo claro, con una gran desconfianza de la pol\u00edtica, la mayor\u00eda de los cordobeses le dec\u00edan no al retorno del modelo menemista.<\/p>\t\t\t\t\t\t\t\t<\/div>\n\t\t\t\t\t<\/div>\n\t\t<\/div>\n\t\t\t\t\t<\/div>\n\t\t<\/section>\n\t\t\t\t<section class=\"elementor-section elementor-top-section elementor-element elementor-element-b28ac47 elementor-section-height-min-height elementor-section-boxed elementor-section-height-default elementor-section-items-middle\" data-id=\"b28ac47\" data-element_type=\"section\" data-e-type=\"section\" data-settings=\"{&quot;background_background&quot;:&quot;classic&quot;}\">\n\t\t\t\t\t\t\t<div class=\"elementor-background-overlay\"><\/div>\n\t\t\t\t\t\t\t<div class=\"elementor-container elementor-column-gap-default\">\n\t\t\t\t\t<div class=\"elementor-column elementor-col-100 elementor-top-column elementor-element elementor-element-88fba06\" data-id=\"88fba06\" data-element_type=\"column\" data-e-type=\"column\">\n\t\t\t<div class=\"elementor-widget-wrap elementor-element-populated\">\n\t\t\t\t\t\t<div class=\"elementor-element elementor-element-7e65226 elementor-widget elementor-widget-heading\" data-id=\"7e65226\" data-element_type=\"widget\" data-e-type=\"widget\" data-widget_type=\"heading.default\">\n\t\t\t\t\t<h2 class=\"elementor-heading-title elementor-size-large\">Seguinos en nuestras redes<\/h2>\t\t\t\t<\/div>\n\t\t\t\t<div class=\"elementor-element elementor-element-c37b7ef elementor-shape-circle e-grid-align-tablet-center e-grid-align-mobile-center e-grid-align-left elementor-grid-0 elementor-widget elementor-widget-social-icons\" data-id=\"c37b7ef\" data-element_type=\"widget\" data-e-type=\"widget\" data-widget_type=\"social-icons.default\">\n\t\t\t\t\t\t\t<div class=\"elementor-social-icons-wrapper elementor-grid\" role=\"list\">\n\t\t\t\t\t\t\t<span class=\"elementor-grid-item\" role=\"listitem\">\n\t\t\t\t\t<a class=\"elementor-icon elementor-social-icon elementor-social-icon-facebook-f elementor-repeater-item-lf5yt4c\" href=\"https:\/\/www.facebook.com\/ConsultoraDelfos\" target=\"_blank\">\n\t\t\t\t\t\t<span class=\"elementor-screen-only\">Facebook-f<\/span>\n\t\t\t\t\t\t<i aria-hidden=\"true\" class=\"fab fa-facebook-f\"><\/i>\t\t\t\t\t<\/a>\n\t\t\t\t<\/span>\n\t\t\t\t\t\t\t<span class=\"elementor-grid-item\" role=\"listitem\">\n\t\t\t\t\t<a class=\"elementor-icon elementor-social-icon elementor-social-icon-twitter elementor-repeater-item-01xie82\" href=\"https:\/\/twitter.com\/delfoscba\" target=\"_blank\">\n\t\t\t\t\t\t<span class=\"elementor-screen-only\">Twitter<\/span>\n\t\t\t\t\t\t<i aria-hidden=\"true\" class=\"fab fa-twitter\"><\/i>\t\t\t\t\t<\/a>\n\t\t\t\t<\/span>\n\t\t\t\t\t\t\t<span class=\"elementor-grid-item\" role=\"listitem\">\n\t\t\t\t\t<a class=\"elementor-icon elementor-social-icon elementor-social-icon-linkedin elementor-repeater-item-grhvqhn\" target=\"_blank\">\n\t\t\t\t\t\t<span class=\"elementor-screen-only\">Linkedin<\/span>\n\t\t\t\t\t\t<i aria-hidden=\"true\" class=\"fab fa-linkedin\"><\/i>\t\t\t\t\t<\/a>\n\t\t\t\t<\/span>\n\t\t\t\t\t<\/div>\n\t\t\t\t\t\t<\/div>\n\t\t\t\t\t<\/div>\n\t\t<\/div>\n\t\t\t\t\t<\/div>\n\t\t<\/section>\n\t\t\t\t<\/div>\n\t\t","protected":false},"excerpt":{"rendered":"<p>Repasamos los n\u00fameros en C\u00f3rdoba capital de los dos candidatos que llegaron al ballotage que nunca se concret\u00f3.<\/p>\n","protected":false},"author":1,"featured_media":12706,"comment_status":"open","ping_status":"open","sticky":false,"template":"","format":"standard","meta":{"_acf_changed":false,"footnotes":""},"categories":[3],"tags":[33,593,471,39,530,40,38,554,128,34,180,326,595,594,456],"class_list":["post-12704","post","type-post","status-publish","format-standard","has-post-thumbnail","hentry","category-politica","tag-33","tag-593","tag-471","tag-argentina","tag-ciudad-de-cordoba","tag-consultora","tag-cordoba","tag-cordoba-capital","tag-delfos","tag-jose-gangi","tag-kirchner","tag-menem","tag-neodesarrollismo","tag-neoliberalismo","tag-nestor","et-has-post-format-content","et_post_format-et-post-format-standard"],"acf":[],"_links":{"self":[{"href":"https:\/\/delfoscba.com.ar\/dev\/wp-json\/wp\/v2\/posts\/12704","targetHints":{"allow":["GET"]}}],"collection":[{"href":"https:\/\/delfoscba.com.ar\/dev\/wp-json\/wp\/v2\/posts"}],"about":[{"href":"https:\/\/delfoscba.com.ar\/dev\/wp-json\/wp\/v2\/types\/post"}],"author":[{"embeddable":true,"href":"https:\/\/delfoscba.com.ar\/dev\/wp-json\/wp\/v2\/users\/1"}],"replies":[{"embeddable":true,"href":"https:\/\/delfoscba.com.ar\/dev\/wp-json\/wp\/v2\/comments?post=12704"}],"version-history":[{"count":4,"href":"https:\/\/delfoscba.com.ar\/dev\/wp-json\/wp\/v2\/posts\/12704\/revisions"}],"predecessor-version":[{"id":12714,"href":"https:\/\/delfoscba.com.ar\/dev\/wp-json\/wp\/v2\/posts\/12704\/revisions\/12714"}],"wp:featuredmedia":[{"embeddable":true,"href":"https:\/\/delfoscba.com.ar\/dev\/wp-json\/wp\/v2\/media\/12706"}],"wp:attachment":[{"href":"https:\/\/delfoscba.com.ar\/dev\/wp-json\/wp\/v2\/media?parent=12704"}],"wp:term":[{"taxonomy":"category","embeddable":true,"href":"https:\/\/delfoscba.com.ar\/dev\/wp-json\/wp\/v2\/categories?post=12704"},{"taxonomy":"post_tag","embeddable":true,"href":"https:\/\/delfoscba.com.ar\/dev\/wp-json\/wp\/v2\/tags?post=12704"}],"curies":[{"name":"wp","href":"https:\/\/api.w.org\/{rel}","templated":true}]}}