{"id":12723,"date":"2022-05-02T15:20:18","date_gmt":"2022-05-02T15:20:18","guid":{"rendered":"https:\/\/delfoscba.com.ar\/\/dev\/\/?p=12723"},"modified":"2022-05-02T15:28:02","modified_gmt":"2022-05-02T15:28:02","slug":"la-interna-en-juntos-por-el-cambio-en-las-encuestas","status":"publish","type":"post","link":"https:\/\/delfoscba.com.ar\/dev\/politica\/la-interna-en-juntos-por-el-cambio-en-las-encuestas\/","title":{"rendered":"La interna en Juntos por el Cambio en las encuestas"},"content":{"rendered":"\t\t<div data-elementor-type=\"wp-post\" data-elementor-id=\"12723\" class=\"elementor elementor-12723\" data-elementor-post-type=\"post\">\n\t\t\t\t\t\t<section class=\"elementor-section elementor-top-section elementor-element elementor-element-41498b4 elementor-section-height-min-height elementor-section-boxed elementor-section-height-default elementor-section-items-middle\" data-id=\"41498b4\" data-element_type=\"section\" data-e-type=\"section\" data-settings=\"{&quot;background_background&quot;:&quot;classic&quot;}\">\n\t\t\t\t\t\t\t<div class=\"elementor-background-overlay\"><\/div>\n\t\t\t\t\t\t\t<div class=\"elementor-container elementor-column-gap-no\">\n\t\t\t\t\t<div class=\"elementor-column elementor-col-100 elementor-top-column elementor-element elementor-element-a18ac89\" data-id=\"a18ac89\" data-element_type=\"column\" data-e-type=\"column\">\n\t\t\t<div class=\"elementor-widget-wrap elementor-element-populated\">\n\t\t\t\t\t\t<div class=\"elementor-element elementor-element-e493600 elementor-widget elementor-widget-heading\" data-id=\"e493600\" data-element_type=\"widget\" data-e-type=\"widget\" data-widget_type=\"heading.default\">\n\t\t\t\t\t<h2 class=\"elementor-heading-title elementor-size-large\">POL\u00cdTICA<\/h2>\t\t\t\t<\/div>\n\t\t\t\t\t<\/div>\n\t\t<\/div>\n\t\t\t\t\t<\/div>\n\t\t<\/section>\n\t\t\t\t<section class=\"elementor-section elementor-top-section elementor-element elementor-element-7dafb6e4 elementor-section-boxed elementor-section-height-default elementor-section-height-default\" data-id=\"7dafb6e4\" data-element_type=\"section\" data-e-type=\"section\">\n\t\t\t\t\t\t<div class=\"elementor-container elementor-column-gap-default\">\n\t\t\t\t\t<div class=\"elementor-column elementor-col-100 elementor-top-column elementor-element elementor-element-38ae5a14\" data-id=\"38ae5a14\" data-element_type=\"column\" data-e-type=\"column\">\n\t\t\t<div class=\"elementor-widget-wrap elementor-element-populated\">\n\t\t\t\t\t\t<div class=\"elementor-element elementor-element-f8a3207 elementor-widget elementor-widget-author-box\" data-id=\"f8a3207\" data-element_type=\"widget\" data-e-type=\"widget\" data-widget_type=\"author-box.default\">\n\t\t\t\t\t\t\t<div class=\"elementor-author-box\">\n\t\t\t\t\t\t\t<a href=\"https:\/\/delfoscba.com.ar\/\/dev\/\/nosotros\/\" class=\"elementor-author-box__avatar\">\n\t\t\t\t\t<img decoding=\"async\" src=\"https:\/\/delfoscba.com.ar\/dev\/wp-content\/uploads\/2021\/02\/norman-250x250-1.jpg\" alt=\"Picture of Norman Berra\" loading=\"lazy\">\n\t\t\t\t<\/a>\n\t\t\t\n\t\t\t<div class=\"elementor-author-box__text\">\n\t\t\t\t\t\t\t\t\t<a href=\"https:\/\/delfoscba.com.ar\/\/dev\/\/nosotros\/\">\n\t\t\t\t\t\t<h4 class=\"elementor-author-box__name\">\n\t\t\t\t\t\t\tNorman Berra\t\t\t\t\t\t<\/h4>\n\t\t\t\t\t<\/a>\n\t\t\t\t\n\t\t\t\t\t\t\t\t\t<div class=\"elementor-author-box__bio\">\n\t\t\t\t\t\t<p>L\u00edder de proyectos<\/p>\n\t\t\t\t\t<\/div>\n\t\t\t\t\n\t\t\t\t\t\t\t<\/div>\n\t\t<\/div>\n\t\t\t\t\t\t<\/div>\n\t\t\t\t<div class=\"elementor-element elementor-element-7aefe4b4 elementor-widget elementor-widget-text-editor\" data-id=\"7aefe4b4\" data-element_type=\"widget\" data-e-type=\"widget\" data-widget_type=\"text-editor.default\">\n\t\t\t\t\t\t\t\t\t<p><a href=\"https:\/\/delfoscba.com.ar\/\/dev\/\/wp-content\/uploads\/2022\/05\/1.jpg\"><img fetchpriority=\"high\" decoding=\"async\" class=\"aligncenter wp-image-12724 size-full\" src=\"https:\/\/delfoscba.com.ar\/\/dev\/\/wp-content\/uploads\/2022\/05\/1.jpg\" alt=\"\" width=\"720\" height=\"635\" srcset=\"https:\/\/delfoscba.com.ar\/dev\/wp-content\/uploads\/2022\/05\/1.jpg 720w, https:\/\/delfoscba.com.ar\/dev\/wp-content\/uploads\/2022\/05\/1-300x265.jpg 300w\" sizes=\"(max-width: 720px) 100vw, 720px\" \/><\/a><\/p><p>La \u00faltima reuni\u00f3n de la Mesa Nacional de Juntos por el Cambio (JXC) dej\u00f3 expuesta m\u00e1s que nunca la interna en la coalici\u00f3n. Pese al comunicado que cuestiona a Javier Milei y pretende cerrar la posibilidad de sumarlo a la alianza, hay posiciones enfrentadas al respecto. Los resultados de la elecci\u00f3n de medio t\u00e9rmino del 14-N de 2021 ratificaron la victoria opositora, pero estuvieron por debajo de las expectativas pos primarias, dado que el oficialismo logr\u00f3 recortar la ventaja. Eso agudiz\u00f3 las internas dentro del espacio opositor. Dos dirigentes de peso dentro del PRO que resignaron sus aspiraciones de competir el a\u00f1o pasado (el expresidente Mauricio Macri y la exministra Patricia Bullrich) interpretan que el armado de centro derecha moderada que perge\u00f1\u00f3 el jefe de gobierno de la Ciudad Aut\u00f3noma de Buenos Aires (CABA) en esos comicios, con Mar\u00eda Eugenia Vidal en CABA y Diego Santilli en provincia de Buenos Aires (PBA) al frente de las listas, cedieron terreno frente a la recuperaci\u00f3n oficialista y la avanzada libertaria en ambos distritos, a manos de Javier Milei y Jos\u00e9 Luis Espert, respectivamente. As\u00ed, desde entonces la competencia por el liderazgo y la precandidatura presidencial de JXC de cara a 2023 recrudeci\u00f3, con un resultado que se mantiene abierto. Seg\u00fan la \u00faltima encuesta nacional de Consultora de Imagen y Gesti\u00f3n Pol\u00edtica (CIGP), la competencia entre Macri, Rodr\u00edguez Larreta y Bullrich por la candidatura est\u00e1 en empate t\u00e9cnico: si se enfrentaran el \u201cduro\u201d Macri con el \u201cmoderado\u201d Larreta, el resultado ser\u00eda 40% a 38%, una diferencia de 2 puntos porcentuales estad\u00edsticamente no significativa; si la disputa fuera entre Larreta y la \u201cdura\u201d Bullrich, el escenario arroja 42% a 40%, nuevamente indefinido (gr\u00e1fico arriba).<\/p><p><a href=\"https:\/\/delfoscba.com.ar\/\/dev\/\/wp-content\/uploads\/2022\/05\/2.jpg\"><img decoding=\"async\" class=\"aligncenter wp-image-12725 size-full\" src=\"https:\/\/delfoscba.com.ar\/\/dev\/\/wp-content\/uploads\/2022\/05\/2.jpg\" alt=\"\" width=\"720\" height=\"390\" srcset=\"https:\/\/delfoscba.com.ar\/dev\/wp-content\/uploads\/2022\/05\/2.jpg 720w, https:\/\/delfoscba.com.ar\/dev\/wp-content\/uploads\/2022\/05\/2-300x163.jpg 300w\" sizes=\"(max-width: 720px) 100vw, 720px\" \/><\/a><\/p><p>Cuando se mide la percepci\u00f3n de liderazgo opositor en lugar de intenci\u00f3n de voto dentro de JXC, como hizo una encuesta nacional reciente de Synopsis, nuevamente el resultado arroja paridad entre Bullrich (24,2%), Larreta (22,1%) y Macri (casi 19%); en cuarto lugar se ubica Javier Milei, con 11,4%. Cuando la variable medida es liderazgo deseado, Milei avanza y pasa a disputar el tercer lugar con Macri (ambos en casi 14%), mientras que Bullrich y Larreta permanecen en empate t\u00e9cnico, a menos de 4 puntos porcentuales de distancia (gr\u00e1fico arriba). As\u00ed, el nudo del conflicto de intereses es el siguiente: si Macri y Bullrich quieren sostener sus aspiraciones de competir en 2023 y no volver a resignar posiciones frente al ala de centro \u201cmoderado\u201d de Larreta, una v\u00eda abierta con La Libertad Avanza (LLA) de Milei les permite reforzar su posicionamiento de cara a una interna o primarias abiertas; al contrario, Larreta y Vidal apuntan a un electorado m\u00e1s centrista, por lo que les conviene que el libertario se mantenga afuera, pues as\u00ed podr\u00eda quitarles\u00a0 votos de derecha a Macri y Bullrich.<\/p><p><a href=\"https:\/\/delfoscba.com.ar\/\/dev\/\/wp-content\/uploads\/2022\/05\/3.jpg\"><img decoding=\"async\" class=\"aligncenter wp-image-12726 size-large\" src=\"https:\/\/delfoscba.com.ar\/\/dev\/\/wp-content\/uploads\/2022\/05\/3-1024x568.jpg\" alt=\"\" width=\"1024\" height=\"568\" srcset=\"https:\/\/delfoscba.com.ar\/dev\/wp-content\/uploads\/2022\/05\/3-1024x568.jpg 1024w, https:\/\/delfoscba.com.ar\/dev\/wp-content\/uploads\/2022\/05\/3-300x167.jpg 300w, https:\/\/delfoscba.com.ar\/dev\/wp-content\/uploads\/2022\/05\/3-768x426.jpg 768w, https:\/\/delfoscba.com.ar\/dev\/wp-content\/uploads\/2022\/05\/3-1080x599.jpg 1080w, https:\/\/delfoscba.com.ar\/dev\/wp-content\/uploads\/2022\/05\/3.jpg 1200w\" sizes=\"(max-width: 1024px) 100vw, 1024px\" \/><\/a><\/p><p>En ese marco debe entenderse la salida de Vidal al cruce de Milei de la semana pasada, con el agravante de que el posicionamiento interno de la exgobernadora de PBA acusa el impacto del resultado electoral de PBA en 2019, de CABA en 2021 (donde el avance libertario luci\u00f3 m\u00e1s que la m\u00f3dica victoria de JXC) y la percepci\u00f3n de 46,3% de que tiene mucha o bastante responsabilidad en la mesa judicial montada durante su gesti\u00f3n como gobernadora, seg\u00fan una encuesta reciente de consultora Taqui\u00f3n (gr\u00e1fico arriba). Con matices, la postura de Larreta y Vidal coincide con la que sostiene desde el radicalismo el gobernador Gerardo Morales y desde la Coalici\u00f3n C\u00edvica Elisa Carri\u00f3. En rigor, el titular de la UCR ha advertido que si el PRO fuerza la incorporaci\u00f3n de Milei a JXC \u00e9l estar\u00eda dispuesto a fracturar la alianza para presentar un candidato radical en 2023, sin competir en internas ni primarias.<\/p><p><a href=\"https:\/\/delfoscba.com.ar\/\/dev\/\/wp-content\/uploads\/2022\/05\/4.jpg\"><img loading=\"lazy\" decoding=\"async\" class=\"aligncenter wp-image-12727 size-full\" src=\"https:\/\/delfoscba.com.ar\/\/dev\/\/wp-content\/uploads\/2022\/05\/4.jpg\" alt=\"\" width=\"873\" height=\"604\" srcset=\"https:\/\/delfoscba.com.ar\/dev\/wp-content\/uploads\/2022\/05\/4.jpg 873w, https:\/\/delfoscba.com.ar\/dev\/wp-content\/uploads\/2022\/05\/4-300x208.jpg 300w, https:\/\/delfoscba.com.ar\/dev\/wp-content\/uploads\/2022\/05\/4-768x531.jpg 768w\" sizes=\"(max-width: 873px) 100vw, 873px\" \/><\/a><\/p><p>En resumen, m\u00e1s all\u00e1 de alg\u00fan matiz, Rodr\u00edguez Larreta apuesta a sostener de cara al turno electoral 2023 la estrategia que mostr\u00f3 en 2021, con una apuesta a la centro derecha moderada, sobre la premisa de que el desgaste sufrido por Macri durante su gesti\u00f3n y su derrota electoral de 2019 limitan sus chances de ser candidato el a\u00f1o que viene; en ese marco, frente a los dem\u00e1s potenciales adversarios, el jefe de gobierno porte\u00f1o cree tener ventajas competitivas. Seg\u00fan una encuesta nacional reciente de CB Consultora, casi 1 de cada 3 electores cree que \u00e9l est\u00e1 preparado para ser presidente (gr\u00e1fico arriba). En el mismo estudio, Bullrich roza el 23% (gr\u00e1fico abajo).<\/p><p><a href=\"https:\/\/delfoscba.com.ar\/\/dev\/\/wp-content\/uploads\/2022\/05\/5.jpg\"><img loading=\"lazy\" decoding=\"async\" class=\"aligncenter wp-image-12728 size-full\" src=\"https:\/\/delfoscba.com.ar\/\/dev\/\/wp-content\/uploads\/2022\/05\/5.jpg\" alt=\"\" width=\"870\" height=\"604\" srcset=\"https:\/\/delfoscba.com.ar\/dev\/wp-content\/uploads\/2022\/05\/5.jpg 870w, https:\/\/delfoscba.com.ar\/dev\/wp-content\/uploads\/2022\/05\/5-300x208.jpg 300w, https:\/\/delfoscba.com.ar\/dev\/wp-content\/uploads\/2022\/05\/5-768x533.jpg 768w\" sizes=\"(max-width: 870px) 100vw, 870px\" \/><\/a><\/p><p>En cambio, las chances de Vidal se muestran limitadas por los factores que repasamos antes y aparece rezagada respecto a Larreta y Bullrich, con 20,1% de respuestas favorables (gr\u00e1fico abajo).<\/p><p><a href=\"https:\/\/delfoscba.com.ar\/\/dev\/\/wp-content\/uploads\/2022\/05\/6.jpg\"><img loading=\"lazy\" decoding=\"async\" class=\"aligncenter wp-image-12729 size-full\" src=\"https:\/\/delfoscba.com.ar\/\/dev\/\/wp-content\/uploads\/2022\/05\/6.jpg\" alt=\"\" width=\"872\" height=\"605\" srcset=\"https:\/\/delfoscba.com.ar\/dev\/wp-content\/uploads\/2022\/05\/6.jpg 872w, https:\/\/delfoscba.com.ar\/dev\/wp-content\/uploads\/2022\/05\/6-300x208.jpg 300w, https:\/\/delfoscba.com.ar\/dev\/wp-content\/uploads\/2022\/05\/6-768x533.jpg 768w\" sizes=\"(max-width: 872px) 100vw, 872px\" \/><\/a><\/p><p>Para m\u00e1s datos, la ventaja de la exgobernadora en esa variable respecto al libertario Milei es de apenas 5 puntos porcentuales, estad\u00edsticamente no significativa (gr\u00e1fico abajo). <a href=\"https:\/\/delfoscba.com.ar\/\/dev\/\/wp-content\/uploads\/2022\/05\/7.jpg\"><img loading=\"lazy\" decoding=\"async\" class=\"aligncenter wp-image-12730 size-full\" src=\"https:\/\/delfoscba.com.ar\/\/dev\/\/wp-content\/uploads\/2022\/05\/7.jpg\" alt=\"\" width=\"680\" height=\"406\" srcset=\"https:\/\/delfoscba.com.ar\/dev\/wp-content\/uploads\/2022\/05\/7.jpg 680w, https:\/\/delfoscba.com.ar\/dev\/wp-content\/uploads\/2022\/05\/7-300x179.jpg 300w, https:\/\/delfoscba.com.ar\/dev\/wp-content\/uploads\/2022\/05\/7-440x264.jpg 440w\" sizes=\"(max-width: 680px) 100vw, 680px\" \/><\/a>\u00a0<\/p><p>En s\u00edntesis, JXC atraviesa una interna que plantea un doble riesgo de fractura: si la coalici\u00f3n mantiene la postura de excluir a Milei del armado pol\u00edtico-electoral, dirigentes que en 2021 resignaron sus aspiraciones pero que en 2023 quieren competir como Bullrich (la titular del PRO), tendr\u00e1n cada vez m\u00e1s incentivos para abandonar esa alianza e ir por fuera o armar listas conjuntas con el espacio libertario. En sentido contrario, si el PRO termina por incluir a Milei en JXC, el ala radical que lidera Morales tendr\u00e1 incentivos para romper y presentar un candidato UCR puro el a\u00f1o pr\u00f3ximo.<\/p>\t\t\t\t\t\t\t\t<\/div>\n\t\t\t\t\t<\/div>\n\t\t<\/div>\n\t\t\t\t\t<\/div>\n\t\t<\/section>\n\t\t\t\t<section class=\"elementor-section elementor-top-section elementor-element elementor-element-b28ac47 elementor-section-height-min-height elementor-section-boxed elementor-section-height-default elementor-section-items-middle\" data-id=\"b28ac47\" data-element_type=\"section\" data-e-type=\"section\" data-settings=\"{&quot;background_background&quot;:&quot;classic&quot;}\">\n\t\t\t\t\t\t\t<div class=\"elementor-background-overlay\"><\/div>\n\t\t\t\t\t\t\t<div class=\"elementor-container elementor-column-gap-default\">\n\t\t\t\t\t<div class=\"elementor-column elementor-col-100 elementor-top-column elementor-element elementor-element-88fba06\" data-id=\"88fba06\" data-element_type=\"column\" data-e-type=\"column\">\n\t\t\t<div class=\"elementor-widget-wrap elementor-element-populated\">\n\t\t\t\t\t\t<div class=\"elementor-element elementor-element-7e65226 elementor-widget elementor-widget-heading\" data-id=\"7e65226\" data-element_type=\"widget\" data-e-type=\"widget\" data-widget_type=\"heading.default\">\n\t\t\t\t\t<h2 class=\"elementor-heading-title elementor-size-large\">Seguinos en nuestras redes<\/h2>\t\t\t\t<\/div>\n\t\t\t\t<div class=\"elementor-element elementor-element-c37b7ef elementor-shape-circle e-grid-align-tablet-center e-grid-align-mobile-center e-grid-align-left elementor-grid-0 elementor-widget elementor-widget-social-icons\" data-id=\"c37b7ef\" data-element_type=\"widget\" data-e-type=\"widget\" data-widget_type=\"social-icons.default\">\n\t\t\t\t\t\t\t<div class=\"elementor-social-icons-wrapper elementor-grid\" role=\"list\">\n\t\t\t\t\t\t\t<span class=\"elementor-grid-item\" role=\"listitem\">\n\t\t\t\t\t<a class=\"elementor-icon elementor-social-icon elementor-social-icon-facebook-f elementor-repeater-item-lf5yt4c\" href=\"https:\/\/www.facebook.com\/ConsultoraDelfos\" target=\"_blank\">\n\t\t\t\t\t\t<span class=\"elementor-screen-only\">Facebook-f<\/span>\n\t\t\t\t\t\t<i aria-hidden=\"true\" class=\"fab fa-facebook-f\"><\/i>\t\t\t\t\t<\/a>\n\t\t\t\t<\/span>\n\t\t\t\t\t\t\t<span class=\"elementor-grid-item\" role=\"listitem\">\n\t\t\t\t\t<a class=\"elementor-icon elementor-social-icon elementor-social-icon-twitter elementor-repeater-item-01xie82\" href=\"https:\/\/twitter.com\/delfoscba\" target=\"_blank\">\n\t\t\t\t\t\t<span class=\"elementor-screen-only\">Twitter<\/span>\n\t\t\t\t\t\t<i aria-hidden=\"true\" class=\"fab fa-twitter\"><\/i>\t\t\t\t\t<\/a>\n\t\t\t\t<\/span>\n\t\t\t\t\t\t\t<span class=\"elementor-grid-item\" role=\"listitem\">\n\t\t\t\t\t<a class=\"elementor-icon elementor-social-icon elementor-social-icon-linkedin elementor-repeater-item-grhvqhn\" target=\"_blank\">\n\t\t\t\t\t\t<span class=\"elementor-screen-only\">Linkedin<\/span>\n\t\t\t\t\t\t<i aria-hidden=\"true\" class=\"fab fa-linkedin\"><\/i>\t\t\t\t\t<\/a>\n\t\t\t\t<\/span>\n\t\t\t\t\t<\/div>\n\t\t\t\t\t\t<\/div>\n\t\t\t\t\t<\/div>\n\t\t<\/div>\n\t\t\t\t\t<\/div>\n\t\t<\/section>\n\t\t\t\t<\/div>\n\t\t","protected":false},"excerpt":{"rendered":"<p>La opini\u00f3n de los argentinos ante la interna en Juntos por el Cambio.<\/p>\n","protected":false},"author":1,"featured_media":12731,"comment_status":"open","ping_status":"open","sticky":false,"template":"","format":"standard","meta":{"_acf_changed":false,"footnotes":""},"categories":[3],"tags":[471,39,258,570,298,40,38,554,128,354,356,571,140,569,358,57,395,357],"class_list":["post-12723","post","type-post","status-publish","format-standard","has-post-thumbnail","hentry","category-politica","tag-471","tag-argentina","tag-bullrich","tag-carrera-presidencial","tag-carrio","tag-consultora","tag-cordoba","tag-cordoba-capital","tag-delfos","tag-juntos-por-el-cambio","tag-larreta","tag-libertarios","tag-macri","tag-milei","tag-negri","tag-norman-berra","tag-ucr","tag-vidal","et-has-post-format-content","et_post_format-et-post-format-standard"],"acf":[],"_links":{"self":[{"href":"https:\/\/delfoscba.com.ar\/dev\/wp-json\/wp\/v2\/posts\/12723","targetHints":{"allow":["GET"]}}],"collection":[{"href":"https:\/\/delfoscba.com.ar\/dev\/wp-json\/wp\/v2\/posts"}],"about":[{"href":"https:\/\/delfoscba.com.ar\/dev\/wp-json\/wp\/v2\/types\/post"}],"author":[{"embeddable":true,"href":"https:\/\/delfoscba.com.ar\/dev\/wp-json\/wp\/v2\/users\/1"}],"replies":[{"embeddable":true,"href":"https:\/\/delfoscba.com.ar\/dev\/wp-json\/wp\/v2\/comments?post=12723"}],"version-history":[{"count":4,"href":"https:\/\/delfoscba.com.ar\/dev\/wp-json\/wp\/v2\/posts\/12723\/revisions"}],"predecessor-version":[{"id":12735,"href":"https:\/\/delfoscba.com.ar\/dev\/wp-json\/wp\/v2\/posts\/12723\/revisions\/12735"}],"wp:featuredmedia":[{"embeddable":true,"href":"https:\/\/delfoscba.com.ar\/dev\/wp-json\/wp\/v2\/media\/12731"}],"wp:attachment":[{"href":"https:\/\/delfoscba.com.ar\/dev\/wp-json\/wp\/v2\/media?parent=12723"}],"wp:term":[{"taxonomy":"category","embeddable":true,"href":"https:\/\/delfoscba.com.ar\/dev\/wp-json\/wp\/v2\/categories?post=12723"},{"taxonomy":"post_tag","embeddable":true,"href":"https:\/\/delfoscba.com.ar\/dev\/wp-json\/wp\/v2\/tags?post=12723"}],"curies":[{"name":"wp","href":"https:\/\/api.w.org\/{rel}","templated":true}]}}