{"id":12754,"date":"2022-05-06T15:25:48","date_gmt":"2022-05-06T15:25:48","guid":{"rendered":"https:\/\/delfoscba.com.ar\/\/dev\/\/?p=12754"},"modified":"2022-05-06T15:29:50","modified_gmt":"2022-05-06T15:29:50","slug":"crece-la-economia-pero-la-inflacion-empobrece-a-los-cordobeses","status":"publish","type":"post","link":"https:\/\/delfoscba.com.ar\/dev\/economia\/crece-la-economia-pero-la-inflacion-empobrece-a-los-cordobeses\/","title":{"rendered":"Crece la econom\u00eda pero la inflaci\u00f3n empobrece a los cordobeses"},"content":{"rendered":"\t\t<div data-elementor-type=\"wp-post\" data-elementor-id=\"12754\" class=\"elementor elementor-12754\" data-elementor-post-type=\"post\">\n\t\t\t\t\t\t<section class=\"elementor-section elementor-top-section elementor-element elementor-element-41498b4 elementor-section-height-min-height elementor-section-boxed elementor-section-height-default elementor-section-items-middle\" data-id=\"41498b4\" data-element_type=\"section\" data-e-type=\"section\" data-settings=\"{&quot;background_background&quot;:&quot;classic&quot;}\">\n\t\t\t\t\t\t\t<div class=\"elementor-background-overlay\"><\/div>\n\t\t\t\t\t\t\t<div class=\"elementor-container elementor-column-gap-no\">\n\t\t\t\t\t<div class=\"elementor-column elementor-col-100 elementor-top-column elementor-element elementor-element-a18ac89\" data-id=\"a18ac89\" data-element_type=\"column\" data-e-type=\"column\">\n\t\t\t<div class=\"elementor-widget-wrap elementor-element-populated\">\n\t\t\t\t\t\t<div class=\"elementor-element elementor-element-e493600 elementor-widget elementor-widget-heading\" data-id=\"e493600\" data-element_type=\"widget\" data-e-type=\"widget\" data-widget_type=\"heading.default\">\n\t\t\t\t\t<h2 class=\"elementor-heading-title elementor-size-large\">ECONOM\u00cdA<\/h2>\t\t\t\t<\/div>\n\t\t\t\t\t<\/div>\n\t\t<\/div>\n\t\t\t\t\t<\/div>\n\t\t<\/section>\n\t\t\t\t<section class=\"elementor-section elementor-top-section elementor-element elementor-element-7dafb6e4 elementor-section-boxed elementor-section-height-default elementor-section-height-default\" data-id=\"7dafb6e4\" data-element_type=\"section\" data-e-type=\"section\">\n\t\t\t\t\t\t<div class=\"elementor-container elementor-column-gap-default\">\n\t\t\t\t\t<div class=\"elementor-column elementor-col-100 elementor-top-column elementor-element elementor-element-38ae5a14\" data-id=\"38ae5a14\" data-element_type=\"column\" data-e-type=\"column\">\n\t\t\t<div class=\"elementor-widget-wrap elementor-element-populated\">\n\t\t\t\t\t\t<div class=\"elementor-element elementor-element-f8a3207 elementor-widget elementor-widget-author-box\" data-id=\"f8a3207\" data-element_type=\"widget\" data-e-type=\"widget\" data-widget_type=\"author-box.default\">\n\t\t\t\t\t\t\t<div class=\"elementor-author-box\">\n\t\t\t\t\t\t\t<a href=\"https:\/\/delfoscba.com.ar\/\/dev\/\/nosotros\/\" class=\"elementor-author-box__avatar\">\n\t\t\t\t\t<img decoding=\"async\" src=\"https:\/\/delfoscba.com.ar\/dev\/wp-content\/uploads\/2021\/03\/eia-1.png\" alt=\"Picture of Jos\u00e9 Gangi\" loading=\"lazy\">\n\t\t\t\t<\/a>\n\t\t\t\n\t\t\t<div class=\"elementor-author-box__text\">\n\t\t\t\t\t\t\t\t\t<a href=\"https:\/\/delfoscba.com.ar\/\/dev\/\/nosotros\/\">\n\t\t\t\t\t\t<h4 class=\"elementor-author-box__name\">\n\t\t\t\t\t\t\tJos\u00e9 Gangi\t\t\t\t\t\t<\/h4>\n\t\t\t\t\t<\/a>\n\t\t\t\t\n\t\t\t\t\t\t\t\t\t<div class=\"elementor-author-box__bio\">\n\t\t\t\t\t\t<p>Edici\u00f3n y An\u00e1lisis de informes<\/p>\n\t\t\t\t\t<\/div>\n\t\t\t\t\n\t\t\t\t\t\t\t<\/div>\n\t\t<\/div>\n\t\t\t\t\t\t<\/div>\n\t\t\t\t<div class=\"elementor-element elementor-element-7aefe4b4 elementor-widget elementor-widget-text-editor\" data-id=\"7aefe4b4\" data-element_type=\"widget\" data-e-type=\"widget\" data-widget_type=\"text-editor.default\">\n\t\t\t\t\t\t\t\t\t<p>Despu\u00e9s de varios a\u00f1os de estancamiento y recesi\u00f3n, por fin la econom\u00eda parece ver la luz al final del t\u00fanel. El PBI creci\u00f3 10,3% en 2021, el nivel de empleo present\u00f3 los valores m\u00e1s altos de los \u00faltimos 10 a\u00f1os, el desempleo cay\u00f3 al 7%, la cifra m\u00e1s baja desde 2016, y el coeficiente de Gini, que mide la desigualdad en la sociedad, baj\u00f3 a 0,413, el mejor valor desde 2017<a href=\"#_ftn1\" name=\"_ftnref1\">[1]<\/a>.<\/p><p>Sin embargo, estas mejoras experimentadas no parecen haber repercutido en el bolsillo y las expectativas de los cordobeses de a pie.<\/p><p><a href=\"https:\/\/delfoscba.com.ar\/\/dev\/\/wp-content\/uploads\/2022\/05\/1-3.png\"><img fetchpriority=\"high\" decoding=\"async\" class=\"aligncenter wp-image-12755 size-large\" src=\"https:\/\/delfoscba.com.ar\/\/dev\/\/wp-content\/uploads\/2022\/05\/1-3-1021x1024.png\" alt=\"\" width=\"1021\" height=\"1024\" srcset=\"https:\/\/delfoscba.com.ar\/dev\/wp-content\/uploads\/2022\/05\/1-3-1021x1024.png 1021w, https:\/\/delfoscba.com.ar\/dev\/wp-content\/uploads\/2022\/05\/1-3-300x300.png 300w, https:\/\/delfoscba.com.ar\/dev\/wp-content\/uploads\/2022\/05\/1-3-150x150.png 150w, https:\/\/delfoscba.com.ar\/dev\/wp-content\/uploads\/2022\/05\/1-3-768x770.png 768w, https:\/\/delfoscba.com.ar\/dev\/wp-content\/uploads\/2022\/05\/1-3-1080x1083.png 1080w, https:\/\/delfoscba.com.ar\/dev\/wp-content\/uploads\/2022\/05\/1-3-440x440.png 440w, https:\/\/delfoscba.com.ar\/dev\/wp-content\/uploads\/2022\/05\/1-3.png 1083w\" sizes=\"(max-width: 1021px) 100vw, 1021px\" \/><\/a><\/p><p>De acuerdo con nuestro \u00faltimo relevamiento a nivel provincial, desarrollado del 18 al 24 de abril, el 75% de los cordobeses afirma que Argentina est\u00e1 peor que el a\u00f1o pasado, un 13% igual y s\u00f3lo un 6% dice que el pa\u00eds est\u00e1 mejor.<\/p><p><a href=\"https:\/\/delfoscba.com.ar\/\/dev\/\/wp-content\/uploads\/2022\/05\/2-3.png\"><img decoding=\"async\" class=\"alignnone wp-image-12756 size-medium\" src=\"https:\/\/delfoscba.com.ar\/\/dev\/\/wp-content\/uploads\/2022\/05\/2-3-300x300.png\" alt=\"\" width=\"300\" height=\"300\" srcset=\"https:\/\/delfoscba.com.ar\/dev\/wp-content\/uploads\/2022\/05\/2-3-300x300.png 300w, https:\/\/delfoscba.com.ar\/dev\/wp-content\/uploads\/2022\/05\/2-3-1021x1024.png 1021w, https:\/\/delfoscba.com.ar\/dev\/wp-content\/uploads\/2022\/05\/2-3-150x150.png 150w, https:\/\/delfoscba.com.ar\/dev\/wp-content\/uploads\/2022\/05\/2-3-768x770.png 768w, https:\/\/delfoscba.com.ar\/dev\/wp-content\/uploads\/2022\/05\/2-3-1080x1083.png 1080w, https:\/\/delfoscba.com.ar\/dev\/wp-content\/uploads\/2022\/05\/2-3-440x440.png 440w, https:\/\/delfoscba.com.ar\/dev\/wp-content\/uploads\/2022\/05\/2-3.png 1083w\" sizes=\"(max-width: 300px) 100vw, 300px\" \/><\/a><a href=\"https:\/\/delfoscba.com.ar\/\/dev\/\/wp-content\/uploads\/2022\/05\/3-3.png\"><img decoding=\"async\" class=\"alignnone wp-image-12757 size-medium\" src=\"https:\/\/delfoscba.com.ar\/\/dev\/\/wp-content\/uploads\/2022\/05\/3-3-300x300.png\" alt=\"\" width=\"300\" height=\"300\" srcset=\"https:\/\/delfoscba.com.ar\/dev\/wp-content\/uploads\/2022\/05\/3-3-300x300.png 300w, https:\/\/delfoscba.com.ar\/dev\/wp-content\/uploads\/2022\/05\/3-3-1021x1024.png 1021w, https:\/\/delfoscba.com.ar\/dev\/wp-content\/uploads\/2022\/05\/3-3-150x150.png 150w, https:\/\/delfoscba.com.ar\/dev\/wp-content\/uploads\/2022\/05\/3-3-768x770.png 768w, https:\/\/delfoscba.com.ar\/dev\/wp-content\/uploads\/2022\/05\/3-3-1080x1083.png 1080w, https:\/\/delfoscba.com.ar\/dev\/wp-content\/uploads\/2022\/05\/3-3-440x440.png 440w, https:\/\/delfoscba.com.ar\/dev\/wp-content\/uploads\/2022\/05\/3-3.png 1083w\" sizes=\"(max-width: 300px) 100vw, 300px\" \/><\/a><\/p><p>Cuando les consultamos a los encuestados el porqu\u00e9 de su opini\u00f3n, la principal respuesta esbozada por aquellos que afirman que el pa\u00eds est\u00e1 peor y por aquellos que dicen que est\u00e1 igual es que \u201chay mucha inflaci\u00f3n\u201d (84% y 87%, respectivamente). Por otro lado, un 6% que posee una mirada positiva de la realidad sustenta su apreciaci\u00f3n principalmente, en la reactivaci\u00f3n econ\u00f3mica (67%).<\/p><p><a href=\"https:\/\/delfoscba.com.ar\/\/dev\/\/wp-content\/uploads\/2022\/05\/4-2.png\"><img loading=\"lazy\" decoding=\"async\" class=\"aligncenter wp-image-12758 size-large\" src=\"https:\/\/delfoscba.com.ar\/\/dev\/\/wp-content\/uploads\/2022\/05\/4-2-1021x1024.png\" alt=\"\" width=\"1021\" height=\"1024\" srcset=\"https:\/\/delfoscba.com.ar\/dev\/wp-content\/uploads\/2022\/05\/4-2-1021x1024.png 1021w, https:\/\/delfoscba.com.ar\/dev\/wp-content\/uploads\/2022\/05\/4-2-300x300.png 300w, https:\/\/delfoscba.com.ar\/dev\/wp-content\/uploads\/2022\/05\/4-2-150x150.png 150w, https:\/\/delfoscba.com.ar\/dev\/wp-content\/uploads\/2022\/05\/4-2-768x770.png 768w, https:\/\/delfoscba.com.ar\/dev\/wp-content\/uploads\/2022\/05\/4-2-1080x1083.png 1080w, https:\/\/delfoscba.com.ar\/dev\/wp-content\/uploads\/2022\/05\/4-2-440x440.png 440w, https:\/\/delfoscba.com.ar\/dev\/wp-content\/uploads\/2022\/05\/4-2.png 1083w\" sizes=\"(max-width: 1021px) 100vw, 1021px\" \/><\/a><\/p><p>Si observamos en t\u00e9rminos evolutivos la situaci\u00f3n econ\u00f3mica que afirman poseer los cordobeses en su presente, podemos apreciar mejoras interanuales. Si comparamos las cifras actuales con las de octubre de 2021, se observa una reducci\u00f3n de 12 pp del peso de los cordobeses que afirmaban poseer ingresos insuficientes para vivir y un crecimiento significativo de los que dicen que les alcanza con lo justo.<\/p><p><a href=\"https:\/\/delfoscba.com.ar\/\/dev\/\/wp-content\/uploads\/2022\/05\/6.png\"><img loading=\"lazy\" decoding=\"async\" class=\"aligncenter wp-image-12760 size-large\" src=\"https:\/\/delfoscba.com.ar\/\/dev\/\/wp-content\/uploads\/2022\/05\/6-1021x1024.png\" alt=\"\" width=\"1021\" height=\"1024\" srcset=\"https:\/\/delfoscba.com.ar\/dev\/wp-content\/uploads\/2022\/05\/6-1021x1024.png 1021w, https:\/\/delfoscba.com.ar\/dev\/wp-content\/uploads\/2022\/05\/6-300x300.png 300w, https:\/\/delfoscba.com.ar\/dev\/wp-content\/uploads\/2022\/05\/6-150x150.png 150w, https:\/\/delfoscba.com.ar\/dev\/wp-content\/uploads\/2022\/05\/6-768x770.png 768w, https:\/\/delfoscba.com.ar\/dev\/wp-content\/uploads\/2022\/05\/6-1080x1083.png 1080w, https:\/\/delfoscba.com.ar\/dev\/wp-content\/uploads\/2022\/05\/6-440x440.png 440w, https:\/\/delfoscba.com.ar\/dev\/wp-content\/uploads\/2022\/05\/6.png 1083w\" sizes=\"(max-width: 1021px) 100vw, 1021px\" \/><\/a><\/p><p>Entonces, \u00bfpor qu\u00e9 los cordobeses afirman que est\u00e1n peor que el a\u00f1o pasado si la situaci\u00f3n parece haberse transformado positivamente? Quiz\u00e1s la respuesta est\u00e9 asociada a una variable destacada por los vecinos de la provincia que resulta trascendental para la configuraci\u00f3n de las expectativas y el desarrollo de la econom\u00eda: la inflaci\u00f3n.<\/p><p>Con altos niveles de inflaci\u00f3n, ni siquiera los asalariados consiguen costear una canasta b\u00e1sica. Es decir, aunque encuentren trabajo, la merma constante e incluso creciente del poder adquisitivo conspira contra la posibilidad de alcanzar una vida digna dentro de los hogares cordobeses.<\/p><p>Si adem\u00e1s tenemos en cuenta las expectativas negativas en torno a la situaci\u00f3n inflacionaria del presente a\u00f1o, la desesperanza no hace m\u00e1s que consolidarse entre los cordobeses, para los cuales ni poseer trabajo resulta una garant\u00eda suficiente para costear una vida digna.<\/p><p>Por otro lado, esta realidad inflacionaria reaviva fantasmas del pasado que alertan a los prevenidos sobre las consecuencias que podr\u00eda desatar incluso en aquellos indicadores que mejoran y las crecientes dificultades que presenta su resoluci\u00f3n a medida que crece exponencialmente.<\/p><p>En s\u00edntesis, la inflaci\u00f3n se revela en la memoria de los cordobeses como una topadora que arrasa con todo: salarios, confianza y, a la corta o a la larga, con cualquier variable econ\u00f3mica.<\/p><p><a href=\"#_ftnref1\" name=\"_ftn1\">[1]<\/a> Todos los datos se obtuvieron de informes publicados en la p\u00e1gina web de Indec -https:\/\/www.indec.gob.ar\/- y hacen referencia a las condiciones socioecon\u00f3micas del \u00faltimo cuatrimestre de 2021.<\/p>\t\t\t\t\t\t\t\t<\/div>\n\t\t\t\t\t<\/div>\n\t\t<\/div>\n\t\t\t\t\t<\/div>\n\t\t<\/section>\n\t\t\t\t<section class=\"elementor-section elementor-top-section elementor-element elementor-element-b28ac47 elementor-section-height-min-height elementor-section-boxed elementor-section-height-default elementor-section-items-middle\" data-id=\"b28ac47\" data-element_type=\"section\" data-e-type=\"section\" data-settings=\"{&quot;background_background&quot;:&quot;classic&quot;}\">\n\t\t\t\t\t\t\t<div class=\"elementor-background-overlay\"><\/div>\n\t\t\t\t\t\t\t<div class=\"elementor-container elementor-column-gap-default\">\n\t\t\t\t\t<div class=\"elementor-column elementor-col-100 elementor-top-column elementor-element elementor-element-88fba06\" data-id=\"88fba06\" data-element_type=\"column\" data-e-type=\"column\">\n\t\t\t<div class=\"elementor-widget-wrap elementor-element-populated\">\n\t\t\t\t\t\t<div class=\"elementor-element elementor-element-7e65226 elementor-widget elementor-widget-heading\" data-id=\"7e65226\" data-element_type=\"widget\" data-e-type=\"widget\" data-widget_type=\"heading.default\">\n\t\t\t\t\t<h2 class=\"elementor-heading-title elementor-size-large\">Seguinos en nuestras redes<\/h2>\t\t\t\t<\/div>\n\t\t\t\t<div class=\"elementor-element elementor-element-c37b7ef elementor-shape-circle e-grid-align-tablet-center e-grid-align-mobile-center e-grid-align-left elementor-grid-0 elementor-widget elementor-widget-social-icons\" data-id=\"c37b7ef\" data-element_type=\"widget\" data-e-type=\"widget\" data-widget_type=\"social-icons.default\">\n\t\t\t\t\t\t\t<div class=\"elementor-social-icons-wrapper elementor-grid\" role=\"list\">\n\t\t\t\t\t\t\t<span class=\"elementor-grid-item\" role=\"listitem\">\n\t\t\t\t\t<a class=\"elementor-icon elementor-social-icon elementor-social-icon-facebook-f elementor-repeater-item-lf5yt4c\" href=\"https:\/\/www.facebook.com\/ConsultoraDelfos\" target=\"_blank\">\n\t\t\t\t\t\t<span class=\"elementor-screen-only\">Facebook-f<\/span>\n\t\t\t\t\t\t<i aria-hidden=\"true\" class=\"fab fa-facebook-f\"><\/i>\t\t\t\t\t<\/a>\n\t\t\t\t<\/span>\n\t\t\t\t\t\t\t<span class=\"elementor-grid-item\" role=\"listitem\">\n\t\t\t\t\t<a class=\"elementor-icon elementor-social-icon elementor-social-icon-twitter elementor-repeater-item-01xie82\" href=\"https:\/\/twitter.com\/delfoscba\" target=\"_blank\">\n\t\t\t\t\t\t<span class=\"elementor-screen-only\">Twitter<\/span>\n\t\t\t\t\t\t<i aria-hidden=\"true\" class=\"fab fa-twitter\"><\/i>\t\t\t\t\t<\/a>\n\t\t\t\t<\/span>\n\t\t\t\t\t\t\t<span class=\"elementor-grid-item\" role=\"listitem\">\n\t\t\t\t\t<a class=\"elementor-icon elementor-social-icon elementor-social-icon-linkedin elementor-repeater-item-grhvqhn\" target=\"_blank\">\n\t\t\t\t\t\t<span class=\"elementor-screen-only\">Linkedin<\/span>\n\t\t\t\t\t\t<i aria-hidden=\"true\" class=\"fab fa-linkedin\"><\/i>\t\t\t\t\t<\/a>\n\t\t\t\t<\/span>\n\t\t\t\t\t<\/div>\n\t\t\t\t\t\t<\/div>\n\t\t\t\t\t<\/div>\n\t\t<\/div>\n\t\t\t\t\t<\/div>\n\t\t<\/section>\n\t\t\t\t<\/div>\n\t\t","protected":false},"excerpt":{"rendered":"<p>La opini\u00f3n de los cordobeses respecto de la situaci\u00f3n econ\u00f3mica nacional.<\/p>\n","protected":false},"author":1,"featured_media":12761,"comment_status":"open","ping_status":"open","sticky":false,"template":"","format":"standard","meta":{"_acf_changed":false,"footnotes":""},"categories":[2],"tags":[380,471,39,40,38,128,42,604,145,34,603,602,605,553,523,112],"class_list":["post-12754","post","type-post","status-publish","format-standard","has-post-thumbnail","hentry","category-economia","tag-380","tag-471","tag-argentina","tag-consultora","tag-cordoba","tag-delfos","tag-economia","tag-igual","tag-inflacion","tag-jose-gangi","tag-mejor","tag-peor","tag-reactivacion","tag-salarios","tag-situacion-economica","tag-trabajo","et-has-post-format-content","et_post_format-et-post-format-standard"],"acf":[],"_links":{"self":[{"href":"https:\/\/delfoscba.com.ar\/dev\/wp-json\/wp\/v2\/posts\/12754","targetHints":{"allow":["GET"]}}],"collection":[{"href":"https:\/\/delfoscba.com.ar\/dev\/wp-json\/wp\/v2\/posts"}],"about":[{"href":"https:\/\/delfoscba.com.ar\/dev\/wp-json\/wp\/v2\/types\/post"}],"author":[{"embeddable":true,"href":"https:\/\/delfoscba.com.ar\/dev\/wp-json\/wp\/v2\/users\/1"}],"replies":[{"embeddable":true,"href":"https:\/\/delfoscba.com.ar\/dev\/wp-json\/wp\/v2\/comments?post=12754"}],"version-history":[{"count":5,"href":"https:\/\/delfoscba.com.ar\/dev\/wp-json\/wp\/v2\/posts\/12754\/revisions"}],"predecessor-version":[{"id":12766,"href":"https:\/\/delfoscba.com.ar\/dev\/wp-json\/wp\/v2\/posts\/12754\/revisions\/12766"}],"wp:featuredmedia":[{"embeddable":true,"href":"https:\/\/delfoscba.com.ar\/dev\/wp-json\/wp\/v2\/media\/12761"}],"wp:attachment":[{"href":"https:\/\/delfoscba.com.ar\/dev\/wp-json\/wp\/v2\/media?parent=12754"}],"wp:term":[{"taxonomy":"category","embeddable":true,"href":"https:\/\/delfoscba.com.ar\/dev\/wp-json\/wp\/v2\/categories?post=12754"},{"taxonomy":"post_tag","embeddable":true,"href":"https:\/\/delfoscba.com.ar\/dev\/wp-json\/wp\/v2\/tags?post=12754"}],"curies":[{"name":"wp","href":"https:\/\/api.w.org\/{rel}","templated":true}]}}