{"id":12770,"date":"2022-05-09T16:29:29","date_gmt":"2022-05-09T16:29:29","guid":{"rendered":"https:\/\/delfoscba.com.ar\/\/dev\/\/?p=12770"},"modified":"2022-05-09T16:33:32","modified_gmt":"2022-05-09T16:33:32","slug":"el-poder-judicial-en-la-agenda-segun-las-ultimas-encuestas","status":"publish","type":"post","link":"https:\/\/delfoscba.com.ar\/dev\/politica\/el-poder-judicial-en-la-agenda-segun-las-ultimas-encuestas\/","title":{"rendered":"El Poder Judicial en la agenda seg\u00fan las \u00faltimas encuestas"},"content":{"rendered":"\t\t<div data-elementor-type=\"wp-post\" data-elementor-id=\"12770\" class=\"elementor elementor-12770\" data-elementor-post-type=\"post\">\n\t\t\t\t\t\t<section class=\"elementor-section elementor-top-section elementor-element elementor-element-41498b4 elementor-section-height-min-height elementor-section-boxed elementor-section-height-default elementor-section-items-middle\" data-id=\"41498b4\" data-element_type=\"section\" data-e-type=\"section\" data-settings=\"{&quot;background_background&quot;:&quot;classic&quot;}\">\n\t\t\t\t\t\t\t<div class=\"elementor-background-overlay\"><\/div>\n\t\t\t\t\t\t\t<div class=\"elementor-container elementor-column-gap-no\">\n\t\t\t\t\t<div class=\"elementor-column elementor-col-100 elementor-top-column elementor-element elementor-element-a18ac89\" data-id=\"a18ac89\" data-element_type=\"column\" data-e-type=\"column\">\n\t\t\t<div class=\"elementor-widget-wrap elementor-element-populated\">\n\t\t\t\t\t\t<div class=\"elementor-element elementor-element-e493600 elementor-widget elementor-widget-heading\" data-id=\"e493600\" data-element_type=\"widget\" data-e-type=\"widget\" data-widget_type=\"heading.default\">\n\t\t\t\t\t<h2 class=\"elementor-heading-title elementor-size-large\">POL\u00cdTICA<\/h2>\t\t\t\t<\/div>\n\t\t\t\t\t<\/div>\n\t\t<\/div>\n\t\t\t\t\t<\/div>\n\t\t<\/section>\n\t\t\t\t<section class=\"elementor-section elementor-top-section elementor-element elementor-element-7dafb6e4 elementor-section-boxed elementor-section-height-default elementor-section-height-default\" data-id=\"7dafb6e4\" data-element_type=\"section\" data-e-type=\"section\">\n\t\t\t\t\t\t<div class=\"elementor-container elementor-column-gap-default\">\n\t\t\t\t\t<div class=\"elementor-column elementor-col-100 elementor-top-column elementor-element elementor-element-38ae5a14\" data-id=\"38ae5a14\" data-element_type=\"column\" data-e-type=\"column\">\n\t\t\t<div class=\"elementor-widget-wrap elementor-element-populated\">\n\t\t\t\t\t\t<div class=\"elementor-element elementor-element-f8a3207 elementor-widget elementor-widget-author-box\" data-id=\"f8a3207\" data-element_type=\"widget\" data-e-type=\"widget\" data-widget_type=\"author-box.default\">\n\t\t\t\t\t\t\t<div class=\"elementor-author-box\">\n\t\t\t\t\t\t\t<a href=\"https:\/\/delfoscba.com.ar\/\/dev\/\/nosotros\/\" class=\"elementor-author-box__avatar\">\n\t\t\t\t\t<img decoding=\"async\" src=\"https:\/\/delfoscba.com.ar\/dev\/wp-content\/uploads\/2021\/02\/norman-250x250-1.jpg\" alt=\"Picture of Norman Berra\" loading=\"lazy\">\n\t\t\t\t<\/a>\n\t\t\t\n\t\t\t<div class=\"elementor-author-box__text\">\n\t\t\t\t\t\t\t\t\t<a href=\"https:\/\/delfoscba.com.ar\/\/dev\/\/nosotros\/\">\n\t\t\t\t\t\t<h4 class=\"elementor-author-box__name\">\n\t\t\t\t\t\t\tNorman Berra\t\t\t\t\t\t<\/h4>\n\t\t\t\t\t<\/a>\n\t\t\t\t\n\t\t\t\t\t\t\t\t\t<div class=\"elementor-author-box__bio\">\n\t\t\t\t\t\t<p>L\u00edder de proyectos<\/p>\n\t\t\t\t\t<\/div>\n\t\t\t\t\n\t\t\t\t\t\t\t<\/div>\n\t\t<\/div>\n\t\t\t\t\t\t<\/div>\n\t\t\t\t<div class=\"elementor-element elementor-element-7aefe4b4 elementor-widget elementor-widget-text-editor\" data-id=\"7aefe4b4\" data-element_type=\"widget\" data-e-type=\"widget\" data-widget_type=\"text-editor.default\">\n\t\t\t\t\t\t\t\t\t<p><a href=\"https:\/\/delfoscba.com.ar\/\/dev\/\/wp-content\/uploads\/2022\/05\/1-1.jpg\"><img fetchpriority=\"high\" decoding=\"async\" class=\"aligncenter wp-image-12771 size-full\" src=\"https:\/\/delfoscba.com.ar\/\/dev\/\/wp-content\/uploads\/2022\/05\/1-1.jpg\" alt=\"\" width=\"938\" height=\"524\" srcset=\"https:\/\/delfoscba.com.ar\/dev\/wp-content\/uploads\/2022\/05\/1-1.jpg 938w, https:\/\/delfoscba.com.ar\/dev\/wp-content\/uploads\/2022\/05\/1-1-300x168.jpg 300w, https:\/\/delfoscba.com.ar\/dev\/wp-content\/uploads\/2022\/05\/1-1-768x429.jpg 768w\" sizes=\"(max-width: 938px) 100vw, 938px\" \/><\/a><\/p><p>Desde hace unas semanas, la puja entre el Gobierno nacional y el Poder Judicial escal\u00f3 sobre la base de dos temas principales: uno, la pol\u00e9mica intervenci\u00f3n de la Corte Suprema de Justicia (CSJN) en el Consejo de la Magistratura (ya que la CSJN declar\u00f3 de manera tard\u00eda la inconstitucionalidad de la \u00faltima reforma y restaur\u00f3 una normativa anterior, con el agravante de que el presidente de la Corte se coloc\u00f3 al frente del organismo). El otro son las iniciativas para reformar y ampliar el tribunal superior. En general, son temas que, por su complejidad t\u00e9cnica, escapan al promedio de la opini\u00f3n p\u00fablica, por lo que no hay mediciones recientes que los aborden. Lo que s\u00ed aportan las encuestas es un dato contextual de base: la puja se produce en un momento en el que tanto la dirigencia pol\u00edtica como el Poder Judicial est\u00e1n en pisos de valoraci\u00f3n. Seg\u00fan el \u00faltimo estudio realizado por la Universidad de San Andr\u00e9s (Udesa), los jueces est\u00e1n al fondo de la tabla de imagen de organizaciones, actores y sectores, con apenas 9% de calificaci\u00f3n positiva vs 84% de negativa (gr\u00e1fico arriba).<\/p><p><a href=\"https:\/\/delfoscba.com.ar\/\/dev\/\/wp-content\/uploads\/2022\/05\/2-1.jpg\"><img decoding=\"async\" class=\"aligncenter wp-image-12772 size-full\" src=\"https:\/\/delfoscba.com.ar\/\/dev\/\/wp-content\/uploads\/2022\/05\/2-1.jpg\" alt=\"\" width=\"919\" height=\"514\" srcset=\"https:\/\/delfoscba.com.ar\/dev\/wp-content\/uploads\/2022\/05\/2-1.jpg 919w, https:\/\/delfoscba.com.ar\/dev\/wp-content\/uploads\/2022\/05\/2-1-300x168.jpg 300w, https:\/\/delfoscba.com.ar\/dev\/wp-content\/uploads\/2022\/05\/2-1-768x430.jpg 768w\" sizes=\"(max-width: 919px) 100vw, 919px\" \/><\/a><\/p><p>De acuerdo al mismo informe, el Poder Judicial tambi\u00e9n est\u00e1 al fondo de la tabla de satisfacci\u00f3n, con apenas 10% (muy satisfecho + algo satisfecho) y 85% de insatisfacci\u00f3n (algo insatisfecho + muy insatisfecho). Muy cerca se ubica el Poder Ejecutivo (11% vs 83%, respectivamente), mientras que las C\u00e1maras de Diputados y Senadores alcanzan la misma satisfacci\u00f3n acumulada (12%) y apenas se diferencian en insatisfacci\u00f3n (83% vs 81%, respectivamente), en un empate t\u00e9cnico a cuatro bandas (gr\u00e1fico arriba).<\/p><p><a href=\"https:\/\/delfoscba.com.ar\/\/dev\/\/wp-content\/uploads\/2022\/05\/3-1.jpg\"><img decoding=\"async\" class=\"aligncenter wp-image-12773 size-large\" src=\"https:\/\/delfoscba.com.ar\/\/dev\/\/wp-content\/uploads\/2022\/05\/3-1-1024x570.jpg\" alt=\"\" width=\"1024\" height=\"570\" srcset=\"https:\/\/delfoscba.com.ar\/dev\/wp-content\/uploads\/2022\/05\/3-1-1024x570.jpg 1024w, https:\/\/delfoscba.com.ar\/dev\/wp-content\/uploads\/2022\/05\/3-1-300x167.jpg 300w, https:\/\/delfoscba.com.ar\/dev\/wp-content\/uploads\/2022\/05\/3-1-768x428.jpg 768w, https:\/\/delfoscba.com.ar\/dev\/wp-content\/uploads\/2022\/05\/3-1-1080x601.jpg 1080w, https:\/\/delfoscba.com.ar\/dev\/wp-content\/uploads\/2022\/05\/3-1.jpg 1200w\" sizes=\"(max-width: 1024px) 100vw, 1024px\" \/><\/a><\/p><p>En la misma l\u00ednea, un estudio reciente de consultora Taqui\u00f3n arroja que apenas 8,9% de los electores argentinos conf\u00eda en los jueces y el sistema judicial, vs 84,4% que no conf\u00eda. En cuanto a los pol\u00edticos en general, el resultado es 8,3% vs 85%, respectivamente (gr\u00e1fico arriba); es decir, un nuevo empate t\u00e9cnico. A su turno, una encuesta de las consultoras Grupo de Opini\u00f3n P\u00fablica (GOP) y Trespuntozero ubica a pol\u00edticos y jueces como los dos sectores percibidos como m\u00e1s privilegiados del pa\u00eds, con 64,4% y 14,6% en el total pa\u00eds y diferencias estad\u00edsticamente no significativas cuando los datos se acotan a la clase media (gr\u00e1fico abajo).<\/p><p><a href=\"https:\/\/delfoscba.com.ar\/\/dev\/\/wp-content\/uploads\/2022\/05\/4-1.jpg\"><img loading=\"lazy\" decoding=\"async\" class=\"aligncenter wp-image-12774 size-large\" src=\"https:\/\/delfoscba.com.ar\/\/dev\/\/wp-content\/uploads\/2022\/05\/4-1-1024x569.jpg\" alt=\"\" width=\"1024\" height=\"569\" srcset=\"https:\/\/delfoscba.com.ar\/dev\/wp-content\/uploads\/2022\/05\/4-1-1024x569.jpg 1024w, https:\/\/delfoscba.com.ar\/dev\/wp-content\/uploads\/2022\/05\/4-1-300x167.jpg 300w, https:\/\/delfoscba.com.ar\/dev\/wp-content\/uploads\/2022\/05\/4-1-768x427.jpg 768w, https:\/\/delfoscba.com.ar\/dev\/wp-content\/uploads\/2022\/05\/4-1-1080x600.jpg 1080w, https:\/\/delfoscba.com.ar\/dev\/wp-content\/uploads\/2022\/05\/4-1.jpg 1300w\" sizes=\"(max-width: 1024px) 100vw, 1024px\" \/><\/a><\/p><p>Los matices aparecen al abrir el dato en funci\u00f3n de la \u201cgrieta\u201d electoral: 74% de los votantes de Juntos por el Cambio (JXC) se decanta por los pol\u00edticos como sector con m\u00e1s privilegios y apenas 6,6% por los jueces; en cambio, 53% de los electores del Frente de Todos (FDT) percibe a los pol\u00edticos como el sector m\u00e1s privilegiado (21 puntos porcentuales menos que en JXC), pero casi 28% identifica a los jueces en segundo t\u00e9rmino (21,2 pp por encima de lo que se advierte en JXC). Adem\u00e1s, 8,1% del FDT ve a los empresarios como el tercer sector m\u00e1s privilegiado, posici\u00f3n que entre los electores cambiemitas ocupan los sindicalistas (gr\u00e1fico abajo). \u00a0<\/p><p><a href=\"https:\/\/delfoscba.com.ar\/\/dev\/\/wp-content\/uploads\/2022\/05\/5-1.jpg\"><img loading=\"lazy\" decoding=\"async\" class=\"aligncenter wp-image-12775 size-large\" src=\"https:\/\/delfoscba.com.ar\/\/dev\/\/wp-content\/uploads\/2022\/05\/5-1-1024x574.jpg\" alt=\"\" width=\"1024\" height=\"574\" srcset=\"https:\/\/delfoscba.com.ar\/dev\/wp-content\/uploads\/2022\/05\/5-1-1024x574.jpg 1024w, https:\/\/delfoscba.com.ar\/dev\/wp-content\/uploads\/2022\/05\/5-1-300x168.jpg 300w, https:\/\/delfoscba.com.ar\/dev\/wp-content\/uploads\/2022\/05\/5-1-768x431.jpg 768w, https:\/\/delfoscba.com.ar\/dev\/wp-content\/uploads\/2022\/05\/5-1-1080x606.jpg 1080w, https:\/\/delfoscba.com.ar\/dev\/wp-content\/uploads\/2022\/05\/5-1.jpg 1300w\" sizes=\"(max-width: 1024px) 100vw, 1024px\" \/><\/a><\/p><p>Un dato interesante es que en algunos puntos no hay grieta pol\u00edtica: el 82% de los votantes de Mauricio Macri en 2019 est\u00e1 de acuerdo con quitar las jubilaciones de privilegio con las que cuentan los jueces (junto con los diplom\u00e1ticos), y 80,5% de los votantes de Alberto Fern\u00e1ndez en la misma elecci\u00f3n coincide, seg\u00fan una encuesta reciente de las consultoras Grupo de Opini\u00f3n P\u00fablica (GOP) y Trespuntozero (gr\u00e1fico abajo).<\/p><p><a href=\"https:\/\/delfoscba.com.ar\/\/dev\/\/wp-content\/uploads\/2022\/05\/6-1.jpg\"><img loading=\"lazy\" decoding=\"async\" class=\"aligncenter wp-image-12776 size-large\" src=\"https:\/\/delfoscba.com.ar\/\/dev\/\/wp-content\/uploads\/2022\/05\/6-1-1024x579.jpg\" alt=\"\" width=\"1024\" height=\"579\" srcset=\"https:\/\/delfoscba.com.ar\/dev\/wp-content\/uploads\/2022\/05\/6-1-1024x579.jpg 1024w, https:\/\/delfoscba.com.ar\/dev\/wp-content\/uploads\/2022\/05\/6-1-300x170.jpg 300w, https:\/\/delfoscba.com.ar\/dev\/wp-content\/uploads\/2022\/05\/6-1-768x434.jpg 768w, https:\/\/delfoscba.com.ar\/dev\/wp-content\/uploads\/2022\/05\/6-1-1080x611.jpg 1080w, https:\/\/delfoscba.com.ar\/dev\/wp-content\/uploads\/2022\/05\/6-1.jpg 1300w\" sizes=\"(max-width: 1024px) 100vw, 1024px\" \/><\/a><\/p><p>Profundizando el an\u00e1lisis, el hecho de que tanto los actores pol\u00edticos como los judiciales atraviesen un momento de descr\u00e9dito generalizado no implica que no exista consenso social para ciertas reformas: como acabamos de identificar, existe un acuerdo transversal en la posibilidad de quitar las jubilaciones de privilegio a los jueces.<\/p><p><a href=\"https:\/\/delfoscba.com.ar\/\/dev\/\/wp-content\/uploads\/2022\/05\/7-1.jpg\"><img loading=\"lazy\" decoding=\"async\" class=\"aligncenter wp-image-12777 size-large\" src=\"https:\/\/delfoscba.com.ar\/\/dev\/\/wp-content\/uploads\/2022\/05\/7-1-1024x597.jpg\" alt=\"\" width=\"1024\" height=\"597\" srcset=\"https:\/\/delfoscba.com.ar\/dev\/wp-content\/uploads\/2022\/05\/7-1-1024x597.jpg 1024w, https:\/\/delfoscba.com.ar\/dev\/wp-content\/uploads\/2022\/05\/7-1-300x175.jpg 300w, https:\/\/delfoscba.com.ar\/dev\/wp-content\/uploads\/2022\/05\/7-1-768x448.jpg 768w, https:\/\/delfoscba.com.ar\/dev\/wp-content\/uploads\/2022\/05\/7-1.jpg 1080w\" sizes=\"(max-width: 1024px) 100vw, 1024px\" \/><\/a><\/p><p>Otro tema donde se perfila un consenso mayoritario surgen de un sondeo de opini\u00f3n realizado por Clivajes Consultores Ciudad Aut\u00f3noma de Buenos Aires y Provincia de Buenos Aires el pasado mes de febrero: en un contexto en el que apenas 15,1% de los electores de ese conglomerado est\u00e1 muy o algo conforme con el funcionamiento del Poder Judicial mientras que casi 81% se muestra algo disconforme o muy disconforme (gr\u00e1fico arriba), tambi\u00e9n casi 81% est\u00e1 muy de acuerdo o algo de acuerdo con la frase <em>\u201cel Poder Judicial debe ser sometido al voto popular, como ocurre con el Poder Ejecutivo y el Poder Legislativo\u201d<\/em>; s\u00f3lo 16,1% se muestra en contra (gr\u00e1fico abajo).<\/p><p><a href=\"https:\/\/delfoscba.com.ar\/\/dev\/\/wp-content\/uploads\/2022\/05\/8.jpg\"><img loading=\"lazy\" decoding=\"async\" class=\"aligncenter wp-image-12778 size-large\" src=\"https:\/\/delfoscba.com.ar\/\/dev\/\/wp-content\/uploads\/2022\/05\/8-1024x592.jpg\" alt=\"\" width=\"1024\" height=\"592\" srcset=\"https:\/\/delfoscba.com.ar\/dev\/wp-content\/uploads\/2022\/05\/8-1024x592.jpg 1024w, https:\/\/delfoscba.com.ar\/dev\/wp-content\/uploads\/2022\/05\/8-300x173.jpg 300w, https:\/\/delfoscba.com.ar\/dev\/wp-content\/uploads\/2022\/05\/8-768x444.jpg 768w, https:\/\/delfoscba.com.ar\/dev\/wp-content\/uploads\/2022\/05\/8.jpg 1040w\" sizes=\"(max-width: 1024px) 100vw, 1024px\" \/><\/a><\/p><p>En resumen, aunque el contexto est\u00e1 atravesada por una mirada cr\u00edtica de los tres poderes, surgen consensos respecto a recortar lo que se perciben como privilegios de los jueces y un aval a someterlos al voto popular, como sucede con el Ejecutivo y el Legislativo.<\/p>\t\t\t\t\t\t\t\t<\/div>\n\t\t\t\t\t<\/div>\n\t\t<\/div>\n\t\t\t\t\t<\/div>\n\t\t<\/section>\n\t\t\t\t<section class=\"elementor-section elementor-top-section elementor-element elementor-element-b28ac47 elementor-section-height-min-height elementor-section-boxed elementor-section-height-default elementor-section-items-middle\" data-id=\"b28ac47\" data-element_type=\"section\" data-e-type=\"section\" data-settings=\"{&quot;background_background&quot;:&quot;classic&quot;}\">\n\t\t\t\t\t\t\t<div class=\"elementor-background-overlay\"><\/div>\n\t\t\t\t\t\t\t<div class=\"elementor-container elementor-column-gap-default\">\n\t\t\t\t\t<div class=\"elementor-column elementor-col-100 elementor-top-column elementor-element elementor-element-88fba06\" data-id=\"88fba06\" data-element_type=\"column\" data-e-type=\"column\">\n\t\t\t<div class=\"elementor-widget-wrap elementor-element-populated\">\n\t\t\t\t\t\t<div class=\"elementor-element elementor-element-7e65226 elementor-widget elementor-widget-heading\" data-id=\"7e65226\" data-element_type=\"widget\" data-e-type=\"widget\" data-widget_type=\"heading.default\">\n\t\t\t\t\t<h2 class=\"elementor-heading-title elementor-size-large\">Seguinos en nuestras redes<\/h2>\t\t\t\t<\/div>\n\t\t\t\t<div class=\"elementor-element elementor-element-c37b7ef elementor-shape-circle e-grid-align-tablet-center e-grid-align-mobile-center e-grid-align-left elementor-grid-0 elementor-widget elementor-widget-social-icons\" data-id=\"c37b7ef\" data-element_type=\"widget\" data-e-type=\"widget\" data-widget_type=\"social-icons.default\">\n\t\t\t\t\t\t\t<div class=\"elementor-social-icons-wrapper elementor-grid\" role=\"list\">\n\t\t\t\t\t\t\t<span class=\"elementor-grid-item\" role=\"listitem\">\n\t\t\t\t\t<a class=\"elementor-icon elementor-social-icon elementor-social-icon-facebook-f elementor-repeater-item-lf5yt4c\" href=\"https:\/\/www.facebook.com\/ConsultoraDelfos\" target=\"_blank\">\n\t\t\t\t\t\t<span class=\"elementor-screen-only\">Facebook-f<\/span>\n\t\t\t\t\t\t<i aria-hidden=\"true\" class=\"fab fa-facebook-f\"><\/i>\t\t\t\t\t<\/a>\n\t\t\t\t<\/span>\n\t\t\t\t\t\t\t<span class=\"elementor-grid-item\" role=\"listitem\">\n\t\t\t\t\t<a class=\"elementor-icon elementor-social-icon elementor-social-icon-twitter elementor-repeater-item-01xie82\" href=\"https:\/\/twitter.com\/delfoscba\" target=\"_blank\">\n\t\t\t\t\t\t<span class=\"elementor-screen-only\">Twitter<\/span>\n\t\t\t\t\t\t<i aria-hidden=\"true\" class=\"fab fa-twitter\"><\/i>\t\t\t\t\t<\/a>\n\t\t\t\t<\/span>\n\t\t\t\t\t\t\t<span class=\"elementor-grid-item\" role=\"listitem\">\n\t\t\t\t\t<a class=\"elementor-icon elementor-social-icon elementor-social-icon-linkedin elementor-repeater-item-grhvqhn\" target=\"_blank\">\n\t\t\t\t\t\t<span class=\"elementor-screen-only\">Linkedin<\/span>\n\t\t\t\t\t\t<i aria-hidden=\"true\" class=\"fab fa-linkedin\"><\/i>\t\t\t\t\t<\/a>\n\t\t\t\t<\/span>\n\t\t\t\t\t<\/div>\n\t\t\t\t\t\t<\/div>\n\t\t\t\t\t<\/div>\n\t\t<\/div>\n\t\t\t\t\t<\/div>\n\t\t<\/section>\n\t\t\t\t<\/div>\n\t\t","protected":false},"excerpt":{"rendered":"<p>Qu\u00e9 opinan los argentinos respecto del funcionamiento de la justicia en el pa\u00eds.<\/p>\n","protected":false},"author":1,"featured_media":12779,"comment_status":"open","ping_status":"open","sticky":false,"template":"","format":"standard","meta":{"_acf_changed":false,"footnotes":""},"categories":[3],"tags":[471,39,40,38,606,128,354,60,291,57,188,608,609,607,395],"class_list":["post-12770","post","type-post","status-publish","format-standard","has-post-thumbnail","hentry","category-politica","tag-471","tag-argentina","tag-consultora","tag-cordoba","tag-corte","tag-delfos","tag-juntos-por-el-cambio","tag-justicia","tag-kirchnerismo","tag-norman-berra","tag-opinion-publica","tag-poder-judicial","tag-sondeo-de-opinion-publica","tag-suprema","tag-ucr","et-has-post-format-content","et_post_format-et-post-format-standard"],"acf":[],"_links":{"self":[{"href":"https:\/\/delfoscba.com.ar\/dev\/wp-json\/wp\/v2\/posts\/12770","targetHints":{"allow":["GET"]}}],"collection":[{"href":"https:\/\/delfoscba.com.ar\/dev\/wp-json\/wp\/v2\/posts"}],"about":[{"href":"https:\/\/delfoscba.com.ar\/dev\/wp-json\/wp\/v2\/types\/post"}],"author":[{"embeddable":true,"href":"https:\/\/delfoscba.com.ar\/dev\/wp-json\/wp\/v2\/users\/1"}],"replies":[{"embeddable":true,"href":"https:\/\/delfoscba.com.ar\/dev\/wp-json\/wp\/v2\/comments?post=12770"}],"version-history":[{"count":4,"href":"https:\/\/delfoscba.com.ar\/dev\/wp-json\/wp\/v2\/posts\/12770\/revisions"}],"predecessor-version":[{"id":12783,"href":"https:\/\/delfoscba.com.ar\/dev\/wp-json\/wp\/v2\/posts\/12770\/revisions\/12783"}],"wp:featuredmedia":[{"embeddable":true,"href":"https:\/\/delfoscba.com.ar\/dev\/wp-json\/wp\/v2\/media\/12779"}],"wp:attachment":[{"href":"https:\/\/delfoscba.com.ar\/dev\/wp-json\/wp\/v2\/media?parent=12770"}],"wp:term":[{"taxonomy":"category","embeddable":true,"href":"https:\/\/delfoscba.com.ar\/dev\/wp-json\/wp\/v2\/categories?post=12770"},{"taxonomy":"post_tag","embeddable":true,"href":"https:\/\/delfoscba.com.ar\/dev\/wp-json\/wp\/v2\/tags?post=12770"}],"curies":[{"name":"wp","href":"https:\/\/api.w.org\/{rel}","templated":true}]}}