{"id":12796,"date":"2022-05-13T16:05:00","date_gmt":"2022-05-13T16:05:00","guid":{"rendered":"https:\/\/delfoscba.com.ar\/\/dev\/\/?p=12796"},"modified":"2022-05-13T20:42:44","modified_gmt":"2022-05-13T20:42:44","slug":"el-var-entre-los-cordobeses","status":"publish","type":"post","link":"https:\/\/delfoscba.com.ar\/dev\/sociedad\/el-var-entre-los-cordobeses\/","title":{"rendered":"La opini\u00f3n de los cordobeses respecto del VAR"},"content":{"rendered":"\t\t<div data-elementor-type=\"wp-post\" data-elementor-id=\"12796\" class=\"elementor elementor-12796\" data-elementor-post-type=\"post\">\n\t\t\t\t\t\t<section class=\"elementor-section elementor-top-section elementor-element elementor-element-41498b4 elementor-section-height-min-height elementor-section-boxed elementor-section-height-default elementor-section-items-middle\" data-id=\"41498b4\" data-element_type=\"section\" data-e-type=\"section\" data-settings=\"{&quot;background_background&quot;:&quot;classic&quot;}\">\n\t\t\t\t\t\t\t<div class=\"elementor-background-overlay\"><\/div>\n\t\t\t\t\t\t\t<div class=\"elementor-container elementor-column-gap-no\">\n\t\t\t\t\t<div class=\"elementor-column elementor-col-100 elementor-top-column elementor-element elementor-element-a18ac89\" data-id=\"a18ac89\" data-element_type=\"column\" data-e-type=\"column\">\n\t\t\t<div class=\"elementor-widget-wrap elementor-element-populated\">\n\t\t\t\t\t\t<div class=\"elementor-element elementor-element-e493600 elementor-widget elementor-widget-heading\" data-id=\"e493600\" data-element_type=\"widget\" data-e-type=\"widget\" data-widget_type=\"heading.default\">\n\t\t\t\t\t<h2 class=\"elementor-heading-title elementor-size-large\">SOCIEDAD<\/h2>\t\t\t\t<\/div>\n\t\t\t\t\t<\/div>\n\t\t<\/div>\n\t\t\t\t\t<\/div>\n\t\t<\/section>\n\t\t\t\t<section class=\"elementor-section elementor-top-section elementor-element elementor-element-7dafb6e4 elementor-section-boxed elementor-section-height-default elementor-section-height-default\" data-id=\"7dafb6e4\" data-element_type=\"section\" data-e-type=\"section\">\n\t\t\t\t\t\t<div class=\"elementor-container elementor-column-gap-default\">\n\t\t\t\t\t<div class=\"elementor-column elementor-col-100 elementor-top-column elementor-element elementor-element-38ae5a14\" data-id=\"38ae5a14\" data-element_type=\"column\" data-e-type=\"column\">\n\t\t\t<div class=\"elementor-widget-wrap elementor-element-populated\">\n\t\t\t\t\t\t<div class=\"elementor-element elementor-element-f8a3207 elementor-widget elementor-widget-author-box\" data-id=\"f8a3207\" data-element_type=\"widget\" data-e-type=\"widget\" data-widget_type=\"author-box.default\">\n\t\t\t\t\t\t\t<div class=\"elementor-author-box\">\n\t\t\t\t\t\t\t<a href=\"https:\/\/delfoscba.com.ar\/\/dev\/\/nosotros\/\" class=\"elementor-author-box__avatar\">\n\t\t\t\t\t<img decoding=\"async\" src=\"https:\/\/delfoscba.com.ar\/dev\/wp-content\/uploads\/2021\/03\/eia-1.png\" alt=\"Picture of Jos\u00e9 Gangi\" loading=\"lazy\">\n\t\t\t\t<\/a>\n\t\t\t\n\t\t\t<div class=\"elementor-author-box__text\">\n\t\t\t\t\t\t\t\t\t<a href=\"https:\/\/delfoscba.com.ar\/\/dev\/\/nosotros\/\">\n\t\t\t\t\t\t<h4 class=\"elementor-author-box__name\">\n\t\t\t\t\t\t\tJos\u00e9 Gangi\t\t\t\t\t\t<\/h4>\n\t\t\t\t\t<\/a>\n\t\t\t\t\n\t\t\t\t\t\t\t\t\t<div class=\"elementor-author-box__bio\">\n\t\t\t\t\t\t<p>Edici\u00f3n y An\u00e1lisis de informes<\/p>\n\t\t\t\t\t<\/div>\n\t\t\t\t\n\t\t\t\t\t\t\t<\/div>\n\t\t<\/div>\n\t\t\t\t\t\t<\/div>\n\t\t\t\t<div class=\"elementor-element elementor-element-7aefe4b4 elementor-widget elementor-widget-text-editor\" data-id=\"7aefe4b4\" data-element_type=\"widget\" data-e-type=\"widget\" data-widget_type=\"text-editor.default\">\n\t\t\t\t\t\t\t\t\t<p>El \u00e1rbitro asistente de video (VAR por sus siglas en ingl\u00e9s) es la principal tem\u00e1tica de cualquier an\u00e1lisis futbol\u00edstico, al menos en Argentina hoy. La arbitrariedad con la que se utiliza, el tiempo que insume y no se recupera y las decisiones controvertidas que se toman a pesar de su utilizaci\u00f3n ponen en cuesti\u00f3n el VAR a poco m\u00e1s de un mes de iniciada su trayectoria en el f\u00fatbol nacional.<\/p><p>Por eso, decidimos preguntarles a 1.800 cordobeses y cordobesas de toda la provincia qu\u00e9 opinaban de esta herramienta. Este dato, a su vez, lo filtramos por la frecuencia con la que observan el f\u00fatbol de la Liga Profesional, \u00fanica en nuestro pa\u00eds donde se utiliza la herramienta. Con la combinaci\u00f3n de esas preguntas, buscamos filtrar las opiniones de aquellos que se encuentran m\u00e1s involucrados con el f\u00fatbol respecto de las que no son tan adeptos y, en consecuencia, no han observado tanto f\u00fatbol como para formar una opini\u00f3n cabal sobre el instrumento.<\/p><p><a href=\"https:\/\/delfoscba.com.ar\/\/dev\/\/wp-content\/uploads\/2022\/05\/4-2-1.png\"><img fetchpriority=\"high\" decoding=\"async\" class=\"aligncenter wp-image-12800 size-large\" src=\"https:\/\/delfoscba.com.ar\/\/dev\/\/wp-content\/uploads\/2022\/05\/4-2-1-1024x1024.png\" alt=\"\" width=\"1024\" height=\"1024\" srcset=\"https:\/\/delfoscba.com.ar\/dev\/wp-content\/uploads\/2022\/05\/4-2-1-1024x1024.png 1024w, https:\/\/delfoscba.com.ar\/dev\/wp-content\/uploads\/2022\/05\/4-2-1-300x300.png 300w, https:\/\/delfoscba.com.ar\/dev\/wp-content\/uploads\/2022\/05\/4-2-1-150x150.png 150w, https:\/\/delfoscba.com.ar\/dev\/wp-content\/uploads\/2022\/05\/4-2-1-768x768.png 768w, https:\/\/delfoscba.com.ar\/dev\/wp-content\/uploads\/2022\/05\/4-2-1-1080x1080.png 1080w, https:\/\/delfoscba.com.ar\/dev\/wp-content\/uploads\/2022\/05\/4-2-1-440x440.png 440w, https:\/\/delfoscba.com.ar\/dev\/wp-content\/uploads\/2022\/05\/4-2-1.png 1086w\" sizes=\"(max-width: 1024px) 100vw, 1024px\" \/><\/a><\/p><p>Pasando al an\u00e1lisis de los datos concretos sobre lo que opinan los cordobeses y las cordobesas, podemos observar que un 41% est\u00e1 de acuerdo con la aplicaci\u00f3n del VAR, un 19% est\u00e1 en desacuerdo y a un 26% le da igual.<\/p><p><a href=\"https:\/\/delfoscba.com.ar\/\/dev\/\/wp-content\/uploads\/2022\/05\/1-3-1.png\"><img decoding=\"async\" class=\"aligncenter wp-image-12797 size-large\" src=\"https:\/\/delfoscba.com.ar\/\/dev\/\/wp-content\/uploads\/2022\/05\/1-3-1-1021x1024.png\" alt=\"\" width=\"1021\" height=\"1024\" srcset=\"https:\/\/delfoscba.com.ar\/dev\/wp-content\/uploads\/2022\/05\/1-3-1-1021x1024.png 1021w, https:\/\/delfoscba.com.ar\/dev\/wp-content\/uploads\/2022\/05\/1-3-1-300x300.png 300w, https:\/\/delfoscba.com.ar\/dev\/wp-content\/uploads\/2022\/05\/1-3-1-150x150.png 150w, https:\/\/delfoscba.com.ar\/dev\/wp-content\/uploads\/2022\/05\/1-3-1-768x770.png 768w, https:\/\/delfoscba.com.ar\/dev\/wp-content\/uploads\/2022\/05\/1-3-1-1080x1083.png 1080w, https:\/\/delfoscba.com.ar\/dev\/wp-content\/uploads\/2022\/05\/1-3-1-440x440.png 440w, https:\/\/delfoscba.com.ar\/dev\/wp-content\/uploads\/2022\/05\/1-3-1.png 1083w\" sizes=\"(max-width: 1021px) 100vw, 1021px\" \/><\/a><\/p><p>Por otro lado, s\u00f3lo un 32% del p\u00fablico de la provincia ve f\u00fatbol de la Liga Profesional siempre o regularmente, un 17% lo hace de vez en cuando y un 50% lo hace poco o nunca (de los cuales 8 de cada 10 no lo hacen nunca). El p\u00fablico espectador de este f\u00fatbol se caracteriza, principalmente, por ser un joven y var\u00f3n.<\/p><p><a href=\"https:\/\/delfoscba.com.ar\/\/dev\/\/wp-content\/uploads\/2022\/05\/3-3-1.png\"><img decoding=\"async\" class=\"alignnone wp-image-12799 size-medium\" src=\"https:\/\/delfoscba.com.ar\/\/dev\/\/wp-content\/uploads\/2022\/05\/3-3-1-300x300.png\" alt=\"\" width=\"300\" height=\"300\" srcset=\"https:\/\/delfoscba.com.ar\/dev\/wp-content\/uploads\/2022\/05\/3-3-1-300x300.png 300w, https:\/\/delfoscba.com.ar\/dev\/wp-content\/uploads\/2022\/05\/3-3-1-1021x1024.png 1021w, https:\/\/delfoscba.com.ar\/dev\/wp-content\/uploads\/2022\/05\/3-3-1-150x150.png 150w, https:\/\/delfoscba.com.ar\/dev\/wp-content\/uploads\/2022\/05\/3-3-1-768x770.png 768w, https:\/\/delfoscba.com.ar\/dev\/wp-content\/uploads\/2022\/05\/3-3-1-1080x1083.png 1080w, https:\/\/delfoscba.com.ar\/dev\/wp-content\/uploads\/2022\/05\/3-3-1-440x440.png 440w, https:\/\/delfoscba.com.ar\/dev\/wp-content\/uploads\/2022\/05\/3-3-1.png 1083w\" sizes=\"(max-width: 300px) 100vw, 300px\" \/><\/a> <a href=\"https:\/\/delfoscba.com.ar\/\/dev\/\/wp-content\/uploads\/2022\/05\/2-3-1.png\"><img loading=\"lazy\" decoding=\"async\" class=\"alignnone wp-image-12798 size-medium\" src=\"https:\/\/delfoscba.com.ar\/\/dev\/\/wp-content\/uploads\/2022\/05\/2-3-1-300x297.png\" alt=\"\" width=\"300\" height=\"297\" srcset=\"https:\/\/delfoscba.com.ar\/dev\/wp-content\/uploads\/2022\/05\/2-3-1-300x297.png 300w, https:\/\/delfoscba.com.ar\/dev\/wp-content\/uploads\/2022\/05\/2-3-1-1024x1014.png 1024w, https:\/\/delfoscba.com.ar\/dev\/wp-content\/uploads\/2022\/05\/2-3-1-150x150.png 150w, https:\/\/delfoscba.com.ar\/dev\/wp-content\/uploads\/2022\/05\/2-3-1-768x760.png 768w, https:\/\/delfoscba.com.ar\/dev\/wp-content\/uploads\/2022\/05\/2-3-1-1080x1069.png 1080w, https:\/\/delfoscba.com.ar\/dev\/wp-content\/uploads\/2022\/05\/2-3-1.png 1097w\" sizes=\"(max-width: 300px) 100vw, 300px\" \/><\/a><\/p><p>Si combinamos los datos obtenidos mediante las dos preguntas principales de este estudio, podemos observar que el p\u00fablico que m\u00e1s ve el f\u00fatbol de primera nacional es el que se encuentra m\u00e1s de acuerdo con la implementaci\u00f3n del VAR y que la aprobaci\u00f3n de esa herramienta disminuye a medida que baja el inter\u00e9s por la principal liga de nuestro pa\u00eds.<\/p><p><a href=\"https:\/\/delfoscba.com.ar\/\/dev\/\/wp-content\/uploads\/2022\/05\/5-1.png\"><img loading=\"lazy\" decoding=\"async\" class=\"aligncenter wp-image-12801 size-large\" src=\"https:\/\/delfoscba.com.ar\/\/dev\/\/wp-content\/uploads\/2022\/05\/5-1-1024x1024.png\" alt=\"\" width=\"1024\" height=\"1024\" srcset=\"https:\/\/delfoscba.com.ar\/dev\/wp-content\/uploads\/2022\/05\/5-1-1024x1024.png 1024w, https:\/\/delfoscba.com.ar\/dev\/wp-content\/uploads\/2022\/05\/5-1-300x300.png 300w, https:\/\/delfoscba.com.ar\/dev\/wp-content\/uploads\/2022\/05\/5-1-150x150.png 150w, https:\/\/delfoscba.com.ar\/dev\/wp-content\/uploads\/2022\/05\/5-1-768x768.png 768w, https:\/\/delfoscba.com.ar\/dev\/wp-content\/uploads\/2022\/05\/5-1-1080x1080.png 1080w, https:\/\/delfoscba.com.ar\/dev\/wp-content\/uploads\/2022\/05\/5-1-440x440.png 440w, https:\/\/delfoscba.com.ar\/dev\/wp-content\/uploads\/2022\/05\/5-1.png 1086w\" sizes=\"(max-width: 1024px) 100vw, 1024px\" \/><\/a><\/p><p>En s\u00edntesis, el VAR, no s\u00f3lo es aprobado por 4 de cada 10 cordobeses, sino que a medida que crece el inter\u00e9s de los encuestados por el f\u00fatbol de la Liga Profesional su aprobaci\u00f3n sube. Estos datos resultan concluyentes: el VAR es un instrumento demandado por los futboleros cordobeses.<\/p>\t\t\t\t\t\t\t\t<\/div>\n\t\t\t\t\t<\/div>\n\t\t<\/div>\n\t\t\t\t\t<\/div>\n\t\t<\/section>\n\t\t\t\t<section class=\"elementor-section elementor-top-section elementor-element elementor-element-b28ac47 elementor-section-height-min-height elementor-section-boxed elementor-section-height-default elementor-section-items-middle\" data-id=\"b28ac47\" data-element_type=\"section\" data-e-type=\"section\" data-settings=\"{&quot;background_background&quot;:&quot;classic&quot;}\">\n\t\t\t\t\t\t\t<div class=\"elementor-background-overlay\"><\/div>\n\t\t\t\t\t\t\t<div class=\"elementor-container elementor-column-gap-default\">\n\t\t\t\t\t<div class=\"elementor-column elementor-col-100 elementor-top-column elementor-element elementor-element-88fba06\" data-id=\"88fba06\" data-element_type=\"column\" data-e-type=\"column\">\n\t\t\t<div class=\"elementor-widget-wrap elementor-element-populated\">\n\t\t\t\t\t\t<div class=\"elementor-element elementor-element-7e65226 elementor-widget elementor-widget-heading\" data-id=\"7e65226\" data-element_type=\"widget\" data-e-type=\"widget\" data-widget_type=\"heading.default\">\n\t\t\t\t\t<h2 class=\"elementor-heading-title elementor-size-large\">Seguinos en nuestras redes<\/h2>\t\t\t\t<\/div>\n\t\t\t\t<div class=\"elementor-element elementor-element-c37b7ef elementor-shape-circle e-grid-align-tablet-center e-grid-align-mobile-center e-grid-align-left elementor-grid-0 elementor-widget elementor-widget-social-icons\" data-id=\"c37b7ef\" data-element_type=\"widget\" data-e-type=\"widget\" data-widget_type=\"social-icons.default\">\n\t\t\t\t\t\t\t<div class=\"elementor-social-icons-wrapper elementor-grid\" role=\"list\">\n\t\t\t\t\t\t\t<span class=\"elementor-grid-item\" role=\"listitem\">\n\t\t\t\t\t<a class=\"elementor-icon elementor-social-icon elementor-social-icon-facebook-f elementor-repeater-item-lf5yt4c\" href=\"https:\/\/www.facebook.com\/ConsultoraDelfos\" target=\"_blank\">\n\t\t\t\t\t\t<span class=\"elementor-screen-only\">Facebook-f<\/span>\n\t\t\t\t\t\t<i aria-hidden=\"true\" class=\"fab fa-facebook-f\"><\/i>\t\t\t\t\t<\/a>\n\t\t\t\t<\/span>\n\t\t\t\t\t\t\t<span class=\"elementor-grid-item\" role=\"listitem\">\n\t\t\t\t\t<a class=\"elementor-icon elementor-social-icon elementor-social-icon-twitter elementor-repeater-item-01xie82\" href=\"https:\/\/twitter.com\/delfoscba\" target=\"_blank\">\n\t\t\t\t\t\t<span class=\"elementor-screen-only\">Twitter<\/span>\n\t\t\t\t\t\t<i aria-hidden=\"true\" class=\"fab fa-twitter\"><\/i>\t\t\t\t\t<\/a>\n\t\t\t\t<\/span>\n\t\t\t\t\t\t\t<span class=\"elementor-grid-item\" role=\"listitem\">\n\t\t\t\t\t<a class=\"elementor-icon elementor-social-icon elementor-social-icon-linkedin elementor-repeater-item-grhvqhn\" target=\"_blank\">\n\t\t\t\t\t\t<span class=\"elementor-screen-only\">Linkedin<\/span>\n\t\t\t\t\t\t<i aria-hidden=\"true\" class=\"fab fa-linkedin\"><\/i>\t\t\t\t\t<\/a>\n\t\t\t\t<\/span>\n\t\t\t\t\t<\/div>\n\t\t\t\t\t\t<\/div>\n\t\t\t\t\t<\/div>\n\t\t<\/div>\n\t\t\t\t\t<\/div>\n\t\t<\/section>\n\t\t\t\t<\/div>\n\t\t","protected":false},"excerpt":{"rendered":"<p>La opini\u00f3n de los cordobeses sobre el VAR, la herramienta m\u00e1s controvertida del f\u00fatbol argentino.<\/p>\n","protected":false},"author":1,"featured_media":12802,"comment_status":"open","ping_status":"open","sticky":false,"template":"","format":"standard","meta":{"_acf_changed":false,"footnotes":""},"categories":[4],"tags":[471,39,619,40,38,128,117,34,620,618],"class_list":["post-12796","post","type-post","status-publish","format-standard","has-post-thumbnail","hentry","category-sociedad","tag-471","tag-argentina","tag-argentino","tag-consultora","tag-cordoba","tag-delfos","tag-futbol","tag-jose-gangi","tag-liga-profesional","tag-var","et-has-post-format-content","et_post_format-et-post-format-standard"],"acf":[],"_links":{"self":[{"href":"https:\/\/delfoscba.com.ar\/dev\/wp-json\/wp\/v2\/posts\/12796","targetHints":{"allow":["GET"]}}],"collection":[{"href":"https:\/\/delfoscba.com.ar\/dev\/wp-json\/wp\/v2\/posts"}],"about":[{"href":"https:\/\/delfoscba.com.ar\/dev\/wp-json\/wp\/v2\/types\/post"}],"author":[{"embeddable":true,"href":"https:\/\/delfoscba.com.ar\/dev\/wp-json\/wp\/v2\/users\/1"}],"replies":[{"embeddable":true,"href":"https:\/\/delfoscba.com.ar\/dev\/wp-json\/wp\/v2\/comments?post=12796"}],"version-history":[{"count":6,"href":"https:\/\/delfoscba.com.ar\/dev\/wp-json\/wp\/v2\/posts\/12796\/revisions"}],"predecessor-version":[{"id":12808,"href":"https:\/\/delfoscba.com.ar\/dev\/wp-json\/wp\/v2\/posts\/12796\/revisions\/12808"}],"wp:featuredmedia":[{"embeddable":true,"href":"https:\/\/delfoscba.com.ar\/dev\/wp-json\/wp\/v2\/media\/12802"}],"wp:attachment":[{"href":"https:\/\/delfoscba.com.ar\/dev\/wp-json\/wp\/v2\/media?parent=12796"}],"wp:term":[{"taxonomy":"category","embeddable":true,"href":"https:\/\/delfoscba.com.ar\/dev\/wp-json\/wp\/v2\/categories?post=12796"},{"taxonomy":"post_tag","embeddable":true,"href":"https:\/\/delfoscba.com.ar\/dev\/wp-json\/wp\/v2\/tags?post=12796"}],"curies":[{"name":"wp","href":"https:\/\/api.w.org\/{rel}","templated":true}]}}