{"id":12809,"date":"2022-05-16T15:35:12","date_gmt":"2022-05-16T15:35:12","guid":{"rendered":"https:\/\/delfoscba.com.ar\/\/dev\/\/?p=12809"},"modified":"2022-05-16T15:40:33","modified_gmt":"2022-05-16T15:40:33","slug":"la-interna-del-frente-de-todos-en-las-encuestas-a-tres-anos-del-anuncio-de-cfk","status":"publish","type":"post","link":"https:\/\/delfoscba.com.ar\/dev\/politica\/la-interna-del-frente-de-todos-en-las-encuestas-a-tres-anos-del-anuncio-de-cfk\/","title":{"rendered":"La interna del Frente de Todos en las encuestas, a tres a\u00f1os del anuncio de CFK"},"content":{"rendered":"\t\t<div data-elementor-type=\"wp-post\" data-elementor-id=\"12809\" class=\"elementor elementor-12809\" data-elementor-post-type=\"post\">\n\t\t\t\t\t\t<section class=\"elementor-section elementor-top-section elementor-element elementor-element-41498b4 elementor-section-height-min-height elementor-section-boxed elementor-section-height-default elementor-section-items-middle\" data-id=\"41498b4\" data-element_type=\"section\" data-e-type=\"section\" data-settings=\"{&quot;background_background&quot;:&quot;classic&quot;}\">\n\t\t\t\t\t\t\t<div class=\"elementor-background-overlay\"><\/div>\n\t\t\t\t\t\t\t<div class=\"elementor-container elementor-column-gap-no\">\n\t\t\t\t\t<div class=\"elementor-column elementor-col-100 elementor-top-column elementor-element elementor-element-a18ac89\" data-id=\"a18ac89\" data-element_type=\"column\" data-e-type=\"column\">\n\t\t\t<div class=\"elementor-widget-wrap elementor-element-populated\">\n\t\t\t\t\t\t<div class=\"elementor-element elementor-element-e493600 elementor-widget elementor-widget-heading\" data-id=\"e493600\" data-element_type=\"widget\" data-e-type=\"widget\" data-widget_type=\"heading.default\">\n\t\t\t\t\t<h2 class=\"elementor-heading-title elementor-size-large\">POL\u00cdTICA<\/h2>\t\t\t\t<\/div>\n\t\t\t\t\t<\/div>\n\t\t<\/div>\n\t\t\t\t\t<\/div>\n\t\t<\/section>\n\t\t\t\t<section class=\"elementor-section elementor-top-section elementor-element elementor-element-7dafb6e4 elementor-section-boxed elementor-section-height-default elementor-section-height-default\" data-id=\"7dafb6e4\" data-element_type=\"section\" data-e-type=\"section\">\n\t\t\t\t\t\t<div class=\"elementor-container elementor-column-gap-default\">\n\t\t\t\t\t<div class=\"elementor-column elementor-col-100 elementor-top-column elementor-element elementor-element-38ae5a14\" data-id=\"38ae5a14\" data-element_type=\"column\" data-e-type=\"column\">\n\t\t\t<div class=\"elementor-widget-wrap elementor-element-populated\">\n\t\t\t\t\t\t<div class=\"elementor-element elementor-element-f8a3207 elementor-widget elementor-widget-author-box\" data-id=\"f8a3207\" data-element_type=\"widget\" data-e-type=\"widget\" data-widget_type=\"author-box.default\">\n\t\t\t\t\t\t\t<div class=\"elementor-author-box\">\n\t\t\t\t\t\t\t<a href=\"https:\/\/delfoscba.com.ar\/\/dev\/\/nosotros\/\" class=\"elementor-author-box__avatar\">\n\t\t\t\t\t<img decoding=\"async\" src=\"https:\/\/delfoscba.com.ar\/dev\/wp-content\/uploads\/2021\/02\/norman-250x250-1.jpg\" alt=\"Picture of Norman Berra\" loading=\"lazy\">\n\t\t\t\t<\/a>\n\t\t\t\n\t\t\t<div class=\"elementor-author-box__text\">\n\t\t\t\t\t\t\t\t\t<a href=\"https:\/\/delfoscba.com.ar\/\/dev\/\/nosotros\/\">\n\t\t\t\t\t\t<h4 class=\"elementor-author-box__name\">\n\t\t\t\t\t\t\tNorman Berra\t\t\t\t\t\t<\/h4>\n\t\t\t\t\t<\/a>\n\t\t\t\t\n\t\t\t\t\t\t\t\t\t<div class=\"elementor-author-box__bio\">\n\t\t\t\t\t\t<p>L\u00edder de proyectos<\/p>\n\t\t\t\t\t<\/div>\n\t\t\t\t\n\t\t\t\t\t\t\t<\/div>\n\t\t<\/div>\n\t\t\t\t\t\t<\/div>\n\t\t\t\t<div class=\"elementor-element elementor-element-7aefe4b4 elementor-widget elementor-widget-text-editor\" data-id=\"7aefe4b4\" data-element_type=\"widget\" data-e-type=\"widget\" data-widget_type=\"text-editor.default\">\n\t\t\t\t\t\t\t\t\t<p><a href=\"https:\/\/delfoscba.com.ar\/\/dev\/\/wp-content\/uploads\/2022\/05\/1-2.jpg\"><img fetchpriority=\"high\" decoding=\"async\" class=\"aligncenter wp-image-12810 size-full\" src=\"https:\/\/delfoscba.com.ar\/\/dev\/\/wp-content\/uploads\/2022\/05\/1-2.jpg\" alt=\"\" width=\"1094\" height=\"632\" srcset=\"https:\/\/delfoscba.com.ar\/dev\/wp-content\/uploads\/2022\/05\/1-2.jpg 1094w, https:\/\/delfoscba.com.ar\/dev\/wp-content\/uploads\/2022\/05\/1-2-300x173.jpg 300w, https:\/\/delfoscba.com.ar\/dev\/wp-content\/uploads\/2022\/05\/1-2-1024x592.jpg 1024w, https:\/\/delfoscba.com.ar\/dev\/wp-content\/uploads\/2022\/05\/1-2-768x444.jpg 768w, https:\/\/delfoscba.com.ar\/dev\/wp-content\/uploads\/2022\/05\/1-2-1080x624.jpg 1080w\" sizes=\"(max-width: 1094px) 100vw, 1094px\" \/><\/a><\/p><p>El s\u00e1bado 18 de mayo de 2019, Cristina Fern\u00e1ndez anunci\u00f3 que acompa\u00f1ar\u00eda como candidata a vicepresidenta a Alberto Fern\u00e1ndez, una jugada que desarm\u00f3 el escenario pol\u00edtico y electoral que el entonces presidente Mauricio Macri daba por descontado. La movida desconcert\u00f3 a Juntos por el Cambio y el flamante Frente de Todos (FDT) alcanz\u00f3 en las primarias de agosto de ese a\u00f1o una ventaja que JXC pudo recortar en la elecci\u00f3n general de octubre, pero no revertir. A tres a\u00f1os de su conformaci\u00f3n, \u00bfc\u00f3mo est\u00e1 hoy el FDT en las encuestas? Seg\u00fan un estudio reciente de IPD Consultora, apenas 12% de los electores califica como buena la relaci\u00f3n entre el presidente y su vice, 35% la ve regular y m\u00e1s de la mitad (51%) cree que es negativa. En cuanto al impacto de esa relaci\u00f3n sobre la gesti\u00f3n, 2 de cada 3 (67%) lo ven negativo, apenas 5% consideran que es positivo y 16% no ven influencia (gr\u00e1fico arriba). Una encuesta reciente de D\u00b4Alessio IROL que tambi\u00e9n aborda la cuesti\u00f3n es menos pesimista al respecto pero de todos modos arroja un saldo desfavorable, con 48% que cree que la interna del oficialismo afecta la gobernabilidad en gran medida (gr\u00e1fico abajo).<\/p><p><a href=\"https:\/\/delfoscba.com.ar\/\/dev\/\/wp-content\/uploads\/2022\/05\/2-2.jpg\"><img decoding=\"async\" class=\"aligncenter wp-image-12811 size-full\" src=\"https:\/\/delfoscba.com.ar\/\/dev\/\/wp-content\/uploads\/2022\/05\/2-2.jpg\" alt=\"\" width=\"983\" height=\"477\" srcset=\"https:\/\/delfoscba.com.ar\/dev\/wp-content\/uploads\/2022\/05\/2-2.jpg 983w, https:\/\/delfoscba.com.ar\/dev\/wp-content\/uploads\/2022\/05\/2-2-300x146.jpg 300w, https:\/\/delfoscba.com.ar\/dev\/wp-content\/uploads\/2022\/05\/2-2-768x373.jpg 768w\" sizes=\"(max-width: 983px) 100vw, 983px\" \/><\/a><\/p><p>Profundizando en la relaci\u00f3n entre AF y CFK, un estudio reciente de la consultora Taqui\u00f3n arroj\u00f3 que casi 39% se identifica con la frase \u201cCFK es quien tiene el poder y AF acata \u00f3rdenes\u201d; en empate t\u00e9cnico con esa opci\u00f3n, 35,4% escogi\u00f3 \u201cHay una lucha de poder entre AF y CFK\u201d. Muy detr\u00e1s qued\u00f3 \u201cAF y CFK comparten el poder en una convivencia pac\u00edfica\u201d, con 12,2%, y apenas 3,6% se decant\u00f3 por la idea de que el poder lo tiene Alberto (gr\u00e1fico abajo).<\/p><p><a href=\"https:\/\/delfoscba.com.ar\/\/dev\/\/wp-content\/uploads\/2022\/05\/3-2.jpg\"><img decoding=\"async\" class=\"aligncenter wp-image-12812 size-full\" src=\"https:\/\/delfoscba.com.ar\/\/dev\/\/wp-content\/uploads\/2022\/05\/3-2.jpg\" alt=\"\" width=\"900\" height=\"650\" srcset=\"https:\/\/delfoscba.com.ar\/dev\/wp-content\/uploads\/2022\/05\/3-2.jpg 900w, https:\/\/delfoscba.com.ar\/dev\/wp-content\/uploads\/2022\/05\/3-2-300x217.jpg 300w, https:\/\/delfoscba.com.ar\/dev\/wp-content\/uploads\/2022\/05\/3-2-768x555.jpg 768w\" sizes=\"(max-width: 900px) 100vw, 900px\" \/><\/a><\/p><p>As\u00ed, las cosas, es evidente que la opini\u00f3n p\u00fablica percibe un v\u00ednculo enrarecido entre las dos principales figuras del oficialismo, al punto que la \u00faltima encuesta nacional de Ricardo Rouvier &amp; Asociados mostr\u00f3 a CFK con casi 18% de respuestas en la variable \u201cprincipales opositores al presidente Alberto Fern\u00e1ndez\u201d (gr\u00e1fico abajo).<\/p><p><a href=\"https:\/\/delfoscba.com.ar\/\/dev\/\/wp-content\/uploads\/2022\/05\/4-2.jpg\"><img loading=\"lazy\" decoding=\"async\" class=\"aligncenter wp-image-12813 size-full\" src=\"https:\/\/delfoscba.com.ar\/\/dev\/\/wp-content\/uploads\/2022\/05\/4-2.jpg\" alt=\"\" width=\"960\" height=\"720\" srcset=\"https:\/\/delfoscba.com.ar\/dev\/wp-content\/uploads\/2022\/05\/4-2.jpg 960w, https:\/\/delfoscba.com.ar\/dev\/wp-content\/uploads\/2022\/05\/4-2-300x225.jpg 300w, https:\/\/delfoscba.com.ar\/dev\/wp-content\/uploads\/2022\/05\/4-2-768x576.jpg 768w\" sizes=\"(max-width: 960px) 100vw, 960px\" \/><\/a><\/p><p>\u00bfAbre esto una posibilidad de ruptura en el oficialismo de cara al turno electoral 2023? Esta cuesti\u00f3n no es f\u00e1cil de responder, ya que la mayor\u00eda de los datos que repasamos sugieren que CFK aventaja en liderazgo a Alberto Fern\u00e1ndez: esa percepci\u00f3n que alcanza la primera minor\u00eda en el estudio de Taqui\u00f3n que vimos arriba se profundiza en una encuesta reciente de la Universidad de San Andr\u00e9s (Udesa), seg\u00fan la cual 7 de cada 10 electores creen que ella es la l\u00edder del oficialismo, vs apenas 13% que pone en esa condici\u00f3n a Alberto (gr\u00e1fico abajo). \u00a0<\/p><p><a href=\"https:\/\/delfoscba.com.ar\/\/dev\/\/wp-content\/uploads\/2022\/05\/5-2.jpg\"><img loading=\"lazy\" decoding=\"async\" class=\"aligncenter wp-image-12814 size-large\" src=\"https:\/\/delfoscba.com.ar\/\/dev\/\/wp-content\/uploads\/2022\/05\/5-2-1024x582.jpg\" alt=\"\" width=\"1024\" height=\"582\" srcset=\"https:\/\/delfoscba.com.ar\/dev\/wp-content\/uploads\/2022\/05\/5-2-1024x582.jpg 1024w, https:\/\/delfoscba.com.ar\/dev\/wp-content\/uploads\/2022\/05\/5-2-300x170.jpg 300w, https:\/\/delfoscba.com.ar\/dev\/wp-content\/uploads\/2022\/05\/5-2-768x436.jpg 768w, https:\/\/delfoscba.com.ar\/dev\/wp-content\/uploads\/2022\/05\/5-2-1080x614.jpg 1080w, https:\/\/delfoscba.com.ar\/dev\/wp-content\/uploads\/2022\/05\/5-2.jpg 1137w\" sizes=\"(max-width: 1024px) 100vw, 1024px\" \/><\/a><\/p><p>Para m\u00e1s datos, el mismo estudio reporta que entre los electores del FDT ella triplica la percepci\u00f3n de liderazgo del presidente (gr\u00e1fico abajo).\u00a0<\/p><p><a href=\"https:\/\/delfoscba.com.ar\/\/dev\/\/wp-content\/uploads\/2022\/05\/6-2.jpg\"><img loading=\"lazy\" decoding=\"async\" class=\"aligncenter wp-image-12815 size-large\" src=\"https:\/\/delfoscba.com.ar\/\/dev\/\/wp-content\/uploads\/2022\/05\/6-2-1024x578.jpg\" alt=\"\" width=\"1024\" height=\"578\" srcset=\"https:\/\/delfoscba.com.ar\/dev\/wp-content\/uploads\/2022\/05\/6-2-1024x578.jpg 1024w, https:\/\/delfoscba.com.ar\/dev\/wp-content\/uploads\/2022\/05\/6-2-300x169.jpg 300w, https:\/\/delfoscba.com.ar\/dev\/wp-content\/uploads\/2022\/05\/6-2-768x434.jpg 768w, https:\/\/delfoscba.com.ar\/dev\/wp-content\/uploads\/2022\/05\/6-2-1080x610.jpg 1080w, https:\/\/delfoscba.com.ar\/dev\/wp-content\/uploads\/2022\/05\/6-2.jpg 1144w\" sizes=\"(max-width: 1024px) 100vw, 1024px\" \/><\/a><\/p><p>Adem\u00e1s de sacar ventaja en t\u00e9rminos de liderazgo, CFK tambi\u00e9n se impone en intenci\u00f3n de voto, con lo cual el presidente tiene pocos incentivos para precipitar un desenlace de fractura, hablando estrictamente en t\u00e9rminos de opini\u00f3n p\u00fablica. Seg\u00fan la \u00faltima encuesta nacional de CIGP, en una interna del oficialismo la vicepresidenta duplica al primer mandatario, con 44% a 22% (gr\u00e1fico abajo).\u00a0<\/p><p><a href=\"https:\/\/delfoscba.com.ar\/\/dev\/\/wp-content\/uploads\/2022\/05\/7-2.jpg\"><img loading=\"lazy\" decoding=\"async\" class=\"aligncenter wp-image-12816 size-full\" src=\"https:\/\/delfoscba.com.ar\/\/dev\/\/wp-content\/uploads\/2022\/05\/7-2.jpg\" alt=\"\" width=\"720\" height=\"631\" srcset=\"https:\/\/delfoscba.com.ar\/dev\/wp-content\/uploads\/2022\/05\/7-2.jpg 720w, https:\/\/delfoscba.com.ar\/dev\/wp-content\/uploads\/2022\/05\/7-2-300x263.jpg 300w\" sizes=\"(max-width: 720px) 100vw, 720px\" \/><\/a><\/p><p>CFK tambi\u00e9n saca ventaja en las encuestas realizadas en distritos clave, como Ciudad Aut\u00f3noma de Buenos Aires (CABA) y provincia de Buenos Aires (PBA), de acuerdo al \u00faltimo estudio realizado por el Observatorio de Psicolog\u00eda Aplicada de la Universidad de Buenos Aires (OPSA-UBA). En CABA alcanza el 44% y en PBA el 50%, con brechas estad\u00edsticamente significativas sobre potenciales competidores del oficialismo (gr\u00e1fico abajo).\u00a0<\/p><p><a href=\"https:\/\/delfoscba.com.ar\/\/dev\/\/wp-content\/uploads\/2022\/05\/8-1.jpg\"><img loading=\"lazy\" decoding=\"async\" class=\"aligncenter wp-image-12817 size-full\" src=\"https:\/\/delfoscba.com.ar\/\/dev\/\/wp-content\/uploads\/2022\/05\/8-1.jpg\" alt=\"\" width=\"715\" height=\"365\" srcset=\"https:\/\/delfoscba.com.ar\/dev\/wp-content\/uploads\/2022\/05\/8-1.jpg 715w, https:\/\/delfoscba.com.ar\/dev\/wp-content\/uploads\/2022\/05\/8-1-300x153.jpg 300w\" sizes=\"(max-width: 715px) 100vw, 715px\" \/><\/a><\/p><p>En la misma l\u00ednea, la \u00faltima encuesta de la consultora Trespuntozero en PBA muestra que el FDT se impondr\u00eda sobre JXC por unos 10 puntos porcentuales de ventaja en ese distrito a condici\u00f3n de que la vicepresidenta se mantuviera dentro del oficialismo, dado que ella alcanza 23,4% de intenci\u00f3n de voto vs 15% del presidente y 1,2% de Sergio Massa. As\u00ed, al mismo tiempo que queda claro que CFK es la \u201caccionista mayoritaria\u201d del frente, se pone en evidencia la situaci\u00f3n de empate t\u00e9cnico en la oposici\u00f3n entre Horacio Rodr\u00edguez Larreta, Mauricio Macri y Patricia Bullrich (gr\u00e1fico abajo).\u00a0<\/p><p><a href=\"https:\/\/delfoscba.com.ar\/\/dev\/\/wp-content\/uploads\/2022\/05\/9.jpg\"><img loading=\"lazy\" decoding=\"async\" class=\"aligncenter wp-image-12818 size-full\" src=\"https:\/\/delfoscba.com.ar\/\/dev\/\/wp-content\/uploads\/2022\/05\/9.jpg\" alt=\"\" width=\"794\" height=\"556\" srcset=\"https:\/\/delfoscba.com.ar\/dev\/wp-content\/uploads\/2022\/05\/9.jpg 794w, https:\/\/delfoscba.com.ar\/dev\/wp-content\/uploads\/2022\/05\/9-300x210.jpg 300w, https:\/\/delfoscba.com.ar\/dev\/wp-content\/uploads\/2022\/05\/9-768x538.jpg 768w\" sizes=\"(max-width: 794px) 100vw, 794px\" \/><\/a><\/p><p>Un escenario alternativo del mismo informe muestra matices cuando Macri sale de la ecuaci\u00f3n opositora, pero ratifica la hegemon\u00eda de CFK en el FDT (gr\u00e1fico abajo).\u00a0<\/p><p><a href=\"https:\/\/delfoscba.com.ar\/\/dev\/\/wp-content\/uploads\/2022\/05\/10.jpg\"><img loading=\"lazy\" decoding=\"async\" class=\"aligncenter wp-image-12819 size-full\" src=\"https:\/\/delfoscba.com.ar\/\/dev\/\/wp-content\/uploads\/2022\/05\/10.jpg\" alt=\"\" width=\"792\" height=\"555\" srcset=\"https:\/\/delfoscba.com.ar\/dev\/wp-content\/uploads\/2022\/05\/10.jpg 792w, https:\/\/delfoscba.com.ar\/dev\/wp-content\/uploads\/2022\/05\/10-300x210.jpg 300w, https:\/\/delfoscba.com.ar\/dev\/wp-content\/uploads\/2022\/05\/10-768x538.jpg 768w\" sizes=\"(max-width: 792px) 100vw, 792px\" \/><\/a><\/p><p>Finalmente, seg\u00fan la \u00faltima encuesta de Circuitos en PBA, casi 44% de los electores de ese distrito que votaron al FDT en 2019 cree que CFK est\u00e1 mejor para encabezar la f\u00f3rmula del oficialismo, vs 15,5% que elige a Alberto Fern\u00e1ndez para ubicarse al tope de la boleta presidencial (gr\u00e1fico abajo).<\/p><p><a href=\"https:\/\/delfoscba.com.ar\/\/dev\/\/wp-content\/uploads\/2022\/05\/11.jpg\"><img loading=\"lazy\" decoding=\"async\" class=\"aligncenter wp-image-12820 size-large\" src=\"https:\/\/delfoscba.com.ar\/\/dev\/\/wp-content\/uploads\/2022\/05\/11-1024x771.jpg\" alt=\"\" width=\"1024\" height=\"771\" srcset=\"https:\/\/delfoscba.com.ar\/dev\/wp-content\/uploads\/2022\/05\/11-1024x771.jpg 1024w, https:\/\/delfoscba.com.ar\/dev\/wp-content\/uploads\/2022\/05\/11-300x226.jpg 300w, https:\/\/delfoscba.com.ar\/dev\/wp-content\/uploads\/2022\/05\/11-768x578.jpg 768w, https:\/\/delfoscba.com.ar\/dev\/wp-content\/uploads\/2022\/05\/11-1080x813.jpg 1080w, https:\/\/delfoscba.com.ar\/dev\/wp-content\/uploads\/2022\/05\/11.jpg 1200w\" sizes=\"(max-width: 1024px) 100vw, 1024px\" \/><\/a><\/p><p>En s\u00edntesis, a tres a\u00f1os del anuncio de CFK que posibilit\u00f3 la victoria electoral del FDT sin necesidad de ballotage, hoy la interna en el oficialismo est\u00e1 expuesta en la mirada de la opini\u00f3n p\u00fablica, que se muestra preocupada por el impacto del v\u00ednculo entre el presidente y su vice en la gobernabilidad y la gesti\u00f3n. Sin embargo, el \u201ccristinismo\u201d sigue siendo el n\u00facleo s\u00f3lido del oficialismo y aventaja a los dem\u00e1s socios del frente en las variables liderazgo percibido e intenci\u00f3n de voto, mientras que el \u201calbertismo\u201d, en el mejor de los casos, s\u00f3lo saca ventaja frente al \u201cmassismo\u201d en los escenarios mano a mano de una eventual interna del FDT.<\/p>\t\t\t\t\t\t\t\t<\/div>\n\t\t\t\t\t<\/div>\n\t\t<\/div>\n\t\t\t\t\t<\/div>\n\t\t<\/section>\n\t\t\t\t<section class=\"elementor-section elementor-top-section elementor-element elementor-element-b28ac47 elementor-section-height-min-height elementor-section-boxed elementor-section-height-default elementor-section-items-middle\" data-id=\"b28ac47\" data-element_type=\"section\" data-e-type=\"section\" data-settings=\"{&quot;background_background&quot;:&quot;classic&quot;}\">\n\t\t\t\t\t\t\t<div class=\"elementor-background-overlay\"><\/div>\n\t\t\t\t\t\t\t<div class=\"elementor-container elementor-column-gap-default\">\n\t\t\t\t\t<div class=\"elementor-column elementor-col-100 elementor-top-column elementor-element elementor-element-88fba06\" data-id=\"88fba06\" data-element_type=\"column\" data-e-type=\"column\">\n\t\t\t<div class=\"elementor-widget-wrap elementor-element-populated\">\n\t\t\t\t\t\t<div class=\"elementor-element elementor-element-7e65226 elementor-widget elementor-widget-heading\" data-id=\"7e65226\" data-element_type=\"widget\" data-e-type=\"widget\" data-widget_type=\"heading.default\">\n\t\t\t\t\t<h2 class=\"elementor-heading-title elementor-size-large\">Seguinos en nuestras redes<\/h2>\t\t\t\t<\/div>\n\t\t\t\t<div class=\"elementor-element elementor-element-c37b7ef elementor-shape-circle e-grid-align-tablet-center e-grid-align-mobile-center e-grid-align-left elementor-grid-0 elementor-widget elementor-widget-social-icons\" data-id=\"c37b7ef\" data-element_type=\"widget\" data-e-type=\"widget\" data-widget_type=\"social-icons.default\">\n\t\t\t\t\t\t\t<div class=\"elementor-social-icons-wrapper elementor-grid\" role=\"list\">\n\t\t\t\t\t\t\t<span class=\"elementor-grid-item\" role=\"listitem\">\n\t\t\t\t\t<a class=\"elementor-icon elementor-social-icon elementor-social-icon-facebook-f elementor-repeater-item-lf5yt4c\" href=\"https:\/\/www.facebook.com\/ConsultoraDelfos\" target=\"_blank\">\n\t\t\t\t\t\t<span class=\"elementor-screen-only\">Facebook-f<\/span>\n\t\t\t\t\t\t<i aria-hidden=\"true\" class=\"fab fa-facebook-f\"><\/i>\t\t\t\t\t<\/a>\n\t\t\t\t<\/span>\n\t\t\t\t\t\t\t<span class=\"elementor-grid-item\" role=\"listitem\">\n\t\t\t\t\t<a class=\"elementor-icon elementor-social-icon elementor-social-icon-twitter elementor-repeater-item-01xie82\" href=\"https:\/\/twitter.com\/delfoscba\" target=\"_blank\">\n\t\t\t\t\t\t<span class=\"elementor-screen-only\">Twitter<\/span>\n\t\t\t\t\t\t<i aria-hidden=\"true\" class=\"fab fa-twitter\"><\/i>\t\t\t\t\t<\/a>\n\t\t\t\t<\/span>\n\t\t\t\t\t\t\t<span class=\"elementor-grid-item\" role=\"listitem\">\n\t\t\t\t\t<a class=\"elementor-icon elementor-social-icon elementor-social-icon-linkedin elementor-repeater-item-grhvqhn\" target=\"_blank\">\n\t\t\t\t\t\t<span class=\"elementor-screen-only\">Linkedin<\/span>\n\t\t\t\t\t\t<i aria-hidden=\"true\" class=\"fab fa-linkedin\"><\/i>\t\t\t\t\t<\/a>\n\t\t\t\t<\/span>\n\t\t\t\t\t<\/div>\n\t\t\t\t\t\t<\/div>\n\t\t\t\t\t<\/div>\n\t\t<\/div>\n\t\t\t\t\t<\/div>\n\t\t<\/section>\n\t\t\t\t<\/div>\n\t\t","protected":false},"excerpt":{"rendered":"<p>Analizamos la imagen que deja la interna del oficialismo entre los argentinos.<\/p>\n","protected":false},"author":1,"featured_media":12821,"comment_status":"open","ping_status":"open","sticky":false,"template":"","format":"standard","meta":{"_acf_changed":false,"footnotes":""},"categories":[3],"tags":[471,453,39,40,38,264,128,454,354,60,180,291,140,259,57,188,609,395],"class_list":["post-12809","post","type-post","status-publish","format-standard","has-post-thumbnail","hentry","category-politica","tag-471","tag-alberto","tag-argentina","tag-consultora","tag-cordoba","tag-cristina","tag-delfos","tag-fernandez","tag-juntos-por-el-cambio","tag-justicia","tag-kirchner","tag-kirchnerismo","tag-macri","tag-massa","tag-norman-berra","tag-opinion-publica","tag-sondeo-de-opinion-publica","tag-ucr","et-has-post-format-content","et_post_format-et-post-format-standard"],"acf":[],"_links":{"self":[{"href":"https:\/\/delfoscba.com.ar\/dev\/wp-json\/wp\/v2\/posts\/12809","targetHints":{"allow":["GET"]}}],"collection":[{"href":"https:\/\/delfoscba.com.ar\/dev\/wp-json\/wp\/v2\/posts"}],"about":[{"href":"https:\/\/delfoscba.com.ar\/dev\/wp-json\/wp\/v2\/types\/post"}],"author":[{"embeddable":true,"href":"https:\/\/delfoscba.com.ar\/dev\/wp-json\/wp\/v2\/users\/1"}],"replies":[{"embeddable":true,"href":"https:\/\/delfoscba.com.ar\/dev\/wp-json\/wp\/v2\/comments?post=12809"}],"version-history":[{"count":4,"href":"https:\/\/delfoscba.com.ar\/dev\/wp-json\/wp\/v2\/posts\/12809\/revisions"}],"predecessor-version":[{"id":12825,"href":"https:\/\/delfoscba.com.ar\/dev\/wp-json\/wp\/v2\/posts\/12809\/revisions\/12825"}],"wp:featuredmedia":[{"embeddable":true,"href":"https:\/\/delfoscba.com.ar\/dev\/wp-json\/wp\/v2\/media\/12821"}],"wp:attachment":[{"href":"https:\/\/delfoscba.com.ar\/dev\/wp-json\/wp\/v2\/media?parent=12809"}],"wp:term":[{"taxonomy":"category","embeddable":true,"href":"https:\/\/delfoscba.com.ar\/dev\/wp-json\/wp\/v2\/categories?post=12809"},{"taxonomy":"post_tag","embeddable":true,"href":"https:\/\/delfoscba.com.ar\/dev\/wp-json\/wp\/v2\/tags?post=12809"}],"curies":[{"name":"wp","href":"https:\/\/api.w.org\/{rel}","templated":true}]}}