{"id":12912,"date":"2022-06-07T15:39:20","date_gmt":"2022-06-07T15:39:20","guid":{"rendered":"https:\/\/delfoscba.com.ar\/\/dev\/\/?p=12912"},"modified":"2022-06-07T15:44:35","modified_gmt":"2022-06-07T15:44:35","slug":"cambio-la-movilidad-de-los-cordobeses-despues-de-la-pandemia","status":"publish","type":"post","link":"https:\/\/delfoscba.com.ar\/dev\/sociedad\/cambio-la-movilidad-de-los-cordobeses-despues-de-la-pandemia\/","title":{"rendered":"\u00bfCambi\u00f3 la movilidad de los cordobeses despu\u00e9s de la pandemia?"},"content":{"rendered":"\t\t<div data-elementor-type=\"wp-post\" data-elementor-id=\"12912\" class=\"elementor elementor-12912\" data-elementor-post-type=\"post\">\n\t\t\t\t\t\t<section class=\"elementor-section elementor-top-section elementor-element elementor-element-41498b4 elementor-section-height-min-height elementor-section-boxed elementor-section-height-default elementor-section-items-middle\" data-id=\"41498b4\" data-element_type=\"section\" data-e-type=\"section\" data-settings=\"{&quot;background_background&quot;:&quot;classic&quot;}\">\n\t\t\t\t\t\t\t<div class=\"elementor-background-overlay\"><\/div>\n\t\t\t\t\t\t\t<div class=\"elementor-container elementor-column-gap-no\">\n\t\t\t\t\t<div class=\"elementor-column elementor-col-100 elementor-top-column elementor-element elementor-element-a18ac89\" data-id=\"a18ac89\" data-element_type=\"column\" data-e-type=\"column\">\n\t\t\t<div class=\"elementor-widget-wrap elementor-element-populated\">\n\t\t\t\t\t\t<div class=\"elementor-element elementor-element-e493600 elementor-widget elementor-widget-heading\" data-id=\"e493600\" data-element_type=\"widget\" data-e-type=\"widget\" data-widget_type=\"heading.default\">\n\t\t\t\t\t<h2 class=\"elementor-heading-title elementor-size-large\">SOCIEDAD<\/h2>\t\t\t\t<\/div>\n\t\t\t\t\t<\/div>\n\t\t<\/div>\n\t\t\t\t\t<\/div>\n\t\t<\/section>\n\t\t\t\t<section class=\"elementor-section elementor-top-section elementor-element elementor-element-7dafb6e4 elementor-section-boxed elementor-section-height-default elementor-section-height-default\" data-id=\"7dafb6e4\" data-element_type=\"section\" data-e-type=\"section\">\n\t\t\t\t\t\t<div class=\"elementor-container elementor-column-gap-default\">\n\t\t\t\t\t<div class=\"elementor-column elementor-col-100 elementor-top-column elementor-element elementor-element-38ae5a14\" data-id=\"38ae5a14\" data-element_type=\"column\" data-e-type=\"column\">\n\t\t\t<div class=\"elementor-widget-wrap elementor-element-populated\">\n\t\t\t\t\t\t<div class=\"elementor-element elementor-element-f8a3207 elementor-widget elementor-widget-author-box\" data-id=\"f8a3207\" data-element_type=\"widget\" data-e-type=\"widget\" data-widget_type=\"author-box.default\">\n\t\t\t\t\t\t\t<div class=\"elementor-author-box\">\n\t\t\t\t\t\t\t<a href=\"https:\/\/delfoscba.com.ar\/\/dev\/\/nosotros\/\" class=\"elementor-author-box__avatar\">\n\t\t\t\t\t<img decoding=\"async\" src=\"https:\/\/delfoscba.com.ar\/dev\/wp-content\/uploads\/2021\/03\/eia-1.png\" alt=\"Picture of Jos\u00e9 Gangi\" loading=\"lazy\">\n\t\t\t\t<\/a>\n\t\t\t\n\t\t\t<div class=\"elementor-author-box__text\">\n\t\t\t\t\t\t\t\t\t<a href=\"https:\/\/delfoscba.com.ar\/\/dev\/\/nosotros\/\">\n\t\t\t\t\t\t<h4 class=\"elementor-author-box__name\">\n\t\t\t\t\t\t\tJos\u00e9 Gangi\t\t\t\t\t\t<\/h4>\n\t\t\t\t\t<\/a>\n\t\t\t\t\n\t\t\t\t\t\t\t\t\t<div class=\"elementor-author-box__bio\">\n\t\t\t\t\t\t<p>Edici\u00f3n y An\u00e1lisis de informes<\/p>\n\t\t\t\t\t<\/div>\n\t\t\t\t\n\t\t\t\t\t\t\t<\/div>\n\t\t<\/div>\n\t\t\t\t\t\t<\/div>\n\t\t\t\t<div class=\"elementor-element elementor-element-7aefe4b4 elementor-widget elementor-widget-text-editor\" data-id=\"7aefe4b4\" data-element_type=\"widget\" data-e-type=\"widget\" data-widget_type=\"text-editor.default\">\n\t\t\t\t\t\t\t\t\t<p>A pesar de que el t\u00e9rmino pos pandemia no se condice con exactitud con la realidad global, nos vamos a permitir utilizarlo como un sin\u00f3nimo de una coyuntura con altos niveles de vacunaci\u00f3n y una circulaci\u00f3n controlada.<\/p><p>Hecha esa salvedad, nos aventuramos a preguntarles a los cordobeses cu\u00e1l era su principal medio de transporte antes de la pandemia y si hab\u00edan cambiado sus preferencias luego del Covid-19 (es decir, qu\u00e9 medios utilizan en la actualidad).<\/p><p><a href=\"https:\/\/delfoscba.com.ar\/\/dev\/\/wp-content\/uploads\/2022\/06\/1-3-1.png\"><img fetchpriority=\"high\" decoding=\"async\" class=\"aligncenter wp-image-12918 size-large\" src=\"https:\/\/delfoscba.com.ar\/\/dev\/\/wp-content\/uploads\/2022\/06\/1-3-1-1021x1024.png\" alt=\"\" width=\"1021\" height=\"1024\" srcset=\"https:\/\/delfoscba.com.ar\/dev\/wp-content\/uploads\/2022\/06\/1-3-1-1021x1024.png 1021w, https:\/\/delfoscba.com.ar\/dev\/wp-content\/uploads\/2022\/06\/1-3-1-300x300.png 300w, https:\/\/delfoscba.com.ar\/dev\/wp-content\/uploads\/2022\/06\/1-3-1-150x150.png 150w, https:\/\/delfoscba.com.ar\/dev\/wp-content\/uploads\/2022\/06\/1-3-1-768x770.png 768w, https:\/\/delfoscba.com.ar\/dev\/wp-content\/uploads\/2022\/06\/1-3-1-1080x1083.png 1080w, https:\/\/delfoscba.com.ar\/dev\/wp-content\/uploads\/2022\/06\/1-3-1-440x440.png 440w, https:\/\/delfoscba.com.ar\/dev\/wp-content\/uploads\/2022\/06\/1-3-1.png 1084w\" sizes=\"(max-width: 1021px) 100vw, 1021px\" \/><\/a><\/p><p>Antes del coronavirus, el principal medio de movilidad de los cordobeses era el auto con el 34% de las menciones. Lo segu\u00edan el colectivo (21%), la moto con 18% y el traslado a pie con el 14% de las menciones.<\/p><p><a href=\"https:\/\/delfoscba.com.ar\/\/dev\/\/wp-content\/uploads\/2022\/06\/2-3-1.png\"><img decoding=\"async\" class=\"aligncenter wp-image-12920 size-large\" src=\"https:\/\/delfoscba.com.ar\/\/dev\/\/wp-content\/uploads\/2022\/06\/2-3-1-1021x1024.png\" alt=\"\" width=\"1021\" height=\"1024\" srcset=\"https:\/\/delfoscba.com.ar\/dev\/wp-content\/uploads\/2022\/06\/2-3-1-1021x1024.png 1021w, https:\/\/delfoscba.com.ar\/dev\/wp-content\/uploads\/2022\/06\/2-3-1-300x300.png 300w, https:\/\/delfoscba.com.ar\/dev\/wp-content\/uploads\/2022\/06\/2-3-1-150x150.png 150w, https:\/\/delfoscba.com.ar\/dev\/wp-content\/uploads\/2022\/06\/2-3-1-768x770.png 768w, https:\/\/delfoscba.com.ar\/dev\/wp-content\/uploads\/2022\/06\/2-3-1-1080x1083.png 1080w, https:\/\/delfoscba.com.ar\/dev\/wp-content\/uploads\/2022\/06\/2-3-1-440x440.png 440w, https:\/\/delfoscba.com.ar\/dev\/wp-content\/uploads\/2022\/06\/2-3-1.png 1084w\" sizes=\"(max-width: 1021px) 100vw, 1021px\" \/><\/a><\/p><p>Con la llegada del Covid-19, all\u00e1 por marzo de 2020, un 13% de los cordobeses cambi\u00f3 su medio de movilidad principal.<\/p><p>Como podemos observar en la placa precedente, los cambios en t\u00e9rminos de movilidad se asociaron principalmente a la migraci\u00f3n de cordobeses desde el colectivo al traslado peatonal. Mientras que el \u00f3mnibus era el principal medio de transporte del 21% de los comprovincianos \u00a0antes de la pandemia, en la actualidad lo es s\u00f3lo para el 17%. En paralelo, el traslado a pie creci\u00f3 3 puntos porcentuales e igual\u00f3 al colectivo como la tercera modalidad de traslado en t\u00e9rminos de preferencia.<\/p><p><a href=\"https:\/\/delfoscba.com.ar\/\/dev\/\/wp-content\/uploads\/2022\/06\/3-3.png\"><img decoding=\"async\" class=\"aligncenter wp-image-12919 size-large\" src=\"https:\/\/delfoscba.com.ar\/\/dev\/\/wp-content\/uploads\/2022\/06\/3-3-1021x1024.png\" alt=\"\" width=\"1021\" height=\"1024\" srcset=\"https:\/\/delfoscba.com.ar\/dev\/wp-content\/uploads\/2022\/06\/3-3-1021x1024.png 1021w, https:\/\/delfoscba.com.ar\/dev\/wp-content\/uploads\/2022\/06\/3-3-300x300.png 300w, https:\/\/delfoscba.com.ar\/dev\/wp-content\/uploads\/2022\/06\/3-3-150x150.png 150w, https:\/\/delfoscba.com.ar\/dev\/wp-content\/uploads\/2022\/06\/3-3-768x770.png 768w, https:\/\/delfoscba.com.ar\/dev\/wp-content\/uploads\/2022\/06\/3-3-1080x1083.png 1080w, https:\/\/delfoscba.com.ar\/dev\/wp-content\/uploads\/2022\/06\/3-3-440x440.png 440w, https:\/\/delfoscba.com.ar\/dev\/wp-content\/uploads\/2022\/06\/3-3.png 1084w\" sizes=\"(max-width: 1021px) 100vw, 1021px\" \/><\/a><\/p><p>Estos resultados presentan transformaciones en las preferencias de los cordobeses en consonancia con las recomendaciones sanitarias oficiales, que apuntaron a evitar las aglomeraciones de gente.<\/p><p>A pesar de la profunda crisis econ\u00f3mica que atraviesa el pa\u00eds desde hace ya varios a\u00f1os, esta variable no parece haber incidido sobre la elecci\u00f3n de los cordobeses como s\u00ed lo hizo despu\u00e9s de la crisis de 2001. En ese contexto, los ciudadanos de nuestra provincia afirmaron haber abandonado masivamente el autom\u00f3vil como medio de movilidad en favor del traslado en colectivo.<\/p>\t\t\t\t\t\t\t\t<\/div>\n\t\t\t\t\t<\/div>\n\t\t<\/div>\n\t\t\t\t\t<\/div>\n\t\t<\/section>\n\t\t\t\t<section class=\"elementor-section elementor-top-section elementor-element elementor-element-b28ac47 elementor-section-height-min-height elementor-section-boxed elementor-section-height-default elementor-section-items-middle\" data-id=\"b28ac47\" data-element_type=\"section\" data-e-type=\"section\" data-settings=\"{&quot;background_background&quot;:&quot;classic&quot;}\">\n\t\t\t\t\t\t\t<div class=\"elementor-background-overlay\"><\/div>\n\t\t\t\t\t\t\t<div class=\"elementor-container elementor-column-gap-default\">\n\t\t\t\t\t<div class=\"elementor-column elementor-col-100 elementor-top-column elementor-element elementor-element-88fba06\" data-id=\"88fba06\" data-element_type=\"column\" data-e-type=\"column\">\n\t\t\t<div class=\"elementor-widget-wrap elementor-element-populated\">\n\t\t\t\t\t\t<div class=\"elementor-element elementor-element-7e65226 elementor-widget elementor-widget-heading\" data-id=\"7e65226\" data-element_type=\"widget\" data-e-type=\"widget\" data-widget_type=\"heading.default\">\n\t\t\t\t\t<h2 class=\"elementor-heading-title elementor-size-large\">Seguinos en nuestras redes<\/h2>\t\t\t\t<\/div>\n\t\t\t\t<div class=\"elementor-element elementor-element-c37b7ef elementor-shape-circle e-grid-align-tablet-center e-grid-align-mobile-center e-grid-align-left elementor-grid-0 elementor-widget elementor-widget-social-icons\" data-id=\"c37b7ef\" data-element_type=\"widget\" data-e-type=\"widget\" data-widget_type=\"social-icons.default\">\n\t\t\t\t\t\t\t<div class=\"elementor-social-icons-wrapper elementor-grid\" role=\"list\">\n\t\t\t\t\t\t\t<span class=\"elementor-grid-item\" role=\"listitem\">\n\t\t\t\t\t<a class=\"elementor-icon elementor-social-icon elementor-social-icon-facebook-f elementor-repeater-item-lf5yt4c\" href=\"https:\/\/www.facebook.com\/ConsultoraDelfos\" target=\"_blank\">\n\t\t\t\t\t\t<span class=\"elementor-screen-only\">Facebook-f<\/span>\n\t\t\t\t\t\t<i aria-hidden=\"true\" class=\"fab fa-facebook-f\"><\/i>\t\t\t\t\t<\/a>\n\t\t\t\t<\/span>\n\t\t\t\t\t\t\t<span class=\"elementor-grid-item\" role=\"listitem\">\n\t\t\t\t\t<a class=\"elementor-icon elementor-social-icon elementor-social-icon-twitter elementor-repeater-item-01xie82\" href=\"https:\/\/twitter.com\/delfoscba\" target=\"_blank\">\n\t\t\t\t\t\t<span class=\"elementor-screen-only\">Twitter<\/span>\n\t\t\t\t\t\t<i aria-hidden=\"true\" class=\"fab fa-twitter\"><\/i>\t\t\t\t\t<\/a>\n\t\t\t\t<\/span>\n\t\t\t\t\t\t\t<span class=\"elementor-grid-item\" role=\"listitem\">\n\t\t\t\t\t<a class=\"elementor-icon elementor-social-icon elementor-social-icon-linkedin elementor-repeater-item-grhvqhn\" target=\"_blank\">\n\t\t\t\t\t\t<span class=\"elementor-screen-only\">Linkedin<\/span>\n\t\t\t\t\t\t<i aria-hidden=\"true\" class=\"fab fa-linkedin\"><\/i>\t\t\t\t\t<\/a>\n\t\t\t\t<\/span>\n\t\t\t\t\t<\/div>\n\t\t\t\t\t\t<\/div>\n\t\t\t\t\t<\/div>\n\t\t<\/div>\n\t\t\t\t\t<\/div>\n\t\t<\/section>\n\t\t\t\t<\/div>\n\t\t","protected":false},"excerpt":{"rendered":"<p>Analizamos el impacto de la pandemia sobre las preferencias en t\u00e9rminos de transporte, pre y post pandemia.<\/p>\n","protected":false},"author":1,"featured_media":12913,"comment_status":"open","ping_status":"open","sticky":false,"template":"","format":"standard","meta":{"_acf_changed":false,"footnotes":""},"categories":[4],"tags":[471,641,39,639,647,645,642,643,40,38,554,128,34,648,640,646,644,188,54,94],"class_list":["post-12912","post","type-post","status-publish","format-standard","has-post-thumbnail","hentry","category-sociedad","tag-471","tag-a-pie","tag-argentina","tag-auto","tag-bicicleta","tag-bus","tag-caminar","tag-colectivo","tag-consultora","tag-cordoba","tag-cordoba-capital","tag-delfos","tag-jose-gangi","tag-monopatin-electrico","tag-moto","tag-motocicleta","tag-omnibus","tag-opinion-publica","tag-pandemia","tag-transporte","et-has-post-format-content","et_post_format-et-post-format-standard"],"acf":[],"_links":{"self":[{"href":"https:\/\/delfoscba.com.ar\/dev\/wp-json\/wp\/v2\/posts\/12912","targetHints":{"allow":["GET"]}}],"collection":[{"href":"https:\/\/delfoscba.com.ar\/dev\/wp-json\/wp\/v2\/posts"}],"about":[{"href":"https:\/\/delfoscba.com.ar\/dev\/wp-json\/wp\/v2\/types\/post"}],"author":[{"embeddable":true,"href":"https:\/\/delfoscba.com.ar\/dev\/wp-json\/wp\/v2\/users\/1"}],"replies":[{"embeddable":true,"href":"https:\/\/delfoscba.com.ar\/dev\/wp-json\/wp\/v2\/comments?post=12912"}],"version-history":[{"count":4,"href":"https:\/\/delfoscba.com.ar\/dev\/wp-json\/wp\/v2\/posts\/12912\/revisions"}],"predecessor-version":[{"id":12923,"href":"https:\/\/delfoscba.com.ar\/dev\/wp-json\/wp\/v2\/posts\/12912\/revisions\/12923"}],"wp:featuredmedia":[{"embeddable":true,"href":"https:\/\/delfoscba.com.ar\/dev\/wp-json\/wp\/v2\/media\/12913"}],"wp:attachment":[{"href":"https:\/\/delfoscba.com.ar\/dev\/wp-json\/wp\/v2\/media?parent=12912"}],"wp:term":[{"taxonomy":"category","embeddable":true,"href":"https:\/\/delfoscba.com.ar\/dev\/wp-json\/wp\/v2\/categories?post=12912"},{"taxonomy":"post_tag","embeddable":true,"href":"https:\/\/delfoscba.com.ar\/dev\/wp-json\/wp\/v2\/tags?post=12912"}],"curies":[{"name":"wp","href":"https:\/\/api.w.org\/{rel}","templated":true}]}}