{"id":12961,"date":"2022-06-15T19:43:06","date_gmt":"2022-06-15T19:43:06","guid":{"rendered":"https:\/\/delfoscba.com.ar\/\/dev\/\/?p=12961"},"modified":"2022-06-15T19:52:44","modified_gmt":"2022-06-15T19:52:44","slug":"fin-de-semana-largo-mas-de-130-mil-cordobeses-viajaran-por-la-provincia-y-piensan-gastar-casi-3-000-millones","status":"publish","type":"post","link":"https:\/\/delfoscba.com.ar\/dev\/sociedad\/fin-de-semana-largo-mas-de-130-mil-cordobeses-viajaran-por-la-provincia-y-piensan-gastar-casi-3-000-millones\/","title":{"rendered":"Fin de semana largo: m\u00e1s de 130 mil cordobeses viajar\u00e1n por la provincia y piensan gastar casi $ 3.000 millones"},"content":{"rendered":"\t\t<div data-elementor-type=\"wp-post\" data-elementor-id=\"12961\" class=\"elementor elementor-12961\" data-elementor-post-type=\"post\">\n\t\t\t\t\t\t<section class=\"elementor-section elementor-top-section elementor-element elementor-element-41498b4 elementor-section-height-min-height elementor-section-boxed elementor-section-height-default elementor-section-items-middle\" data-id=\"41498b4\" data-element_type=\"section\" data-e-type=\"section\" data-settings=\"{&quot;background_background&quot;:&quot;classic&quot;}\">\n\t\t\t\t\t\t\t<div class=\"elementor-background-overlay\"><\/div>\n\t\t\t\t\t\t\t<div class=\"elementor-container elementor-column-gap-no\">\n\t\t\t\t\t<div class=\"elementor-column elementor-col-100 elementor-top-column elementor-element elementor-element-a18ac89\" data-id=\"a18ac89\" data-element_type=\"column\" data-e-type=\"column\">\n\t\t\t<div class=\"elementor-widget-wrap elementor-element-populated\">\n\t\t\t\t\t\t<div class=\"elementor-element elementor-element-e493600 elementor-widget elementor-widget-heading\" data-id=\"e493600\" data-element_type=\"widget\" data-e-type=\"widget\" data-widget_type=\"heading.default\">\n\t\t\t\t\t<h2 class=\"elementor-heading-title elementor-size-large\">SOCIEDAD<\/h2>\t\t\t\t<\/div>\n\t\t\t\t\t<\/div>\n\t\t<\/div>\n\t\t\t\t\t<\/div>\n\t\t<\/section>\n\t\t\t\t<section class=\"elementor-section elementor-top-section elementor-element elementor-element-7dafb6e4 elementor-section-boxed elementor-section-height-default elementor-section-height-default\" data-id=\"7dafb6e4\" data-element_type=\"section\" data-e-type=\"section\">\n\t\t\t\t\t\t<div class=\"elementor-container elementor-column-gap-default\">\n\t\t\t\t\t<div class=\"elementor-column elementor-col-100 elementor-top-column elementor-element elementor-element-38ae5a14\" data-id=\"38ae5a14\" data-element_type=\"column\" data-e-type=\"column\">\n\t\t\t<div class=\"elementor-widget-wrap elementor-element-populated\">\n\t\t\t\t\t\t<div class=\"elementor-element elementor-element-f8a3207 elementor-widget elementor-widget-author-box\" data-id=\"f8a3207\" data-element_type=\"widget\" data-e-type=\"widget\" data-widget_type=\"author-box.default\">\n\t\t\t\t\t\t\t<div class=\"elementor-author-box\">\n\t\t\t\t\t\t\t<a href=\"https:\/\/delfoscba.com.ar\/\/dev\/\/nosotros\/\" class=\"elementor-author-box__avatar\">\n\t\t\t\t\t<img decoding=\"async\" src=\"https:\/\/delfoscba.com.ar\/dev\/wp-content\/uploads\/2021\/03\/eia-1.png\" alt=\"Picture of Jos\u00e9 Gangi\" loading=\"lazy\">\n\t\t\t\t<\/a>\n\t\t\t\n\t\t\t<div class=\"elementor-author-box__text\">\n\t\t\t\t\t\t\t\t\t<a href=\"https:\/\/delfoscba.com.ar\/\/dev\/\/nosotros\/\">\n\t\t\t\t\t\t<h4 class=\"elementor-author-box__name\">\n\t\t\t\t\t\t\tJos\u00e9 Gangi\t\t\t\t\t\t<\/h4>\n\t\t\t\t\t<\/a>\n\t\t\t\t\n\t\t\t\t\t\t\t\t\t<div class=\"elementor-author-box__bio\">\n\t\t\t\t\t\t<p>Edici\u00f3n y An\u00e1lisis de informes<\/p>\n\t\t\t\t\t<\/div>\n\t\t\t\t\n\t\t\t\t\t\t\t<\/div>\n\t\t<\/div>\n\t\t\t\t\t\t<\/div>\n\t\t\t\t<div class=\"elementor-element elementor-element-7aefe4b4 elementor-widget elementor-widget-text-editor\" data-id=\"7aefe4b4\" data-element_type=\"widget\" data-e-type=\"widget\" data-widget_type=\"text-editor.default\">\n\t\t\t\t\t\t\t\t\t<p>Despu\u00e9s de dos a\u00f1os complicados por la pandemia, el 2022 comenz\u00f3 marcando r\u00e9cords nacionales para el rubro. Durante la temporada de verano enero-febrero 2022, los turistas realizaron 32,2 millones de viajes y gastaron m\u00e1s de $ 580 mil millones, casi el doble de lo que gastaron los turistas en la temporada 2021.<\/p><p>C\u00f3rdoba no fue la excepci\u00f3n. La provincia mediterr\u00e1nea recibi\u00f3 en la temporada 2022 m\u00e1s de 6 millones de turistas y report\u00f3 gastos superiores a los 100 mil millones de pesos, m\u00e1s del 17% de lo gastado a nivel nacional.<\/p><p>En ese marco, nos propusimos preguntarles a 1.300 cordobeses de toda la provincia si van a vacacionar el fin de semana extra largo que comienza el pr\u00f3ximo 17 de junio y, si planean hacerlo, a d\u00f3nde ir\u00e1n, por cu\u00e1nto tiempo y cu\u00e1nto y c\u00f3mo proyectan gastar.<\/p><p><a href=\"https:\/\/delfoscba.com.ar\/\/dev\/\/wp-content\/uploads\/2022\/06\/1-3-3.png\"><img fetchpriority=\"high\" decoding=\"async\" class=\"aligncenter wp-image-12962 size-large\" src=\"https:\/\/delfoscba.com.ar\/\/dev\/\/wp-content\/uploads\/2022\/06\/1-3-3-1024x1024.png\" alt=\"\" width=\"1024\" height=\"1024\" srcset=\"https:\/\/delfoscba.com.ar\/dev\/wp-content\/uploads\/2022\/06\/1-3-3-1024x1024.png 1024w, https:\/\/delfoscba.com.ar\/dev\/wp-content\/uploads\/2022\/06\/1-3-3-300x300.png 300w, https:\/\/delfoscba.com.ar\/dev\/wp-content\/uploads\/2022\/06\/1-3-3-150x150.png 150w, https:\/\/delfoscba.com.ar\/dev\/wp-content\/uploads\/2022\/06\/1-3-3-768x768.png 768w, https:\/\/delfoscba.com.ar\/dev\/wp-content\/uploads\/2022\/06\/1-3-3-1080x1080.png 1080w, https:\/\/delfoscba.com.ar\/dev\/wp-content\/uploads\/2022\/06\/1-3-3-440x440.png 440w, https:\/\/delfoscba.com.ar\/dev\/wp-content\/uploads\/2022\/06\/1-3-3.png 1083w\" sizes=\"(max-width: 1024px) 100vw, 1024px\" \/><\/a><\/p><p>El primer dato que obtuvimos fue que un 11,2% de los cordobeses afirmaron que pensaban vacacionar este fin de semana extra largo, es decir, unos 333.838 cordobeses. De estos, un 41% planific\u00f3 hacerlo dentro de la provincia de C\u00f3rdoba, un 32% en el resto del pa\u00eds y un 14% en el exterior.<\/p><p><a href=\"https:\/\/delfoscba.com.ar\/\/dev\/\/wp-content\/uploads\/2022\/06\/2-3-3.png\"><img decoding=\"async\" class=\"aligncenter wp-image-12967 size-large\" src=\"https:\/\/delfoscba.com.ar\/\/dev\/\/wp-content\/uploads\/2022\/06\/2-3-3-1024x1024.png\" alt=\"\" width=\"1024\" height=\"1024\" srcset=\"https:\/\/delfoscba.com.ar\/dev\/wp-content\/uploads\/2022\/06\/2-3-3-1024x1024.png 1024w, https:\/\/delfoscba.com.ar\/dev\/wp-content\/uploads\/2022\/06\/2-3-3-300x300.png 300w, https:\/\/delfoscba.com.ar\/dev\/wp-content\/uploads\/2022\/06\/2-3-3-150x150.png 150w, https:\/\/delfoscba.com.ar\/dev\/wp-content\/uploads\/2022\/06\/2-3-3-768x768.png 768w, https:\/\/delfoscba.com.ar\/dev\/wp-content\/uploads\/2022\/06\/2-3-3-1080x1080.png 1080w, https:\/\/delfoscba.com.ar\/dev\/wp-content\/uploads\/2022\/06\/2-3-3-440x440.png 440w, https:\/\/delfoscba.com.ar\/dev\/wp-content\/uploads\/2022\/06\/2-3-3.png 1083w\" sizes=\"(max-width: 1024px) 100vw, 1024px\" \/><\/a><\/p><p>Tambi\u00e9n les preguntamos por la cantidad de noches que pensaban pernoctar en esas minivacaciones. En ese sentido, un 51% afirm\u00f3 que ser\u00edan tres noches, un 24% por dos noches y s\u00f3lo un 12% nos respondi\u00f3 que vacacionar\u00edan por las cuatro noches que dura el fin de semana en cuesti\u00f3n.<\/p><p><a href=\"https:\/\/delfoscba.com.ar\/\/dev\/\/wp-content\/uploads\/2022\/06\/3-3-2.png\"><img decoding=\"async\" class=\"aligncenter wp-image-12963 size-large\" src=\"https:\/\/delfoscba.com.ar\/\/dev\/\/wp-content\/uploads\/2022\/06\/3-3-2-1024x1024.png\" alt=\"\" width=\"1024\" height=\"1024\" srcset=\"https:\/\/delfoscba.com.ar\/dev\/wp-content\/uploads\/2022\/06\/3-3-2-1024x1024.png 1024w, https:\/\/delfoscba.com.ar\/dev\/wp-content\/uploads\/2022\/06\/3-3-2-300x300.png 300w, https:\/\/delfoscba.com.ar\/dev\/wp-content\/uploads\/2022\/06\/3-3-2-150x150.png 150w, https:\/\/delfoscba.com.ar\/dev\/wp-content\/uploads\/2022\/06\/3-3-2-768x768.png 768w, https:\/\/delfoscba.com.ar\/dev\/wp-content\/uploads\/2022\/06\/3-3-2-1080x1080.png 1080w, https:\/\/delfoscba.com.ar\/dev\/wp-content\/uploads\/2022\/06\/3-3-2-440x440.png 440w, https:\/\/delfoscba.com.ar\/dev\/wp-content\/uploads\/2022\/06\/3-3-2.png 1083w\" sizes=\"(max-width: 1024px) 100vw, 1024px\" \/><\/a><\/p><p>Si pasamos a analizar en profundidad las preferencias de aquellos cordobeses que eligieron la provincia para vacacionar, podemos afirmar que los destinos m\u00e1s elegidos son Villa General Belgrano, con el 15% de las menciones, Carlos Paz con el 13% y Santa Rosa de Calamuchita con el 10%.<\/p><p><a href=\"https:\/\/delfoscba.com.ar\/\/dev\/\/wp-content\/uploads\/2022\/06\/4-2.png\"><img loading=\"lazy\" decoding=\"async\" class=\"aligncenter wp-image-12964 size-large\" src=\"https:\/\/delfoscba.com.ar\/\/dev\/\/wp-content\/uploads\/2022\/06\/4-2-1024x1024.png\" alt=\"\" width=\"1024\" height=\"1024\" srcset=\"https:\/\/delfoscba.com.ar\/dev\/wp-content\/uploads\/2022\/06\/4-2-1024x1024.png 1024w, https:\/\/delfoscba.com.ar\/dev\/wp-content\/uploads\/2022\/06\/4-2-300x300.png 300w, https:\/\/delfoscba.com.ar\/dev\/wp-content\/uploads\/2022\/06\/4-2-150x150.png 150w, https:\/\/delfoscba.com.ar\/dev\/wp-content\/uploads\/2022\/06\/4-2-768x768.png 768w, https:\/\/delfoscba.com.ar\/dev\/wp-content\/uploads\/2022\/06\/4-2-1080x1080.png 1080w, https:\/\/delfoscba.com.ar\/dev\/wp-content\/uploads\/2022\/06\/4-2-440x440.png 440w, https:\/\/delfoscba.com.ar\/dev\/wp-content\/uploads\/2022\/06\/4-2.png 1083w\" sizes=\"(max-width: 1024px) 100vw, 1024px\" \/><\/a><\/p><p>En t\u00e9rminos de dinero, el 18% de los cordobeses que vacacionar\u00e1n dentro de los confines de la provincia piensa gastar entre $ 5.001 y $ 10.000 diarios, un 15% hasta $ 5.000 y un 10% entre $ 15.001 y $ 20.000. Vale rescatar que m\u00e1s de uno de cada 4 no posee un presupuesto organizado para este viaje.<\/p><p><a href=\"https:\/\/delfoscba.com.ar\/\/dev\/\/wp-content\/uploads\/2022\/06\/5.png\"><img loading=\"lazy\" decoding=\"async\" class=\"aligncenter wp-image-12965 size-large\" src=\"https:\/\/delfoscba.com.ar\/\/dev\/\/wp-content\/uploads\/2022\/06\/5-1024x1024.png\" alt=\"\" width=\"1024\" height=\"1024\" srcset=\"https:\/\/delfoscba.com.ar\/dev\/wp-content\/uploads\/2022\/06\/5-1024x1024.png 1024w, https:\/\/delfoscba.com.ar\/dev\/wp-content\/uploads\/2022\/06\/5-300x300.png 300w, https:\/\/delfoscba.com.ar\/dev\/wp-content\/uploads\/2022\/06\/5-150x150.png 150w, https:\/\/delfoscba.com.ar\/dev\/wp-content\/uploads\/2022\/06\/5-768x768.png 768w, https:\/\/delfoscba.com.ar\/dev\/wp-content\/uploads\/2022\/06\/5-1080x1080.png 1080w, https:\/\/delfoscba.com.ar\/dev\/wp-content\/uploads\/2022\/06\/5-440x440.png 440w, https:\/\/delfoscba.com.ar\/dev\/wp-content\/uploads\/2022\/06\/5.png 1083w\" sizes=\"(max-width: 1024px) 100vw, 1024px\" \/><\/a><\/p><p>Con estas cifras, obtuvimos que $ 21.320 es el promedio de dinero que los cordobeses planean gastar diariamente en la provincia durante el pr\u00f3ximo fin de semana largo.<\/p><p>En t\u00e9rminos netos, s\u00f3lo el movimiento tur\u00edstico de cordobeses durante el fin de semana largo en la provincia generar\u00eda gastos por $ 2.920 millones. Otro dato positivo de este movimiento econ\u00f3mico es que se producir\u00eda principalmente en efectivo (44%) y con tarjetas de d\u00e9bito (33%).<\/p><p>En s\u00edntesis, s\u00f3lo el movimiento tur\u00edstico de cordobeses durante el pr\u00f3ximo fin de semana largo generar\u00eda desembolsos de dinero equivalentes al 3% de todo lo que se gast\u00f3 en la temporada de verano 2022, que fue r\u00e9cord tanto a nivel provincial como nacional.<\/p>\t\t\t\t\t\t\t\t<\/div>\n\t\t\t\t\t<\/div>\n\t\t<\/div>\n\t\t\t\t\t<\/div>\n\t\t<\/section>\n\t\t\t\t<section class=\"elementor-section elementor-top-section elementor-element elementor-element-b28ac47 elementor-section-height-min-height elementor-section-boxed elementor-section-height-default elementor-section-items-middle\" data-id=\"b28ac47\" data-element_type=\"section\" data-e-type=\"section\" data-settings=\"{&quot;background_background&quot;:&quot;classic&quot;}\">\n\t\t\t\t\t\t\t<div class=\"elementor-background-overlay\"><\/div>\n\t\t\t\t\t\t\t<div class=\"elementor-container elementor-column-gap-default\">\n\t\t\t\t\t<div class=\"elementor-column elementor-col-100 elementor-top-column elementor-element elementor-element-88fba06\" data-id=\"88fba06\" data-element_type=\"column\" data-e-type=\"column\">\n\t\t\t<div class=\"elementor-widget-wrap elementor-element-populated\">\n\t\t\t\t\t\t<div class=\"elementor-element elementor-element-7e65226 elementor-widget elementor-widget-heading\" data-id=\"7e65226\" data-element_type=\"widget\" data-e-type=\"widget\" data-widget_type=\"heading.default\">\n\t\t\t\t\t<h2 class=\"elementor-heading-title elementor-size-large\">Seguinos en nuestras redes<\/h2>\t\t\t\t<\/div>\n\t\t\t\t<div class=\"elementor-element elementor-element-c37b7ef elementor-shape-circle e-grid-align-tablet-center e-grid-align-mobile-center e-grid-align-left elementor-grid-0 elementor-widget elementor-widget-social-icons\" data-id=\"c37b7ef\" data-element_type=\"widget\" data-e-type=\"widget\" data-widget_type=\"social-icons.default\">\n\t\t\t\t\t\t\t<div class=\"elementor-social-icons-wrapper elementor-grid\" role=\"list\">\n\t\t\t\t\t\t\t<span class=\"elementor-grid-item\" role=\"listitem\">\n\t\t\t\t\t<a class=\"elementor-icon elementor-social-icon elementor-social-icon-facebook-f elementor-repeater-item-lf5yt4c\" href=\"https:\/\/www.facebook.com\/ConsultoraDelfos\" target=\"_blank\">\n\t\t\t\t\t\t<span class=\"elementor-screen-only\">Facebook-f<\/span>\n\t\t\t\t\t\t<i aria-hidden=\"true\" class=\"fab fa-facebook-f\"><\/i>\t\t\t\t\t<\/a>\n\t\t\t\t<\/span>\n\t\t\t\t\t\t\t<span class=\"elementor-grid-item\" role=\"listitem\">\n\t\t\t\t\t<a class=\"elementor-icon elementor-social-icon elementor-social-icon-twitter elementor-repeater-item-01xie82\" href=\"https:\/\/twitter.com\/delfoscba\" target=\"_blank\">\n\t\t\t\t\t\t<span class=\"elementor-screen-only\">Twitter<\/span>\n\t\t\t\t\t\t<i aria-hidden=\"true\" class=\"fab fa-twitter\"><\/i>\t\t\t\t\t<\/a>\n\t\t\t\t<\/span>\n\t\t\t\t\t\t\t<span class=\"elementor-grid-item\" role=\"listitem\">\n\t\t\t\t\t<a class=\"elementor-icon elementor-social-icon elementor-social-icon-linkedin elementor-repeater-item-grhvqhn\" target=\"_blank\">\n\t\t\t\t\t\t<span class=\"elementor-screen-only\">Linkedin<\/span>\n\t\t\t\t\t\t<i aria-hidden=\"true\" class=\"fab fa-linkedin\"><\/i>\t\t\t\t\t<\/a>\n\t\t\t\t<\/span>\n\t\t\t\t\t<\/div>\n\t\t\t\t\t\t<\/div>\n\t\t\t\t\t<\/div>\n\t\t<\/div>\n\t\t\t\t\t<\/div>\n\t\t<\/section>\n\t\t\t\t<\/div>\n\t\t","protected":false},"excerpt":{"rendered":"<p>Buenos augurios tur\u00edsticos para el pr\u00f3ximo fin de semana largo.<\/p>\n","protected":false},"author":1,"featured_media":12968,"comment_status":"open","ping_status":"open","sticky":false,"template":"","format":"standard","meta":{"_acf_changed":false,"footnotes":""},"categories":[4],"tags":[471,39,676,675,40,38,554,128,513,671,672,680,681,34,673,677,682,188,678,397,679,674],"class_list":["post-12961","post","type-post","status-publish","format-standard","has-post-thumbnail","hentry","category-sociedad","tag-471","tag-argentina","tag-calamuchita","tag-carlos-paz","tag-consultora","tag-cordoba","tag-cordoba-capital","tag-delfos","tag-dinero","tag-fin-de-semana","tag-finde","tag-gasto","tag-hospedaje","tag-jose-gangi","tag-largo","tag-las-sierras","tag-noches","tag-opinion-publica","tag-record","tag-turismo","tag-turistico","tag-villa-general-belgrano","et-has-post-format-content","et_post_format-et-post-format-standard"],"acf":[],"_links":{"self":[{"href":"https:\/\/delfoscba.com.ar\/dev\/wp-json\/wp\/v2\/posts\/12961","targetHints":{"allow":["GET"]}}],"collection":[{"href":"https:\/\/delfoscba.com.ar\/dev\/wp-json\/wp\/v2\/posts"}],"about":[{"href":"https:\/\/delfoscba.com.ar\/dev\/wp-json\/wp\/v2\/types\/post"}],"author":[{"embeddable":true,"href":"https:\/\/delfoscba.com.ar\/dev\/wp-json\/wp\/v2\/users\/1"}],"replies":[{"embeddable":true,"href":"https:\/\/delfoscba.com.ar\/dev\/wp-json\/wp\/v2\/comments?post=12961"}],"version-history":[{"count":4,"href":"https:\/\/delfoscba.com.ar\/dev\/wp-json\/wp\/v2\/posts\/12961\/revisions"}],"predecessor-version":[{"id":12972,"href":"https:\/\/delfoscba.com.ar\/dev\/wp-json\/wp\/v2\/posts\/12961\/revisions\/12972"}],"wp:featuredmedia":[{"embeddable":true,"href":"https:\/\/delfoscba.com.ar\/dev\/wp-json\/wp\/v2\/media\/12968"}],"wp:attachment":[{"href":"https:\/\/delfoscba.com.ar\/dev\/wp-json\/wp\/v2\/media?parent=12961"}],"wp:term":[{"taxonomy":"category","embeddable":true,"href":"https:\/\/delfoscba.com.ar\/dev\/wp-json\/wp\/v2\/categories?post=12961"},{"taxonomy":"post_tag","embeddable":true,"href":"https:\/\/delfoscba.com.ar\/dev\/wp-json\/wp\/v2\/tags?post=12961"}],"curies":[{"name":"wp","href":"https:\/\/api.w.org\/{rel}","templated":true}]}}