{"id":12975,"date":"2022-06-21T23:17:10","date_gmt":"2022-06-21T23:17:10","guid":{"rendered":"https:\/\/delfoscba.com.ar\/\/dev\/\/?p=12975"},"modified":"2022-06-21T23:20:37","modified_gmt":"2022-06-21T23:20:37","slug":"se-corrio-a-la-derecha-la-agenda-politica","status":"publish","type":"post","link":"https:\/\/delfoscba.com.ar\/dev\/politica\/se-corrio-a-la-derecha-la-agenda-politica\/","title":{"rendered":"\u00bfSe corri\u00f3 a la derecha la agenda pol\u00edtica?"},"content":{"rendered":"\t\t<div data-elementor-type=\"wp-post\" data-elementor-id=\"12975\" class=\"elementor elementor-12975\" data-elementor-post-type=\"post\">\n\t\t\t\t\t\t<section class=\"elementor-section elementor-top-section elementor-element elementor-element-41498b4 elementor-section-height-min-height elementor-section-boxed elementor-section-height-default elementor-section-items-middle\" data-id=\"41498b4\" data-element_type=\"section\" data-e-type=\"section\" data-settings=\"{&quot;background_background&quot;:&quot;classic&quot;}\">\n\t\t\t\t\t\t\t<div class=\"elementor-background-overlay\"><\/div>\n\t\t\t\t\t\t\t<div class=\"elementor-container elementor-column-gap-no\">\n\t\t\t\t\t<div class=\"elementor-column elementor-col-100 elementor-top-column elementor-element elementor-element-a18ac89\" data-id=\"a18ac89\" data-element_type=\"column\" data-e-type=\"column\">\n\t\t\t<div class=\"elementor-widget-wrap elementor-element-populated\">\n\t\t\t\t\t\t<div class=\"elementor-element elementor-element-e493600 elementor-widget elementor-widget-heading\" data-id=\"e493600\" data-element_type=\"widget\" data-e-type=\"widget\" data-widget_type=\"heading.default\">\n\t\t\t\t\t<h2 class=\"elementor-heading-title elementor-size-large\">POL\u00cdTICA<\/h2>\t\t\t\t<\/div>\n\t\t\t\t\t<\/div>\n\t\t<\/div>\n\t\t\t\t\t<\/div>\n\t\t<\/section>\n\t\t\t\t<section class=\"elementor-section elementor-top-section elementor-element elementor-element-7dafb6e4 elementor-section-boxed elementor-section-height-default elementor-section-height-default\" data-id=\"7dafb6e4\" data-element_type=\"section\" data-e-type=\"section\">\n\t\t\t\t\t\t<div class=\"elementor-container elementor-column-gap-default\">\n\t\t\t\t\t<div class=\"elementor-column elementor-col-100 elementor-top-column elementor-element elementor-element-38ae5a14\" data-id=\"38ae5a14\" data-element_type=\"column\" data-e-type=\"column\">\n\t\t\t<div class=\"elementor-widget-wrap elementor-element-populated\">\n\t\t\t\t\t\t<div class=\"elementor-element elementor-element-f8a3207 elementor-widget elementor-widget-author-box\" data-id=\"f8a3207\" data-element_type=\"widget\" data-e-type=\"widget\" data-widget_type=\"author-box.default\">\n\t\t\t\t\t\t\t<div class=\"elementor-author-box\">\n\t\t\t\t\t\t\t<a href=\"https:\/\/delfoscba.com.ar\/\/dev\/\/nosotros\/\" class=\"elementor-author-box__avatar\">\n\t\t\t\t\t<img decoding=\"async\" src=\"https:\/\/delfoscba.com.ar\/dev\/wp-content\/uploads\/2021\/02\/norman-250x250-1.jpg\" alt=\"Picture of Norman Berra\" loading=\"lazy\">\n\t\t\t\t<\/a>\n\t\t\t\n\t\t\t<div class=\"elementor-author-box__text\">\n\t\t\t\t\t\t\t\t\t<a href=\"https:\/\/delfoscba.com.ar\/\/dev\/\/nosotros\/\">\n\t\t\t\t\t\t<h4 class=\"elementor-author-box__name\">\n\t\t\t\t\t\t\tNorman Berra\t\t\t\t\t\t<\/h4>\n\t\t\t\t\t<\/a>\n\t\t\t\t\n\t\t\t\t\t\t\t\t\t<div class=\"elementor-author-box__bio\">\n\t\t\t\t\t\t<p>L\u00edder de proyectos<\/p>\n\t\t\t\t\t<\/div>\n\t\t\t\t\n\t\t\t\t\t\t\t<\/div>\n\t\t<\/div>\n\t\t\t\t\t\t<\/div>\n\t\t\t\t<div class=\"elementor-element elementor-element-7aefe4b4 elementor-widget elementor-widget-text-editor\" data-id=\"7aefe4b4\" data-element_type=\"widget\" data-e-type=\"widget\" data-widget_type=\"text-editor.default\">\n\t\t\t\t\t\t\t\t\t<p><a href=\"https:\/\/delfoscba.com.ar\/\/dev\/\/wp-content\/uploads\/2022\/06\/1-2.jpg\"><img fetchpriority=\"high\" decoding=\"async\" class=\"aligncenter wp-image-12976 size-full\" src=\"https:\/\/delfoscba.com.ar\/\/dev\/\/wp-content\/uploads\/2022\/06\/1-2.jpg\" alt=\"\" width=\"862\" height=\"479\" srcset=\"https:\/\/delfoscba.com.ar\/dev\/wp-content\/uploads\/2022\/06\/1-2.jpg 862w, https:\/\/delfoscba.com.ar\/dev\/wp-content\/uploads\/2022\/06\/1-2-300x167.jpg 300w, https:\/\/delfoscba.com.ar\/dev\/wp-content\/uploads\/2022\/06\/1-2-768x427.jpg 768w\" sizes=\"(max-width: 862px) 100vw, 862px\" \/><\/a><\/p><p>Un lugar com\u00fan del debate pol\u00edtico-electoral actual pasa por plantear que la agenda ideol\u00f3gica argentina se habr\u00eda corrido hacia la derecha. Como veremos en un an\u00e1lisis de encuestas nacionales, depende a qu\u00e9 nivel se lo mida: dada la volatilidad de la opini\u00f3n p\u00fablica respecto a distintos \u201cissues\u201d o t\u00f3picos de la agenda, la lectura no es tan lineal. Veamos: seg\u00fan un estudio reciente de D\u00b4Alessio IROL\/Berensztein, 32% de los electores argentinos prefiere un candidato a presidente orientado pol\u00edticamente hacia la derecha, 28% al centro y 22% a la izquierda (gr\u00e1fico arriba). Aqu\u00ed, hay una ventaja de 11 puntos porcentuales estad\u00edsticamente significativa de la derecha sobre la izquierda, pero tambi\u00e9n coexisten un 28% de votantes centristas y un 18% que no sabe, con lo cual se insin\u00faa una primera minor\u00eda volcada a la derecha, pero no una hegemon\u00eda ideol\u00f3gica. \u00a0<\/p><p><a href=\"https:\/\/delfoscba.com.ar\/\/dev\/\/wp-content\/uploads\/2022\/06\/2-2.jpg\"><img decoding=\"async\" class=\"aligncenter wp-image-12977 size-large\" src=\"https:\/\/delfoscba.com.ar\/\/dev\/\/wp-content\/uploads\/2022\/06\/2-2-1024x672.jpg\" alt=\"\" width=\"1024\" height=\"672\" srcset=\"https:\/\/delfoscba.com.ar\/dev\/wp-content\/uploads\/2022\/06\/2-2-1024x672.jpg 1024w, https:\/\/delfoscba.com.ar\/dev\/wp-content\/uploads\/2022\/06\/2-2-300x197.jpg 300w, https:\/\/delfoscba.com.ar\/dev\/wp-content\/uploads\/2022\/06\/2-2-768x504.jpg 768w, https:\/\/delfoscba.com.ar\/dev\/wp-content\/uploads\/2022\/06\/2-2-1080x708.jpg 1080w, https:\/\/delfoscba.com.ar\/dev\/wp-content\/uploads\/2022\/06\/2-2.jpg 1200w\" sizes=\"(max-width: 1024px) 100vw, 1024px\" \/><\/a><\/p><p>Dado ese mosaico, cuando se pasa a medir temas concretos de la agenda las posiciones ideol\u00f3gicas muestran matices. Por caso, la \u00faltima encuesta de Analog\u00edas indag\u00f3 las creencias respecto a una potencial privatizaci\u00f3n de YPF: una primera minor\u00eda de 46,4% se opuso, contra un 34,4% que se pronunci\u00f3 en sentido afirmativo y 19,2% no sabe (gr\u00e1fico arriba). En este caso, la postura ideol\u00f3gica que se podr\u00eda asociar a la derecha se confirma en torno a un tercio del espectro, pero pierde contra la posici\u00f3n favorable a la estatizaci\u00f3n por una diferencia estad\u00edsticamente significativa de 12 puntos porcentuales. Salvo entre mayores de 60 a\u00f1os (el electorado m\u00e1s af\u00edn a Juntos por el Cambio), la preferencia por la propiedad estatal se impone en los dem\u00e1s segmentos etarios y en la apertura por variables g\u00e9nero y nivel educativo.<\/p><p><a href=\"https:\/\/delfoscba.com.ar\/\/dev\/\/wp-content\/uploads\/2022\/06\/3-2.jpg\"><img decoding=\"async\" class=\"aligncenter wp-image-12978 size-full\" src=\"https:\/\/delfoscba.com.ar\/\/dev\/\/wp-content\/uploads\/2022\/06\/3-2.jpg\" alt=\"\" width=\"397\" height=\"679\" srcset=\"https:\/\/delfoscba.com.ar\/dev\/wp-content\/uploads\/2022\/06\/3-2.jpg 397w, https:\/\/delfoscba.com.ar\/dev\/wp-content\/uploads\/2022\/06\/3-2-175x300.jpg 175w\" sizes=\"(max-width: 397px) 100vw, 397px\" \/><\/a><\/p><p>A su turno, Zuban C\u00f3rdoba &amp; Asociados midi\u00f3 las actitudes respecto a una eventual privatizaci\u00f3n de Aerol\u00edneas Argentinas: en este caso, 50% se pronunci\u00f3 a favor contra 44,1% que prefiere que se mantenga en la \u00f3rbita estatal; la ventaja a favor de la posici\u00f3n m\u00e1s vinculada a la agenda de derecha es de 5,9 puntos porcentuales, con 5,8% de no sabe (gr\u00e1fico arriba), lo que perfila una brecha escasa como para terminar de zanjar la cuesti\u00f3n.<\/p><p><a href=\"https:\/\/delfoscba.com.ar\/\/dev\/\/wp-content\/uploads\/2022\/06\/4-2.jpg\"><img loading=\"lazy\" decoding=\"async\" class=\"aligncenter wp-image-12979 size-large\" src=\"https:\/\/delfoscba.com.ar\/\/dev\/\/wp-content\/uploads\/2022\/06\/4-2-1024x665.jpg\" alt=\"\" width=\"1024\" height=\"665\" srcset=\"https:\/\/delfoscba.com.ar\/dev\/wp-content\/uploads\/2022\/06\/4-2-1024x665.jpg 1024w, https:\/\/delfoscba.com.ar\/dev\/wp-content\/uploads\/2022\/06\/4-2-300x195.jpg 300w, https:\/\/delfoscba.com.ar\/dev\/wp-content\/uploads\/2022\/06\/4-2-768x499.jpg 768w, https:\/\/delfoscba.com.ar\/dev\/wp-content\/uploads\/2022\/06\/4-2-1080x701.jpg 1080w, https:\/\/delfoscba.com.ar\/dev\/wp-content\/uploads\/2022\/06\/4-2.jpg 1200w\" sizes=\"(max-width: 1024px) 100vw, 1024px\" \/><\/a><\/p><p>Analog\u00edas tambi\u00e9n midi\u00f3 creencias respecto a una eventual reforma laboral, donde detect\u00f3 un panorama mucho m\u00e1s fragmentado: 1 de cada 4 electores plantea una reforma con m\u00e1s derechos para los trabajadores (es decir, en sentido contrario a lo que plantea la agenda de derecha), 18,4% no ve necesaria una reforma, casi 16% plantea una reforma pero con los mismos derechos vigentes y apenas 15,5% apoya una reforma con menos derechos para el trabajador; 25,4% no sabe (gr\u00e1fico arriba). En ese caso, la posici\u00f3n m\u00e1s identificada con la derecha es claramente minoritaria.<\/p><p><a href=\"https:\/\/delfoscba.com.ar\/\/dev\/\/wp-content\/uploads\/2022\/06\/5-2.jpg\"><img loading=\"lazy\" decoding=\"async\" class=\"aligncenter wp-image-12980 size-full\" src=\"https:\/\/delfoscba.com.ar\/\/dev\/\/wp-content\/uploads\/2022\/06\/5-2.jpg\" alt=\"\" width=\"960\" height=\"720\" srcset=\"https:\/\/delfoscba.com.ar\/dev\/wp-content\/uploads\/2022\/06\/5-2.jpg 960w, https:\/\/delfoscba.com.ar\/dev\/wp-content\/uploads\/2022\/06\/5-2-300x225.jpg 300w, https:\/\/delfoscba.com.ar\/dev\/wp-content\/uploads\/2022\/06\/5-2-768x576.jpg 768w\" sizes=\"(max-width: 960px) 100vw, 960px\" \/><\/a><\/p><p>Finalmente, si a la agenda de la derecha se la personaliza con algunas de las propuestas de Javier Milei, precandidato presidencial de La Libertad Avanza, como ensay\u00f3 la \u00faltima encuesta de Ricardo Rouvier &amp; Asociados, el acuerdo con ellas tambi\u00e9n es minoritario: dejando afuera la legalizaci\u00f3n del aborto (puesto que la interrupci\u00f3n voluntaria del embarazo ya fue sancionada por el gobierno del Frente de Todos en 2020), la libre portaci\u00f3n de armas roza el 39%, pero pierde contra la posici\u00f3n contraria por 10 puntos porcentuales; la legalizaci\u00f3n del consumo de drogas alcanza 17,5% contra una oposici\u00f3n de 68,2%, privatizar la educaci\u00f3n p\u00fablica apenas roza el 9% contra un desacuerdo de casi 73%, legalizar la venta de \u00f3rganos alcanza 7,5% contra un desacuerdo 10 veces mayor, no asistir al necesitado apenas suma 5,5% contra casi 79% de desacuerdo, y disolver el BCRA roza el 5% contra un desacuerdo de casi 49%, si bien en este caso hay un 46,4% de ns\/nc. En s\u00edntesis, el an\u00e1lisis de diversas encuestas permite concluir que las posiciones afines a la derecha no configuran un bloque mayoritario ni estad\u00edsticamente homog\u00e9neo: s\u00f3lo en algunos temas puntuales perfilan una mayor\u00eda (caso privatizaci\u00f3n de AA), mientras que respecto a la privatizaci\u00f3n de YPF retroceden hasta un tercio del electorado y son a\u00fan m\u00e1s minoritarias en t\u00f3picos como reforma laboral. En cuanto a la agenda libertaria, sus propuestas m\u00e1s emblem\u00e1ticas est\u00e1n en abrumadora desventaja respecto a las posiciones contrarias.\u00a0<\/p>\t\t\t\t\t\t\t\t<\/div>\n\t\t\t\t\t<\/div>\n\t\t<\/div>\n\t\t\t\t\t<\/div>\n\t\t<\/section>\n\t\t\t\t<section class=\"elementor-section elementor-top-section elementor-element elementor-element-b28ac47 elementor-section-height-min-height elementor-section-boxed elementor-section-height-default elementor-section-items-middle\" data-id=\"b28ac47\" data-element_type=\"section\" data-e-type=\"section\" data-settings=\"{&quot;background_background&quot;:&quot;classic&quot;}\">\n\t\t\t\t\t\t\t<div class=\"elementor-background-overlay\"><\/div>\n\t\t\t\t\t\t\t<div class=\"elementor-container elementor-column-gap-default\">\n\t\t\t\t\t<div class=\"elementor-column elementor-col-100 elementor-top-column elementor-element elementor-element-88fba06\" data-id=\"88fba06\" data-element_type=\"column\" data-e-type=\"column\">\n\t\t\t<div class=\"elementor-widget-wrap elementor-element-populated\">\n\t\t\t\t\t\t<div class=\"elementor-element elementor-element-7e65226 elementor-widget elementor-widget-heading\" data-id=\"7e65226\" data-element_type=\"widget\" data-e-type=\"widget\" data-widget_type=\"heading.default\">\n\t\t\t\t\t<h2 class=\"elementor-heading-title elementor-size-large\">Seguinos en nuestras redes<\/h2>\t\t\t\t<\/div>\n\t\t\t\t<div class=\"elementor-element elementor-element-c37b7ef elementor-shape-circle e-grid-align-tablet-center e-grid-align-mobile-center e-grid-align-left elementor-grid-0 elementor-widget elementor-widget-social-icons\" data-id=\"c37b7ef\" data-element_type=\"widget\" data-e-type=\"widget\" data-widget_type=\"social-icons.default\">\n\t\t\t\t\t\t\t<div class=\"elementor-social-icons-wrapper elementor-grid\" role=\"list\">\n\t\t\t\t\t\t\t<span class=\"elementor-grid-item\" role=\"listitem\">\n\t\t\t\t\t<a class=\"elementor-icon elementor-social-icon elementor-social-icon-facebook-f elementor-repeater-item-lf5yt4c\" href=\"https:\/\/www.facebook.com\/ConsultoraDelfos\" target=\"_blank\">\n\t\t\t\t\t\t<span class=\"elementor-screen-only\">Facebook-f<\/span>\n\t\t\t\t\t\t<i aria-hidden=\"true\" class=\"fab fa-facebook-f\"><\/i>\t\t\t\t\t<\/a>\n\t\t\t\t<\/span>\n\t\t\t\t\t\t\t<span class=\"elementor-grid-item\" role=\"listitem\">\n\t\t\t\t\t<a class=\"elementor-icon elementor-social-icon elementor-social-icon-twitter elementor-repeater-item-01xie82\" href=\"https:\/\/twitter.com\/delfoscba\" target=\"_blank\">\n\t\t\t\t\t\t<span class=\"elementor-screen-only\">Twitter<\/span>\n\t\t\t\t\t\t<i aria-hidden=\"true\" class=\"fab fa-twitter\"><\/i>\t\t\t\t\t<\/a>\n\t\t\t\t<\/span>\n\t\t\t\t\t\t\t<span class=\"elementor-grid-item\" role=\"listitem\">\n\t\t\t\t\t<a class=\"elementor-icon elementor-social-icon elementor-social-icon-linkedin elementor-repeater-item-grhvqhn\" target=\"_blank\">\n\t\t\t\t\t\t<span class=\"elementor-screen-only\">Linkedin<\/span>\n\t\t\t\t\t\t<i aria-hidden=\"true\" class=\"fab fa-linkedin\"><\/i>\t\t\t\t\t<\/a>\n\t\t\t\t<\/span>\n\t\t\t\t\t<\/div>\n\t\t\t\t\t\t<\/div>\n\t\t\t\t\t<\/div>\n\t\t<\/div>\n\t\t\t\t\t<\/div>\n\t\t<\/section>\n\t\t\t\t<\/div>\n\t\t","protected":false},"excerpt":{"rendered":"<p>Profundizamos el an\u00e1lisis sobre este supuesto extendido de la coyuntura nacional actual.<\/p>\n","protected":false},"author":1,"featured_media":12981,"comment_status":"open","ping_status":"open","sticky":false,"template":"","format":"standard","meta":{"_acf_changed":false,"footnotes":""},"categories":[3],"tags":[471,526,686,39,688,40,38,128,403,410,691,690,684,687,569,594,57,188,683,689,685],"class_list":["post-12975","post","type-post","status-publish","format-standard","has-post-thumbnail","hentry","category-politica","tag-471","tag-526","tag-aerolineas-argentinas","tag-argentina","tag-banco-central","tag-consultora","tag-cordoba","tag-delfos","tag-derecha","tag-derechos","tag-drogas","tag-educacion-publica","tag-liberalismo","tag-libertad-avanza","tag-milei","tag-neoliberalismo","tag-norman-berra","tag-opinion-publica","tag-privatizacion","tag-trabajadores","tag-ypf","et-has-post-format-content","et_post_format-et-post-format-standard"],"acf":[],"_links":{"self":[{"href":"https:\/\/delfoscba.com.ar\/dev\/wp-json\/wp\/v2\/posts\/12975","targetHints":{"allow":["GET"]}}],"collection":[{"href":"https:\/\/delfoscba.com.ar\/dev\/wp-json\/wp\/v2\/posts"}],"about":[{"href":"https:\/\/delfoscba.com.ar\/dev\/wp-json\/wp\/v2\/types\/post"}],"author":[{"embeddable":true,"href":"https:\/\/delfoscba.com.ar\/dev\/wp-json\/wp\/v2\/users\/1"}],"replies":[{"embeddable":true,"href":"https:\/\/delfoscba.com.ar\/dev\/wp-json\/wp\/v2\/comments?post=12975"}],"version-history":[{"count":4,"href":"https:\/\/delfoscba.com.ar\/dev\/wp-json\/wp\/v2\/posts\/12975\/revisions"}],"predecessor-version":[{"id":12985,"href":"https:\/\/delfoscba.com.ar\/dev\/wp-json\/wp\/v2\/posts\/12975\/revisions\/12985"}],"wp:featuredmedia":[{"embeddable":true,"href":"https:\/\/delfoscba.com.ar\/dev\/wp-json\/wp\/v2\/media\/12981"}],"wp:attachment":[{"href":"https:\/\/delfoscba.com.ar\/dev\/wp-json\/wp\/v2\/media?parent=12975"}],"wp:term":[{"taxonomy":"category","embeddable":true,"href":"https:\/\/delfoscba.com.ar\/dev\/wp-json\/wp\/v2\/categories?post=12975"},{"taxonomy":"post_tag","embeddable":true,"href":"https:\/\/delfoscba.com.ar\/dev\/wp-json\/wp\/v2\/tags?post=12975"}],"curies":[{"name":"wp","href":"https:\/\/api.w.org\/{rel}","templated":true}]}}