{"id":13032,"date":"2022-07-04T17:45:45","date_gmt":"2022-07-04T17:45:45","guid":{"rendered":"https:\/\/delfoscba.com.ar\/\/dev\/\/?p=13032"},"modified":"2022-07-04T17:49:59","modified_gmt":"2022-07-04T17:49:59","slug":"renuncia-de-guzman-y-despues-una-mirada-a-la-coyuntura-segun-las-encuestas","status":"publish","type":"post","link":"https:\/\/delfoscba.com.ar\/dev\/politica\/renuncia-de-guzman-y-despues-una-mirada-a-la-coyuntura-segun-las-encuestas\/","title":{"rendered":"Renuncia de Guzm\u00e1n y despu\u00e9s: una mirada a la coyuntura seg\u00fan las encuestas"},"content":{"rendered":"\t\t<div data-elementor-type=\"wp-post\" data-elementor-id=\"13032\" class=\"elementor elementor-13032\" data-elementor-post-type=\"post\">\n\t\t\t\t\t\t<section class=\"elementor-section elementor-top-section elementor-element elementor-element-41498b4 elementor-section-height-min-height elementor-section-boxed elementor-section-height-default elementor-section-items-middle\" data-id=\"41498b4\" data-element_type=\"section\" data-e-type=\"section\" data-settings=\"{&quot;background_background&quot;:&quot;classic&quot;}\">\n\t\t\t\t\t\t\t<div class=\"elementor-background-overlay\"><\/div>\n\t\t\t\t\t\t\t<div class=\"elementor-container elementor-column-gap-no\">\n\t\t\t\t\t<div class=\"elementor-column elementor-col-100 elementor-top-column elementor-element elementor-element-a18ac89\" data-id=\"a18ac89\" data-element_type=\"column\" data-e-type=\"column\">\n\t\t\t<div class=\"elementor-widget-wrap elementor-element-populated\">\n\t\t\t\t\t\t<div class=\"elementor-element elementor-element-e493600 elementor-widget elementor-widget-heading\" data-id=\"e493600\" data-element_type=\"widget\" data-e-type=\"widget\" data-widget_type=\"heading.default\">\n\t\t\t\t\t<h2 class=\"elementor-heading-title elementor-size-large\">POL\u00cdTICA<\/h2>\t\t\t\t<\/div>\n\t\t\t\t\t<\/div>\n\t\t<\/div>\n\t\t\t\t\t<\/div>\n\t\t<\/section>\n\t\t\t\t<section class=\"elementor-section elementor-top-section elementor-element elementor-element-7dafb6e4 elementor-section-boxed elementor-section-height-default elementor-section-height-default\" data-id=\"7dafb6e4\" data-element_type=\"section\" data-e-type=\"section\">\n\t\t\t\t\t\t<div class=\"elementor-container elementor-column-gap-default\">\n\t\t\t\t\t<div class=\"elementor-column elementor-col-100 elementor-top-column elementor-element elementor-element-38ae5a14\" data-id=\"38ae5a14\" data-element_type=\"column\" data-e-type=\"column\">\n\t\t\t<div class=\"elementor-widget-wrap elementor-element-populated\">\n\t\t\t\t\t\t<div class=\"elementor-element elementor-element-f8a3207 elementor-widget elementor-widget-author-box\" data-id=\"f8a3207\" data-element_type=\"widget\" data-e-type=\"widget\" data-widget_type=\"author-box.default\">\n\t\t\t\t\t\t\t<div class=\"elementor-author-box\">\n\t\t\t\t\t\t\t<a href=\"https:\/\/delfoscba.com.ar\/\/dev\/\/nosotros\/\" class=\"elementor-author-box__avatar\">\n\t\t\t\t\t<img decoding=\"async\" src=\"https:\/\/delfoscba.com.ar\/dev\/wp-content\/uploads\/2021\/02\/norman-250x250-1.jpg\" alt=\"Picture of Norman Berra\" loading=\"lazy\">\n\t\t\t\t<\/a>\n\t\t\t\n\t\t\t<div class=\"elementor-author-box__text\">\n\t\t\t\t\t\t\t\t\t<a href=\"https:\/\/delfoscba.com.ar\/\/dev\/\/nosotros\/\">\n\t\t\t\t\t\t<h4 class=\"elementor-author-box__name\">\n\t\t\t\t\t\t\tNorman Berra\t\t\t\t\t\t<\/h4>\n\t\t\t\t\t<\/a>\n\t\t\t\t\n\t\t\t\t\t\t\t\t\t<div class=\"elementor-author-box__bio\">\n\t\t\t\t\t\t<p>L\u00edder de proyectos<\/p>\n\t\t\t\t\t<\/div>\n\t\t\t\t\n\t\t\t\t\t\t\t<\/div>\n\t\t<\/div>\n\t\t\t\t\t\t<\/div>\n\t\t\t\t<div class=\"elementor-element elementor-element-7aefe4b4 elementor-widget elementor-widget-text-editor\" data-id=\"7aefe4b4\" data-element_type=\"widget\" data-e-type=\"widget\" data-widget_type=\"text-editor.default\">\n\t\t\t\t\t\t\t\t\t<p><a href=\"https:\/\/delfoscba.com.ar\/\/dev\/\/wp-content\/uploads\/2022\/07\/1.jpg\"><img fetchpriority=\"high\" decoding=\"async\" class=\"aligncenter wp-image-13034 size-large\" src=\"https:\/\/delfoscba.com.ar\/\/dev\/\/wp-content\/uploads\/2022\/07\/1-1024x625.jpg\" alt=\"\" width=\"1024\" height=\"625\" srcset=\"https:\/\/delfoscba.com.ar\/dev\/wp-content\/uploads\/2022\/07\/1-1024x625.jpg 1024w, https:\/\/delfoscba.com.ar\/dev\/wp-content\/uploads\/2022\/07\/1-300x183.jpg 300w, https:\/\/delfoscba.com.ar\/dev\/wp-content\/uploads\/2022\/07\/1-768x469.jpg 768w, https:\/\/delfoscba.com.ar\/dev\/wp-content\/uploads\/2022\/07\/1-1080x660.jpg 1080w, https:\/\/delfoscba.com.ar\/dev\/wp-content\/uploads\/2022\/07\/1.jpg 1210w\" sizes=\"(max-width: 1024px) 100vw, 1024px\" \/><\/a><\/p><p>La interna en el Frente de Todos (FDT) escal\u00f3 este fin de semana con la renuncia del ministro de Hacienda, Mart\u00edn Guzm\u00e1n, quien estaba en la mira del kirchnerismo desde hace varios meses. Parad\u00f3jicamente, su salida del gabinete se produce en un momento en el que hab\u00eda logrado algunas mejoras relativas de indicadores perceptivos microecon\u00f3micos (blandos) que le ven\u00edan siendo esquivos y que se corresponden con algunos datos duros. En primer lugar, la expectativa de inflaci\u00f3n seg\u00fan el Centro de Investigaci\u00f3n en Finanzas (CIF) de la Universidad Torcuato Di Tella (UTDT) arroj\u00f3 un junio una leve ca\u00edda de 0,5 puntos porcentuales respecto de mayo pasado (cedi\u00f3 de 58,4% a 57,9%; gr\u00e1fico arriba). Si bien dentro de niveles a\u00fan muy altos, la leve mejor\u00eda resulta consistente con un bimestre de descenso de la inflaci\u00f3n que mide el Indec, que en mayo (\u00faltima actualizaci\u00f3n) se ubic\u00f3 en 5,1%, reportando una baja de 1,6 puntos porcentuales respecto al pico de marzo pasado (6,7%; gr\u00e1fico abajo).<\/p><p><a href=\"https:\/\/delfoscba.com.ar\/\/dev\/\/wp-content\/uploads\/2022\/07\/2.jpg\"><img decoding=\"async\" class=\"aligncenter wp-image-13035 size-full\" src=\"https:\/\/delfoscba.com.ar\/\/dev\/\/wp-content\/uploads\/2022\/07\/2.jpg\" alt=\"\" width=\"832\" height=\"514\" srcset=\"https:\/\/delfoscba.com.ar\/dev\/wp-content\/uploads\/2022\/07\/2.jpg 832w, https:\/\/delfoscba.com.ar\/dev\/wp-content\/uploads\/2022\/07\/2-300x185.jpg 300w, https:\/\/delfoscba.com.ar\/dev\/wp-content\/uploads\/2022\/07\/2-768x474.jpg 768w\" sizes=\"(max-width: 832px) 100vw, 832px\" \/><\/a><\/p><p>De todos modos, tambi\u00e9n aqu\u00ed se trata de niveles elevados, insuficientes para generar un giro de expectativas en materia inflacionaria, que perforaron el umbral del 20% de optimismo en febrero pasado, seg\u00fan la serie de encuestas de Rouvier &amp; Asociados; desde entonces, se mantuvieron en leve pendiente descendente (gr\u00e1fico abajo).<\/p><p><a href=\"https:\/\/delfoscba.com.ar\/\/dev\/\/wp-content\/uploads\/2022\/07\/3.jpg\"><img decoding=\"async\" class=\"aligncenter wp-image-13036 size-full\" src=\"https:\/\/delfoscba.com.ar\/\/dev\/\/wp-content\/uploads\/2022\/07\/3.jpg\" alt=\"\" width=\"960\" height=\"720\" srcset=\"https:\/\/delfoscba.com.ar\/dev\/wp-content\/uploads\/2022\/07\/3.jpg 960w, https:\/\/delfoscba.com.ar\/dev\/wp-content\/uploads\/2022\/07\/3-300x225.jpg 300w, https:\/\/delfoscba.com.ar\/dev\/wp-content\/uploads\/2022\/07\/3-768x576.jpg 768w\" sizes=\"(max-width: 960px) 100vw, 960px\" \/><\/a><\/p><p>Otro resultado de relativa mejor\u00eda en t\u00e9rminos de percepci\u00f3n microecon\u00f3mica que dej\u00f3 el \u00faltimo mes de gesti\u00f3n de Guzm\u00e1n es el \u00cdndice de Confianza del Consumidor (ICC) que tambi\u00e9n mide el CIF-UTDT: alcanz\u00f3 39,1 contra 36,3 de mayo pasado, lo que insin\u00faa una suba de 2,8 puntos; a nivel interanual (contra junio de 2021), creci\u00f3 4,5 puntos, mientras que se ubic\u00f3 apenas 0,2 puntos porcentuales por debajo de junio de 2020 (gr\u00e1fico abajo).<\/p><p><a href=\"https:\/\/delfoscba.com.ar\/\/dev\/\/wp-content\/uploads\/2022\/07\/4.jpg\"><img loading=\"lazy\" decoding=\"async\" class=\"aligncenter wp-image-13037 size-large\" src=\"https:\/\/delfoscba.com.ar\/\/dev\/\/wp-content\/uploads\/2022\/07\/4-1024x697.jpg\" alt=\"\" width=\"1024\" height=\"697\" srcset=\"https:\/\/delfoscba.com.ar\/dev\/wp-content\/uploads\/2022\/07\/4-1024x697.jpg 1024w, https:\/\/delfoscba.com.ar\/dev\/wp-content\/uploads\/2022\/07\/4-300x204.jpg 300w, https:\/\/delfoscba.com.ar\/dev\/wp-content\/uploads\/2022\/07\/4-768x523.jpg 768w, https:\/\/delfoscba.com.ar\/dev\/wp-content\/uploads\/2022\/07\/4-1080x735.jpg 1080w, https:\/\/delfoscba.com.ar\/dev\/wp-content\/uploads\/2022\/07\/4.jpg 1300w\" sizes=\"(max-width: 1024px) 100vw, 1024px\" \/><\/a><\/p><p>Por fuera de esos indicadores, los mejores resultados recientes de la gesti\u00f3n Guzm\u00e1n son macroecon\u00f3micos: en materia de consumo, por ejemplo, en el segmento centros de compras las ventas crecieron 100,2% interanual en abril (\u00faltima actualizaci\u00f3n) y las ventas en supermercados subieron 3,1% interanual, seg\u00fan el Indec. En t\u00e9rminos de actividad, el producto interno bruto (PIB) creci\u00f3 6% interanual en el 1\u00b0 trimestre de 2022, y en abril (\u00faltima actualizaci\u00f3n) creci\u00f3 0,6% respecto de marzo y 5,1% interanual (gr\u00e1fico abajo).<\/p><p><a href=\"https:\/\/delfoscba.com.ar\/\/dev\/\/wp-content\/uploads\/2022\/07\/5.jpg\"><img loading=\"lazy\" decoding=\"async\" class=\"aligncenter wp-image-13038 size-full\" src=\"https:\/\/delfoscba.com.ar\/\/dev\/\/wp-content\/uploads\/2022\/07\/5.jpg\" alt=\"\" width=\"610\" height=\"631\" srcset=\"https:\/\/delfoscba.com.ar\/dev\/wp-content\/uploads\/2022\/07\/5.jpg 610w, https:\/\/delfoscba.com.ar\/dev\/wp-content\/uploads\/2022\/07\/5-290x300.jpg 290w\" sizes=\"(max-width: 610px) 100vw, 610px\" \/><\/a><\/p><p>Sin embargo, el centro del debate en el FDT no pasa por la macroeconom\u00eda, sino por la microeconom\u00eda, y m\u00e1s precisamente, por el impacto del crecimiento en el \u201cmetro cuadrado\u201d de los electores y el desgaste que ocasiona la inflaci\u00f3n en las expectativas, dos desaf\u00edos que terminaron por llevarse puesto a Guzm\u00e1n. En ese marco, en el promedio de las \u00faltimas encuestas la pol\u00edtica econ\u00f3mica del gobierno nacional ronda el 30% de imagen positiva vs 65% de negativa, lo que ubica al \u00faltimo sondeo de consultora Analog\u00edas como el m\u00e1s representativo de la serie (gr\u00e1fico abajo).<\/p><p><a href=\"https:\/\/delfoscba.com.ar\/\/dev\/\/wp-content\/uploads\/2022\/07\/6.jpg\"><img loading=\"lazy\" decoding=\"async\" class=\"aligncenter wp-image-13039 size-large\" src=\"https:\/\/delfoscba.com.ar\/\/dev\/\/wp-content\/uploads\/2022\/07\/6-1024x491.jpg\" alt=\"\" width=\"1024\" height=\"491\" srcset=\"https:\/\/delfoscba.com.ar\/dev\/wp-content\/uploads\/2022\/07\/6-1024x491.jpg 1024w, https:\/\/delfoscba.com.ar\/dev\/wp-content\/uploads\/2022\/07\/6-300x144.jpg 300w, https:\/\/delfoscba.com.ar\/dev\/wp-content\/uploads\/2022\/07\/6-768x368.jpg 768w, https:\/\/delfoscba.com.ar\/dev\/wp-content\/uploads\/2022\/07\/6-1536x737.jpg 1536w, https:\/\/delfoscba.com.ar\/dev\/wp-content\/uploads\/2022\/07\/6-1080x518.jpg 1080w, https:\/\/delfoscba.com.ar\/dev\/wp-content\/uploads\/2022\/07\/6.jpg 1920w\" sizes=\"(max-width: 1024px) 100vw, 1024px\" \/><\/a><\/p><p>Ese 30% de promedio de evaluaci\u00f3n positiva de la pol\u00edtica econ\u00f3mica del gobierno nacional es consistente con el 34% de electores que en un estudio reciente de D\u00b4Alessio\/IROL afirm\u00f3 que sus ingresos se mantuvieron o pudieron ganar frente a la inflaci\u00f3n en el \u00faltimo a\u00f1o. En sentido contrario, el 65% de calificaci\u00f3n negativa se corresponde con el 64% que dice haber perdido algo o mucho contra la inflaci\u00f3n (gr\u00e1fico abajo). La apertura por voto muestra que s\u00f3lo entre los electores oficialistas aparece una mayor\u00eda (51%) que dice haber mantenido sus ingresos o ganado contra la inflaci\u00f3n. \u00a0<\/p><p><a href=\"https:\/\/delfoscba.com.ar\/\/dev\/\/wp-content\/uploads\/2022\/07\/7.jpg\"><img loading=\"lazy\" decoding=\"async\" class=\"aligncenter wp-image-13040 size-large\" src=\"https:\/\/delfoscba.com.ar\/\/dev\/\/wp-content\/uploads\/2022\/07\/7-1024x510.jpg\" alt=\"\" width=\"1024\" height=\"510\" srcset=\"https:\/\/delfoscba.com.ar\/dev\/wp-content\/uploads\/2022\/07\/7-1024x510.jpg 1024w, https:\/\/delfoscba.com.ar\/dev\/wp-content\/uploads\/2022\/07\/7-300x150.jpg 300w, https:\/\/delfoscba.com.ar\/dev\/wp-content\/uploads\/2022\/07\/7-768x383.jpg 768w, https:\/\/delfoscba.com.ar\/dev\/wp-content\/uploads\/2022\/07\/7-1080x538.jpg 1080w, https:\/\/delfoscba.com.ar\/dev\/wp-content\/uploads\/2022\/07\/7.jpg 1300w\" sizes=\"(max-width: 1024px) 100vw, 1024px\" \/><\/a><\/p><p>Seg\u00fan la serie evolutiva de la misma consultora que indaga la expectativa econ\u00f3mica del pa\u00eds dentro de un a\u00f1o, el optimismo insinu\u00f3 una recuperaci\u00f3n en mayo pasado de 28% a 31%, contra un pesimismo del 66% (gr\u00e1fico abajo). Ese 31% se corresponde con ese n\u00facleo en torno al 30% de adhesi\u00f3n que se detecta en los indicadores revisados.\u00a0<\/p><p><a href=\"https:\/\/delfoscba.com.ar\/\/dev\/\/wp-content\/uploads\/2022\/07\/8.jpg\"><img loading=\"lazy\" decoding=\"async\" class=\"aligncenter wp-image-13041 size-large\" src=\"https:\/\/delfoscba.com.ar\/\/dev\/\/wp-content\/uploads\/2022\/07\/8-1024x489.jpg\" alt=\"\" width=\"1024\" height=\"489\" srcset=\"https:\/\/delfoscba.com.ar\/dev\/wp-content\/uploads\/2022\/07\/8-1024x489.jpg 1024w, https:\/\/delfoscba.com.ar\/dev\/wp-content\/uploads\/2022\/07\/8-300x143.jpg 300w, https:\/\/delfoscba.com.ar\/dev\/wp-content\/uploads\/2022\/07\/8-768x366.jpg 768w, https:\/\/delfoscba.com.ar\/dev\/wp-content\/uploads\/2022\/07\/8-1536x733.jpg 1536w, https:\/\/delfoscba.com.ar\/dev\/wp-content\/uploads\/2022\/07\/8-1080x515.jpg 1080w, https:\/\/delfoscba.com.ar\/dev\/wp-content\/uploads\/2022\/07\/8.jpg 1920w\" sizes=\"(max-width: 1024px) 100vw, 1024px\" \/><\/a><\/p><p>Finalmente, de acuerdo a la serie evolutiva de D\u00b4Alessio\/IROL que compara la evaluaci\u00f3n de la situaci\u00f3n econ\u00f3mica del pa\u00eds respecto al a\u00f1o pasado, el optimismo se estabiliz\u00f3 en torno al 26% contra un pesimismo muy alto, aunque por debajo del pico hist\u00f3rico (gr\u00e1fico abajo). Este es el plexo de variables blandas y duras en el que asume la flamante ministra Silvina Batakis. El desaf\u00edo es may\u00fasculo: debe combinar el desempe\u00f1o positivo de la macroeconom\u00eda que dej\u00f3 Guzm\u00e1n, acelerar el \u201cderrame\u201d o impacto de la mejor\u00eda de la actividad en t\u00e9rminos microecon\u00f3micos, y a la vez, profundizar o al menos sostener la desaceleraci\u00f3n de la inflaci\u00f3n del \u00faltimo bimestre.<\/p><p><a href=\"https:\/\/delfoscba.com.ar\/\/dev\/\/wp-content\/uploads\/2022\/07\/9.jpg\"><img loading=\"lazy\" decoding=\"async\" class=\"aligncenter wp-image-13043 size-large\" src=\"https:\/\/delfoscba.com.ar\/\/dev\/\/wp-content\/uploads\/2022\/07\/9-1024x486.jpg\" alt=\"\" width=\"1024\" height=\"486\" srcset=\"https:\/\/delfoscba.com.ar\/dev\/wp-content\/uploads\/2022\/07\/9-1024x486.jpg 1024w, https:\/\/delfoscba.com.ar\/dev\/wp-content\/uploads\/2022\/07\/9-300x143.jpg 300w, https:\/\/delfoscba.com.ar\/dev\/wp-content\/uploads\/2022\/07\/9-768x365.jpg 768w, https:\/\/delfoscba.com.ar\/dev\/wp-content\/uploads\/2022\/07\/9-1536x730.jpg 1536w, https:\/\/delfoscba.com.ar\/dev\/wp-content\/uploads\/2022\/07\/9-1080x513.jpg 1080w, https:\/\/delfoscba.com.ar\/dev\/wp-content\/uploads\/2022\/07\/9.jpg 1920w\" sizes=\"(max-width: 1024px) 100vw, 1024px\" \/><\/a><\/p><p>\u00a0<\/p>\t\t\t\t\t\t\t\t<\/div>\n\t\t\t\t\t<\/div>\n\t\t<\/div>\n\t\t\t\t\t<\/div>\n\t\t<\/section>\n\t\t\t\t<section class=\"elementor-section elementor-top-section elementor-element elementor-element-b28ac47 elementor-section-height-min-height elementor-section-boxed elementor-section-height-default elementor-section-items-middle\" data-id=\"b28ac47\" data-element_type=\"section\" data-e-type=\"section\" data-settings=\"{&quot;background_background&quot;:&quot;classic&quot;}\">\n\t\t\t\t\t\t\t<div class=\"elementor-background-overlay\"><\/div>\n\t\t\t\t\t\t\t<div class=\"elementor-container elementor-column-gap-default\">\n\t\t\t\t\t<div class=\"elementor-column elementor-col-100 elementor-top-column elementor-element elementor-element-88fba06\" data-id=\"88fba06\" data-element_type=\"column\" data-e-type=\"column\">\n\t\t\t<div class=\"elementor-widget-wrap elementor-element-populated\">\n\t\t\t\t\t\t<div class=\"elementor-element elementor-element-7e65226 elementor-widget elementor-widget-heading\" data-id=\"7e65226\" data-element_type=\"widget\" data-e-type=\"widget\" data-widget_type=\"heading.default\">\n\t\t\t\t\t<h2 class=\"elementor-heading-title elementor-size-large\">Seguinos en nuestras redes<\/h2>\t\t\t\t<\/div>\n\t\t\t\t<div class=\"elementor-element elementor-element-c37b7ef elementor-shape-circle e-grid-align-tablet-center e-grid-align-mobile-center e-grid-align-left elementor-grid-0 elementor-widget elementor-widget-social-icons\" data-id=\"c37b7ef\" data-element_type=\"widget\" data-e-type=\"widget\" data-widget_type=\"social-icons.default\">\n\t\t\t\t\t\t\t<div class=\"elementor-social-icons-wrapper elementor-grid\" role=\"list\">\n\t\t\t\t\t\t\t<span class=\"elementor-grid-item\" role=\"listitem\">\n\t\t\t\t\t<a class=\"elementor-icon elementor-social-icon elementor-social-icon-facebook-f elementor-repeater-item-lf5yt4c\" href=\"https:\/\/www.facebook.com\/ConsultoraDelfos\" target=\"_blank\">\n\t\t\t\t\t\t<span class=\"elementor-screen-only\">Facebook-f<\/span>\n\t\t\t\t\t\t<i aria-hidden=\"true\" class=\"fab fa-facebook-f\"><\/i>\t\t\t\t\t<\/a>\n\t\t\t\t<\/span>\n\t\t\t\t\t\t\t<span class=\"elementor-grid-item\" role=\"listitem\">\n\t\t\t\t\t<a class=\"elementor-icon elementor-social-icon elementor-social-icon-twitter elementor-repeater-item-01xie82\" href=\"https:\/\/twitter.com\/delfoscba\" target=\"_blank\">\n\t\t\t\t\t\t<span class=\"elementor-screen-only\">Twitter<\/span>\n\t\t\t\t\t\t<i aria-hidden=\"true\" class=\"fab fa-twitter\"><\/i>\t\t\t\t\t<\/a>\n\t\t\t\t<\/span>\n\t\t\t\t\t\t\t<span class=\"elementor-grid-item\" role=\"listitem\">\n\t\t\t\t\t<a class=\"elementor-icon elementor-social-icon elementor-social-icon-linkedin elementor-repeater-item-grhvqhn\" target=\"_blank\">\n\t\t\t\t\t\t<span class=\"elementor-screen-only\">Linkedin<\/span>\n\t\t\t\t\t\t<i aria-hidden=\"true\" class=\"fab fa-linkedin\"><\/i>\t\t\t\t\t<\/a>\n\t\t\t\t<\/span>\n\t\t\t\t\t<\/div>\n\t\t\t\t\t\t<\/div>\n\t\t\t\t\t<\/div>\n\t\t<\/div>\n\t\t\t\t\t<\/div>\n\t\t<\/section>\n\t\t\t\t<\/div>\n\t\t","protected":false},"excerpt":{"rendered":"<p>Analizamos los resultados econ\u00f3micos de la gesti\u00f3n Guzm\u00e1n y los desaf\u00edos m\u00e1s importantes del corto plazo argentino.<\/p>\n","protected":false},"author":1,"featured_media":13033,"comment_status":"open","ping_status":"open","sticky":false,"template":"","format":"standard","meta":{"_acf_changed":false,"footnotes":""},"categories":[3],"tags":[471,526,453,39,40,81,38,264,704,128,210,42,246,230,454,369,668,707,145,180,705,708,62,57,188,706],"class_list":["post-13032","post","type-post","status-publish","format-standard","has-post-thumbnail","hentry","category-politica","tag-471","tag-526","tag-alberto","tag-argentina","tag-consultora","tag-consumo","tag-cordoba","tag-cristina","tag-cuantitativas","tag-delfos","tag-desempleo","tag-economia","tag-encuestas","tag-estadistica","tag-fernandez","tag-frente-de-todos","tag-guzman","tag-indice","tag-inflacion","tag-kirchner","tag-macroeconomia","tag-ministerio","tag-ministro","tag-norman-berra","tag-opinion-publica","tag-pbi","et-has-post-format-content","et_post_format-et-post-format-standard"],"acf":[],"_links":{"self":[{"href":"https:\/\/delfoscba.com.ar\/dev\/wp-json\/wp\/v2\/posts\/13032","targetHints":{"allow":["GET"]}}],"collection":[{"href":"https:\/\/delfoscba.com.ar\/dev\/wp-json\/wp\/v2\/posts"}],"about":[{"href":"https:\/\/delfoscba.com.ar\/dev\/wp-json\/wp\/v2\/types\/post"}],"author":[{"embeddable":true,"href":"https:\/\/delfoscba.com.ar\/dev\/wp-json\/wp\/v2\/users\/1"}],"replies":[{"embeddable":true,"href":"https:\/\/delfoscba.com.ar\/dev\/wp-json\/wp\/v2\/comments?post=13032"}],"version-history":[{"count":4,"href":"https:\/\/delfoscba.com.ar\/dev\/wp-json\/wp\/v2\/posts\/13032\/revisions"}],"predecessor-version":[{"id":13046,"href":"https:\/\/delfoscba.com.ar\/dev\/wp-json\/wp\/v2\/posts\/13032\/revisions\/13046"}],"wp:featuredmedia":[{"embeddable":true,"href":"https:\/\/delfoscba.com.ar\/dev\/wp-json\/wp\/v2\/media\/13033"}],"wp:attachment":[{"href":"https:\/\/delfoscba.com.ar\/dev\/wp-json\/wp\/v2\/media?parent=13032"}],"wp:term":[{"taxonomy":"category","embeddable":true,"href":"https:\/\/delfoscba.com.ar\/dev\/wp-json\/wp\/v2\/categories?post=13032"},{"taxonomy":"post_tag","embeddable":true,"href":"https:\/\/delfoscba.com.ar\/dev\/wp-json\/wp\/v2\/tags?post=13032"}],"curies":[{"name":"wp","href":"https:\/\/api.w.org\/{rel}","templated":true}]}}