{"id":13100,"date":"2022-07-22T14:45:35","date_gmt":"2022-07-22T14:45:35","guid":{"rendered":"https:\/\/delfoscba.com.ar\/\/dev\/\/?p=13100"},"modified":"2022-07-22T15:03:33","modified_gmt":"2022-07-22T15:03:33","slug":"pobreza-en-cordoba-el-387-de-los-hogares-cordobeses-no-llegan-a-cubrir-la-canasta-basica-total","status":"publish","type":"post","link":"https:\/\/delfoscba.com.ar\/dev\/economia\/pobreza-en-cordoba-el-387-de-los-hogares-cordobeses-no-llegan-a-cubrir-la-canasta-basica-total\/","title":{"rendered":"Pobreza en C\u00f3rdoba: el 38,7% de los hogares cordobeses no llegan a cubrir la Canasta B\u00e1sica Total"},"content":{"rendered":"\t\t<div data-elementor-type=\"wp-post\" data-elementor-id=\"13100\" class=\"elementor elementor-13100\" data-elementor-post-type=\"post\">\n\t\t\t\t\t\t<section class=\"elementor-section elementor-top-section elementor-element elementor-element-41498b4 elementor-section-height-min-height elementor-section-boxed elementor-section-height-default elementor-section-items-middle\" data-id=\"41498b4\" data-element_type=\"section\" data-e-type=\"section\" data-settings=\"{&quot;background_background&quot;:&quot;classic&quot;}\">\n\t\t\t\t\t\t\t<div class=\"elementor-background-overlay\"><\/div>\n\t\t\t\t\t\t\t<div class=\"elementor-container elementor-column-gap-no\">\n\t\t\t\t\t<div class=\"elementor-column elementor-col-100 elementor-top-column elementor-element elementor-element-a18ac89\" data-id=\"a18ac89\" data-element_type=\"column\" data-e-type=\"column\">\n\t\t\t<div class=\"elementor-widget-wrap elementor-element-populated\">\n\t\t\t\t\t\t<div class=\"elementor-element elementor-element-e493600 elementor-widget elementor-widget-heading\" data-id=\"e493600\" data-element_type=\"widget\" data-e-type=\"widget\" data-widget_type=\"heading.default\">\n\t\t\t\t\t<h2 class=\"elementor-heading-title elementor-size-large\">ECONOM\u00cdA<\/h2>\t\t\t\t<\/div>\n\t\t\t\t\t<\/div>\n\t\t<\/div>\n\t\t\t\t\t<\/div>\n\t\t<\/section>\n\t\t\t\t<section class=\"elementor-section elementor-top-section elementor-element elementor-element-7dafb6e4 elementor-section-boxed elementor-section-height-default elementor-section-height-default\" data-id=\"7dafb6e4\" data-element_type=\"section\" data-e-type=\"section\">\n\t\t\t\t\t\t<div class=\"elementor-container elementor-column-gap-default\">\n\t\t\t\t\t<div class=\"elementor-column elementor-col-100 elementor-top-column elementor-element elementor-element-38ae5a14\" data-id=\"38ae5a14\" data-element_type=\"column\" data-e-type=\"column\">\n\t\t\t<div class=\"elementor-widget-wrap elementor-element-populated\">\n\t\t\t\t\t\t<div class=\"elementor-element elementor-element-f8a3207 elementor-widget elementor-widget-author-box\" data-id=\"f8a3207\" data-element_type=\"widget\" data-e-type=\"widget\" data-widget_type=\"author-box.default\">\n\t\t\t\t\t\t\t<div class=\"elementor-author-box\">\n\t\t\t\t\t\t\t<a href=\"https:\/\/delfoscba.com.ar\/\/dev\/\/nosotros\/\" class=\"elementor-author-box__avatar\">\n\t\t\t\t\t<img decoding=\"async\" src=\"https:\/\/delfoscba.com.ar\/dev\/wp-content\/uploads\/2021\/03\/eia-1.png\" alt=\"Picture of Jos\u00e9 Gangi\" loading=\"lazy\">\n\t\t\t\t<\/a>\n\t\t\t\n\t\t\t<div class=\"elementor-author-box__text\">\n\t\t\t\t\t\t\t\t\t<a href=\"https:\/\/delfoscba.com.ar\/\/dev\/\/nosotros\/\">\n\t\t\t\t\t\t<h4 class=\"elementor-author-box__name\">\n\t\t\t\t\t\t\tJos\u00e9 Gangi\t\t\t\t\t\t<\/h4>\n\t\t\t\t\t<\/a>\n\t\t\t\t\n\t\t\t\t\t\t\t\t\t<div class=\"elementor-author-box__bio\">\n\t\t\t\t\t\t<p>Edici\u00f3n y An\u00e1lisis de informes<\/p>\n\t\t\t\t\t<\/div>\n\t\t\t\t\n\t\t\t\t\t\t\t<\/div>\n\t\t<\/div>\n\t\t\t\t\t\t<\/div>\n\t\t\t\t<div class=\"elementor-element elementor-element-7aefe4b4 elementor-widget elementor-widget-text-editor\" data-id=\"7aefe4b4\" data-element_type=\"widget\" data-e-type=\"widget\" data-widget_type=\"text-editor.default\">\n\t\t\t\t\t\t\t\t\t<p>Con el primer semestre cerrado y sin el dato oficial, nos dispusimos establecer y comparar con nuestros datos el nivel de pobreza aproximado de los hogares de toda la provincia de C\u00f3rdoba al comienzo y al final del primer semestre de 2022.<\/p><p>Para generar este valor, tuvimos en cuenta la Canasta B\u00e1sica Total del Centro de Almaceneros de C\u00f3rdoba para el mes de junio, valuada en $ 35.777 por persona; el n\u00famero de aportantes promedio que poseen los hogares de la provincia (1,86 aportantes); el promedio de miembros por hogar que poseen los hogares cordobeses (3,45 personas); y constituimos un coeficiente del peso que ese promedio de personas tendr\u00eda en t\u00e9rminos de valor equivalente alimenticio (2,85 unidades de valor equivalente alimenticio), suponiendo que puede ser trasladable al costo de la canasta b\u00e1sica total.<\/p><p>Con estas herramientas, pudimos definir un valor de la Canasta B\u00e1sica Total para un hogar de 4 personas (un hombre adulto, una mujer adulta, una mujer adolescente y un bebe menor de un a\u00f1o) en torno a los $ 101.964,45.<\/p><p><a href=\"https:\/\/delfoscba.com.ar\/\/dev\/\/wp-content\/uploads\/2022\/07\/WhatsApp-Image-2022-07-22-at-11.47.24-AM.jpeg\"><img fetchpriority=\"high\" decoding=\"async\" class=\"aligncenter wp-image-13106 size-large\" src=\"https:\/\/delfoscba.com.ar\/\/dev\/\/wp-content\/uploads\/2022\/07\/WhatsApp-Image-2022-07-22-at-11.47.24-AM-1024x1024.jpeg\" alt=\"\" width=\"1024\" height=\"1024\" srcset=\"https:\/\/delfoscba.com.ar\/dev\/wp-content\/uploads\/2022\/07\/WhatsApp-Image-2022-07-22-at-11.47.24-AM-1024x1024.jpeg 1024w, https:\/\/delfoscba.com.ar\/dev\/wp-content\/uploads\/2022\/07\/WhatsApp-Image-2022-07-22-at-11.47.24-AM-300x300.jpeg 300w, https:\/\/delfoscba.com.ar\/dev\/wp-content\/uploads\/2022\/07\/WhatsApp-Image-2022-07-22-at-11.47.24-AM-150x150.jpeg 150w, https:\/\/delfoscba.com.ar\/dev\/wp-content\/uploads\/2022\/07\/WhatsApp-Image-2022-07-22-at-11.47.24-AM-768x768.jpeg 768w, https:\/\/delfoscba.com.ar\/dev\/wp-content\/uploads\/2022\/07\/WhatsApp-Image-2022-07-22-at-11.47.24-AM-1080x1080.jpeg 1080w, https:\/\/delfoscba.com.ar\/dev\/wp-content\/uploads\/2022\/07\/WhatsApp-Image-2022-07-22-at-11.47.24-AM-440x440.jpeg 440w, https:\/\/delfoscba.com.ar\/dev\/wp-content\/uploads\/2022\/07\/WhatsApp-Image-2022-07-22-at-11.47.24-AM.jpeg 1084w\" sizes=\"(max-width: 1024px) 100vw, 1024px\" \/><\/a><\/p><p>A partir de all\u00ed, pasamos al an\u00e1lisis de nuestros datos sobre ingresos. De los mismos se desprende que el 72% de los cordobeses no alcanzan a cubrir por s\u00ed mismos una canasta b\u00e1sica total.<\/p><p><a href=\"https:\/\/delfoscba.com.ar\/\/dev\/\/wp-content\/uploads\/2022\/07\/WhatsApp-Image-2022-07-22-at-11.04.07-AM.jpeg\"><img decoding=\"async\" class=\"aligncenter wp-image-13105 size-large\" src=\"https:\/\/delfoscba.com.ar\/\/dev\/\/wp-content\/uploads\/2022\/07\/WhatsApp-Image-2022-07-22-at-11.04.07-AM-1024x1024.jpeg\" alt=\"\" width=\"1024\" height=\"1024\" srcset=\"https:\/\/delfoscba.com.ar\/dev\/wp-content\/uploads\/2022\/07\/WhatsApp-Image-2022-07-22-at-11.04.07-AM-1024x1024.jpeg 1024w, https:\/\/delfoscba.com.ar\/dev\/wp-content\/uploads\/2022\/07\/WhatsApp-Image-2022-07-22-at-11.04.07-AM-300x300.jpeg 300w, https:\/\/delfoscba.com.ar\/dev\/wp-content\/uploads\/2022\/07\/WhatsApp-Image-2022-07-22-at-11.04.07-AM-150x150.jpeg 150w, https:\/\/delfoscba.com.ar\/dev\/wp-content\/uploads\/2022\/07\/WhatsApp-Image-2022-07-22-at-11.04.07-AM-768x768.jpeg 768w, https:\/\/delfoscba.com.ar\/dev\/wp-content\/uploads\/2022\/07\/WhatsApp-Image-2022-07-22-at-11.04.07-AM-1080x1080.jpeg 1080w, https:\/\/delfoscba.com.ar\/dev\/wp-content\/uploads\/2022\/07\/WhatsApp-Image-2022-07-22-at-11.04.07-AM-440x440.jpeg 440w, https:\/\/delfoscba.com.ar\/dev\/wp-content\/uploads\/2022\/07\/WhatsApp-Image-2022-07-22-at-11.04.07-AM.jpeg 1084w\" sizes=\"(max-width: 1024px) 100vw, 1024px\" \/><\/a><\/p><p>Sin embargo, tal como afirm\u00e1ramos anteriormente, el promedio de aportantes de los hogares cordobeses no es de una persona, sino de 1,86 personas. De all\u00ed que al dato anterior lo dividamos por la cantidad de aportantes y obtengamos, finalmente, que el 38,67% de los hogares cordobeses no alcanzan a cubrir la Canasta B\u00e1sica Total.<\/p><p>Este valor es 1,58 puntos porcentuales mayor al observado a comienzos de este semestre en el mes de enero, cuando el 37,09% de los hogares cordobeses no alcanzaba a costear una Canasta B\u00e1sica Total.<\/p>\t\t\t\t\t\t\t\t<\/div>\n\t\t\t\t\t<\/div>\n\t\t<\/div>\n\t\t\t\t\t<\/div>\n\t\t<\/section>\n\t\t\t\t<section class=\"elementor-section elementor-top-section elementor-element elementor-element-b28ac47 elementor-section-height-min-height elementor-section-boxed elementor-section-height-default elementor-section-items-middle\" data-id=\"b28ac47\" data-element_type=\"section\" data-e-type=\"section\" data-settings=\"{&quot;background_background&quot;:&quot;classic&quot;}\">\n\t\t\t\t\t\t\t<div class=\"elementor-background-overlay\"><\/div>\n\t\t\t\t\t\t\t<div class=\"elementor-container elementor-column-gap-default\">\n\t\t\t\t\t<div class=\"elementor-column elementor-col-100 elementor-top-column elementor-element elementor-element-88fba06\" data-id=\"88fba06\" data-element_type=\"column\" data-e-type=\"column\">\n\t\t\t<div class=\"elementor-widget-wrap elementor-element-populated\">\n\t\t\t\t\t\t<div class=\"elementor-element elementor-element-7e65226 elementor-widget elementor-widget-heading\" data-id=\"7e65226\" data-element_type=\"widget\" data-e-type=\"widget\" data-widget_type=\"heading.default\">\n\t\t\t\t\t<h2 class=\"elementor-heading-title elementor-size-large\">Seguinos en nuestras redes<\/h2>\t\t\t\t<\/div>\n\t\t\t\t<div class=\"elementor-element elementor-element-c37b7ef elementor-shape-circle e-grid-align-tablet-center e-grid-align-mobile-center e-grid-align-left elementor-grid-0 elementor-widget elementor-widget-social-icons\" data-id=\"c37b7ef\" data-element_type=\"widget\" data-e-type=\"widget\" data-widget_type=\"social-icons.default\">\n\t\t\t\t\t\t\t<div class=\"elementor-social-icons-wrapper elementor-grid\" role=\"list\">\n\t\t\t\t\t\t\t<span class=\"elementor-grid-item\" role=\"listitem\">\n\t\t\t\t\t<a class=\"elementor-icon elementor-social-icon elementor-social-icon-facebook-f elementor-repeater-item-lf5yt4c\" href=\"https:\/\/www.facebook.com\/ConsultoraDelfos\" target=\"_blank\">\n\t\t\t\t\t\t<span class=\"elementor-screen-only\">Facebook-f<\/span>\n\t\t\t\t\t\t<i aria-hidden=\"true\" class=\"fab fa-facebook-f\"><\/i>\t\t\t\t\t<\/a>\n\t\t\t\t<\/span>\n\t\t\t\t\t\t\t<span class=\"elementor-grid-item\" role=\"listitem\">\n\t\t\t\t\t<a class=\"elementor-icon elementor-social-icon elementor-social-icon-twitter elementor-repeater-item-01xie82\" href=\"https:\/\/twitter.com\/delfoscba\" target=\"_blank\">\n\t\t\t\t\t\t<span class=\"elementor-screen-only\">Twitter<\/span>\n\t\t\t\t\t\t<i aria-hidden=\"true\" class=\"fab fa-twitter\"><\/i>\t\t\t\t\t<\/a>\n\t\t\t\t<\/span>\n\t\t\t\t\t\t\t<span class=\"elementor-grid-item\" role=\"listitem\">\n\t\t\t\t\t<a class=\"elementor-icon elementor-social-icon elementor-social-icon-linkedin elementor-repeater-item-grhvqhn\" target=\"_blank\">\n\t\t\t\t\t\t<span class=\"elementor-screen-only\">Linkedin<\/span>\n\t\t\t\t\t\t<i aria-hidden=\"true\" class=\"fab fa-linkedin\"><\/i>\t\t\t\t\t<\/a>\n\t\t\t\t<\/span>\n\t\t\t\t\t<\/div>\n\t\t\t\t\t\t<\/div>\n\t\t\t\t\t<\/div>\n\t\t<\/div>\n\t\t\t\t\t<\/div>\n\t\t<\/section>\n\t\t\t\t<\/div>\n\t\t","protected":false},"excerpt":{"rendered":"<p>4 de cada 10 hogares cordobeses son pobres.<\/p>\n","protected":false},"author":1,"featured_media":13111,"comment_status":"open","ping_status":"open","sticky":false,"template":"","format":"standard","meta":{"_acf_changed":false,"footnotes":""},"categories":[2],"tags":[471,526,39,40,38,554,128,513,710,230,338,34,406,188,46,212,709,711],"class_list":["post-13100","post","type-post","status-publish","format-standard","has-post-thumbnail","hentry","category-economia","tag-471","tag-526","tag-argentina","tag-consultora","tag-cordoba","tag-cordoba-capital","tag-delfos","tag-dinero","tag-economica","tag-estadistica","tag-expectativas","tag-jose-gangi","tag-nivel-socioeconomico","tag-opinion-publica","tag-pobreza","tag-salario","tag-situacion","tag-sueldo","et-has-post-format-content","et_post_format-et-post-format-standard"],"acf":[],"_links":{"self":[{"href":"https:\/\/delfoscba.com.ar\/dev\/wp-json\/wp\/v2\/posts\/13100","targetHints":{"allow":["GET"]}}],"collection":[{"href":"https:\/\/delfoscba.com.ar\/dev\/wp-json\/wp\/v2\/posts"}],"about":[{"href":"https:\/\/delfoscba.com.ar\/dev\/wp-json\/wp\/v2\/types\/post"}],"author":[{"embeddable":true,"href":"https:\/\/delfoscba.com.ar\/dev\/wp-json\/wp\/v2\/users\/1"}],"replies":[{"embeddable":true,"href":"https:\/\/delfoscba.com.ar\/dev\/wp-json\/wp\/v2\/comments?post=13100"}],"version-history":[{"count":12,"href":"https:\/\/delfoscba.com.ar\/dev\/wp-json\/wp\/v2\/posts\/13100\/revisions"}],"predecessor-version":[{"id":13228,"href":"https:\/\/delfoscba.com.ar\/dev\/wp-json\/wp\/v2\/posts\/13100\/revisions\/13228"}],"wp:featuredmedia":[{"embeddable":true,"href":"https:\/\/delfoscba.com.ar\/dev\/wp-json\/wp\/v2\/media\/13111"}],"wp:attachment":[{"href":"https:\/\/delfoscba.com.ar\/dev\/wp-json\/wp\/v2\/media?parent=13100"}],"wp:term":[{"taxonomy":"category","embeddable":true,"href":"https:\/\/delfoscba.com.ar\/dev\/wp-json\/wp\/v2\/categories?post=13100"},{"taxonomy":"post_tag","embeddable":true,"href":"https:\/\/delfoscba.com.ar\/dev\/wp-json\/wp\/v2\/tags?post=13100"}],"curies":[{"name":"wp","href":"https:\/\/api.w.org\/{rel}","templated":true}]}}