{"id":13133,"date":"2022-07-29T17:22:15","date_gmt":"2022-07-29T17:22:15","guid":{"rendered":"https:\/\/delfoscba.com.ar\/\/dev\/\/?p=13133"},"modified":"2022-07-29T17:30:26","modified_gmt":"2022-07-29T17:30:26","slug":"que-dicen-las-ultimas-encuestas-sobre-la-imagen-de-sergio-massa","status":"publish","type":"post","link":"https:\/\/delfoscba.com.ar\/dev\/politica\/que-dicen-las-ultimas-encuestas-sobre-la-imagen-de-sergio-massa\/","title":{"rendered":"Qu\u00e9 dicen las \u00faltimas encuestas sobre la imagen de Sergio Massa"},"content":{"rendered":"\t\t<div data-elementor-type=\"wp-post\" data-elementor-id=\"13133\" class=\"elementor elementor-13133\" data-elementor-post-type=\"post\">\n\t\t\t\t\t\t<section class=\"elementor-section elementor-top-section elementor-element elementor-element-41498b4 elementor-section-height-min-height elementor-section-boxed elementor-section-height-default elementor-section-items-middle\" data-id=\"41498b4\" data-element_type=\"section\" data-e-type=\"section\" data-settings=\"{&quot;background_background&quot;:&quot;classic&quot;}\">\n\t\t\t\t\t\t\t<div class=\"elementor-background-overlay\"><\/div>\n\t\t\t\t\t\t\t<div class=\"elementor-container elementor-column-gap-no\">\n\t\t\t\t\t<div class=\"elementor-column elementor-col-100 elementor-top-column elementor-element elementor-element-a18ac89\" data-id=\"a18ac89\" data-element_type=\"column\" data-e-type=\"column\">\n\t\t\t<div class=\"elementor-widget-wrap elementor-element-populated\">\n\t\t\t\t\t\t<div class=\"elementor-element elementor-element-e493600 elementor-widget elementor-widget-heading\" data-id=\"e493600\" data-element_type=\"widget\" data-e-type=\"widget\" data-widget_type=\"heading.default\">\n\t\t\t\t\t<h2 class=\"elementor-heading-title elementor-size-large\">POL\u00cdTICA<\/h2>\t\t\t\t<\/div>\n\t\t\t\t\t<\/div>\n\t\t<\/div>\n\t\t\t\t\t<\/div>\n\t\t<\/section>\n\t\t\t\t<section class=\"elementor-section elementor-top-section elementor-element elementor-element-7dafb6e4 elementor-section-boxed elementor-section-height-default elementor-section-height-default\" data-id=\"7dafb6e4\" data-element_type=\"section\" data-e-type=\"section\">\n\t\t\t\t\t\t<div class=\"elementor-container elementor-column-gap-default\">\n\t\t\t\t\t<div class=\"elementor-column elementor-col-100 elementor-top-column elementor-element elementor-element-38ae5a14\" data-id=\"38ae5a14\" data-element_type=\"column\" data-e-type=\"column\">\n\t\t\t<div class=\"elementor-widget-wrap elementor-element-populated\">\n\t\t\t\t\t\t<div class=\"elementor-element elementor-element-f8a3207 elementor-widget elementor-widget-author-box\" data-id=\"f8a3207\" data-element_type=\"widget\" data-e-type=\"widget\" data-widget_type=\"author-box.default\">\n\t\t\t\t\t\t\t<div class=\"elementor-author-box\">\n\t\t\t\t\t\t\t<a href=\"https:\/\/delfoscba.com.ar\/\/dev\/\/nosotros\/\" class=\"elementor-author-box__avatar\">\n\t\t\t\t\t<img decoding=\"async\" src=\"https:\/\/delfoscba.com.ar\/dev\/wp-content\/uploads\/2021\/02\/norman-250x250-1.jpg\" alt=\"Picture of Norman Berra\" loading=\"lazy\">\n\t\t\t\t<\/a>\n\t\t\t\n\t\t\t<div class=\"elementor-author-box__text\">\n\t\t\t\t\t\t\t\t\t<a href=\"https:\/\/delfoscba.com.ar\/\/dev\/\/nosotros\/\">\n\t\t\t\t\t\t<h4 class=\"elementor-author-box__name\">\n\t\t\t\t\t\t\tNorman Berra\t\t\t\t\t\t<\/h4>\n\t\t\t\t\t<\/a>\n\t\t\t\t\n\t\t\t\t\t\t\t\t\t<div class=\"elementor-author-box__bio\">\n\t\t\t\t\t\t<p>L\u00edder de proyectos<\/p>\n\t\t\t\t\t<\/div>\n\t\t\t\t\n\t\t\t\t\t\t\t<\/div>\n\t\t<\/div>\n\t\t\t\t\t\t<\/div>\n\t\t\t\t<div class=\"elementor-element elementor-element-7aefe4b4 elementor-widget elementor-widget-text-editor\" data-id=\"7aefe4b4\" data-element_type=\"widget\" data-e-type=\"widget\" data-widget_type=\"text-editor.default\">\n\t\t\t\t\t\t\t\t\t<p><a href=\"https:\/\/delfoscba.com.ar\/\/dev\/\/wp-content\/uploads\/2022\/07\/1-4.jpg\"><img fetchpriority=\"high\" decoding=\"async\" class=\"aligncenter wp-image-13134 size-full\" src=\"https:\/\/delfoscba.com.ar\/\/dev\/\/wp-content\/uploads\/2022\/07\/1-4.jpg\" alt=\"\" width=\"908\" height=\"657\" srcset=\"https:\/\/delfoscba.com.ar\/dev\/wp-content\/uploads\/2022\/07\/1-4.jpg 908w, https:\/\/delfoscba.com.ar\/dev\/wp-content\/uploads\/2022\/07\/1-4-300x217.jpg 300w, https:\/\/delfoscba.com.ar\/dev\/wp-content\/uploads\/2022\/07\/1-4-768x556.jpg 768w\" sizes=\"(max-width: 908px) 100vw, 908px\" \/><\/a><\/p><p>Desde ayer jueves 28 de julio, Sergio Massa se reposicion\u00f3: de ser presidente de la C\u00e1mara de Diputados de la Naci\u00f3n (fruto de un cargo electivo obtenido en las elecciones de octubre de 2019), ahora avanza para convertirse en \u201csuperministro\u201d del Frente de Todos (FDT) en el cambio de gabinete con el cual el oficialismo apuesta a dejar atr\u00e1s la crisis desatada por la renuncia de Mart\u00edn Guzm\u00e1n al ministerio de Econom\u00eda a principios de julio. \u00bfQu\u00e9 dicen las \u00faltimas encuestas sobre quien asumir\u00eda como nuevo \u201chombre fuerte\u201d del Gobierno nacional? Seg\u00fan una reciente medici\u00f3n de CB Consultora, Massa roza el 31% de imagen positiva vs 62,4% de negativa, una performance similar a la de otras figuras oficialistas, como la vicepresidenta Cristina Fern\u00e1ndez de Kirchner (31% vs 66,5%, respectivamente), Daniel Scioli (31,8% vs 61,4%) y Axel Kicillof (31,1% vs 31,6%; gr\u00e1fico arriba). Tambi\u00e9n est\u00e1 relativamente cerca del ex presidente Mauricio Macri, de Juntos por el Cambio (JXC), contra quien compiti\u00f3 en 2015 (34% vs 63,3%) y aventaja a otra figura de JXC como Gerardo Morales (23,8% vs 35,8%).<\/p><p><a href=\"https:\/\/delfoscba.com.ar\/\/dev\/\/wp-content\/uploads\/2022\/07\/2-4.jpg\"><img decoding=\"async\" class=\"aligncenter wp-image-13135 size-full\" src=\"https:\/\/delfoscba.com.ar\/\/dev\/\/wp-content\/uploads\/2022\/07\/2-4.jpg\" alt=\"\" width=\"900\" height=\"506\" srcset=\"https:\/\/delfoscba.com.ar\/dev\/wp-content\/uploads\/2022\/07\/2-4.jpg 900w, https:\/\/delfoscba.com.ar\/dev\/wp-content\/uploads\/2022\/07\/2-4-300x169.jpg 300w, https:\/\/delfoscba.com.ar\/dev\/wp-content\/uploads\/2022\/07\/2-4-768x432.jpg 768w\" sizes=\"(max-width: 900px) 100vw, 900px\" \/><\/a><\/p><p>Otra reciente medici\u00f3n, en este caso de Opinaia (gr\u00e1fico arriba), arroja n\u00fameros similares para el tigrense: 28% de imagen positiva vs 63% de negativa, aunque aqu\u00ed varias figuras de la oposici\u00f3n de JXC (como Facundo Manes, Javier Milei, Horacio Rodr\u00edguez Larreta y Mar\u00eda Eugenia Vidal) aventajan a las del oficialismo, con lo cual Massa queda m\u00e1s relegado que en el estudio de CB pero se mantiene relativamente cerca de Macri (35% de positiva vs 62% de negativa, respectivamente). A su turno, la encuesta m\u00e1s reciente de Solmoirago lo ubica con casi 25% de positiva vs casi 66% de negativa, con leve ventaja sobre CFK (+24,4% vs -70,7%) pero tambi\u00e9n en un rango similar a otros dirigentes del FDT, como Scioli (+23,5% vs -66,9%) y Alberto Fern\u00e1ndez (+26,1% vs -70,3%). En cambio, aparece rezagado respecto a figuras de la oposici\u00f3n como Bullrich, Macri, Larreta, Milei y Manes, que en este caso aventajan a las del oficialismo.<\/p><p><a href=\"https:\/\/delfoscba.com.ar\/\/dev\/\/wp-content\/uploads\/2022\/07\/3-4.jpg\"><img decoding=\"async\" class=\"aligncenter wp-image-13136 size-full\" src=\"https:\/\/delfoscba.com.ar\/\/dev\/\/wp-content\/uploads\/2022\/07\/3-4.jpg\" alt=\"\" width=\"768\" height=\"432\" srcset=\"https:\/\/delfoscba.com.ar\/dev\/wp-content\/uploads\/2022\/07\/3-4.jpg 768w, https:\/\/delfoscba.com.ar\/dev\/wp-content\/uploads\/2022\/07\/3-4-300x169.jpg 300w\" sizes=\"(max-width: 768px) 100vw, 768px\" \/><\/a><\/p><p>En tanto, seg\u00fan la \u00faltima encuesta de Reale-Dalla Torre, Massa tiene 18% de imagen positiva vs 56,3% de negativa, ubic\u00e1ndose en una situaci\u00f3n relativamente m\u00e1s favorable que la de Fern\u00e1ndez (+18,4% vs -66,3%), Scioli (+17,6% vs -66,3%) y apenas relegado respecto a CFK (+24,1% vs -63,1%; gr\u00e1fico abajo). Tambi\u00e9n aqu\u00ed figuras de la oposici\u00f3n como Milei, Larreta, Bullrich, Vidal y Macri aventajan a las del oficialismo. \u00a0<\/p><p><a href=\"https:\/\/delfoscba.com.ar\/\/dev\/\/wp-content\/uploads\/2022\/07\/4-4.jpg\"><img loading=\"lazy\" decoding=\"async\" class=\"aligncenter wp-image-13137 size-full\" src=\"https:\/\/delfoscba.com.ar\/\/dev\/\/wp-content\/uploads\/2022\/07\/4-4.jpg\" alt=\"\" width=\"862\" height=\"464\" srcset=\"https:\/\/delfoscba.com.ar\/dev\/wp-content\/uploads\/2022\/07\/4-4.jpg 862w, https:\/\/delfoscba.com.ar\/dev\/wp-content\/uploads\/2022\/07\/4-4-300x161.jpg 300w, https:\/\/delfoscba.com.ar\/dev\/wp-content\/uploads\/2022\/07\/4-4-768x413.jpg 768w\" sizes=\"(max-width: 862px) 100vw, 862px\" \/><\/a><\/p><p>La encuesta m\u00e1s desfavorable para Massa de la serie reciente es la realizada por Synopsis, donde registra apenas 14,7% de positiva vs 69%, de negativa, ubic\u00e1ndose por detr\u00e1s de todas las figuras del FDT, con menor imagen favorable y similar imagen desfavorable (gr\u00e1fico abajo).\u00a0<\/p><p><a href=\"https:\/\/delfoscba.com.ar\/\/dev\/\/wp-content\/uploads\/2022\/07\/5-4.jpg\"><img loading=\"lazy\" decoding=\"async\" class=\"aligncenter wp-image-13138 size-large\" src=\"https:\/\/delfoscba.com.ar\/\/dev\/\/wp-content\/uploads\/2022\/07\/5-4-1024x553.jpg\" alt=\"\" width=\"1024\" height=\"553\" srcset=\"https:\/\/delfoscba.com.ar\/dev\/wp-content\/uploads\/2022\/07\/5-4-1024x553.jpg 1024w, https:\/\/delfoscba.com.ar\/dev\/wp-content\/uploads\/2022\/07\/5-4-300x162.jpg 300w, https:\/\/delfoscba.com.ar\/dev\/wp-content\/uploads\/2022\/07\/5-4-768x414.jpg 768w, https:\/\/delfoscba.com.ar\/dev\/wp-content\/uploads\/2022\/07\/5-4-1080x583.jpg 1080w, https:\/\/delfoscba.com.ar\/dev\/wp-content\/uploads\/2022\/07\/5-4.jpg 1084w\" sizes=\"(max-width: 1024px) 100vw, 1024px\" \/><\/a><\/p><p>En sentido contrario, la encuesta m\u00e1s favorable de la serie reciente para Massa es de Rouvier &amp; Asociados, donde roza el 35% de imagen positiva vs casi 63% de negativa, lo que lo ubica en empate t\u00e9cnico con Alberto Fern\u00e1ndez (+35% vs -62,1%) y CFK (+36,2% vs -63,1%). Tambi\u00e9n queda cerca de Macri (+37,3% vs -62,1%), pero rezagado respecto a otros dirigentes opositores como Rodr\u00edguez Larreta, Bullrich, Vidal, Manes y Milei, que presentan im\u00e1genes positivas en el rango del 40% al 50% y negativas menores al 50% (gr\u00e1fico abajo).<\/p><p><a href=\"https:\/\/delfoscba.com.ar\/\/dev\/\/wp-content\/uploads\/2022\/07\/6-2.jpg\"><img loading=\"lazy\" decoding=\"async\" class=\"aligncenter wp-image-13139 size-full\" src=\"https:\/\/delfoscba.com.ar\/\/dev\/\/wp-content\/uploads\/2022\/07\/6-2.jpg\" alt=\"\" width=\"960\" height=\"720\" srcset=\"https:\/\/delfoscba.com.ar\/dev\/wp-content\/uploads\/2022\/07\/6-2.jpg 960w, https:\/\/delfoscba.com.ar\/dev\/wp-content\/uploads\/2022\/07\/6-2-300x225.jpg 300w, https:\/\/delfoscba.com.ar\/dev\/wp-content\/uploads\/2022\/07\/6-2-768x576.jpg 768w\" sizes=\"(max-width: 960px) 100vw, 960px\" \/><\/a><\/p><p>Finalmente, si comparamos estas encuestas con el promedio de las \u00faltimas 10 mediciones nacionales, la media arroja para Massa 32% de imagen positiva vs 60% de negativa: esto ubica al estudio de CB como el m\u00e1s representativo de la serie reciente. As\u00ed, se puede concluir que es un dirigente competitivo, pues la diferencia de su performance respecto a otras figuras pol\u00edticas de relieve incluidas en ese informe no resulta estad\u00edsticamente significativa. En lo comparativo, est\u00e1 relativamente cerca de otras figuras del FDT (CFK, Scioli, Fern\u00e1ndez) y tambi\u00e9n resulta competitivo frente a \u00a0opositores como Macri y Morales, sobre todo. Ahora, si se confirma su asunci\u00f3n como \u201csuperministro\u201d, el tigrense enfrentar\u00e1 un desaf\u00edo que puede favorecerlo de cara a una potencial precandidatura presidencial en 2023 pero tambi\u00e9n dejarlo fuera de carrera si no consigue mejorar el metro cuadrado de los electores en t\u00e9rminos de bienestar socioecon\u00f3mico percibido.<\/p>\t\t\t\t\t\t\t\t<\/div>\n\t\t\t\t\t<\/div>\n\t\t<\/div>\n\t\t\t\t\t<\/div>\n\t\t<\/section>\n\t\t\t\t<section class=\"elementor-section elementor-top-section elementor-element elementor-element-b28ac47 elementor-section-height-min-height elementor-section-boxed elementor-section-height-default elementor-section-items-middle\" data-id=\"b28ac47\" data-element_type=\"section\" data-e-type=\"section\" data-settings=\"{&quot;background_background&quot;:&quot;classic&quot;}\">\n\t\t\t\t\t\t\t<div class=\"elementor-background-overlay\"><\/div>\n\t\t\t\t\t\t\t<div class=\"elementor-container elementor-column-gap-default\">\n\t\t\t\t\t<div class=\"elementor-column elementor-col-100 elementor-top-column elementor-element elementor-element-88fba06\" data-id=\"88fba06\" data-element_type=\"column\" data-e-type=\"column\">\n\t\t\t<div class=\"elementor-widget-wrap elementor-element-populated\">\n\t\t\t\t\t\t<div class=\"elementor-element elementor-element-7e65226 elementor-widget elementor-widget-heading\" data-id=\"7e65226\" data-element_type=\"widget\" data-e-type=\"widget\" data-widget_type=\"heading.default\">\n\t\t\t\t\t<h2 class=\"elementor-heading-title elementor-size-large\">Seguinos en nuestras redes<\/h2>\t\t\t\t<\/div>\n\t\t\t\t<div class=\"elementor-element elementor-element-c37b7ef elementor-shape-circle e-grid-align-tablet-center e-grid-align-mobile-center e-grid-align-left elementor-grid-0 elementor-widget elementor-widget-social-icons\" data-id=\"c37b7ef\" data-element_type=\"widget\" data-e-type=\"widget\" data-widget_type=\"social-icons.default\">\n\t\t\t\t\t\t\t<div class=\"elementor-social-icons-wrapper elementor-grid\" role=\"list\">\n\t\t\t\t\t\t\t<span class=\"elementor-grid-item\" role=\"listitem\">\n\t\t\t\t\t<a class=\"elementor-icon elementor-social-icon elementor-social-icon-facebook-f elementor-repeater-item-lf5yt4c\" href=\"https:\/\/www.facebook.com\/ConsultoraDelfos\" target=\"_blank\">\n\t\t\t\t\t\t<span class=\"elementor-screen-only\">Facebook-f<\/span>\n\t\t\t\t\t\t<i aria-hidden=\"true\" class=\"fab fa-facebook-f\"><\/i>\t\t\t\t\t<\/a>\n\t\t\t\t<\/span>\n\t\t\t\t\t\t\t<span class=\"elementor-grid-item\" role=\"listitem\">\n\t\t\t\t\t<a class=\"elementor-icon elementor-social-icon elementor-social-icon-twitter elementor-repeater-item-01xie82\" href=\"https:\/\/twitter.com\/delfoscba\" target=\"_blank\">\n\t\t\t\t\t\t<span class=\"elementor-screen-only\">Twitter<\/span>\n\t\t\t\t\t\t<i aria-hidden=\"true\" class=\"fab fa-twitter\"><\/i>\t\t\t\t\t<\/a>\n\t\t\t\t<\/span>\n\t\t\t\t\t\t\t<span class=\"elementor-grid-item\" role=\"listitem\">\n\t\t\t\t\t<a class=\"elementor-icon elementor-social-icon elementor-social-icon-linkedin elementor-repeater-item-grhvqhn\" target=\"_blank\">\n\t\t\t\t\t\t<span class=\"elementor-screen-only\">Linkedin<\/span>\n\t\t\t\t\t\t<i aria-hidden=\"true\" class=\"fab fa-linkedin\"><\/i>\t\t\t\t\t<\/a>\n\t\t\t\t<\/span>\n\t\t\t\t\t<\/div>\n\t\t\t\t\t\t<\/div>\n\t\t\t\t\t<\/div>\n\t\t<\/div>\n\t\t\t\t\t<\/div>\n\t\t<\/section>\n\t\t\t\t<\/div>\n\t\t","protected":false},"excerpt":{"rendered":"<p>Analizamos la imagen que posee el flagrante Ministro de Econom\u00eda de la Naci\u00f3n.<\/p>\n","protected":false},"author":1,"featured_media":13140,"comment_status":"open","ping_status":"open","sticky":false,"template":"","format":"standard","meta":{"_acf_changed":false,"footnotes":""},"categories":[3],"tags":[526,453,39,40,38,128,42,246,230,369,259,57,188,56,717],"class_list":["post-13133","post","type-post","status-publish","format-standard","has-post-thumbnail","hentry","category-politica","tag-526","tag-alberto","tag-argentina","tag-consultora","tag-cordoba","tag-delfos","tag-economia","tag-encuestas","tag-estadistica","tag-frente-de-todos","tag-massa","tag-norman-berra","tag-opinion-publica","tag-politica","tag-sergio","et-has-post-format-content","et_post_format-et-post-format-standard"],"acf":[],"_links":{"self":[{"href":"https:\/\/delfoscba.com.ar\/dev\/wp-json\/wp\/v2\/posts\/13133","targetHints":{"allow":["GET"]}}],"collection":[{"href":"https:\/\/delfoscba.com.ar\/dev\/wp-json\/wp\/v2\/posts"}],"about":[{"href":"https:\/\/delfoscba.com.ar\/dev\/wp-json\/wp\/v2\/types\/post"}],"author":[{"embeddable":true,"href":"https:\/\/delfoscba.com.ar\/dev\/wp-json\/wp\/v2\/users\/1"}],"replies":[{"embeddable":true,"href":"https:\/\/delfoscba.com.ar\/dev\/wp-json\/wp\/v2\/comments?post=13133"}],"version-history":[{"count":7,"href":"https:\/\/delfoscba.com.ar\/dev\/wp-json\/wp\/v2\/posts\/13133\/revisions"}],"predecessor-version":[{"id":13147,"href":"https:\/\/delfoscba.com.ar\/dev\/wp-json\/wp\/v2\/posts\/13133\/revisions\/13147"}],"wp:featuredmedia":[{"embeddable":true,"href":"https:\/\/delfoscba.com.ar\/dev\/wp-json\/wp\/v2\/media\/13140"}],"wp:attachment":[{"href":"https:\/\/delfoscba.com.ar\/dev\/wp-json\/wp\/v2\/media?parent=13133"}],"wp:term":[{"taxonomy":"category","embeddable":true,"href":"https:\/\/delfoscba.com.ar\/dev\/wp-json\/wp\/v2\/categories?post=13133"},{"taxonomy":"post_tag","embeddable":true,"href":"https:\/\/delfoscba.com.ar\/dev\/wp-json\/wp\/v2\/tags?post=13133"}],"curies":[{"name":"wp","href":"https:\/\/api.w.org\/{rel}","templated":true}]}}