{"id":13176,"date":"2022-08-08T17:35:04","date_gmt":"2022-08-08T17:35:04","guid":{"rendered":"https:\/\/delfoscba.com.ar\/\/dev\/\/?p=13176"},"modified":"2022-08-08T17:47:08","modified_gmt":"2022-08-08T17:47:08","slug":"la-amenaza-y-oportunidades-de-sergio-massa-y-el-gobierno","status":"publish","type":"post","link":"https:\/\/delfoscba.com.ar\/dev\/politica\/la-amenaza-y-oportunidades-de-sergio-massa-y-el-gobierno\/","title":{"rendered":"Las amenazas y oportunidades de Sergio Massa y el Gobierno"},"content":{"rendered":"\t\t<div data-elementor-type=\"wp-post\" data-elementor-id=\"13176\" class=\"elementor elementor-13176\" data-elementor-post-type=\"post\">\n\t\t\t\t\t\t<section class=\"elementor-section elementor-top-section elementor-element elementor-element-41498b4 elementor-section-height-min-height elementor-section-boxed elementor-section-height-default elementor-section-items-middle\" data-id=\"41498b4\" data-element_type=\"section\" data-e-type=\"section\" data-settings=\"{&quot;background_background&quot;:&quot;classic&quot;}\">\n\t\t\t\t\t\t\t<div class=\"elementor-background-overlay\"><\/div>\n\t\t\t\t\t\t\t<div class=\"elementor-container elementor-column-gap-no\">\n\t\t\t\t\t<div class=\"elementor-column elementor-col-100 elementor-top-column elementor-element elementor-element-a18ac89\" data-id=\"a18ac89\" data-element_type=\"column\" data-e-type=\"column\">\n\t\t\t<div class=\"elementor-widget-wrap elementor-element-populated\">\n\t\t\t\t\t\t<div class=\"elementor-element elementor-element-e493600 elementor-widget elementor-widget-heading\" data-id=\"e493600\" data-element_type=\"widget\" data-e-type=\"widget\" data-widget_type=\"heading.default\">\n\t\t\t\t\t<h2 class=\"elementor-heading-title elementor-size-large\">POL\u00cdTICA<\/h2>\t\t\t\t<\/div>\n\t\t\t\t\t<\/div>\n\t\t<\/div>\n\t\t\t\t\t<\/div>\n\t\t<\/section>\n\t\t\t\t<section class=\"elementor-section elementor-top-section elementor-element elementor-element-7dafb6e4 elementor-section-boxed elementor-section-height-default elementor-section-height-default\" data-id=\"7dafb6e4\" data-element_type=\"section\" data-e-type=\"section\">\n\t\t\t\t\t\t<div class=\"elementor-container elementor-column-gap-default\">\n\t\t\t\t\t<div class=\"elementor-column elementor-col-100 elementor-top-column elementor-element elementor-element-38ae5a14\" data-id=\"38ae5a14\" data-element_type=\"column\" data-e-type=\"column\">\n\t\t\t<div class=\"elementor-widget-wrap elementor-element-populated\">\n\t\t\t\t\t\t<div class=\"elementor-element elementor-element-f8a3207 elementor-widget elementor-widget-author-box\" data-id=\"f8a3207\" data-element_type=\"widget\" data-e-type=\"widget\" data-widget_type=\"author-box.default\">\n\t\t\t\t\t\t\t<div class=\"elementor-author-box\">\n\t\t\t\t\t\t\t<a href=\"https:\/\/delfoscba.com.ar\/\/dev\/\/nosotros\/\" class=\"elementor-author-box__avatar\">\n\t\t\t\t\t<img decoding=\"async\" src=\"https:\/\/delfoscba.com.ar\/dev\/wp-content\/uploads\/2021\/02\/norman-250x250-1.jpg\" alt=\"Picture of Norman Berra\" loading=\"lazy\">\n\t\t\t\t<\/a>\n\t\t\t\n\t\t\t<div class=\"elementor-author-box__text\">\n\t\t\t\t\t\t\t\t\t<a href=\"https:\/\/delfoscba.com.ar\/\/dev\/\/nosotros\/\">\n\t\t\t\t\t\t<h4 class=\"elementor-author-box__name\">\n\t\t\t\t\t\t\tNorman Berra\t\t\t\t\t\t<\/h4>\n\t\t\t\t\t<\/a>\n\t\t\t\t\n\t\t\t\t\t\t\t\t\t<div class=\"elementor-author-box__bio\">\n\t\t\t\t\t\t<p>L\u00edder de proyectos<\/p>\n\t\t\t\t\t<\/div>\n\t\t\t\t\n\t\t\t\t\t\t\t<\/div>\n\t\t<\/div>\n\t\t\t\t\t\t<\/div>\n\t\t\t\t<div class=\"elementor-element elementor-element-7aefe4b4 elementor-widget elementor-widget-text-editor\" data-id=\"7aefe4b4\" data-element_type=\"widget\" data-e-type=\"widget\" data-widget_type=\"text-editor.default\">\n\t\t\t\t\t\t\t\t\t<p><a href=\"https:\/\/delfoscba.com.ar\/\/dev\/\/wp-content\/uploads\/2022\/08\/1-1.jpg\"><img fetchpriority=\"high\" decoding=\"async\" class=\"aligncenter wp-image-13178 size-full\" src=\"https:\/\/delfoscba.com.ar\/\/dev\/\/wp-content\/uploads\/2022\/08\/1-1.jpg\" alt=\"\" width=\"862\" height=\"467\" srcset=\"https:\/\/delfoscba.com.ar\/dev\/wp-content\/uploads\/2022\/08\/1-1.jpg 862w, https:\/\/delfoscba.com.ar\/dev\/wp-content\/uploads\/2022\/08\/1-1-300x163.jpg 300w, https:\/\/delfoscba.com.ar\/dev\/wp-content\/uploads\/2022\/08\/1-1-768x416.jpg 768w\" sizes=\"(max-width: 862px) 100vw, 862px\" \/><\/a><\/p><p>La salida de Mart\u00edn Guzm\u00e1n del Ministerio de Econom\u00eda abri\u00f3 una crisis que combin\u00f3 aspectos pol\u00edticos y econ\u00f3micos, dado que una corrida cambiaria de varias semanas comenz\u00f3 a afectar la gobernabilidad en un marco de inflaci\u00f3n creciente. Seg\u00fan una encuesta de Synopsis realizada luego de la renuncia del ex ministro y durante el \u201cimpasse\u201d de Silvina Batakis, apenas 15,5% de los electores percib\u00eda que el presidente Alberto Fern\u00e1ndez estaba en control de la situaci\u00f3n, mientras que casi 78% pensaba que ten\u00eda poco o nada de control (gr\u00e1fico arriba), lo que perfilaba la crisis pol\u00edtica. Por su parte, un estudio realizado por Reale-Dalla Torre en el mismo per\u00edodo arroj\u00f3 que casi 61% de los votantes cre\u00eda que el pa\u00eds se dirig\u00eda a una hiperinflaci\u00f3n, vs apenas 24,2% que confiaba en que el gobierno podr\u00eda controlar algo ese problema (gr\u00e1fico abajo).<\/p><p><a href=\"https:\/\/delfoscba.com.ar\/\/dev\/\/wp-content\/uploads\/2022\/08\/2-1.jpg\"><img decoding=\"async\" class=\"aligncenter wp-image-13179 size-full\" src=\"https:\/\/delfoscba.com.ar\/\/dev\/\/wp-content\/uploads\/2022\/08\/2-1.jpg\" alt=\"\" width=\"862\" height=\"502\" srcset=\"https:\/\/delfoscba.com.ar\/dev\/wp-content\/uploads\/2022\/08\/2-1.jpg 862w, https:\/\/delfoscba.com.ar\/dev\/wp-content\/uploads\/2022\/08\/2-1-300x175.jpg 300w, https:\/\/delfoscba.com.ar\/dev\/wp-content\/uploads\/2022\/08\/2-1-768x447.jpg 768w\" sizes=\"(max-width: 862px) 100vw, 862px\" \/><\/a><\/p><p>En ese marco, seg\u00fan una encuesta realizada por Zuban C\u00f3rdoba &amp; Asociados, 6 de cada 10 electores estaban de acuerdo (muy + algo) con que el presidente hiciera un cambio total de su gabinete, vs apenas 21,4% que se mostraba en desacuerdo (muy + algo) con esa decisi\u00f3n (gr\u00e1fico abajo). As\u00ed, una primera conclusi\u00f3n es que la reorganizaci\u00f3n ministerial tom\u00f3 nota de esa opini\u00f3n claramente mayoritaria en el plano de conjurar la crisis en lo pol\u00edtico. \u00a0<\/p><p><a href=\"https:\/\/delfoscba.com.ar\/\/dev\/\/wp-content\/uploads\/2022\/08\/3-1.jpg\"><img decoding=\"async\" class=\"aligncenter wp-image-13180 size-large\" src=\"https:\/\/delfoscba.com.ar\/\/dev\/\/wp-content\/uploads\/2022\/08\/3-1-1024x576.jpg\" alt=\"\" width=\"1024\" height=\"576\" srcset=\"https:\/\/delfoscba.com.ar\/dev\/wp-content\/uploads\/2022\/08\/3-1-1024x576.jpg 1024w, https:\/\/delfoscba.com.ar\/dev\/wp-content\/uploads\/2022\/08\/3-1-300x169.jpg 300w, https:\/\/delfoscba.com.ar\/dev\/wp-content\/uploads\/2022\/08\/3-1-768x432.jpg 768w, https:\/\/delfoscba.com.ar\/dev\/wp-content\/uploads\/2022\/08\/3-1-1080x608.jpg 1080w, https:\/\/delfoscba.com.ar\/dev\/wp-content\/uploads\/2022\/08\/3-1.jpg 1200w\" sizes=\"(max-width: 1024px) 100vw, 1024px\" \/><\/a><\/p><p>Otro elemento a favor del Gobierno nacional y del empoderamiento de Massa es que tambi\u00e9n hay una clara mayor\u00eda perceptual que acuerda con que el \u201csuperministro\u201d tiene el apoyo del presidente y de la vicepresidenta: 55,3% (acuerdo total + algo de acuerdo), lo que duplica al desacuerdo (27,2% acumulado; gr\u00e1fico abajo). Se trata de un aval con que no contaba Guzm\u00e1n desde hace tiempo y que no fue expl\u00edcito en el interinato de Batakis; tambi\u00e9n apunta a conjurar los componentes pol\u00edticos de la gesti\u00f3n de crisis. \u00a0<\/p><p><a href=\"https:\/\/delfoscba.com.ar\/\/dev\/\/wp-content\/uploads\/2022\/08\/4-1.jpg\"><img loading=\"lazy\" decoding=\"async\" class=\"aligncenter wp-image-13181 size-full\" src=\"https:\/\/delfoscba.com.ar\/\/dev\/\/wp-content\/uploads\/2022\/08\/4-1.jpg\" alt=\"\" width=\"992\" height=\"523\" srcset=\"https:\/\/delfoscba.com.ar\/dev\/wp-content\/uploads\/2022\/08\/4-1.jpg 992w, https:\/\/delfoscba.com.ar\/dev\/wp-content\/uploads\/2022\/08\/4-1-300x158.jpg 300w, https:\/\/delfoscba.com.ar\/dev\/wp-content\/uploads\/2022\/08\/4-1-768x405.jpg 768w\" sizes=\"(max-width: 992px) 100vw, 992px\" \/><\/a><\/p><p>A favor del oficialismo tambi\u00e9n cuenta que, seg\u00fan el mismo estudio, 45% de los electores est\u00e1 en desacuerdo con la frase \u201cla oposici\u00f3n tiene plan econ\u00f3mico para gobernar otra vez\u201d, vs 36% que piensa lo contrario (gr\u00e1fico abajo). As\u00ed, la primera minor\u00eda no ve una alternativa al gobierno en este nivel.<\/p><p><a href=\"https:\/\/delfoscba.com.ar\/\/dev\/\/wp-content\/uploads\/2022\/08\/5-1.jpg\"><img loading=\"lazy\" decoding=\"async\" class=\"aligncenter wp-image-13182 size-full\" src=\"https:\/\/delfoscba.com.ar\/\/dev\/\/wp-content\/uploads\/2022\/08\/5-1.jpg\" alt=\"\" width=\"951\" height=\"524\" srcset=\"https:\/\/delfoscba.com.ar\/dev\/wp-content\/uploads\/2022\/08\/5-1.jpg 951w, https:\/\/delfoscba.com.ar\/dev\/wp-content\/uploads\/2022\/08\/5-1-300x165.jpg 300w, https:\/\/delfoscba.com.ar\/dev\/wp-content\/uploads\/2022\/08\/5-1-768x423.jpg 768w\" sizes=\"(max-width: 951px) 100vw, 951px\" \/><\/a><\/p><p>Finalmente, luego de haber encarado las principales amenazas pol\u00edticas que enfrentaba la gesti\u00f3n de crisis del oficialismo, quedan planteados los desaf\u00edos y oportunidades en materia econ\u00f3mica. Aqu\u00ed se juega la suerte del Frente de Todos (FDT) y se plantean m\u00e1s dudas para la opini\u00f3n p\u00fablica: seg\u00fan Zuban C\u00f3rdoba, 27,6% de los electores conf\u00eda en que el presidente y su gobierno pueden sacar adelante la econom\u00eda del pa\u00eds, vs 71,1% que desconf\u00eda (gr\u00e1fico abajo). Claramente, la grieta pol\u00edtica divide aguas: entre los electores del FDT en 2019 predomina la confianza (54,6%), mientras que entre quienes votaron a Mauricio Macri es casi un\u00e1nime la desconfianza (97,9%).<\/p><p><a href=\"https:\/\/delfoscba.com.ar\/\/dev\/\/wp-content\/uploads\/2022\/08\/6-1.jpg\"><img loading=\"lazy\" decoding=\"async\" class=\"aligncenter wp-image-13183 size-full\" src=\"https:\/\/delfoscba.com.ar\/\/dev\/\/wp-content\/uploads\/2022\/08\/6-1.jpg\" alt=\"\" width=\"563\" height=\"902\" srcset=\"https:\/\/delfoscba.com.ar\/dev\/wp-content\/uploads\/2022\/08\/6-1.jpg 563w, https:\/\/delfoscba.com.ar\/dev\/wp-content\/uploads\/2022\/08\/6-1-187x300.jpg 187w\" sizes=\"(max-width: 563px) 100vw, 563px\" \/><\/a><\/p><p>Con matices, la \u00faltima encuesta de D\u00b4Alessio-IROL\/Berensztein tambi\u00e9n arroja un 27% de optimismo en que el nombramiento de Massa puede mejorar la econom\u00eda (mucho o algo), vs 35% que espera lo contrario; 32% cree que la econom\u00eda permanecer\u00e1 igual (gr\u00e1fico abajo). De nuevo, la grieta pol\u00edtica divide opiniones: 54% de los electores oficialistas es optimista y 56% de los votantes de Juntos por el Cambio es pesimista. As\u00ed, el cambio de gabinete que empoder\u00f3 a Massa parece haber conjurado algunos factores pol\u00edticos de la crisis, pero a\u00fan persisten dudas sobre si ser\u00e1 capaz de afrontar las amenazas econ\u00f3micas.<\/p><p><a href=\"https:\/\/delfoscba.com.ar\/\/dev\/\/wp-content\/uploads\/2022\/08\/7-1.jpg\"><img loading=\"lazy\" decoding=\"async\" class=\"aligncenter wp-image-13184 size-full\" src=\"https:\/\/delfoscba.com.ar\/\/dev\/\/wp-content\/uploads\/2022\/08\/7-1.jpg\" alt=\"\" width=\"767\" height=\"431\" srcset=\"https:\/\/delfoscba.com.ar\/dev\/wp-content\/uploads\/2022\/08\/7-1.jpg 767w, https:\/\/delfoscba.com.ar\/dev\/wp-content\/uploads\/2022\/08\/7-1-300x169.jpg 300w\" sizes=\"(max-width: 767px) 100vw, 767px\" \/><\/a><\/p>\t\t\t\t\t\t\t\t<\/div>\n\t\t\t\t\t<\/div>\n\t\t<\/div>\n\t\t\t\t\t<\/div>\n\t\t<\/section>\n\t\t\t\t<section class=\"elementor-section elementor-top-section elementor-element elementor-element-b28ac47 elementor-section-height-min-height elementor-section-boxed elementor-section-height-default elementor-section-items-middle\" data-id=\"b28ac47\" data-element_type=\"section\" data-e-type=\"section\" data-settings=\"{&quot;background_background&quot;:&quot;classic&quot;}\">\n\t\t\t\t\t\t\t<div class=\"elementor-background-overlay\"><\/div>\n\t\t\t\t\t\t\t<div class=\"elementor-container elementor-column-gap-default\">\n\t\t\t\t\t<div class=\"elementor-column elementor-col-100 elementor-top-column elementor-element elementor-element-88fba06\" data-id=\"88fba06\" data-element_type=\"column\" data-e-type=\"column\">\n\t\t\t<div class=\"elementor-widget-wrap elementor-element-populated\">\n\t\t\t\t\t\t<div class=\"elementor-element elementor-element-7e65226 elementor-widget elementor-widget-heading\" data-id=\"7e65226\" data-element_type=\"widget\" data-e-type=\"widget\" data-widget_type=\"heading.default\">\n\t\t\t\t\t<h2 class=\"elementor-heading-title elementor-size-large\">Seguinos en nuestras redes<\/h2>\t\t\t\t<\/div>\n\t\t\t\t<div class=\"elementor-element elementor-element-c37b7ef elementor-shape-circle e-grid-align-tablet-center e-grid-align-mobile-center e-grid-align-left elementor-grid-0 elementor-widget elementor-widget-social-icons\" data-id=\"c37b7ef\" data-element_type=\"widget\" data-e-type=\"widget\" data-widget_type=\"social-icons.default\">\n\t\t\t\t\t\t\t<div class=\"elementor-social-icons-wrapper elementor-grid\" role=\"list\">\n\t\t\t\t\t\t\t<span class=\"elementor-grid-item\" role=\"listitem\">\n\t\t\t\t\t<a class=\"elementor-icon elementor-social-icon elementor-social-icon-facebook-f elementor-repeater-item-lf5yt4c\" href=\"https:\/\/www.facebook.com\/ConsultoraDelfos\" target=\"_blank\">\n\t\t\t\t\t\t<span class=\"elementor-screen-only\">Facebook-f<\/span>\n\t\t\t\t\t\t<i aria-hidden=\"true\" class=\"fab fa-facebook-f\"><\/i>\t\t\t\t\t<\/a>\n\t\t\t\t<\/span>\n\t\t\t\t\t\t\t<span class=\"elementor-grid-item\" role=\"listitem\">\n\t\t\t\t\t<a class=\"elementor-icon elementor-social-icon elementor-social-icon-twitter elementor-repeater-item-01xie82\" href=\"https:\/\/twitter.com\/delfoscba\" target=\"_blank\">\n\t\t\t\t\t\t<span class=\"elementor-screen-only\">Twitter<\/span>\n\t\t\t\t\t\t<i aria-hidden=\"true\" class=\"fab fa-twitter\"><\/i>\t\t\t\t\t<\/a>\n\t\t\t\t<\/span>\n\t\t\t\t\t\t\t<span class=\"elementor-grid-item\" role=\"listitem\">\n\t\t\t\t\t<a class=\"elementor-icon elementor-social-icon elementor-social-icon-linkedin elementor-repeater-item-grhvqhn\" target=\"_blank\">\n\t\t\t\t\t\t<span class=\"elementor-screen-only\">Linkedin<\/span>\n\t\t\t\t\t\t<i aria-hidden=\"true\" class=\"fab fa-linkedin\"><\/i>\t\t\t\t\t<\/a>\n\t\t\t\t<\/span>\n\t\t\t\t\t<\/div>\n\t\t\t\t\t\t<\/div>\n\t\t\t\t\t<\/div>\n\t\t<\/div>\n\t\t\t\t\t<\/div>\n\t\t<\/section>\n\t\t\t\t<\/div>\n\t\t","protected":false},"excerpt":{"rendered":"<p>Continuamos explorando las perspectivas del Gobierno despu\u00e9s del nombramiento de Massa como ministro de Econom\u00eda<\/p>\n","protected":false},"author":1,"featured_media":13177,"comment_status":"open","ping_status":"open","sticky":false,"template":"","format":"standard","meta":{"_acf_changed":false,"footnotes":""},"categories":[3],"tags":[471,526,453,720,39,40,38,128,42,246,230,369,718,259,57,188,721,56,717],"class_list":["post-13176","post","type-post","status-publish","format-standard","has-post-thumbnail","hentry","category-politica","tag-471","tag-526","tag-alberto","tag-amenazas","tag-argentina","tag-consultora","tag-cordoba","tag-delfos","tag-economia","tag-encuestas","tag-estadistica","tag-frente-de-todos","tag-intencion-de-voto","tag-massa","tag-norman-berra","tag-opinion-publica","tag-oportunidades","tag-politica","tag-sergio","et-has-post-format-content","et_post_format-et-post-format-standard"],"acf":[],"_links":{"self":[{"href":"https:\/\/delfoscba.com.ar\/dev\/wp-json\/wp\/v2\/posts\/13176","targetHints":{"allow":["GET"]}}],"collection":[{"href":"https:\/\/delfoscba.com.ar\/dev\/wp-json\/wp\/v2\/posts"}],"about":[{"href":"https:\/\/delfoscba.com.ar\/dev\/wp-json\/wp\/v2\/types\/post"}],"author":[{"embeddable":true,"href":"https:\/\/delfoscba.com.ar\/dev\/wp-json\/wp\/v2\/users\/1"}],"replies":[{"embeddable":true,"href":"https:\/\/delfoscba.com.ar\/dev\/wp-json\/wp\/v2\/comments?post=13176"}],"version-history":[{"count":8,"href":"https:\/\/delfoscba.com.ar\/dev\/wp-json\/wp\/v2\/posts\/13176\/revisions"}],"predecessor-version":[{"id":13192,"href":"https:\/\/delfoscba.com.ar\/dev\/wp-json\/wp\/v2\/posts\/13176\/revisions\/13192"}],"wp:featuredmedia":[{"embeddable":true,"href":"https:\/\/delfoscba.com.ar\/dev\/wp-json\/wp\/v2\/media\/13177"}],"wp:attachment":[{"href":"https:\/\/delfoscba.com.ar\/dev\/wp-json\/wp\/v2\/media?parent=13176"}],"wp:term":[{"taxonomy":"category","embeddable":true,"href":"https:\/\/delfoscba.com.ar\/dev\/wp-json\/wp\/v2\/categories?post=13176"},{"taxonomy":"post_tag","embeddable":true,"href":"https:\/\/delfoscba.com.ar\/dev\/wp-json\/wp\/v2\/tags?post=13176"}],"curies":[{"name":"wp","href":"https:\/\/api.w.org\/{rel}","templated":true}]}}