{"id":13196,"date":"2022-08-11T15:05:12","date_gmt":"2022-08-11T15:05:12","guid":{"rendered":"https:\/\/delfoscba.com.ar\/\/dev\/\/?p=13196"},"modified":"2022-08-11T15:16:38","modified_gmt":"2022-08-11T15:16:38","slug":"los-cordobeses-y-sus-deudas-a-pesar-de-la-crisis-crece-el-desendeudamiento","status":"publish","type":"post","link":"https:\/\/delfoscba.com.ar\/dev\/economia\/los-cordobeses-y-sus-deudas-a-pesar-de-la-crisis-crece-el-desendeudamiento\/","title":{"rendered":"Los cordobeses y sus deudas: a pesar de la crisis, crece el desendeudamiento"},"content":{"rendered":"\t\t<div data-elementor-type=\"wp-post\" data-elementor-id=\"13196\" class=\"elementor elementor-13196\" data-elementor-post-type=\"post\">\n\t\t\t\t\t\t<section class=\"elementor-section elementor-top-section elementor-element elementor-element-41498b4 elementor-section-height-min-height elementor-section-boxed elementor-section-height-default elementor-section-items-middle\" data-id=\"41498b4\" data-element_type=\"section\" data-e-type=\"section\" data-settings=\"{&quot;background_background&quot;:&quot;classic&quot;}\">\n\t\t\t\t\t\t\t<div class=\"elementor-background-overlay\"><\/div>\n\t\t\t\t\t\t\t<div class=\"elementor-container elementor-column-gap-no\">\n\t\t\t\t\t<div class=\"elementor-column elementor-col-100 elementor-top-column elementor-element elementor-element-a18ac89\" data-id=\"a18ac89\" data-element_type=\"column\" data-e-type=\"column\">\n\t\t\t<div class=\"elementor-widget-wrap elementor-element-populated\">\n\t\t\t\t\t\t<div class=\"elementor-element elementor-element-e493600 elementor-widget elementor-widget-heading\" data-id=\"e493600\" data-element_type=\"widget\" data-e-type=\"widget\" data-widget_type=\"heading.default\">\n\t\t\t\t\t<h2 class=\"elementor-heading-title elementor-size-large\">ECONOM\u00cdA<\/h2>\t\t\t\t<\/div>\n\t\t\t\t\t<\/div>\n\t\t<\/div>\n\t\t\t\t\t<\/div>\n\t\t<\/section>\n\t\t\t\t<section class=\"elementor-section elementor-top-section elementor-element elementor-element-7dafb6e4 elementor-section-boxed elementor-section-height-default elementor-section-height-default\" data-id=\"7dafb6e4\" data-element_type=\"section\" data-e-type=\"section\">\n\t\t\t\t\t\t<div class=\"elementor-container elementor-column-gap-default\">\n\t\t\t\t\t<div class=\"elementor-column elementor-col-100 elementor-top-column elementor-element elementor-element-38ae5a14\" data-id=\"38ae5a14\" data-element_type=\"column\" data-e-type=\"column\">\n\t\t\t<div class=\"elementor-widget-wrap elementor-element-populated\">\n\t\t\t\t\t\t<div class=\"elementor-element elementor-element-f8a3207 elementor-widget elementor-widget-author-box\" data-id=\"f8a3207\" data-element_type=\"widget\" data-e-type=\"widget\" data-widget_type=\"author-box.default\">\n\t\t\t\t\t\t\t<div class=\"elementor-author-box\">\n\t\t\t\t\t\t\t<a href=\"https:\/\/delfoscba.com.ar\/\/dev\/\/nosotros\/\" class=\"elementor-author-box__avatar\">\n\t\t\t\t\t<img decoding=\"async\" src=\"https:\/\/delfoscba.com.ar\/dev\/wp-content\/uploads\/2021\/03\/eia-1.png\" alt=\"Picture of Jos\u00e9 Gangi\" loading=\"lazy\">\n\t\t\t\t<\/a>\n\t\t\t\n\t\t\t<div class=\"elementor-author-box__text\">\n\t\t\t\t\t\t\t\t\t<a href=\"https:\/\/delfoscba.com.ar\/\/dev\/\/nosotros\/\">\n\t\t\t\t\t\t<h4 class=\"elementor-author-box__name\">\n\t\t\t\t\t\t\tJos\u00e9 Gangi\t\t\t\t\t\t<\/h4>\n\t\t\t\t\t<\/a>\n\t\t\t\t\n\t\t\t\t\t\t\t\t\t<div class=\"elementor-author-box__bio\">\n\t\t\t\t\t\t<p>Edici\u00f3n y An\u00e1lisis de informes<\/p>\n\t\t\t\t\t<\/div>\n\t\t\t\t\n\t\t\t\t\t\t\t<\/div>\n\t\t<\/div>\n\t\t\t\t\t\t<\/div>\n\t\t\t\t<div class=\"elementor-element elementor-element-7aefe4b4 elementor-widget elementor-widget-text-editor\" data-id=\"7aefe4b4\" data-element_type=\"widget\" data-e-type=\"widget\" data-widget_type=\"text-editor.default\">\n\t\t\t\t\t\t\t\t\t<p>Una de las principales variables que tenemos en cuenta para comprender la situaci\u00f3n econ\u00f3mica de los cordobeses es el nivel de endeudamiento que estos poseen en un contexto determinado y con qui\u00e9nes se encuentran endeudados.<\/p><p>En medio de un complejo contexto econ\u00f3mico, le preguntamos a 1.800 cordobeses de toda la provincia, del 20 al 27 de julio, si poseen alguna deuda y, en caso de responder afirmativamente, con qui\u00e9n.<\/p><p><a href=\"https:\/\/delfoscba.com.ar\/\/dev\/\/wp-content\/uploads\/2022\/08\/Deuda-general.png\"><img fetchpriority=\"high\" decoding=\"async\" class=\"aligncenter wp-image-13198 size-large\" src=\"https:\/\/delfoscba.com.ar\/\/dev\/\/wp-content\/uploads\/2022\/08\/Deuda-general-1024x1024.png\" alt=\"\" width=\"1024\" height=\"1024\" srcset=\"https:\/\/delfoscba.com.ar\/dev\/wp-content\/uploads\/2022\/08\/Deuda-general-1024x1024.png 1024w, https:\/\/delfoscba.com.ar\/dev\/wp-content\/uploads\/2022\/08\/Deuda-general-300x300.png 300w, https:\/\/delfoscba.com.ar\/dev\/wp-content\/uploads\/2022\/08\/Deuda-general-150x150.png 150w, https:\/\/delfoscba.com.ar\/dev\/wp-content\/uploads\/2022\/08\/Deuda-general-768x767.png 768w, https:\/\/delfoscba.com.ar\/dev\/wp-content\/uploads\/2022\/08\/Deuda-general-1080x1079.png 1080w, https:\/\/delfoscba.com.ar\/dev\/wp-content\/uploads\/2022\/08\/Deuda-general-440x440.png 440w, https:\/\/delfoscba.com.ar\/dev\/wp-content\/uploads\/2022\/08\/Deuda-general.png 1082w\" sizes=\"(max-width: 1024px) 100vw, 1024px\" \/><\/a><\/p><p>Ante la primera pregunta, cuatro de cada diez cordobeses respondieron afirmativamente. Este nivel de endeudamiento representa el menor valor registrado desde que realizamos esta pregunta y confirma una tendencia decreciente en el nivel de endeudamiento de la poblaci\u00f3n provincial desde el a\u00f1o 2001.<\/p><p><a href=\"https:\/\/delfoscba.com.ar\/\/dev\/\/wp-content\/uploads\/2022\/08\/Tarjeta-de-credito-1.png\"><img decoding=\"async\" class=\"aligncenter wp-image-13204 size-large\" src=\"https:\/\/delfoscba.com.ar\/\/dev\/\/wp-content\/uploads\/2022\/08\/Tarjeta-de-credito-1-1024x1024.png\" alt=\"\" width=\"1024\" height=\"1024\" srcset=\"https:\/\/delfoscba.com.ar\/dev\/wp-content\/uploads\/2022\/08\/Tarjeta-de-credito-1-1024x1024.png 1024w, https:\/\/delfoscba.com.ar\/dev\/wp-content\/uploads\/2022\/08\/Tarjeta-de-credito-1-300x300.png 300w, https:\/\/delfoscba.com.ar\/dev\/wp-content\/uploads\/2022\/08\/Tarjeta-de-credito-1-150x150.png 150w, https:\/\/delfoscba.com.ar\/dev\/wp-content\/uploads\/2022\/08\/Tarjeta-de-credito-1-768x767.png 768w, https:\/\/delfoscba.com.ar\/dev\/wp-content\/uploads\/2022\/08\/Tarjeta-de-credito-1-1080x1079.png 1080w, https:\/\/delfoscba.com.ar\/dev\/wp-content\/uploads\/2022\/08\/Tarjeta-de-credito-1-440x440.png 440w, https:\/\/delfoscba.com.ar\/dev\/wp-content\/uploads\/2022\/08\/Tarjeta-de-credito-1.png 1082w\" sizes=\"(max-width: 1024px) 100vw, 1024px\" \/><\/a><\/p><p>Si pasamos a analizar la contraparte de esta deuda, podemos observar que en la actualidad las tarjetas de cr\u00e9dito (12%) son el principal acreedor de las deudas de los cordobeses, seguidas del Estado (10%) y las empresas que brindan alg\u00fan servicio (7%). A pesar de que han perdido peso a lo largo de las mediciones, las tarjetas de cr\u00e9dito lo han hecho en menor cantidad que los dem\u00e1s actores o instituciones.<\/p><p><a href=\"https:\/\/delfoscba.com.ar\/\/dev\/\/wp-content\/uploads\/2022\/08\/Estado.png\"><img decoding=\"async\" class=\"aligncenter wp-image-13200 size-large\" src=\"https:\/\/delfoscba.com.ar\/\/dev\/\/wp-content\/uploads\/2022\/08\/Estado-1024x1024.png\" alt=\"\" width=\"1024\" height=\"1024\" srcset=\"https:\/\/delfoscba.com.ar\/dev\/wp-content\/uploads\/2022\/08\/Estado-1024x1024.png 1024w, https:\/\/delfoscba.com.ar\/dev\/wp-content\/uploads\/2022\/08\/Estado-300x300.png 300w, https:\/\/delfoscba.com.ar\/dev\/wp-content\/uploads\/2022\/08\/Estado-150x150.png 150w, https:\/\/delfoscba.com.ar\/dev\/wp-content\/uploads\/2022\/08\/Estado-768x767.png 768w, https:\/\/delfoscba.com.ar\/dev\/wp-content\/uploads\/2022\/08\/Estado-1080x1079.png 1080w, https:\/\/delfoscba.com.ar\/dev\/wp-content\/uploads\/2022\/08\/Estado-440x440.png 440w, https:\/\/delfoscba.com.ar\/dev\/wp-content\/uploads\/2022\/08\/Estado.png 1082w\" sizes=\"(max-width: 1024px) 100vw, 1024px\" \/><\/a><\/p><p>Por otro lado, mientras que a comienzos del siglo el Estado era acreedor de deudas del 25% de los cordobeses, desde el a\u00f1o 2018 s\u00f3lo el 10% de los ciudadanos de la provincia posee alg\u00fan tipo de deuda estatal.<\/p><p><a href=\"https:\/\/delfoscba.com.ar\/\/dev\/\/wp-content\/uploads\/2022\/08\/Bancos.png\"><img loading=\"lazy\" decoding=\"async\" class=\"aligncenter wp-image-13197 size-large\" src=\"https:\/\/delfoscba.com.ar\/\/dev\/\/wp-content\/uploads\/2022\/08\/Bancos-1024x1024.png\" alt=\"\" width=\"1024\" height=\"1024\" srcset=\"https:\/\/delfoscba.com.ar\/dev\/wp-content\/uploads\/2022\/08\/Bancos-1024x1024.png 1024w, https:\/\/delfoscba.com.ar\/dev\/wp-content\/uploads\/2022\/08\/Bancos-300x300.png 300w, https:\/\/delfoscba.com.ar\/dev\/wp-content\/uploads\/2022\/08\/Bancos-150x150.png 150w, https:\/\/delfoscba.com.ar\/dev\/wp-content\/uploads\/2022\/08\/Bancos-768x767.png 768w, https:\/\/delfoscba.com.ar\/dev\/wp-content\/uploads\/2022\/08\/Bancos-1080x1079.png 1080w, https:\/\/delfoscba.com.ar\/dev\/wp-content\/uploads\/2022\/08\/Bancos-440x440.png 440w, https:\/\/delfoscba.com.ar\/dev\/wp-content\/uploads\/2022\/08\/Bancos.png 1082w\" sizes=\"(max-width: 1024px) 100vw, 1024px\" \/><\/a><\/p><p>Los bancos y financieras, despu\u00e9s de un constante crecimiento como acreedores hasta el a\u00f1o 2018 que los convirti\u00f3 en contrapartes de la deuda que pose\u00edan el 11% y el 5% de la poblaci\u00f3n, sufrieron una abrupta ca\u00edda en su participaci\u00f3n. S\u00f3lo el 4% de los cordobeses tiene alguna deuda con los bancos y el 1% con una financiera.<\/p><p>Esta situaci\u00f3n pone en evidencia una poblaci\u00f3n que viene transformando desde el a\u00f1o 2001 su forma de vivir, cada vez m\u00e1s de acuerdo con sus capacidades m\u00e1s concretas y coyunturales de consumo, y un sistema financiero que pierde en su rubro ante otras herramientas que el p\u00fablico utiliza para financiarse, lo cual expone la falta de legitimidad y las falencias de las herramientas que oferta a la sociedad.<\/p>\t\t\t\t\t\t\t\t<\/div>\n\t\t\t\t\t<\/div>\n\t\t<\/div>\n\t\t\t\t\t<\/div>\n\t\t<\/section>\n\t\t\t\t<section class=\"elementor-section elementor-top-section elementor-element elementor-element-b28ac47 elementor-section-height-min-height elementor-section-boxed elementor-section-height-default elementor-section-items-middle\" data-id=\"b28ac47\" data-element_type=\"section\" data-e-type=\"section\" data-settings=\"{&quot;background_background&quot;:&quot;classic&quot;}\">\n\t\t\t\t\t\t\t<div class=\"elementor-background-overlay\"><\/div>\n\t\t\t\t\t\t\t<div class=\"elementor-container elementor-column-gap-default\">\n\t\t\t\t\t<div class=\"elementor-column elementor-col-100 elementor-top-column elementor-element elementor-element-88fba06\" data-id=\"88fba06\" data-element_type=\"column\" data-e-type=\"column\">\n\t\t\t<div class=\"elementor-widget-wrap elementor-element-populated\">\n\t\t\t\t\t\t<div class=\"elementor-element elementor-element-7e65226 elementor-widget elementor-widget-heading\" data-id=\"7e65226\" data-element_type=\"widget\" data-e-type=\"widget\" data-widget_type=\"heading.default\">\n\t\t\t\t\t<h2 class=\"elementor-heading-title elementor-size-large\">Seguinos en nuestras redes<\/h2>\t\t\t\t<\/div>\n\t\t\t\t<div class=\"elementor-element elementor-element-c37b7ef elementor-shape-circle e-grid-align-tablet-center e-grid-align-mobile-center e-grid-align-left elementor-grid-0 elementor-widget elementor-widget-social-icons\" data-id=\"c37b7ef\" data-element_type=\"widget\" data-e-type=\"widget\" data-widget_type=\"social-icons.default\">\n\t\t\t\t\t\t\t<div class=\"elementor-social-icons-wrapper elementor-grid\" role=\"list\">\n\t\t\t\t\t\t\t<span class=\"elementor-grid-item\" role=\"listitem\">\n\t\t\t\t\t<a class=\"elementor-icon elementor-social-icon elementor-social-icon-facebook-f elementor-repeater-item-lf5yt4c\" href=\"https:\/\/www.facebook.com\/ConsultoraDelfos\" target=\"_blank\">\n\t\t\t\t\t\t<span class=\"elementor-screen-only\">Facebook-f<\/span>\n\t\t\t\t\t\t<i aria-hidden=\"true\" class=\"fab fa-facebook-f\"><\/i>\t\t\t\t\t<\/a>\n\t\t\t\t<\/span>\n\t\t\t\t\t\t\t<span class=\"elementor-grid-item\" role=\"listitem\">\n\t\t\t\t\t<a class=\"elementor-icon elementor-social-icon elementor-social-icon-twitter elementor-repeater-item-01xie82\" href=\"https:\/\/twitter.com\/delfoscba\" target=\"_blank\">\n\t\t\t\t\t\t<span class=\"elementor-screen-only\">Twitter<\/span>\n\t\t\t\t\t\t<i aria-hidden=\"true\" class=\"fab fa-twitter\"><\/i>\t\t\t\t\t<\/a>\n\t\t\t\t<\/span>\n\t\t\t\t\t\t\t<span class=\"elementor-grid-item\" role=\"listitem\">\n\t\t\t\t\t<a class=\"elementor-icon elementor-social-icon elementor-social-icon-linkedin elementor-repeater-item-grhvqhn\" target=\"_blank\">\n\t\t\t\t\t\t<span class=\"elementor-screen-only\">Linkedin<\/span>\n\t\t\t\t\t\t<i aria-hidden=\"true\" class=\"fab fa-linkedin\"><\/i>\t\t\t\t\t<\/a>\n\t\t\t\t<\/span>\n\t\t\t\t\t<\/div>\n\t\t\t\t\t\t<\/div>\n\t\t\t\t\t<\/div>\n\t\t<\/div>\n\t\t\t\t\t<\/div>\n\t\t<\/section>\n\t\t\t\t<\/div>\n\t\t","protected":false},"excerpt":{"rendered":"<p>Analizamos la evoluci\u00f3n del nivel de endeudamiento de los cordobeses desde el a\u00f1o 2001 y sus principales acreedores.<\/p>\n","protected":false},"author":1,"featured_media":13199,"comment_status":"open","ping_status":"open","sticky":false,"template":"","format":"standard","meta":{"_acf_changed":false,"footnotes":""},"categories":[2],"tags":[471,526,39,722,40,38,724,45,128,388,710,727,159,230,726,599,728,725,34,188,56,723],"class_list":["post-13196","post","type-post","status-publish","format-standard","has-post-thumbnail","hentry","category-economia","tag-471","tag-526","tag-argentina","tag-bancos","tag-consultora","tag-cordoba","tag-credito","tag-crisis","tag-delfos","tag-deuda","tag-economica","tag-empresas-de-servicios","tag-endeudamiento","tag-estadistica","tag-estado","tag-familia","tag-familiares","tag-financieras","tag-jose-gangi","tag-opinion-publica","tag-politica","tag-tarjetas","et-has-post-format-content","et_post_format-et-post-format-standard"],"acf":[],"_links":{"self":[{"href":"https:\/\/delfoscba.com.ar\/dev\/wp-json\/wp\/v2\/posts\/13196","targetHints":{"allow":["GET"]}}],"collection":[{"href":"https:\/\/delfoscba.com.ar\/dev\/wp-json\/wp\/v2\/posts"}],"about":[{"href":"https:\/\/delfoscba.com.ar\/dev\/wp-json\/wp\/v2\/types\/post"}],"author":[{"embeddable":true,"href":"https:\/\/delfoscba.com.ar\/dev\/wp-json\/wp\/v2\/users\/1"}],"replies":[{"embeddable":true,"href":"https:\/\/delfoscba.com.ar\/dev\/wp-json\/wp\/v2\/comments?post=13196"}],"version-history":[{"count":7,"href":"https:\/\/delfoscba.com.ar\/dev\/wp-json\/wp\/v2\/posts\/13196\/revisions"}],"predecessor-version":[{"id":13211,"href":"https:\/\/delfoscba.com.ar\/dev\/wp-json\/wp\/v2\/posts\/13196\/revisions\/13211"}],"wp:featuredmedia":[{"embeddable":true,"href":"https:\/\/delfoscba.com.ar\/dev\/wp-json\/wp\/v2\/media\/13199"}],"wp:attachment":[{"href":"https:\/\/delfoscba.com.ar\/dev\/wp-json\/wp\/v2\/media?parent=13196"}],"wp:term":[{"taxonomy":"category","embeddable":true,"href":"https:\/\/delfoscba.com.ar\/dev\/wp-json\/wp\/v2\/categories?post=13196"},{"taxonomy":"post_tag","embeddable":true,"href":"https:\/\/delfoscba.com.ar\/dev\/wp-json\/wp\/v2\/tags?post=13196"}],"curies":[{"name":"wp","href":"https:\/\/api.w.org\/{rel}","templated":true}]}}