{"id":13234,"date":"2022-08-22T15:49:33","date_gmt":"2022-08-22T15:49:33","guid":{"rendered":"https:\/\/delfoscba.com.ar\/\/dev\/\/?p=13234"},"modified":"2022-08-22T15:58:38","modified_gmt":"2022-08-22T15:58:38","slug":"a-un-ano-de-las-paso-2023-que-dicen-las-encuestas-en-provincia-de-buenos-aires","status":"publish","type":"post","link":"https:\/\/delfoscba.com.ar\/dev\/politica\/a-un-ano-de-las-paso-2023-que-dicen-las-encuestas-en-provincia-de-buenos-aires\/","title":{"rendered":"A un a\u00f1o de las PASO 2023: qu\u00e9 dicen las encuestas en provincia de Buenos Aires"},"content":{"rendered":"\t\t<div data-elementor-type=\"wp-post\" data-elementor-id=\"13234\" class=\"elementor elementor-13234\" data-elementor-post-type=\"post\">\n\t\t\t\t\t\t<section class=\"elementor-section elementor-top-section elementor-element elementor-element-41498b4 elementor-section-height-min-height elementor-section-boxed elementor-section-height-default elementor-section-items-middle\" data-id=\"41498b4\" data-element_type=\"section\" data-e-type=\"section\" data-settings=\"{&quot;background_background&quot;:&quot;classic&quot;}\">\n\t\t\t\t\t\t\t<div class=\"elementor-background-overlay\"><\/div>\n\t\t\t\t\t\t\t<div class=\"elementor-container elementor-column-gap-no\">\n\t\t\t\t\t<div class=\"elementor-column elementor-col-100 elementor-top-column elementor-element elementor-element-a18ac89\" data-id=\"a18ac89\" data-element_type=\"column\" data-e-type=\"column\">\n\t\t\t<div class=\"elementor-widget-wrap elementor-element-populated\">\n\t\t\t\t\t\t<div class=\"elementor-element elementor-element-e493600 elementor-widget elementor-widget-heading\" data-id=\"e493600\" data-element_type=\"widget\" data-e-type=\"widget\" data-widget_type=\"heading.default\">\n\t\t\t\t\t<h2 class=\"elementor-heading-title elementor-size-large\">POL\u00cdTICA<\/h2>\t\t\t\t<\/div>\n\t\t\t\t\t<\/div>\n\t\t<\/div>\n\t\t\t\t\t<\/div>\n\t\t<\/section>\n\t\t\t\t<section class=\"elementor-section elementor-top-section elementor-element elementor-element-7dafb6e4 elementor-section-boxed elementor-section-height-default elementor-section-height-default\" data-id=\"7dafb6e4\" data-element_type=\"section\" data-e-type=\"section\">\n\t\t\t\t\t\t<div class=\"elementor-container elementor-column-gap-default\">\n\t\t\t\t\t<div class=\"elementor-column elementor-col-100 elementor-top-column elementor-element elementor-element-38ae5a14\" data-id=\"38ae5a14\" data-element_type=\"column\" data-e-type=\"column\">\n\t\t\t<div class=\"elementor-widget-wrap elementor-element-populated\">\n\t\t\t\t\t\t<div class=\"elementor-element elementor-element-f8a3207 elementor-widget elementor-widget-author-box\" data-id=\"f8a3207\" data-element_type=\"widget\" data-e-type=\"widget\" data-widget_type=\"author-box.default\">\n\t\t\t\t\t\t\t<div class=\"elementor-author-box\">\n\t\t\t\t\t\t\t<a href=\"https:\/\/delfoscba.com.ar\/\/dev\/\/nosotros\/\" class=\"elementor-author-box__avatar\">\n\t\t\t\t\t<img decoding=\"async\" src=\"https:\/\/delfoscba.com.ar\/dev\/wp-content\/uploads\/2021\/02\/norman-250x250-1.jpg\" alt=\"Picture of Norman Berra\" loading=\"lazy\">\n\t\t\t\t<\/a>\n\t\t\t\n\t\t\t<div class=\"elementor-author-box__text\">\n\t\t\t\t\t\t\t\t\t<a href=\"https:\/\/delfoscba.com.ar\/\/dev\/\/nosotros\/\">\n\t\t\t\t\t\t<h4 class=\"elementor-author-box__name\">\n\t\t\t\t\t\t\tNorman Berra\t\t\t\t\t\t<\/h4>\n\t\t\t\t\t<\/a>\n\t\t\t\t\n\t\t\t\t\t\t\t\t\t<div class=\"elementor-author-box__bio\">\n\t\t\t\t\t\t<p>L\u00edder de proyectos<\/p>\n\t\t\t\t\t<\/div>\n\t\t\t\t\n\t\t\t\t\t\t\t<\/div>\n\t\t<\/div>\n\t\t\t\t\t\t<\/div>\n\t\t\t\t<div class=\"elementor-element elementor-element-7aefe4b4 elementor-widget elementor-widget-text-editor\" data-id=\"7aefe4b4\" data-element_type=\"widget\" data-e-type=\"widget\" data-widget_type=\"text-editor.default\">\n\t\t\t\t\t\t\t\t\t<p><a href=\"https:\/\/delfoscba.com.ar\/\/dev\/\/wp-content\/uploads\/2022\/08\/1-3.jpg\"><img fetchpriority=\"high\" decoding=\"async\" class=\"aligncenter wp-image-13235 size-full\" src=\"https:\/\/delfoscba.com.ar\/\/dev\/\/wp-content\/uploads\/2022\/08\/1-3.jpg\" alt=\"\" width=\"792\" height=\"516\" srcset=\"https:\/\/delfoscba.com.ar\/dev\/wp-content\/uploads\/2022\/08\/1-3.jpg 792w, https:\/\/delfoscba.com.ar\/dev\/wp-content\/uploads\/2022\/08\/1-3-300x195.jpg 300w, https:\/\/delfoscba.com.ar\/dev\/wp-content\/uploads\/2022\/08\/1-3-768x500.jpg 768w\" sizes=\"(max-width: 792px) 100vw, 792px\" \/><\/a><\/p><p>Hace una semana repasamos las \u00faltimas tendencias nacionales a un a\u00f1o de las primarias abiertas, simult\u00e1neas y obligatorias de agosto (PASO) de 2023. En cada turno electoral, un distrito clave para oficialismo y oposici\u00f3n es provincia de Buenos Aires (PBA), sobre todo cuando los comicios para gobernador (PASO y generales) se celebran en la misma fecha que las presidenciales. \u00bfQu\u00e9 dicen las \u00faltimas encuestas de intenci\u00f3n de voto en PBA? \u00a0Seg\u00fan consultora Opina, el actual gobernador Axel Kicillof, electo por el Frente de Todos (FDT) en 2019 luego de vencer con amplitud a Mar\u00eda Eugenia Vidal, alcanza 35%, vs 23% de Diego Santilli (ganador de los comicios de medio t\u00e9rmino en PBA) y 11% de Mart\u00edn Tetaz (electo en 2021 en Ciudad Aut\u00f3noma de Buenos Aires). La suma de ambos precandidatos de Juntos por el Cambio (JXC) alcanza 34%, 1 punto porcentual por detr\u00e1s de Kicillof como candidato a la reelecci\u00f3n por el FDT. Jos\u00e9 Luis Espert empata con Tetaz, mientras que N\u00e9stor Pitrola (izquierda) no llega al 5% (gr\u00e1fico arriba).<\/p><p><a href=\"https:\/\/delfoscba.com.ar\/\/dev\/\/wp-content\/uploads\/2022\/08\/2-3.jpg\"><img decoding=\"async\" class=\"aligncenter wp-image-13236 size-large\" src=\"https:\/\/delfoscba.com.ar\/\/dev\/\/wp-content\/uploads\/2022\/08\/2-3-1024x489.jpg\" alt=\"\" width=\"1024\" height=\"489\" srcset=\"https:\/\/delfoscba.com.ar\/dev\/wp-content\/uploads\/2022\/08\/2-3-1024x489.jpg 1024w, https:\/\/delfoscba.com.ar\/dev\/wp-content\/uploads\/2022\/08\/2-3-300x143.jpg 300w, https:\/\/delfoscba.com.ar\/dev\/wp-content\/uploads\/2022\/08\/2-3-768x367.jpg 768w, https:\/\/delfoscba.com.ar\/dev\/wp-content\/uploads\/2022\/08\/2-3-1080x516.jpg 1080w, https:\/\/delfoscba.com.ar\/dev\/wp-content\/uploads\/2022\/08\/2-3.jpg 1279w\" sizes=\"(max-width: 1024px) 100vw, 1024px\" \/><\/a><\/p><p>En otra medici\u00f3n reciente, en este caso de Taqui\u00f3n, JXC aventaja al FDT por 5,5 puntos porcentuales por sello pol\u00edtico, brecha que se reduce a 4,2 pp en la medici\u00f3n por precandidatos entre Kicillof vs Santilli + Cristian Ritondo. Los liberales aparecen consolidados entre 10% y 11% en ambos escenarios, mientras que Nicol\u00e1s del Ca\u00f1o trepa al 8,4% y m\u00e1s que duplica el caudal de la izquierda como sello (gr\u00e1fico arriba). \u00a0\u00a0\u00a0<\/p><p><a href=\"https:\/\/delfoscba.com.ar\/\/dev\/\/wp-content\/uploads\/2022\/08\/3-3.jpg\"><img decoding=\"async\" class=\"aligncenter wp-image-13237 size-large\" src=\"https:\/\/delfoscba.com.ar\/\/dev\/\/wp-content\/uploads\/2022\/08\/3-3-1024x576.jpg\" alt=\"\" width=\"1024\" height=\"576\" srcset=\"https:\/\/delfoscba.com.ar\/dev\/wp-content\/uploads\/2022\/08\/3-3-1024x576.jpg 1024w, https:\/\/delfoscba.com.ar\/dev\/wp-content\/uploads\/2022\/08\/3-3-300x169.jpg 300w, https:\/\/delfoscba.com.ar\/dev\/wp-content\/uploads\/2022\/08\/3-3-768x432.jpg 768w, https:\/\/delfoscba.com.ar\/dev\/wp-content\/uploads\/2022\/08\/3-3-1080x607.jpg 1080w, https:\/\/delfoscba.com.ar\/dev\/wp-content\/uploads\/2022\/08\/3-3.jpg 1300w\" sizes=\"(max-width: 1024px) 100vw, 1024px\" \/><\/a><\/p><p>Seg\u00fan la encuesta m\u00e1s reciente de la serie, realizada por CB Consultora, Kicillof alcanza 33,3% de intenci\u00f3n de voto y aventaja por 11,8 puntos porcentuales a la sumatoria de Santilli, Cristian Ritondo, Tetaz y Javier Iguacel (21,5%). Espert consolida 11%, Del Ca\u00f1o alcanza 5,4% y Victoria Villaruel registra 1,4% (gr\u00e1fico arriba). As\u00ed, el promedio de tres mediciones arroja 32,5% para el actual gobernador vs 29,6% para la sumatoria de figuras de JXC; eso deja una ventaja de 2,9 puntos porcentuales para Kicillof, lo que estad\u00edsticamente implica un empate t\u00e9cnico.<\/p><p><a href=\"https:\/\/delfoscba.com.ar\/\/dev\/\/wp-content\/uploads\/2022\/08\/4-3.jpg\"><img loading=\"lazy\" decoding=\"async\" class=\"aligncenter wp-image-13238 size-large\" src=\"https:\/\/delfoscba.com.ar\/\/dev\/\/wp-content\/uploads\/2022\/08\/4-3-1024x576.jpg\" alt=\"\" width=\"1024\" height=\"576\" srcset=\"https:\/\/delfoscba.com.ar\/dev\/wp-content\/uploads\/2022\/08\/4-3-1024x576.jpg 1024w, https:\/\/delfoscba.com.ar\/dev\/wp-content\/uploads\/2022\/08\/4-3-300x169.jpg 300w, https:\/\/delfoscba.com.ar\/dev\/wp-content\/uploads\/2022\/08\/4-3-768x432.jpg 768w, https:\/\/delfoscba.com.ar\/dev\/wp-content\/uploads\/2022\/08\/4-3-1080x607.jpg 1080w, https:\/\/delfoscba.com.ar\/dev\/wp-content\/uploads\/2022\/08\/4-3.jpg 1122w\" sizes=\"(max-width: 1024px) 100vw, 1024px\" \/><\/a><\/p><p>El an\u00e1lisis de la variable imagen tambi\u00e9n arroja matices interesantes: seg\u00fan CB, Kicillof tiene la calificaci\u00f3n favorable m\u00e1s alta (casi 45%), pero polariza opiniones y recoge la negativa m\u00e1s elevada (48,6%). De ah\u00ed que el diferencial de im\u00e1genes favorezca a Santilli, el precandidato a priori m\u00e1s competitivo de JXC (gr\u00e1fico arriba).<\/p><p><a href=\"https:\/\/delfoscba.com.ar\/\/dev\/\/wp-content\/uploads\/2022\/08\/5-3.jpg\"><img loading=\"lazy\" decoding=\"async\" class=\"aligncenter wp-image-13239 size-full\" src=\"https:\/\/delfoscba.com.ar\/\/dev\/\/wp-content\/uploads\/2022\/08\/5-3.jpg\" alt=\"\" width=\"856\" height=\"668\" srcset=\"https:\/\/delfoscba.com.ar\/dev\/wp-content\/uploads\/2022\/08\/5-3.jpg 856w, https:\/\/delfoscba.com.ar\/dev\/wp-content\/uploads\/2022\/08\/5-3-300x234.jpg 300w, https:\/\/delfoscba.com.ar\/dev\/wp-content\/uploads\/2022\/08\/5-3-768x599.jpg 768w\" sizes=\"(max-width: 856px) 100vw, 856px\" \/><\/a><\/p><p>Opina tambi\u00e9n reporta una ventaja de Santilli (41% de positiva vs 39% de negativa, un diferencial favorable de 2 pp) sobre Kicillof (34% vs 63%, un saldo negativo de 29 pp). El promedio de ambas mediciones deja al actual gobernador con 39,5% de imagen positiva vs 55,8% de negativa. Al comparar el promedio de la variable imagen con la aprobaci\u00f3n seg\u00fan CB, las brechas no son estad\u00edsticamente significativas: esa \u00faltima encuesta reporta 40,7% de aprobaci\u00f3n (+1,2 pp por arriba de la opini\u00f3n favorable) vs 56,1% de desaprobaci\u00f3n (+0,3 pp por encima de la imagen negativa).<\/p><p><a href=\"https:\/\/delfoscba.com.ar\/\/dev\/\/wp-content\/uploads\/2022\/08\/6-2.jpg\"><img loading=\"lazy\" decoding=\"async\" class=\"aligncenter wp-image-13240 size-full\" src=\"https:\/\/delfoscba.com.ar\/\/dev\/\/wp-content\/uploads\/2022\/08\/6-2.jpg\" alt=\"\" width=\"862\" height=\"470\" srcset=\"https:\/\/delfoscba.com.ar\/dev\/wp-content\/uploads\/2022\/08\/6-2.jpg 862w, https:\/\/delfoscba.com.ar\/dev\/wp-content\/uploads\/2022\/08\/6-2-300x164.jpg 300w, https:\/\/delfoscba.com.ar\/dev\/wp-content\/uploads\/2022\/08\/6-2-768x419.jpg 768w\" sizes=\"(max-width: 862px) 100vw, 862px\" \/><\/a><\/p><p>En s\u00edntesis, de cara a las PASO 2023 la intenci\u00f3n de voto arroja una leve ventaja para el candidato a la reelecci\u00f3n en PBA, que no llega a ser estad\u00edsticamente significativa (casi 3 pp) pero perfila una reversi\u00f3n respecto a 2021, cuando JXC aventaj\u00f3 al FDT por 39,81% vs 38,53% (brecha de 1,28 pp). As\u00ed, se perfila una elecci\u00f3n mucho m\u00e1s competitiva que la PASO 2019, cuando Kicillof super\u00f3 a Vidal por 20 pp.<\/p>\t\t\t\t\t\t\t\t<\/div>\n\t\t\t\t\t<\/div>\n\t\t<\/div>\n\t\t\t\t\t<\/div>\n\t\t<\/section>\n\t\t\t\t<section class=\"elementor-section elementor-top-section elementor-element elementor-element-b28ac47 elementor-section-height-min-height elementor-section-boxed elementor-section-height-default elementor-section-items-middle\" data-id=\"b28ac47\" data-element_type=\"section\" data-e-type=\"section\" data-settings=\"{&quot;background_background&quot;:&quot;classic&quot;}\">\n\t\t\t\t\t\t\t<div class=\"elementor-background-overlay\"><\/div>\n\t\t\t\t\t\t\t<div class=\"elementor-container elementor-column-gap-default\">\n\t\t\t\t\t<div class=\"elementor-column elementor-col-100 elementor-top-column elementor-element elementor-element-88fba06\" data-id=\"88fba06\" data-element_type=\"column\" data-e-type=\"column\">\n\t\t\t<div class=\"elementor-widget-wrap elementor-element-populated\">\n\t\t\t\t\t\t<div class=\"elementor-element elementor-element-7e65226 elementor-widget elementor-widget-heading\" data-id=\"7e65226\" data-element_type=\"widget\" data-e-type=\"widget\" data-widget_type=\"heading.default\">\n\t\t\t\t\t<h2 class=\"elementor-heading-title elementor-size-large\">Seguinos en nuestras redes<\/h2>\t\t\t\t<\/div>\n\t\t\t\t<div class=\"elementor-element elementor-element-c37b7ef elementor-shape-circle e-grid-align-tablet-center e-grid-align-mobile-center e-grid-align-left elementor-grid-0 elementor-widget elementor-widget-social-icons\" data-id=\"c37b7ef\" data-element_type=\"widget\" data-e-type=\"widget\" data-widget_type=\"social-icons.default\">\n\t\t\t\t\t\t\t<div class=\"elementor-social-icons-wrapper elementor-grid\" role=\"list\">\n\t\t\t\t\t\t\t<span class=\"elementor-grid-item\" role=\"listitem\">\n\t\t\t\t\t<a class=\"elementor-icon elementor-social-icon elementor-social-icon-facebook-f elementor-repeater-item-lf5yt4c\" href=\"https:\/\/www.facebook.com\/ConsultoraDelfos\" target=\"_blank\">\n\t\t\t\t\t\t<span class=\"elementor-screen-only\">Facebook-f<\/span>\n\t\t\t\t\t\t<i aria-hidden=\"true\" class=\"fab fa-facebook-f\"><\/i>\t\t\t\t\t<\/a>\n\t\t\t\t<\/span>\n\t\t\t\t\t\t\t<span class=\"elementor-grid-item\" role=\"listitem\">\n\t\t\t\t\t<a class=\"elementor-icon elementor-social-icon elementor-social-icon-twitter elementor-repeater-item-01xie82\" href=\"https:\/\/twitter.com\/delfoscba\" target=\"_blank\">\n\t\t\t\t\t\t<span class=\"elementor-screen-only\">Twitter<\/span>\n\t\t\t\t\t\t<i aria-hidden=\"true\" class=\"fab fa-twitter\"><\/i>\t\t\t\t\t<\/a>\n\t\t\t\t<\/span>\n\t\t\t\t\t\t\t<span class=\"elementor-grid-item\" role=\"listitem\">\n\t\t\t\t\t<a class=\"elementor-icon elementor-social-icon elementor-social-icon-linkedin elementor-repeater-item-grhvqhn\" target=\"_blank\">\n\t\t\t\t\t\t<span class=\"elementor-screen-only\">Linkedin<\/span>\n\t\t\t\t\t\t<i aria-hidden=\"true\" class=\"fab fa-linkedin\"><\/i>\t\t\t\t\t<\/a>\n\t\t\t\t<\/span>\n\t\t\t\t\t<\/div>\n\t\t\t\t\t\t<\/div>\n\t\t\t\t\t<\/div>\n\t\t<\/div>\n\t\t\t\t\t<\/div>\n\t\t<\/section>\n\t\t\t\t<\/div>\n\t\t","protected":false},"excerpt":{"rendered":"<p>Analizamos las tendencias electorales en el territorio electoral de mayor peso a nivel nacional<\/p>\n","protected":false},"author":1,"featured_media":13241,"comment_status":"open","ping_status":"open","sticky":false,"template":"","format":"standard","meta":{"_acf_changed":false,"footnotes":""},"categories":[3],"tags":[471,526,453,39,244,258,298,40,38,264,128,246,230,454,369,718,354,356,404,571,140,259,569,57,188,721,247,56,729,305,717],"class_list":["post-13234","post","type-post","status-publish","format-standard","has-post-thumbnail","hentry","category-politica","tag-471","tag-526","tag-alberto","tag-argentina","tag-buenos-aires","tag-bullrich","tag-carrio","tag-consultora","tag-cordoba","tag-cristina","tag-delfos","tag-encuestas","tag-estadistica","tag-fernandez","tag-frente-de-todos","tag-intencion-de-voto","tag-juntos-por-el-cambio","tag-larreta","tag-liberales","tag-libertarios","tag-macri","tag-massa","tag-milei","tag-norman-berra","tag-opinion-publica","tag-oportunidades","tag-paso","tag-politica","tag-primarias","tag-provincia","tag-sergio","et-has-post-format-content","et_post_format-et-post-format-standard"],"acf":[],"_links":{"self":[{"href":"https:\/\/delfoscba.com.ar\/dev\/wp-json\/wp\/v2\/posts\/13234","targetHints":{"allow":["GET"]}}],"collection":[{"href":"https:\/\/delfoscba.com.ar\/dev\/wp-json\/wp\/v2\/posts"}],"about":[{"href":"https:\/\/delfoscba.com.ar\/dev\/wp-json\/wp\/v2\/types\/post"}],"author":[{"embeddable":true,"href":"https:\/\/delfoscba.com.ar\/dev\/wp-json\/wp\/v2\/users\/1"}],"replies":[{"embeddable":true,"href":"https:\/\/delfoscba.com.ar\/dev\/wp-json\/wp\/v2\/comments?post=13234"}],"version-history":[{"count":5,"href":"https:\/\/delfoscba.com.ar\/dev\/wp-json\/wp\/v2\/posts\/13234\/revisions"}],"predecessor-version":[{"id":13246,"href":"https:\/\/delfoscba.com.ar\/dev\/wp-json\/wp\/v2\/posts\/13234\/revisions\/13246"}],"wp:featuredmedia":[{"embeddable":true,"href":"https:\/\/delfoscba.com.ar\/dev\/wp-json\/wp\/v2\/media\/13241"}],"wp:attachment":[{"href":"https:\/\/delfoscba.com.ar\/dev\/wp-json\/wp\/v2\/media?parent=13234"}],"wp:term":[{"taxonomy":"category","embeddable":true,"href":"https:\/\/delfoscba.com.ar\/dev\/wp-json\/wp\/v2\/categories?post=13234"},{"taxonomy":"post_tag","embeddable":true,"href":"https:\/\/delfoscba.com.ar\/dev\/wp-json\/wp\/v2\/tags?post=13234"}],"curies":[{"name":"wp","href":"https:\/\/api.w.org\/{rel}","templated":true}]}}