{"id":13274,"date":"2022-09-01T19:05:59","date_gmt":"2022-09-01T19:05:59","guid":{"rendered":"https:\/\/delfoscba.com.ar\/\/dev\/\/?p=13274"},"modified":"2022-09-05T15:37:15","modified_gmt":"2022-09-05T15:37:15","slug":"clima-electoral-en-brasil-un-repaso-por-las-principales-encuestas-y-la-opinion-de-los-brasilenos","status":"publish","type":"post","link":"https:\/\/delfoscba.com.ar\/dev\/internacional\/clima-electoral-en-brasil-un-repaso-por-las-principales-encuestas-y-la-opinion-de-los-brasilenos\/","title":{"rendered":"Clima electoral en Brasil: un repaso por encuestas y la opini\u00f3n de los brasile\u00f1os"},"content":{"rendered":"\t\t<div data-elementor-type=\"wp-post\" data-elementor-id=\"13274\" class=\"elementor elementor-13274\" data-elementor-post-type=\"post\">\n\t\t\t\t\t\t<section class=\"elementor-section elementor-top-section elementor-element elementor-element-41498b4 elementor-section-height-min-height elementor-section-boxed elementor-section-height-default elementor-section-items-middle\" data-id=\"41498b4\" data-element_type=\"section\" data-e-type=\"section\" data-settings=\"{&quot;background_background&quot;:&quot;classic&quot;}\">\n\t\t\t\t\t\t\t<div class=\"elementor-background-overlay\"><\/div>\n\t\t\t\t\t\t\t<div class=\"elementor-container elementor-column-gap-no\">\n\t\t\t\t\t<div class=\"elementor-column elementor-col-100 elementor-top-column elementor-element elementor-element-a18ac89\" data-id=\"a18ac89\" data-element_type=\"column\" data-e-type=\"column\">\n\t\t\t<div class=\"elementor-widget-wrap elementor-element-populated\">\n\t\t\t\t\t\t<div class=\"elementor-element elementor-element-e493600 elementor-widget elementor-widget-heading\" data-id=\"e493600\" data-element_type=\"widget\" data-e-type=\"widget\" data-widget_type=\"heading.default\">\n\t\t\t\t\t<h2 class=\"elementor-heading-title elementor-size-large\">INTERNACIONAL<\/h2>\t\t\t\t<\/div>\n\t\t\t\t\t<\/div>\n\t\t<\/div>\n\t\t\t\t\t<\/div>\n\t\t<\/section>\n\t\t\t\t<section class=\"elementor-section elementor-top-section elementor-element elementor-element-7dafb6e4 elementor-section-boxed elementor-section-height-default elementor-section-height-default\" data-id=\"7dafb6e4\" data-element_type=\"section\" data-e-type=\"section\">\n\t\t\t\t\t\t<div class=\"elementor-container elementor-column-gap-default\">\n\t\t\t\t\t<div class=\"elementor-column elementor-col-100 elementor-top-column elementor-element elementor-element-38ae5a14\" data-id=\"38ae5a14\" data-element_type=\"column\" data-e-type=\"column\">\n\t\t\t<div class=\"elementor-widget-wrap elementor-element-populated\">\n\t\t\t\t\t\t<div class=\"elementor-element elementor-element-f8a3207 elementor-widget elementor-widget-author-box\" data-id=\"f8a3207\" data-element_type=\"widget\" data-e-type=\"widget\" data-widget_type=\"author-box.default\">\n\t\t\t\t\t\t\t<div class=\"elementor-author-box\">\n\t\t\t\t\t\t\t<a href=\"https:\/\/delfoscba.com.ar\/\/dev\/\/nosotros\/\" class=\"elementor-author-box__avatar\">\n\t\t\t\t\t<img decoding=\"async\" src=\"https:\/\/delfoscba.com.ar\/dev\/wp-content\/uploads\/2021\/03\/eia-1.png\" alt=\"Picture of Jos\u00e9 Gangi\" loading=\"lazy\">\n\t\t\t\t<\/a>\n\t\t\t\n\t\t\t<div class=\"elementor-author-box__text\">\n\t\t\t\t\t\t\t\t\t<a href=\"https:\/\/delfoscba.com.ar\/\/dev\/\/nosotros\/\">\n\t\t\t\t\t\t<h4 class=\"elementor-author-box__name\">\n\t\t\t\t\t\t\tJos\u00e9 Gangi\t\t\t\t\t\t<\/h4>\n\t\t\t\t\t<\/a>\n\t\t\t\t\n\t\t\t\t\t\t\t\t\t<div class=\"elementor-author-box__bio\">\n\t\t\t\t\t\t<p>Edici\u00f3n y An\u00e1lisis de informes<\/p>\n\t\t\t\t\t<\/div>\n\t\t\t\t\n\t\t\t\t\t\t\t<\/div>\n\t\t<\/div>\n\t\t\t\t\t\t<\/div>\n\t\t\t\t<div class=\"elementor-element elementor-element-47bb4ad elementor-widget elementor-widget-author-box\" data-id=\"47bb4ad\" data-element_type=\"widget\" data-e-type=\"widget\" data-widget_type=\"author-box.default\">\n\t\t\t\t\t\t\t<div class=\"elementor-author-box\">\n\t\t\t\t\t\t\t<a href=\"https:\/\/delfoscba.com.ar\/\/dev\/\/nosotros\/\" class=\"elementor-author-box__avatar\">\n\t\t\t\t\t<img decoding=\"async\" src=\"https:\/\/delfoscba.com.ar\/dev\/wp-content\/uploads\/2021\/03\/vivi-250x250-1.jpg\" alt=\"Picture of Viviana Jara Rold\u00e1n\" loading=\"lazy\">\n\t\t\t\t<\/a>\n\t\t\t\n\t\t\t<div class=\"elementor-author-box__text\">\n\t\t\t\t\t\t\t\t\t<a href=\"https:\/\/delfoscba.com.ar\/\/dev\/\/nosotros\/\">\n\t\t\t\t\t\t<h4 class=\"elementor-author-box__name\">\n\t\t\t\t\t\t\tViviana Jara Rold\u00e1n\t\t\t\t\t\t<\/h4>\n\t\t\t\t\t<\/a>\n\t\t\t\t\n\t\t\t\t\t\t\t\t\t<div class=\"elementor-author-box__bio\">\n\t\t\t\t\t\t<p>Responsable de estudios cualitativos<\/p>\n\t\t\t\t\t<\/div>\n\t\t\t\t\n\t\t\t\t\t\t\t<\/div>\n\t\t<\/div>\n\t\t\t\t\t\t<\/div>\n\t\t\t\t<div class=\"elementor-element elementor-element-7aefe4b4 elementor-widget elementor-widget-text-editor\" data-id=\"7aefe4b4\" data-element_type=\"widget\" data-e-type=\"widget\" data-widget_type=\"text-editor.default\">\n\t\t\t\t\t\t\t\t\t<p><span style=\"font-weight: 400;\">A poco m\u00e1s de un mes de las elecciones en Brasil, les compartimos un repaso por las cifras de las principales encuestas, acompa\u00f1ado de un an\u00e1lisis cualitativo desarrollado en el marco de un trabajo de campo en la zona nordeste del pa\u00eds vecino.<\/span><\/p>\n<p><span style=\"font-weight: 400;\">En t\u00e9rminos de mediciones estad\u00edsticas, las cifras denotan una tendencia incremental a la polarizaci\u00f3n entre el actual presidente, Jair Bolsonaro, y el ex presidente Lula Da Silva.<\/span><\/p>\n<p><a href=\"https:\/\/delfoscba.com.ar\/\/dev\/\/wp-content\/uploads\/2022\/09\/1.png\"><img fetchpriority=\"high\" decoding=\"async\" src=\"https:\/\/delfoscba.com.ar\/\/dev\/\/wp-content\/uploads\/2022\/09\/1.png\" alt=\"\" width=\"653\" height=\"472\"><\/a><\/p>\n<p><span style=\"font-weight: 400;\">La encuesta realizada por el Instituto de Pesquisas DataFolha en los principales tres distritos electorales de Brasil (S\u00e3o Paulo, Minas Gerais y R\u00edo de Janeiro), expone al candidato petista estable desde mayo en torno al 47-48% de intenci\u00f3n de voto y al actual presidente con un crecimiento de 5 pp. en este sentido (de 27% a 32%). Entre ambos acaparan la intenci\u00f3n de voto de 8 de cada 10 brasile\u00f1os, dejando muy rezagado al tercer competidor, Ciro Gomes, que posee s\u00f3lo un 7% de intenci\u00f3n de voto.<\/span><\/p>\n<p><a href=\"https:\/\/delfoscba.com.ar\/\/dev\/\/wp-content\/uploads\/2022\/09\/2.png\"><img decoding=\"async\" src=\"https:\/\/delfoscba.com.ar\/\/dev\/\/wp-content\/uploads\/2022\/09\/2.png\" alt=\"\" width=\"446\" height=\"720\"><\/a><\/p>\n<p><span style=\"font-weight: 400;\">Otra encuesta realizada por EXAME\/IDEA, a 1.500 personas a lo largo del pa\u00eds del 19 al 24 de agosto (datos arriba), expres\u00f3 una brecha m\u00e1s acotada entre los dos candidatos (Lula estabilizado en torno al 44% y Bolsonaro en 36%) y, al igual que la tendencia advertida por la encuesta del Instituto de Pesquisas DataFolha, un panorama que tiende a la polarizaci\u00f3n entre Lula y Bolsonaro.<\/span><\/p>\n<p><a href=\"https:\/\/delfoscba.com.ar\/\/dev\/\/wp-content\/uploads\/2022\/09\/3.png\"><img decoding=\"async\" src=\"https:\/\/delfoscba.com.ar\/\/dev\/\/wp-content\/uploads\/2022\/09\/3.png\" alt=\"\" width=\"948\" height=\"419\"><\/a><\/p>\n<p><span style=\"font-weight: 400;\">Si nos adentramos en la composici\u00f3n del electorado de estos candidatos, podemos observar que Lula es el candidato preferido en todos los rangos etarios, pero prima de forma m\u00e1s contundente entre los m\u00e1s j\u00f3venes; en t\u00e9rminos de g\u00e9nero, Bolsonaro posee un arraigo m\u00e1s fuerte entre los hombres que entre las mujeres; y Lula posee una intenci\u00f3n de voto entre los brasile\u00f1os que poseen un nivel de estudios bajos 15 pp. mayor a la que posee entre los ciudadanos con un nivel de estudios&nbsp;<\/span><span style=\"font-family: Roboto, sans-serif; font-size: 16px; font-style: normal; font-variant-ligatures: normal; font-variant-caps: normal; font-weight: 400; color: var( --e-global-color-text );\">alto<\/span><span style=\"font-weight: 400; color: var( --e-global-color-text );\">.<\/span><\/p>\n<p><span style=\"font-weight: 400;\">A su vez, es posible avizorar diferencias cualitativas en el discurso e ideas que refuerzan la identidad de cada uno de estos p\u00fablicos. Teniendo en cuenta lo experimentado durante la \u00faltima semana en el nordeste de Brasil, pudimos identificar algunas particularidades del clima social en el pa\u00eds vecino.<\/span><\/p>\n<p><span style=\"font-weight: 400;\">Por un lado, quienes defienden y eligen al actual presidente <\/span><b>Jair Bolsonaro<\/b><span style=\"font-weight: 400;\"> expresan su descontento con los hechos de corrupci\u00f3n que se asocian a los referentes del PT y el fracaso percibido de la gesti\u00f3n encabezada por el ex presidente.&nbsp;<\/span><\/p>\n<p><span style=\"font-weight: 400;\">Los votantes de Bolsonaro entienden que Lula ha tenido la oportunidad de gobernar y no ha logrado generar los cambios esperados en el pa\u00eds y promete iniciativas econ\u00f3micas que no generan confianza. Se critica el modelo de pa\u00eds que promueve el ex presidente, asociado al temor de tener resultados similares a Venezuela, acompa\u00f1ando esa opini\u00f3n con la idea y amenaza de dejar el pa\u00eds en el caso de que eso suceda.<\/span><\/p>\n<p><span style=\"font-weight: 400;\">Adem\u00e1s, se sostiene que muchas de las cr\u00edticas que despierta Bolsonaro van de la mano de un discurso reproducido por los medios de comunicaci\u00f3n que no coincide con la realidad de su gobierno. De todos modos, reconocen que el presidente no cuenta con habilidades comunicacionales, cometiendo ciertos errores en sus discursos que lo alejan de lo pol\u00edticamente correcto.&nbsp;<\/span><\/p>\n<p><span style=\"font-weight: 400;\">Otro elemento de elecci\u00f3n, en algunos casos, se refiere a la postura que el actual presidente manifiesta frente a tem\u00e1ticas sociales como la homosexualidad y la defensa de ciertos valores m\u00e1s tradicionales, por lo que recibe fuerte apoyo en \u00e1mbitos m\u00e1s religiosos, particularmente evang\u00e9licos.<\/span><\/p>\n<p><span style=\"font-weight: 400;\">Por otro lado, quienes expresan adhesi\u00f3n al ex presidente <\/span><b>Lula Da Silva<\/b><span style=\"font-weight: 400;\"> manifiestan su inter\u00e9s por un giro ideol\u00f3gico en el pa\u00eds que implique un alejamiento de las pol\u00edticas conservadoras y neoliberales de la actual gesti\u00f3n. Se trata de un p\u00fablico que apoya al ex mandatario desde un posicionamiento progresista y, en otros casos, desde la esperanza de una mejor\u00eda econ\u00f3mica y laboral en el pa\u00eds.<\/span><\/p><p><span style=\"font-weight: 400;\">Algunos sostienen que Bolsonaro ha desarrollado un modelo de aislamiento del mundo, asociado a su alineamiento con facciones y gobiernos ultraconservadores, que es necesario revertir y Lula representa una opci\u00f3n viable en este sentido.&nbsp;<\/span><\/p>\n<p><span style=\"font-weight: 400;\">Otras cr\u00edticas frecuentes a la actual gesti\u00f3n incluyen el estilo de pol\u00edticas medio ambientales con escaso cuidado de los recursos naturales en general, y del Amazonas en particular, y la postura irresponsable asumida frente a la pandemia por COVID-19 y la campa\u00f1a de vacunaci\u00f3n.<\/span><\/p><p><span style=\"font-weight: 400;\">Es notorio el apoyo que recibe por parte de sectores m\u00e1s acad\u00e9micos, en el \u00e1mbito universitario, y entre quienes se desempe\u00f1an en las esferas de las ciencias sociales. En este grupo se vive el actual momento con gran expectativa e ilusi\u00f3n de un resultado favorable, algo que se manifiesta en numerosas expresiones p\u00fablicas y una militancia activa en las calles brasile\u00f1as.<\/span><\/p>\n<p><span style=\"font-weight: 400;\">Finalmente, quienes no apoyar\u00edan a ninguna de las dos opciones mencionadas, optando por <\/span><b>otros candidatos<\/b><span style=\"font-weight: 400;\">, lo hacen desde la idea de descontento tanto con Lula como con Bolsonaro, quienes no han cumplido con sus promesas ni han mostrado pol\u00edticas que repercutan en mejoras en sus condiciones econ\u00f3micas personales.<\/span><\/p>\t\t\t\t\t\t\t\t<\/div>\n\t\t\t\t\t<\/div>\n\t\t<\/div>\n\t\t\t\t\t<\/div>\n\t\t<\/section>\n\t\t\t\t<section class=\"elementor-section elementor-top-section elementor-element elementor-element-b28ac47 elementor-section-height-min-height elementor-section-boxed elementor-section-height-default elementor-section-items-middle\" data-id=\"b28ac47\" data-element_type=\"section\" data-e-type=\"section\" data-settings=\"{&quot;background_background&quot;:&quot;classic&quot;}\">\n\t\t\t\t\t\t\t<div class=\"elementor-background-overlay\"><\/div>\n\t\t\t\t\t\t\t<div class=\"elementor-container elementor-column-gap-default\">\n\t\t\t\t\t<div class=\"elementor-column elementor-col-100 elementor-top-column elementor-element elementor-element-88fba06\" data-id=\"88fba06\" data-element_type=\"column\" data-e-type=\"column\">\n\t\t\t<div class=\"elementor-widget-wrap elementor-element-populated\">\n\t\t\t\t\t\t<div class=\"elementor-element elementor-element-7e65226 elementor-widget elementor-widget-heading\" data-id=\"7e65226\" data-element_type=\"widget\" data-e-type=\"widget\" data-widget_type=\"heading.default\">\n\t\t\t\t\t<h2 class=\"elementor-heading-title elementor-size-large\">Seguinos en nuestras redes<\/h2>\t\t\t\t<\/div>\n\t\t\t\t<div class=\"elementor-element elementor-element-c37b7ef elementor-shape-circle e-grid-align-tablet-center e-grid-align-mobile-center e-grid-align-left elementor-grid-0 elementor-widget elementor-widget-social-icons\" data-id=\"c37b7ef\" data-element_type=\"widget\" data-e-type=\"widget\" data-widget_type=\"social-icons.default\">\n\t\t\t\t\t\t\t<div class=\"elementor-social-icons-wrapper elementor-grid\" role=\"list\">\n\t\t\t\t\t\t\t<span class=\"elementor-grid-item\" role=\"listitem\">\n\t\t\t\t\t<a class=\"elementor-icon elementor-social-icon elementor-social-icon-facebook-f elementor-repeater-item-lf5yt4c\" href=\"https:\/\/www.facebook.com\/ConsultoraDelfos\" target=\"_blank\">\n\t\t\t\t\t\t<span class=\"elementor-screen-only\">Facebook-f<\/span>\n\t\t\t\t\t\t<i aria-hidden=\"true\" class=\"fab fa-facebook-f\"><\/i>\t\t\t\t\t<\/a>\n\t\t\t\t<\/span>\n\t\t\t\t\t\t\t<span class=\"elementor-grid-item\" role=\"listitem\">\n\t\t\t\t\t<a class=\"elementor-icon elementor-social-icon elementor-social-icon-twitter elementor-repeater-item-01xie82\" href=\"https:\/\/twitter.com\/delfoscba\" target=\"_blank\">\n\t\t\t\t\t\t<span class=\"elementor-screen-only\">Twitter<\/span>\n\t\t\t\t\t\t<i aria-hidden=\"true\" class=\"fab fa-twitter\"><\/i>\t\t\t\t\t<\/a>\n\t\t\t\t<\/span>\n\t\t\t\t\t\t\t<span class=\"elementor-grid-item\" role=\"listitem\">\n\t\t\t\t\t<a class=\"elementor-icon elementor-social-icon elementor-social-icon-linkedin elementor-repeater-item-grhvqhn\" target=\"_blank\">\n\t\t\t\t\t\t<span class=\"elementor-screen-only\">Linkedin<\/span>\n\t\t\t\t\t\t<i aria-hidden=\"true\" class=\"fab fa-linkedin\"><\/i>\t\t\t\t\t<\/a>\n\t\t\t\t<\/span>\n\t\t\t\t\t<\/div>\n\t\t\t\t\t\t<\/div>\n\t\t\t\t\t<\/div>\n\t\t<\/div>\n\t\t\t\t\t<\/div>\n\t\t<\/section>\n\t\t\t\t<\/div>\n\t\t","protected":false},"excerpt":{"rendered":"<p>Revisamos las principales encuestas y la opini\u00f3n de los brasile\u00f1os de primera mano<\/p>\n","protected":false},"author":1,"featured_media":13275,"comment_status":"open","ping_status":"open","sticky":false,"template":"","format":"standard","meta":{"_acf_changed":false,"footnotes":""},"categories":[464],"tags":[471,489,39,740,491,40,38,128,35,169,230,726,742,34,741,188,56,488,432],"class_list":["post-13274","post","type-post","status-publish","format-standard","has-post-thumbnail","hentry","category-internacional","tag-471","tag-america-latina","tag-argentina","tag-bolsonaro","tag-brasil","tag-consultora","tag-cordoba","tag-delfos","tag-edad","tag-educacion","tag-estadistica","tag-estado","tag-evangelicos","tag-jose-gangi","tag-lula","tag-opinion-publica","tag-politica","tag-sudamerica","tag-viviana-jara","et-has-post-format-content","et_post_format-et-post-format-standard"],"acf":[],"_links":{"self":[{"href":"https:\/\/delfoscba.com.ar\/dev\/wp-json\/wp\/v2\/posts\/13274","targetHints":{"allow":["GET"]}}],"collection":[{"href":"https:\/\/delfoscba.com.ar\/dev\/wp-json\/wp\/v2\/posts"}],"about":[{"href":"https:\/\/delfoscba.com.ar\/dev\/wp-json\/wp\/v2\/types\/post"}],"author":[{"embeddable":true,"href":"https:\/\/delfoscba.com.ar\/dev\/wp-json\/wp\/v2\/users\/1"}],"replies":[{"embeddable":true,"href":"https:\/\/delfoscba.com.ar\/dev\/wp-json\/wp\/v2\/comments?post=13274"}],"version-history":[{"count":18,"href":"https:\/\/delfoscba.com.ar\/dev\/wp-json\/wp\/v2\/posts\/13274\/revisions"}],"predecessor-version":[{"id":13309,"href":"https:\/\/delfoscba.com.ar\/dev\/wp-json\/wp\/v2\/posts\/13274\/revisions\/13309"}],"wp:featuredmedia":[{"embeddable":true,"href":"https:\/\/delfoscba.com.ar\/dev\/wp-json\/wp\/v2\/media\/13275"}],"wp:attachment":[{"href":"https:\/\/delfoscba.com.ar\/dev\/wp-json\/wp\/v2\/media?parent=13274"}],"wp:term":[{"taxonomy":"category","embeddable":true,"href":"https:\/\/delfoscba.com.ar\/dev\/wp-json\/wp\/v2\/categories?post=13274"},{"taxonomy":"post_tag","embeddable":true,"href":"https:\/\/delfoscba.com.ar\/dev\/wp-json\/wp\/v2\/tags?post=13274"}],"curies":[{"name":"wp","href":"https:\/\/api.w.org\/{rel}","templated":true}]}}