{"id":13342,"date":"2022-09-21T19:37:01","date_gmt":"2022-09-21T19:37:01","guid":{"rendered":"https:\/\/delfoscba.com.ar\/\/dev\/\/?p=13342"},"modified":"2022-09-21T19:41:29","modified_gmt":"2022-09-21T19:41:29","slug":"las-paso-un-mecanismo-de-seleccion-y-control-de-la-politica","status":"publish","type":"post","link":"https:\/\/delfoscba.com.ar\/dev\/politica\/las-paso-un-mecanismo-de-seleccion-y-control-de-la-politica\/","title":{"rendered":"Las PASO: un mecanismo de selecci\u00f3n y control de la pol\u00edtica"},"content":{"rendered":"\t\t<div data-elementor-type=\"wp-post\" data-elementor-id=\"13342\" class=\"elementor elementor-13342\" data-elementor-post-type=\"post\">\n\t\t\t\t\t\t<section class=\"elementor-section elementor-top-section elementor-element elementor-element-41498b4 elementor-section-height-min-height elementor-section-boxed elementor-section-height-default elementor-section-items-middle\" data-id=\"41498b4\" data-element_type=\"section\" data-e-type=\"section\" data-settings=\"{&quot;background_background&quot;:&quot;classic&quot;}\">\n\t\t\t\t\t\t\t<div class=\"elementor-background-overlay\"><\/div>\n\t\t\t\t\t\t\t<div class=\"elementor-container elementor-column-gap-no\">\n\t\t\t\t\t<div class=\"elementor-column elementor-col-100 elementor-top-column elementor-element elementor-element-a18ac89\" data-id=\"a18ac89\" data-element_type=\"column\" data-e-type=\"column\">\n\t\t\t<div class=\"elementor-widget-wrap elementor-element-populated\">\n\t\t\t\t\t\t<div class=\"elementor-element elementor-element-e493600 elementor-widget elementor-widget-heading\" data-id=\"e493600\" data-element_type=\"widget\" data-e-type=\"widget\" data-widget_type=\"heading.default\">\n\t\t\t\t\t<h2 class=\"elementor-heading-title elementor-size-large\">POL\u00cdTICA<\/h2>\t\t\t\t<\/div>\n\t\t\t\t\t<\/div>\n\t\t<\/div>\n\t\t\t\t\t<\/div>\n\t\t<\/section>\n\t\t\t\t<section class=\"elementor-section elementor-top-section elementor-element elementor-element-7dafb6e4 elementor-section-boxed elementor-section-height-default elementor-section-height-default\" data-id=\"7dafb6e4\" data-element_type=\"section\" data-e-type=\"section\">\n\t\t\t\t\t\t<div class=\"elementor-container elementor-column-gap-default\">\n\t\t\t\t\t<div class=\"elementor-column elementor-col-100 elementor-top-column elementor-element elementor-element-38ae5a14\" data-id=\"38ae5a14\" data-element_type=\"column\" data-e-type=\"column\">\n\t\t\t<div class=\"elementor-widget-wrap elementor-element-populated\">\n\t\t\t\t\t\t<div class=\"elementor-element elementor-element-f8a3207 elementor-widget elementor-widget-author-box\" data-id=\"f8a3207\" data-element_type=\"widget\" data-e-type=\"widget\" data-widget_type=\"author-box.default\">\n\t\t\t\t\t\t\t<div class=\"elementor-author-box\">\n\t\t\t\t\t\t\t<a href=\"https:\/\/delfoscba.com.ar\/\/dev\/\/nosotros\/\" class=\"elementor-author-box__avatar\">\n\t\t\t\t\t<img decoding=\"async\" src=\"https:\/\/delfoscba.com.ar\/dev\/wp-content\/uploads\/2021\/02\/luis-250x250-1.jpg\" alt=\"Picture of Luis Dall&#039;Aglio\" loading=\"lazy\">\n\t\t\t\t<\/a>\n\t\t\t\n\t\t\t<div class=\"elementor-author-box__text\">\n\t\t\t\t\t\t\t\t\t<a href=\"https:\/\/delfoscba.com.ar\/\/dev\/\/nosotros\/\">\n\t\t\t\t\t\t<h4 class=\"elementor-author-box__name\">\n\t\t\t\t\t\t\tLuis Dall'Aglio\t\t\t\t\t\t<\/h4>\n\t\t\t\t\t<\/a>\n\t\t\t\t\n\t\t\t\t\t\t\t\t\t<div class=\"elementor-author-box__bio\">\n\t\t\t\t\t\t<p>Director<\/p>\n\t\t\t\t\t<\/div>\n\t\t\t\t\n\t\t\t\t\t\t\t<\/div>\n\t\t<\/div>\n\t\t\t\t\t\t<\/div>\n\t\t\t\t<div class=\"elementor-element elementor-element-7aefe4b4 elementor-widget elementor-widget-text-editor\" data-id=\"7aefe4b4\" data-element_type=\"widget\" data-e-type=\"widget\" data-widget_type=\"text-editor.default\">\n\t\t\t\t\t\t\t\t\t<p>Una r\u00e1pida mirada sobre la experiencia con las elecciones PASO desde su creaci\u00f3n por ley en 2009, permite arribar a algunas conclusiones, y arriesgar una posici\u00f3n respecto de su eliminaci\u00f3n o no, tal como hoy se plantea desde algunos sectores de la pol\u00edtica nacional.\u00a0<\/p><p>Por un lado, si se analiza la participaci\u00f3n, siempre concitaron una alta concurrencia. En promedio, el 74 por ciento de los argentinos asistieron a la convocatoria electoral. A su vez, hay que marcar que en 10 a\u00f1os la participaci\u00f3n cay\u00f3 casi 11 puntos, si se hace una observaci\u00f3n lineal.<\/p><p><a href=\"https:\/\/delfoscba.com.ar\/\/dev\/\/wp-content\/uploads\/2022\/09\/FEED-17.png\"><img fetchpriority=\"high\" decoding=\"async\" class=\"aligncenter wp-image-13347 size-large\" src=\"https:\/\/delfoscba.com.ar\/\/dev\/\/wp-content\/uploads\/2022\/09\/FEED-17-1021x1024.png\" alt=\"\" width=\"1021\" height=\"1024\" srcset=\"https:\/\/delfoscba.com.ar\/dev\/wp-content\/uploads\/2022\/09\/FEED-17-1021x1024.png 1021w, https:\/\/delfoscba.com.ar\/dev\/wp-content\/uploads\/2022\/09\/FEED-17-300x300.png 300w, https:\/\/delfoscba.com.ar\/dev\/wp-content\/uploads\/2022\/09\/FEED-17-150x150.png 150w, https:\/\/delfoscba.com.ar\/dev\/wp-content\/uploads\/2022\/09\/FEED-17-768x770.png 768w, https:\/\/delfoscba.com.ar\/dev\/wp-content\/uploads\/2022\/09\/FEED-17-1080x1083.png 1080w, https:\/\/delfoscba.com.ar\/dev\/wp-content\/uploads\/2022\/09\/FEED-17-440x440.png 440w, https:\/\/delfoscba.com.ar\/dev\/wp-content\/uploads\/2022\/09\/FEED-17.png 1083w\" sizes=\"(max-width: 1021px) 100vw, 1021px\" \/><\/a><\/p><p>Pero si se compara en funci\u00f3n de la naturaleza de cada elecci\u00f3n (para comparar Peras con Peras), las presidenciales cayeron en el mismo per\u00edodo, el 2,26 por ciento, y en el caso de las legislativas, un nueve por ciento.\u00a0<\/p><p>Resulta importante remarcar esto porque dicha conducta muestra que, a pesar del enojo con la pol\u00edtica, la sociedad ratifica su compromiso c\u00edvico con la democracia y entiende que el voto no solo es una herramienta para elegir (o seleccionar) candidatos, sino tambi\u00e9n para condicionar la realidad pol\u00edtica sobre la que, en caso contrario, solo tienen poder los pol\u00edticos.<\/p><p>Eso se explica por la forma en que la realidad pol\u00edtica fue cambiando desde la existencia de las PASO. En estos a\u00f1os, por el escenario nacional, fueron cambiando los gobiernos, vieron condicionado su poder y se obligaron a ratificar rumbos.\u00a0<\/p><p>As\u00ed, la dirigencia se enfrent\u00f3 a un mecanismo de control sistem\u00e1tico cada dos a\u00f1os en los que el poder pol\u00edtico debe pasar por las urnas para revalidar su legitimidad en funci\u00f3n de lo hecho hasta ese momento. Esto es, mientras para la pol\u00edtica las PASO son una forma de resolver internas, para la sociedad tambi\u00e9n una instancia de corregir rumbos. Sobre todo, para corroborar que las promesas de campa\u00f1a se cumplan.\u00a0\u00a0<\/p><p>Las PASO son, entonces, tambi\u00e9n una herramienta que tiene la sociedad para controlar el rumbo de las gestiones. Aparece como un error entender que las PASO son un gasto, sobre todo, si la sociedad -con su amplia participaci\u00f3n en esos comicios a lo largo de los a\u00f1os- pareciera no considerarlo as\u00ed; es invertir en m\u00e1s Democracia.\u00a0<\/p><p>Los que quieren eliminarla utilizan este argumento (nadie puede querer que la gente no vote), porque \u2013pareciera- les molesta el control social de los ciclos pol\u00edticos.<\/p><p>A su vez, s\u00f3lo basta observar el derrotero de la pol\u00edtica desde que las PASO se crearon por ley en 2009.<\/p><p>En 2011 Cristina consagr\u00f3 su candidatura presidencial por m\u00e1s del 50 por ciento de los votos. Algo que posteriormente fue ratificado en la elecci\u00f3n nacional con el 54 por ciento de los votos. La sociedad acompa\u00f1\u00f3 contundentemente la situaci\u00f3n pol\u00edtica del pa\u00eds.<\/p><p>Es cierto que tambi\u00e9n llev\u00f3 a la ex presidente a creer que ese triunfo era un empoderamiento absoluto al lanzar la consigna \u201cahora vamos por todo\u2026\u201d, sin entender que el poder est\u00e1 en el voto y su capacidad de legitimar o no a los dirigentes.<\/p><p>Por eso, tan solo dos a\u00f1os despu\u00e9s en las elecciones legislativas del 11 de agosto de 2013 el Frente para la Victoria cay\u00f3 poco m\u00e1s del 20 puntos en el acompa\u00f1amiento electoral. Cierto es, que se trat\u00f3 de elecciones distintas (una fue presidencial, esta legislativa), pero en favor de los comicios de medio t\u00e9rmino hay que se\u00f1alar que se convierten en una instancia muy importante porque es el momento en que se equilibran las fuerzas en el Congreso.<\/p><p>Pero tambi\u00e9n esa elecci\u00f3n marc\u00f3 el comienzo de un proceso de fragmentaci\u00f3n de la oferta electoral marcando la debilidad representativa de la pol\u00edtica y la creaci\u00f3n de nuevas coaliciones (m\u00e1s electorales que de gobierno) que oblig\u00f3 a la pol\u00edtica a buscar acuerdos para ingresar en la sinton\u00eda de la poblaci\u00f3n.\u00a0<\/p><p>Mauricio Macri se sorprendi\u00f3 cuando en 2015 su fuerza logr\u00f3 un resultado que, entre otras cosas, consagr\u00f3 a Mar\u00eda Eugenia Vidal como gobernadora de la provincia de Buenos Aires, y posteriormente a \u00e9l en la Casa Rosada.<\/p><p>Pero su legitimidad se evapor\u00f3 r\u00e1pidamente, hecho que qued\u00f3 plasmado en las PASO de 2019 para presidente, y consagr\u00f3 una nueva versi\u00f3n del Frente de Todos, que a esta altura, tambi\u00e9n est\u00e1 en crisis. Alberto Fern\u00e1ndez y Cristina Fern\u00e1ndez sintieron en carne propia el peso del voto castigo de los comicios en setiembre del a\u00f1o pasado.<\/p><p>Las elecciones est\u00e1n marcando hace tiempo, que la sociedad \u00abusa\u00bb los comicios m\u00e1s que para elegir, para descartar figuras que ya no tienen utilidad para sus intereses. Esto es, con el voto busca desarmar un andamiaje de poder que llev\u00f3 a la Argentina a una crisis general.<\/p><p>Es cierto: entre 2013 y 2021 pasaron por el escenario pol\u00edtico distintas figuras que se repiten pero que, cada vez tienen menos margen, que se expresa en los cortos per\u00edodos de vigencia y legitimidad en el poder.\u00a0 \u00a0<\/p><p>Eliminar las PASO se constituir\u00eda en el triunfo de la mediocridad pol\u00edtica sobre la Democracia, que le quitar\u00eda a la sociedad, precisamente, la posibilidad del protagonismo pol\u00edtico que al poder le molesta tanto.<\/p>\t\t\t\t\t\t\t\t<\/div>\n\t\t\t\t\t<\/div>\n\t\t<\/div>\n\t\t\t\t\t<\/div>\n\t\t<\/section>\n\t\t\t\t<section class=\"elementor-section elementor-top-section elementor-element elementor-element-b28ac47 elementor-section-height-min-height elementor-section-boxed elementor-section-height-default elementor-section-items-middle\" data-id=\"b28ac47\" data-element_type=\"section\" data-e-type=\"section\" data-settings=\"{&quot;background_background&quot;:&quot;classic&quot;}\">\n\t\t\t\t\t\t\t<div class=\"elementor-background-overlay\"><\/div>\n\t\t\t\t\t\t\t<div class=\"elementor-container elementor-column-gap-default\">\n\t\t\t\t\t<div class=\"elementor-column elementor-col-100 elementor-top-column elementor-element elementor-element-88fba06\" data-id=\"88fba06\" data-element_type=\"column\" data-e-type=\"column\">\n\t\t\t<div class=\"elementor-widget-wrap elementor-element-populated\">\n\t\t\t\t\t\t<div class=\"elementor-element elementor-element-7e65226 elementor-widget elementor-widget-heading\" data-id=\"7e65226\" data-element_type=\"widget\" data-e-type=\"widget\" data-widget_type=\"heading.default\">\n\t\t\t\t\t<h2 class=\"elementor-heading-title elementor-size-large\">Seguinos en nuestras redes<\/h2>\t\t\t\t<\/div>\n\t\t\t\t<div class=\"elementor-element elementor-element-c37b7ef elementor-shape-circle e-grid-align-tablet-center e-grid-align-mobile-center e-grid-align-left elementor-grid-0 elementor-widget elementor-widget-social-icons\" data-id=\"c37b7ef\" data-element_type=\"widget\" data-e-type=\"widget\" data-widget_type=\"social-icons.default\">\n\t\t\t\t\t\t\t<div class=\"elementor-social-icons-wrapper elementor-grid\" role=\"list\">\n\t\t\t\t\t\t\t<span class=\"elementor-grid-item\" role=\"listitem\">\n\t\t\t\t\t<a class=\"elementor-icon elementor-social-icon elementor-social-icon-facebook-f elementor-repeater-item-lf5yt4c\" href=\"https:\/\/www.facebook.com\/ConsultoraDelfos\" target=\"_blank\">\n\t\t\t\t\t\t<span class=\"elementor-screen-only\">Facebook-f<\/span>\n\t\t\t\t\t\t<i aria-hidden=\"true\" class=\"fab fa-facebook-f\"><\/i>\t\t\t\t\t<\/a>\n\t\t\t\t<\/span>\n\t\t\t\t\t\t\t<span class=\"elementor-grid-item\" role=\"listitem\">\n\t\t\t\t\t<a class=\"elementor-icon elementor-social-icon elementor-social-icon-twitter elementor-repeater-item-01xie82\" href=\"https:\/\/twitter.com\/delfoscba\" target=\"_blank\">\n\t\t\t\t\t\t<span class=\"elementor-screen-only\">Twitter<\/span>\n\t\t\t\t\t\t<i aria-hidden=\"true\" class=\"fab fa-twitter\"><\/i>\t\t\t\t\t<\/a>\n\t\t\t\t<\/span>\n\t\t\t\t\t\t\t<span class=\"elementor-grid-item\" role=\"listitem\">\n\t\t\t\t\t<a class=\"elementor-icon elementor-social-icon elementor-social-icon-linkedin elementor-repeater-item-grhvqhn\" target=\"_blank\">\n\t\t\t\t\t\t<span class=\"elementor-screen-only\">Linkedin<\/span>\n\t\t\t\t\t\t<i aria-hidden=\"true\" class=\"fab fa-linkedin\"><\/i>\t\t\t\t\t<\/a>\n\t\t\t\t<\/span>\n\t\t\t\t\t<\/div>\n\t\t\t\t\t\t<\/div>\n\t\t\t\t\t<\/div>\n\t\t<\/div>\n\t\t\t\t\t<\/div>\n\t\t<\/section>\n\t\t\t\t<\/div>\n\t\t","protected":false},"excerpt":{"rendered":"<p>Las elecciones est\u00e1n marcando hace tiempo, que la sociedad \u00abusa\u00bb los comicios m\u00e1s que para elegir, para descartar figuras<\/p>\n","protected":false},"author":1,"featured_media":11829,"comment_status":"open","ping_status":"open","sticky":false,"template":"","format":"standard","meta":{"_acf_changed":false,"footnotes":""},"categories":[3],"tags":[471,526,453,39,244,258,307,40,38,264,128,246,230,454,369,718,354,743,180,356,351,140,417,259,569,188,721,247,56,161,717,31,357],"class_list":["post-13342","post","type-post","status-publish","format-standard","has-post-thumbnail","hentry","category-politica","tag-471","tag-526","tag-alberto","tag-argentina","tag-buenos-aires","tag-bullrich","tag-cfk","tag-consultora","tag-cordoba","tag-cristina","tag-delfos","tag-encuestas","tag-estadistica","tag-fernandez","tag-frente-de-todos","tag-intencion-de-voto","tag-juntos-por-el-cambio","tag-jxc","tag-kirchner","tag-larreta","tag-luis-dallaglio","tag-macri","tag-manes","tag-massa","tag-milei","tag-opinion-publica","tag-oportunidades","tag-paso","tag-politica","tag-politicos","tag-sergio","tag-sociedad","tag-vidal","et-has-post-format-content","et_post_format-et-post-format-standard"],"acf":[],"_links":{"self":[{"href":"https:\/\/delfoscba.com.ar\/dev\/wp-json\/wp\/v2\/posts\/13342","targetHints":{"allow":["GET"]}}],"collection":[{"href":"https:\/\/delfoscba.com.ar\/dev\/wp-json\/wp\/v2\/posts"}],"about":[{"href":"https:\/\/delfoscba.com.ar\/dev\/wp-json\/wp\/v2\/types\/post"}],"author":[{"embeddable":true,"href":"https:\/\/delfoscba.com.ar\/dev\/wp-json\/wp\/v2\/users\/1"}],"replies":[{"embeddable":true,"href":"https:\/\/delfoscba.com.ar\/dev\/wp-json\/wp\/v2\/comments?post=13342"}],"version-history":[{"count":7,"href":"https:\/\/delfoscba.com.ar\/dev\/wp-json\/wp\/v2\/posts\/13342\/revisions"}],"predecessor-version":[{"id":13350,"href":"https:\/\/delfoscba.com.ar\/dev\/wp-json\/wp\/v2\/posts\/13342\/revisions\/13350"}],"wp:featuredmedia":[{"embeddable":true,"href":"https:\/\/delfoscba.com.ar\/dev\/wp-json\/wp\/v2\/media\/11829"}],"wp:attachment":[{"href":"https:\/\/delfoscba.com.ar\/dev\/wp-json\/wp\/v2\/media?parent=13342"}],"wp:term":[{"taxonomy":"category","embeddable":true,"href":"https:\/\/delfoscba.com.ar\/dev\/wp-json\/wp\/v2\/categories?post=13342"},{"taxonomy":"post_tag","embeddable":true,"href":"https:\/\/delfoscba.com.ar\/dev\/wp-json\/wp\/v2\/tags?post=13342"}],"curies":[{"name":"wp","href":"https:\/\/api.w.org\/{rel}","templated":true}]}}