{"id":13393,"date":"2022-10-04T14:40:14","date_gmt":"2022-10-04T14:40:14","guid":{"rendered":"https:\/\/delfoscba.com.ar\/\/dev\/\/?p=13393"},"modified":"2022-10-04T14:46:40","modified_gmt":"2022-10-04T14:46:40","slug":"los-mejores-presidentes-de-la-democracia-para-los-cordobeses-alfonsin-y-nestor","status":"publish","type":"post","link":"https:\/\/delfoscba.com.ar\/dev\/politica\/los-mejores-presidentes-de-la-democracia-para-los-cordobeses-alfonsin-y-nestor\/","title":{"rendered":"Los mejores presidentes de la democracia para los cordobeses: Alfons\u00edn y N\u00e9stor"},"content":{"rendered":"\t\t<div data-elementor-type=\"wp-post\" data-elementor-id=\"13393\" class=\"elementor elementor-13393\" data-elementor-post-type=\"post\">\n\t\t\t\t\t\t<section class=\"elementor-section elementor-top-section elementor-element elementor-element-41498b4 elementor-section-height-min-height elementor-section-boxed elementor-section-height-default elementor-section-items-middle\" data-id=\"41498b4\" data-element_type=\"section\" data-e-type=\"section\" data-settings=\"{&quot;background_background&quot;:&quot;classic&quot;}\">\n\t\t\t\t\t\t\t<div class=\"elementor-background-overlay\"><\/div>\n\t\t\t\t\t\t\t<div class=\"elementor-container elementor-column-gap-no\">\n\t\t\t\t\t<div class=\"elementor-column elementor-col-100 elementor-top-column elementor-element elementor-element-a18ac89\" data-id=\"a18ac89\" data-element_type=\"column\" data-e-type=\"column\">\n\t\t\t<div class=\"elementor-widget-wrap elementor-element-populated\">\n\t\t\t\t\t\t<div class=\"elementor-element elementor-element-e493600 elementor-widget elementor-widget-heading\" data-id=\"e493600\" data-element_type=\"widget\" data-e-type=\"widget\" data-widget_type=\"heading.default\">\n\t\t\t\t\t<h2 class=\"elementor-heading-title elementor-size-large\">POL\u00cdTICA<\/h2>\t\t\t\t<\/div>\n\t\t\t\t\t<\/div>\n\t\t<\/div>\n\t\t\t\t\t<\/div>\n\t\t<\/section>\n\t\t\t\t<section class=\"elementor-section elementor-top-section elementor-element elementor-element-7dafb6e4 elementor-section-boxed elementor-section-height-default elementor-section-height-default\" data-id=\"7dafb6e4\" data-element_type=\"section\" data-e-type=\"section\">\n\t\t\t\t\t\t<div class=\"elementor-container elementor-column-gap-default\">\n\t\t\t\t\t<div class=\"elementor-column elementor-col-100 elementor-top-column elementor-element elementor-element-38ae5a14\" data-id=\"38ae5a14\" data-element_type=\"column\" data-e-type=\"column\">\n\t\t\t<div class=\"elementor-widget-wrap elementor-element-populated\">\n\t\t\t\t\t\t<div class=\"elementor-element elementor-element-f8a3207 elementor-widget elementor-widget-author-box\" data-id=\"f8a3207\" data-element_type=\"widget\" data-e-type=\"widget\" data-widget_type=\"author-box.default\">\n\t\t\t\t\t\t\t<div class=\"elementor-author-box\">\n\t\t\t\t\t\t\t<a href=\"https:\/\/delfoscba.com.ar\/\/dev\/\/nosotros\/\" class=\"elementor-author-box__avatar\">\n\t\t\t\t\t<img decoding=\"async\" src=\"https:\/\/delfoscba.com.ar\/dev\/wp-content\/uploads\/2021\/03\/eia-1.png\" alt=\"Picture of Jos\u00e9 Gangi\" loading=\"lazy\">\n\t\t\t\t<\/a>\n\t\t\t\n\t\t\t<div class=\"elementor-author-box__text\">\n\t\t\t\t\t\t\t\t\t<a href=\"https:\/\/delfoscba.com.ar\/\/dev\/\/nosotros\/\">\n\t\t\t\t\t\t<h4 class=\"elementor-author-box__name\">\n\t\t\t\t\t\t\tJos\u00e9 Gangi\t\t\t\t\t\t<\/h4>\n\t\t\t\t\t<\/a>\n\t\t\t\t\n\t\t\t\t\t\t\t\t\t<div class=\"elementor-author-box__bio\">\n\t\t\t\t\t\t<p>Edici\u00f3n y An\u00e1lisis de informes<\/p>\n\t\t\t\t\t<\/div>\n\t\t\t\t\n\t\t\t\t\t\t\t<\/div>\n\t\t<\/div>\n\t\t\t\t\t\t<\/div>\n\t\t\t\t<div class=\"elementor-element elementor-element-7aefe4b4 elementor-widget elementor-widget-text-editor\" data-id=\"7aefe4b4\" data-element_type=\"widget\" data-e-type=\"widget\" data-widget_type=\"text-editor.default\">\n\t\t\t\t\t\t\t\t\t<p>Si existe una figura representativa del poder en nuestro pa\u00eds, fruto de un sistema presidencialista y una larga historia de representaciones personalistas, es el presidente.<\/p><p>A casi 40 a\u00f1os del retorno de la democracia a nuestro pa\u00eds, decidimos a preguntarles a 1.800 cordobeses de toda la provincia qui\u00e9n fue el mejor presidente de este per\u00edodo. A su vez, nos ocupamos de comparar estos datos con los obtenidos en el a\u00f1o 2001 y abrir la informaci\u00f3n actual por la edad y el g\u00e9nero de los\/as encuestados\/as.<\/p><p><a href=\"https:\/\/delfoscba.com.ar\/\/dev\/\/wp-content\/uploads\/2022\/10\/WhatsApp-Image-2022-09-28-at-13.06.53.jpeg\"><img fetchpriority=\"high\" decoding=\"async\" class=\"aligncenter wp-image-13400 size-large\" src=\"https:\/\/delfoscba.com.ar\/\/dev\/\/wp-content\/uploads\/2022\/10\/WhatsApp-Image-2022-09-28-at-13.06.53-1024x1024.jpeg\" alt=\"\" width=\"1024\" height=\"1024\" srcset=\"https:\/\/delfoscba.com.ar\/dev\/wp-content\/uploads\/2022\/10\/WhatsApp-Image-2022-09-28-at-13.06.53-1024x1024.jpeg 1024w, https:\/\/delfoscba.com.ar\/dev\/wp-content\/uploads\/2022\/10\/WhatsApp-Image-2022-09-28-at-13.06.53-300x300.jpeg 300w, https:\/\/delfoscba.com.ar\/dev\/wp-content\/uploads\/2022\/10\/WhatsApp-Image-2022-09-28-at-13.06.53-150x150.jpeg 150w, https:\/\/delfoscba.com.ar\/dev\/wp-content\/uploads\/2022\/10\/WhatsApp-Image-2022-09-28-at-13.06.53-768x769.jpeg 768w, https:\/\/delfoscba.com.ar\/dev\/wp-content\/uploads\/2022\/10\/WhatsApp-Image-2022-09-28-at-13.06.53-1080x1081.jpeg 1080w, https:\/\/delfoscba.com.ar\/dev\/wp-content\/uploads\/2022\/10\/WhatsApp-Image-2022-09-28-at-13.06.53-440x440.jpeg 440w, https:\/\/delfoscba.com.ar\/dev\/wp-content\/uploads\/2022\/10\/WhatsApp-Image-2022-09-28-at-13.06.53.jpeg 1083w\" sizes=\"(max-width: 1024px) 100vw, 1024px\" \/><\/a><\/p><p>Fruto de esta investigaci\u00f3n, surgi\u00f3 que Ra\u00fal Alfons\u00edn fue el m\u00e1s elegido como mejor presidente desde 1983 (25%), seguido por N\u00e9stor Kirchner con el 19% de las menciones y Carlos Sa\u00fal Menem con el 17%.<\/p><p><a href=\"https:\/\/delfoscba.com.ar\/\/dev\/\/wp-content\/uploads\/2022\/10\/WhatsApp-Image-2022-09-28-at-13.06.52-1.jpeg\"><img decoding=\"async\" class=\"aligncenter wp-image-13397 size-large\" src=\"https:\/\/delfoscba.com.ar\/\/dev\/\/wp-content\/uploads\/2022\/10\/WhatsApp-Image-2022-09-28-at-13.06.52-1-1024x1024.jpeg\" alt=\"\" width=\"1024\" height=\"1024\" srcset=\"https:\/\/delfoscba.com.ar\/dev\/wp-content\/uploads\/2022\/10\/WhatsApp-Image-2022-09-28-at-13.06.52-1-1024x1024.jpeg 1024w, https:\/\/delfoscba.com.ar\/dev\/wp-content\/uploads\/2022\/10\/WhatsApp-Image-2022-09-28-at-13.06.52-1-300x300.jpeg 300w, https:\/\/delfoscba.com.ar\/dev\/wp-content\/uploads\/2022\/10\/WhatsApp-Image-2022-09-28-at-13.06.52-1-150x150.jpeg 150w, https:\/\/delfoscba.com.ar\/dev\/wp-content\/uploads\/2022\/10\/WhatsApp-Image-2022-09-28-at-13.06.52-1-768x769.jpeg 768w, https:\/\/delfoscba.com.ar\/dev\/wp-content\/uploads\/2022\/10\/WhatsApp-Image-2022-09-28-at-13.06.52-1-1080x1081.jpeg 1080w, https:\/\/delfoscba.com.ar\/dev\/wp-content\/uploads\/2022\/10\/WhatsApp-Image-2022-09-28-at-13.06.52-1-440x440.jpeg 440w, https:\/\/delfoscba.com.ar\/dev\/wp-content\/uploads\/2022\/10\/WhatsApp-Image-2022-09-28-at-13.06.52-1.jpeg 1083w\" sizes=\"(max-width: 1024px) 100vw, 1024px\" \/><\/a><\/p><p>Si comparamos los datos actuales con los obtenidos en el a\u00f1o 2001, particularmente los de Menem, Alfons\u00edn y De la R\u00faa, podemos observar como Alfons\u00edn es el \u00fanico que logra mejorar su imagen con el paso de los a\u00f1os (de 22% a 25%). Tanto Menem (de 32% a 17%) como De la R\u00faa (14% a 1%), perdieron un gran caudal de adeptos ante esta pregunta.<\/p><p><a href=\"https:\/\/delfoscba.com.ar\/\/dev\/\/wp-content\/uploads\/2022\/10\/WhatsApp-Image-2022-09-28-at-13.06.53-1.jpeg\"><img decoding=\"async\" class=\"aligncenter wp-image-13399 size-large\" src=\"https:\/\/delfoscba.com.ar\/\/dev\/\/wp-content\/uploads\/2022\/10\/WhatsApp-Image-2022-09-28-at-13.06.53-1-1024x1024.jpeg\" alt=\"\" width=\"1024\" height=\"1024\" srcset=\"https:\/\/delfoscba.com.ar\/dev\/wp-content\/uploads\/2022\/10\/WhatsApp-Image-2022-09-28-at-13.06.53-1-1024x1024.jpeg 1024w, https:\/\/delfoscba.com.ar\/dev\/wp-content\/uploads\/2022\/10\/WhatsApp-Image-2022-09-28-at-13.06.53-1-300x300.jpeg 300w, https:\/\/delfoscba.com.ar\/dev\/wp-content\/uploads\/2022\/10\/WhatsApp-Image-2022-09-28-at-13.06.53-1-150x150.jpeg 150w, https:\/\/delfoscba.com.ar\/dev\/wp-content\/uploads\/2022\/10\/WhatsApp-Image-2022-09-28-at-13.06.53-1-768x769.jpeg 768w, https:\/\/delfoscba.com.ar\/dev\/wp-content\/uploads\/2022\/10\/WhatsApp-Image-2022-09-28-at-13.06.53-1-1080x1081.jpeg 1080w, https:\/\/delfoscba.com.ar\/dev\/wp-content\/uploads\/2022\/10\/WhatsApp-Image-2022-09-28-at-13.06.53-1-440x440.jpeg 440w, https:\/\/delfoscba.com.ar\/dev\/wp-content\/uploads\/2022\/10\/WhatsApp-Image-2022-09-28-at-13.06.53-1.jpeg 1083w\" sizes=\"(max-width: 1024px) 100vw, 1024px\" \/><\/a><\/p><p>Si a los datos actuales los desagregamos por edad, podemos observar marcadas diferencias entre la ponderaci\u00f3n realizada por los cordobeses menores de 49 a\u00f1os y la efectuada por aquellos de 50 a\u00f1os o m\u00e1s.<\/p><p><a href=\"https:\/\/delfoscba.com.ar\/\/dev\/\/wp-content\/uploads\/2022\/10\/WhatsApp-Image-2022-09-28-at-13.06.51.jpeg\"><img loading=\"lazy\" decoding=\"async\" class=\"aligncenter wp-image-13396 size-large\" src=\"https:\/\/delfoscba.com.ar\/\/dev\/\/wp-content\/uploads\/2022\/10\/WhatsApp-Image-2022-09-28-at-13.06.51-1024x1024.jpeg\" alt=\"\" width=\"1024\" height=\"1024\" srcset=\"https:\/\/delfoscba.com.ar\/dev\/wp-content\/uploads\/2022\/10\/WhatsApp-Image-2022-09-28-at-13.06.51-1024x1024.jpeg 1024w, https:\/\/delfoscba.com.ar\/dev\/wp-content\/uploads\/2022\/10\/WhatsApp-Image-2022-09-28-at-13.06.51-300x300.jpeg 300w, https:\/\/delfoscba.com.ar\/dev\/wp-content\/uploads\/2022\/10\/WhatsApp-Image-2022-09-28-at-13.06.51-150x150.jpeg 150w, https:\/\/delfoscba.com.ar\/dev\/wp-content\/uploads\/2022\/10\/WhatsApp-Image-2022-09-28-at-13.06.51-768x769.jpeg 768w, https:\/\/delfoscba.com.ar\/dev\/wp-content\/uploads\/2022\/10\/WhatsApp-Image-2022-09-28-at-13.06.51-1080x1081.jpeg 1080w, https:\/\/delfoscba.com.ar\/dev\/wp-content\/uploads\/2022\/10\/WhatsApp-Image-2022-09-28-at-13.06.51-440x440.jpeg 440w, https:\/\/delfoscba.com.ar\/dev\/wp-content\/uploads\/2022\/10\/WhatsApp-Image-2022-09-28-at-13.06.51.jpeg 1083w\" sizes=\"(max-width: 1024px) 100vw, 1024px\" \/><\/a><\/p><p>Entre los j\u00f3venes y los adultos j\u00f3venes, N\u00e9stor Kirchner es el predilecto. En cambio, entre los j\u00f3venes de 18 a 29 a\u00f1os de edad se impone con el 16% de las menciones por sobre Menem, Alfons\u00edn, Macri y Cristina que poseen cifras comprendidas entre los 11 y 12 puntos porcentuales, entre los adultos j\u00f3venes se impone con m\u00e1s firmeza con el 23%, seguido de Menem con el 21% y Alfons\u00edn con el 18%.<\/p><p><a href=\"https:\/\/delfoscba.com.ar\/\/dev\/\/wp-content\/uploads\/2022\/10\/WhatsApp-Image-2022-09-28-at-13.06.51-2.jpeg\"><img loading=\"lazy\" decoding=\"async\" class=\"aligncenter wp-image-13395 size-large\" src=\"https:\/\/delfoscba.com.ar\/\/dev\/\/wp-content\/uploads\/2022\/10\/WhatsApp-Image-2022-09-28-at-13.06.51-2-1024x1024.jpeg\" alt=\"\" width=\"1024\" height=\"1024\" srcset=\"https:\/\/delfoscba.com.ar\/dev\/wp-content\/uploads\/2022\/10\/WhatsApp-Image-2022-09-28-at-13.06.51-2-1024x1024.jpeg 1024w, https:\/\/delfoscba.com.ar\/dev\/wp-content\/uploads\/2022\/10\/WhatsApp-Image-2022-09-28-at-13.06.51-2-300x300.jpeg 300w, https:\/\/delfoscba.com.ar\/dev\/wp-content\/uploads\/2022\/10\/WhatsApp-Image-2022-09-28-at-13.06.51-2-150x150.jpeg 150w, https:\/\/delfoscba.com.ar\/dev\/wp-content\/uploads\/2022\/10\/WhatsApp-Image-2022-09-28-at-13.06.51-2-768x769.jpeg 768w, https:\/\/delfoscba.com.ar\/dev\/wp-content\/uploads\/2022\/10\/WhatsApp-Image-2022-09-28-at-13.06.51-2-1080x1081.jpeg 1080w, https:\/\/delfoscba.com.ar\/dev\/wp-content\/uploads\/2022\/10\/WhatsApp-Image-2022-09-28-at-13.06.51-2-440x440.jpeg 440w, https:\/\/delfoscba.com.ar\/dev\/wp-content\/uploads\/2022\/10\/WhatsApp-Image-2022-09-28-at-13.06.51-2.jpeg 1083w\" sizes=\"(max-width: 1024px) 100vw, 1024px\" \/><\/a><\/p><p>Si pasamos a analizar el caso de los adultos y los adultos mayores, Alfons\u00edn se impone de manera indiscutible. En el primer estrato, Alfons\u00edn alcanza el 41% de las menciones, seguido por Menem con el 22% y N\u00e9stor con 17%. En lo que respecta a los adultos mayores de 65 a\u00f1os, Alfons\u00edn es el elegido por el 45% de los cordobeses comprendidos en este segmento, seguido por N\u00e9stor con el 17% y Menem con el 12%.<\/p><p><a href=\"https:\/\/delfoscba.com.ar\/\/dev\/\/wp-content\/uploads\/2022\/10\/WhatsApp-Image-2022-09-28-at-13.06.51-1.jpeg\"><img loading=\"lazy\" decoding=\"async\" class=\"aligncenter wp-image-13394 size-large\" src=\"https:\/\/delfoscba.com.ar\/\/dev\/\/wp-content\/uploads\/2022\/10\/WhatsApp-Image-2022-09-28-at-13.06.51-1-1024x1024.jpeg\" alt=\"\" width=\"1024\" height=\"1024\" srcset=\"https:\/\/delfoscba.com.ar\/dev\/wp-content\/uploads\/2022\/10\/WhatsApp-Image-2022-09-28-at-13.06.51-1-1024x1024.jpeg 1024w, https:\/\/delfoscba.com.ar\/dev\/wp-content\/uploads\/2022\/10\/WhatsApp-Image-2022-09-28-at-13.06.51-1-300x300.jpeg 300w, https:\/\/delfoscba.com.ar\/dev\/wp-content\/uploads\/2022\/10\/WhatsApp-Image-2022-09-28-at-13.06.51-1-150x150.jpeg 150w, https:\/\/delfoscba.com.ar\/dev\/wp-content\/uploads\/2022\/10\/WhatsApp-Image-2022-09-28-at-13.06.51-1-768x769.jpeg 768w, https:\/\/delfoscba.com.ar\/dev\/wp-content\/uploads\/2022\/10\/WhatsApp-Image-2022-09-28-at-13.06.51-1-1080x1081.jpeg 1080w, https:\/\/delfoscba.com.ar\/dev\/wp-content\/uploads\/2022\/10\/WhatsApp-Image-2022-09-28-at-13.06.51-1-440x440.jpeg 440w, https:\/\/delfoscba.com.ar\/dev\/wp-content\/uploads\/2022\/10\/WhatsApp-Image-2022-09-28-at-13.06.51-1.jpeg 1083w\" sizes=\"(max-width: 1024px) 100vw, 1024px\" \/><\/a><\/p><p>En t\u00e9rminos de g\u00e9nero, las mujeres ponderan con mayor \u00e9nfasis a Alfons\u00edn que los hombres. En tanto, entre las mujeres Alfons\u00edn alcanza el 26% de las menciones y es seguido por Menem y N\u00e9stor con el 16% de las mismas cada uno, entre los hombres la figura de Alfons\u00edn (23%) apenas supera a la de N\u00e9stor (22%).<\/p><p><a href=\"https:\/\/delfoscba.com.ar\/\/dev\/\/wp-content\/uploads\/2022\/10\/WhatsApp-Image-2022-09-28-at-13.06.52.jpeg\"><img loading=\"lazy\" decoding=\"async\" class=\"aligncenter wp-image-13398 size-large\" src=\"https:\/\/delfoscba.com.ar\/\/dev\/\/wp-content\/uploads\/2022\/10\/WhatsApp-Image-2022-09-28-at-13.06.52-1024x1024.jpeg\" alt=\"\" width=\"1024\" height=\"1024\" srcset=\"https:\/\/delfoscba.com.ar\/dev\/wp-content\/uploads\/2022\/10\/WhatsApp-Image-2022-09-28-at-13.06.52-1024x1024.jpeg 1024w, https:\/\/delfoscba.com.ar\/dev\/wp-content\/uploads\/2022\/10\/WhatsApp-Image-2022-09-28-at-13.06.52-300x300.jpeg 300w, https:\/\/delfoscba.com.ar\/dev\/wp-content\/uploads\/2022\/10\/WhatsApp-Image-2022-09-28-at-13.06.52-150x150.jpeg 150w, https:\/\/delfoscba.com.ar\/dev\/wp-content\/uploads\/2022\/10\/WhatsApp-Image-2022-09-28-at-13.06.52-768x769.jpeg 768w, https:\/\/delfoscba.com.ar\/dev\/wp-content\/uploads\/2022\/10\/WhatsApp-Image-2022-09-28-at-13.06.52-1080x1081.jpeg 1080w, https:\/\/delfoscba.com.ar\/dev\/wp-content\/uploads\/2022\/10\/WhatsApp-Image-2022-09-28-at-13.06.52-440x440.jpeg 440w, https:\/\/delfoscba.com.ar\/dev\/wp-content\/uploads\/2022\/10\/WhatsApp-Image-2022-09-28-at-13.06.52.jpeg 1083w\" sizes=\"(max-width: 1024px) 100vw, 1024px\" \/><\/a><\/p><p>En conclusi\u00f3n, a pesar de que la presidencia de Alfons\u00edn es la \u00fanica de las previas a la crisis de 2001 que crece a medida que pasa el tiempo en el imaginario cordob\u00e9s, tambi\u00e9n es cierto que la herencia de N\u00e9stor Kirchner marc\u00f3 a fuego la conciencia pol\u00edtica de los j\u00f3venes y los adultos j\u00f3venes.<\/p><p>Estos datos, m\u00e1s all\u00e1 de no brindarnos certezas sobre el porqu\u00e9 de la elecci\u00f3n, si nos permiten relativizar el peso de la pertenencia partidaria a la hora de juzgar los representantes, ya que tenemos un radical y dos peronistas disput\u00e1ndose el top 3 de la mejor presidencia desde la vuelta a la democracia en nuestro pa\u00eds.<\/p>\t\t\t\t\t\t\t\t<\/div>\n\t\t\t\t\t<\/div>\n\t\t<\/div>\n\t\t\t\t\t<\/div>\n\t\t<\/section>\n\t\t\t\t<section class=\"elementor-section elementor-top-section elementor-element elementor-element-b28ac47 elementor-section-height-min-height elementor-section-boxed elementor-section-height-default elementor-section-items-middle\" data-id=\"b28ac47\" data-element_type=\"section\" data-e-type=\"section\" data-settings=\"{&quot;background_background&quot;:&quot;classic&quot;}\">\n\t\t\t\t\t\t\t<div class=\"elementor-background-overlay\"><\/div>\n\t\t\t\t\t\t\t<div class=\"elementor-container elementor-column-gap-default\">\n\t\t\t\t\t<div class=\"elementor-column elementor-col-100 elementor-top-column elementor-element elementor-element-88fba06\" data-id=\"88fba06\" data-element_type=\"column\" data-e-type=\"column\">\n\t\t\t<div class=\"elementor-widget-wrap elementor-element-populated\">\n\t\t\t\t\t\t<div class=\"elementor-element elementor-element-7e65226 elementor-widget elementor-widget-heading\" data-id=\"7e65226\" data-element_type=\"widget\" data-e-type=\"widget\" data-widget_type=\"heading.default\">\n\t\t\t\t\t<h2 class=\"elementor-heading-title elementor-size-large\">Seguinos en nuestras redes<\/h2>\t\t\t\t<\/div>\n\t\t\t\t<div class=\"elementor-element elementor-element-c37b7ef elementor-shape-circle e-grid-align-tablet-center e-grid-align-mobile-center e-grid-align-left elementor-grid-0 elementor-widget elementor-widget-social-icons\" data-id=\"c37b7ef\" data-element_type=\"widget\" data-e-type=\"widget\" data-widget_type=\"social-icons.default\">\n\t\t\t\t\t\t\t<div class=\"elementor-social-icons-wrapper elementor-grid\" role=\"list\">\n\t\t\t\t\t\t\t<span class=\"elementor-grid-item\" role=\"listitem\">\n\t\t\t\t\t<a class=\"elementor-icon elementor-social-icon elementor-social-icon-facebook-f elementor-repeater-item-lf5yt4c\" href=\"https:\/\/www.facebook.com\/ConsultoraDelfos\" target=\"_blank\">\n\t\t\t\t\t\t<span class=\"elementor-screen-only\">Facebook-f<\/span>\n\t\t\t\t\t\t<i aria-hidden=\"true\" class=\"fab fa-facebook-f\"><\/i>\t\t\t\t\t<\/a>\n\t\t\t\t<\/span>\n\t\t\t\t\t\t\t<span class=\"elementor-grid-item\" role=\"listitem\">\n\t\t\t\t\t<a class=\"elementor-icon elementor-social-icon elementor-social-icon-twitter elementor-repeater-item-01xie82\" href=\"https:\/\/twitter.com\/delfoscba\" target=\"_blank\">\n\t\t\t\t\t\t<span class=\"elementor-screen-only\">Twitter<\/span>\n\t\t\t\t\t\t<i aria-hidden=\"true\" class=\"fab fa-twitter\"><\/i>\t\t\t\t\t<\/a>\n\t\t\t\t<\/span>\n\t\t\t\t\t\t\t<span class=\"elementor-grid-item\" role=\"listitem\">\n\t\t\t\t\t<a class=\"elementor-icon elementor-social-icon elementor-social-icon-linkedin elementor-repeater-item-grhvqhn\" target=\"_blank\">\n\t\t\t\t\t\t<span class=\"elementor-screen-only\">Linkedin<\/span>\n\t\t\t\t\t\t<i aria-hidden=\"true\" class=\"fab fa-linkedin\"><\/i>\t\t\t\t\t<\/a>\n\t\t\t\t<\/span>\n\t\t\t\t\t<\/div>\n\t\t\t\t\t\t<\/div>\n\t\t\t\t\t<\/div>\n\t\t<\/div>\n\t\t\t\t\t<\/div>\n\t\t<\/section>\n\t\t\t\t<\/div>\n\t\t","protected":false},"excerpt":{"rendered":"<p>Con casi 40 a\u00f1os recorridos en democracia, les preguntamos a los cordobeses cu\u00e1l fue el mejor presidente del per\u00edodo<\/p>\n","protected":false},"author":1,"featured_media":13401,"comment_status":"open","ping_status":"open","sticky":false,"template":"","format":"standard","meta":{"_acf_changed":false,"footnotes":""},"categories":[3],"tags":[756,471,453,574,39,307,40,38,264,324,128,350,246,230,454,369,34,354,743,180,140,603,326,547,456,188,247,56,755,161,178,31],"class_list":["post-13393","post","type-post","status-publish","format-standard","has-post-thumbnail","hentry","category-politica","tag-756","tag-471","tag-alberto","tag-alfonsin","tag-argentina","tag-cfk","tag-consultora","tag-cordoba","tag-cristina","tag-de-la-rua","tag-delfos","tag-democracia","tag-encuestas","tag-estadistica","tag-fernandez","tag-frente-de-todos","tag-jose-gangi","tag-juntos-por-el-cambio","tag-jxc","tag-kirchner","tag-macri","tag-mejor","tag-menem","tag-nacional","tag-nestor","tag-opinion-publica","tag-paso","tag-politica","tag-politico","tag-politicos","tag-presidente","tag-sociedad","et-has-post-format-content","et_post_format-et-post-format-standard"],"acf":[],"_links":{"self":[{"href":"https:\/\/delfoscba.com.ar\/dev\/wp-json\/wp\/v2\/posts\/13393","targetHints":{"allow":["GET"]}}],"collection":[{"href":"https:\/\/delfoscba.com.ar\/dev\/wp-json\/wp\/v2\/posts"}],"about":[{"href":"https:\/\/delfoscba.com.ar\/dev\/wp-json\/wp\/v2\/types\/post"}],"author":[{"embeddable":true,"href":"https:\/\/delfoscba.com.ar\/dev\/wp-json\/wp\/v2\/users\/1"}],"replies":[{"embeddable":true,"href":"https:\/\/delfoscba.com.ar\/dev\/wp-json\/wp\/v2\/comments?post=13393"}],"version-history":[{"count":6,"href":"https:\/\/delfoscba.com.ar\/dev\/wp-json\/wp\/v2\/posts\/13393\/revisions"}],"predecessor-version":[{"id":13408,"href":"https:\/\/delfoscba.com.ar\/dev\/wp-json\/wp\/v2\/posts\/13393\/revisions\/13408"}],"wp:featuredmedia":[{"embeddable":true,"href":"https:\/\/delfoscba.com.ar\/dev\/wp-json\/wp\/v2\/media\/13401"}],"wp:attachment":[{"href":"https:\/\/delfoscba.com.ar\/dev\/wp-json\/wp\/v2\/media?parent=13393"}],"wp:term":[{"taxonomy":"category","embeddable":true,"href":"https:\/\/delfoscba.com.ar\/dev\/wp-json\/wp\/v2\/categories?post=13393"},{"taxonomy":"post_tag","embeddable":true,"href":"https:\/\/delfoscba.com.ar\/dev\/wp-json\/wp\/v2\/tags?post=13393"}],"curies":[{"name":"wp","href":"https:\/\/api.w.org\/{rel}","templated":true}]}}