{"id":13458,"date":"2022-10-17T14:31:25","date_gmt":"2022-10-17T14:31:25","guid":{"rendered":"https:\/\/delfoscba.com.ar\/\/dev\/\/?p=13458"},"modified":"2022-10-17T14:35:13","modified_gmt":"2022-10-17T14:35:13","slug":"elecciones-en-brasil-auguramos-un-panorama-mas-ajustado-en-segunda-vuelta","status":"publish","type":"post","link":"https:\/\/delfoscba.com.ar\/dev\/politica\/elecciones-en-brasil-auguramos-un-panorama-mas-ajustado-en-segunda-vuelta\/","title":{"rendered":"Elecciones en Brasil: auguramos un panorama m\u00e1s ajustado en segunda vuelta"},"content":{"rendered":"\t\t<div data-elementor-type=\"wp-post\" data-elementor-id=\"13458\" class=\"elementor elementor-13458\" data-elementor-post-type=\"post\">\n\t\t\t\t\t\t<section class=\"elementor-section elementor-top-section elementor-element elementor-element-41498b4 elementor-section-height-min-height elementor-section-boxed elementor-section-height-default elementor-section-items-middle\" data-id=\"41498b4\" data-element_type=\"section\" data-e-type=\"section\" data-settings=\"{&quot;background_background&quot;:&quot;classic&quot;}\">\n\t\t\t\t\t\t\t<div class=\"elementor-background-overlay\"><\/div>\n\t\t\t\t\t\t\t<div class=\"elementor-container elementor-column-gap-no\">\n\t\t\t\t\t<div class=\"elementor-column elementor-col-100 elementor-top-column elementor-element elementor-element-a18ac89\" data-id=\"a18ac89\" data-element_type=\"column\" data-e-type=\"column\">\n\t\t\t<div class=\"elementor-widget-wrap elementor-element-populated\">\n\t\t\t\t\t\t<div class=\"elementor-element elementor-element-e493600 elementor-widget elementor-widget-heading\" data-id=\"e493600\" data-element_type=\"widget\" data-e-type=\"widget\" data-widget_type=\"heading.default\">\n\t\t\t\t\t<h2 class=\"elementor-heading-title elementor-size-large\">POL\u00cdTICA<\/h2>\t\t\t\t<\/div>\n\t\t\t\t\t<\/div>\n\t\t<\/div>\n\t\t\t\t\t<\/div>\n\t\t<\/section>\n\t\t\t\t<section class=\"elementor-section elementor-top-section elementor-element elementor-element-7dafb6e4 elementor-section-boxed elementor-section-height-default elementor-section-height-default\" data-id=\"7dafb6e4\" data-element_type=\"section\" data-e-type=\"section\">\n\t\t\t\t\t\t<div class=\"elementor-container elementor-column-gap-default\">\n\t\t\t\t\t<div class=\"elementor-column elementor-col-100 elementor-top-column elementor-element elementor-element-38ae5a14\" data-id=\"38ae5a14\" data-element_type=\"column\" data-e-type=\"column\">\n\t\t\t<div class=\"elementor-widget-wrap elementor-element-populated\">\n\t\t\t\t\t\t<div class=\"elementor-element elementor-element-f8a3207 elementor-widget elementor-widget-author-box\" data-id=\"f8a3207\" data-element_type=\"widget\" data-e-type=\"widget\" data-widget_type=\"author-box.default\">\n\t\t\t\t\t\t\t<div class=\"elementor-author-box\">\n\t\t\t\t\t\t\t<a href=\"https:\/\/delfoscba.com.ar\/\/dev\/\/nosotros\/\" class=\"elementor-author-box__avatar\">\n\t\t\t\t\t<img decoding=\"async\" src=\"https:\/\/delfoscba.com.ar\/dev\/wp-content\/uploads\/2021\/03\/eia-1.png\" alt=\"Picture of Jos\u00e9 Gangi\" loading=\"lazy\">\n\t\t\t\t<\/a>\n\t\t\t\n\t\t\t<div class=\"elementor-author-box__text\">\n\t\t\t\t\t\t\t\t\t<a href=\"https:\/\/delfoscba.com.ar\/\/dev\/\/nosotros\/\">\n\t\t\t\t\t\t<h4 class=\"elementor-author-box__name\">\n\t\t\t\t\t\t\tJos\u00e9 Gangi\t\t\t\t\t\t<\/h4>\n\t\t\t\t\t<\/a>\n\t\t\t\t\n\t\t\t\t\t\t\t\t\t<div class=\"elementor-author-box__bio\">\n\t\t\t\t\t\t<p>Edici\u00f3n y An\u00e1lisis de informes<\/p>\n\t\t\t\t\t<\/div>\n\t\t\t\t\n\t\t\t\t\t\t\t<\/div>\n\t\t<\/div>\n\t\t\t\t\t\t<\/div>\n\t\t\t\t<div class=\"elementor-element elementor-element-7aefe4b4 elementor-widget elementor-widget-text-editor\" data-id=\"7aefe4b4\" data-element_type=\"widget\" data-e-type=\"widget\" data-widget_type=\"text-editor.default\">\n\t\t\t\t\t\t\t\t\t<p>Los ojos de la regi\u00f3n y gran parte del mundo est\u00e1n puestos desde comienzos de octubre sobre Brasil. El gigante sudamericano super\u00f3 una primera vuelta electoral el 2 de octubre en un marco polarizado como nunca se ha visto en este siglo.<\/p><p>De cara a la segunda vuelta, analizamos las principales encuestas nacionales recabadas por el sitio PollsterGraph y la historia electoral reciente del pa\u00eds vecino para tratar de avizorar posibles resultados.<\/p><p>Lula Da Silva (48,4%), el ex presidente brasile\u00f1o, aventaj\u00f3 a Jair Bolsonaro (43,2%) en primera vuelta por 5,2 puntos porcentuales. Este volumen de votos captado por ambos candidatos, en torno a 91%, acota los m\u00e1rgenes de revertir el escenario de cara a la segunda vuelta.<\/p><p><a href=\"https:\/\/delfoscba.com.ar\/\/dev\/\/wp-content\/uploads\/2022\/10\/Participacion-real.png\"><img fetchpriority=\"high\" decoding=\"async\" class=\"aligncenter wp-image-13474 size-large\" src=\"https:\/\/delfoscba.com.ar\/\/dev\/\/wp-content\/uploads\/2022\/10\/Participacion-real-1024x1024.png\" alt=\"\" width=\"1024\" height=\"1024\" srcset=\"https:\/\/delfoscba.com.ar\/dev\/wp-content\/uploads\/2022\/10\/Participacion-real-1024x1024.png 1024w, https:\/\/delfoscba.com.ar\/dev\/wp-content\/uploads\/2022\/10\/Participacion-real-300x300.png 300w, https:\/\/delfoscba.com.ar\/dev\/wp-content\/uploads\/2022\/10\/Participacion-real-150x150.png 150w, https:\/\/delfoscba.com.ar\/dev\/wp-content\/uploads\/2022\/10\/Participacion-real-768x769.png 768w, https:\/\/delfoscba.com.ar\/dev\/wp-content\/uploads\/2022\/10\/Participacion-real-1080x1081.png 1080w, https:\/\/delfoscba.com.ar\/dev\/wp-content\/uploads\/2022\/10\/Participacion-real-440x440.png 440w, https:\/\/delfoscba.com.ar\/dev\/wp-content\/uploads\/2022\/10\/Participacion-real.png 1083w\" sizes=\"(max-width: 1024px) 100vw, 1024px\" \/><\/a><\/p><p>Esta situaci\u00f3n se ajusta a\u00fan m\u00e1s si tenemos en cuenta que hist\u00f3ricamente los votantes habilitados en el pa\u00eds vecino han asistido en menor medida a las segundas vueltas, en un rango que va del punto porcentual a los 3,2 pp menos de participaci\u00f3n.<\/p><p><a href=\"https:\/\/delfoscba.com.ar\/\/dev\/\/wp-content\/uploads\/2022\/10\/Promedio-de-encuestas.png\"><img decoding=\"async\" class=\"aligncenter wp-image-13475 size-large\" src=\"https:\/\/delfoscba.com.ar\/\/dev\/\/wp-content\/uploads\/2022\/10\/Promedio-de-encuestas-1024x1024.png\" alt=\"\" width=\"1024\" height=\"1024\" srcset=\"https:\/\/delfoscba.com.ar\/dev\/wp-content\/uploads\/2022\/10\/Promedio-de-encuestas-1024x1024.png 1024w, https:\/\/delfoscba.com.ar\/dev\/wp-content\/uploads\/2022\/10\/Promedio-de-encuestas-300x300.png 300w, https:\/\/delfoscba.com.ar\/dev\/wp-content\/uploads\/2022\/10\/Promedio-de-encuestas-150x150.png 150w, https:\/\/delfoscba.com.ar\/dev\/wp-content\/uploads\/2022\/10\/Promedio-de-encuestas-768x769.png 768w, https:\/\/delfoscba.com.ar\/dev\/wp-content\/uploads\/2022\/10\/Promedio-de-encuestas-1080x1081.png 1080w, https:\/\/delfoscba.com.ar\/dev\/wp-content\/uploads\/2022\/10\/Promedio-de-encuestas-440x440.png 440w, https:\/\/delfoscba.com.ar\/dev\/wp-content\/uploads\/2022\/10\/Promedio-de-encuestas.png 1083w\" sizes=\"(max-width: 1024px) 100vw, 1024px\" \/><\/a><\/p><p>El promedio de los \u00faltimos relevamientos realizados por las principales consultoras brasile\u00f1as posiciona a Lula como ganador con el 53,2% de la intenci\u00f3n de voto y a Bolsonaro perdedor con el 46,8% de los votos positivos. Es decir, plantean un escenario donde se ampl\u00eda la brecha entre los candidatos de 5,2 pp a 6,4 pp.<\/p><p><a href=\"https:\/\/delfoscba.com.ar\/\/dev\/\/wp-content\/uploads\/2022\/10\/Encuestas.png\"><img decoding=\"async\" class=\"aligncenter wp-image-13473 size-large\" src=\"https:\/\/delfoscba.com.ar\/\/dev\/\/wp-content\/uploads\/2022\/10\/Encuestas-1024x1024.png\" alt=\"\" width=\"1024\" height=\"1024\" srcset=\"https:\/\/delfoscba.com.ar\/dev\/wp-content\/uploads\/2022\/10\/Encuestas-1024x1024.png 1024w, https:\/\/delfoscba.com.ar\/dev\/wp-content\/uploads\/2022\/10\/Encuestas-300x300.png 300w, https:\/\/delfoscba.com.ar\/dev\/wp-content\/uploads\/2022\/10\/Encuestas-150x150.png 150w, https:\/\/delfoscba.com.ar\/dev\/wp-content\/uploads\/2022\/10\/Encuestas-768x769.png 768w, https:\/\/delfoscba.com.ar\/dev\/wp-content\/uploads\/2022\/10\/Encuestas-1080x1081.png 1080w, https:\/\/delfoscba.com.ar\/dev\/wp-content\/uploads\/2022\/10\/Encuestas-440x440.png 440w, https:\/\/delfoscba.com.ar\/dev\/wp-content\/uploads\/2022\/10\/Encuestas.png 1083w\" sizes=\"(max-width: 1024px) 100vw, 1024px\" \/><\/a><\/p><p>El panorama de las consultas desagregado nos muestra que las diferencias entre los candidatos van de un rango de 3,4 pp a 9,6 pp, siempre advirtiendo que el ganador ser\u00eda el ex presidente Lula Da Silva.<\/p><p>\u00a0<\/p><p><a href=\"https:\/\/delfoscba.com.ar\/\/dev\/\/wp-content\/uploads\/2022\/10\/Crecimiento-de-los-votantes.png\"><img loading=\"lazy\" decoding=\"async\" class=\"aligncenter wp-image-13472 size-large\" src=\"https:\/\/delfoscba.com.ar\/\/dev\/\/wp-content\/uploads\/2022\/10\/Crecimiento-de-los-votantes-1024x1024.png\" alt=\"\" width=\"1024\" height=\"1024\" srcset=\"https:\/\/delfoscba.com.ar\/dev\/wp-content\/uploads\/2022\/10\/Crecimiento-de-los-votantes-1024x1024.png 1024w, https:\/\/delfoscba.com.ar\/dev\/wp-content\/uploads\/2022\/10\/Crecimiento-de-los-votantes-300x300.png 300w, https:\/\/delfoscba.com.ar\/dev\/wp-content\/uploads\/2022\/10\/Crecimiento-de-los-votantes-150x150.png 150w, https:\/\/delfoscba.com.ar\/dev\/wp-content\/uploads\/2022\/10\/Crecimiento-de-los-votantes-768x769.png 768w, https:\/\/delfoscba.com.ar\/dev\/wp-content\/uploads\/2022\/10\/Crecimiento-de-los-votantes-1080x1081.png 1080w, https:\/\/delfoscba.com.ar\/dev\/wp-content\/uploads\/2022\/10\/Crecimiento-de-los-votantes-440x440.png 440w, https:\/\/delfoscba.com.ar\/dev\/wp-content\/uploads\/2022\/10\/Crecimiento-de-los-votantes.png 1083w\" sizes=\"(max-width: 1024px) 100vw, 1024px\" \/><\/a><\/p><p>Al analizar la historia electoral reciente del gigante sudamericano, el principal dato que pone en cuesti\u00f3n los resultados de las encuestas es que siempre fueron las segundas fuerzas las que crecieron proporcionalmente m\u00e1s que las primeras en los \u00faltimos a\u00f1os. La \u00fanica excepci\u00f3n, la reelecci\u00f3n de Lula en el a\u00f1o 2006, cuando el por entonces presidente ampli\u00f3 la brecha que lo distanciaba de Alckim.<\/p><p>Es por esto que, teniendo en cuenta la subestimaci\u00f3n de Bolsonaro que auguraron las principales consultoras, los resultados electorales, las variaciones en la participaci\u00f3n observada en los comicios desde 2002 y el crecimiento hist\u00f3rico de las fuerzas de cara a las segundas vueltas, auguramos una victoria de Lula en las elecciones de segundo t\u00e9rmino, pero en un escenario m\u00e1s ajustado que el planteado por las consultoras brasile\u00f1as.<\/p><p><a href=\"https:\/\/delfoscba.com.ar\/\/dev\/\/wp-content\/uploads\/2022\/10\/Pronosticos-y-diferencias.png\"><img loading=\"lazy\" decoding=\"async\" class=\"aligncenter wp-image-13476 size-large\" src=\"https:\/\/delfoscba.com.ar\/\/dev\/\/wp-content\/uploads\/2022\/10\/Pronosticos-y-diferencias-1024x1024.png\" alt=\"\" width=\"1024\" height=\"1024\" srcset=\"https:\/\/delfoscba.com.ar\/dev\/wp-content\/uploads\/2022\/10\/Pronosticos-y-diferencias-1024x1024.png 1024w, https:\/\/delfoscba.com.ar\/dev\/wp-content\/uploads\/2022\/10\/Pronosticos-y-diferencias-300x300.png 300w, https:\/\/delfoscba.com.ar\/dev\/wp-content\/uploads\/2022\/10\/Pronosticos-y-diferencias-150x150.png 150w, https:\/\/delfoscba.com.ar\/dev\/wp-content\/uploads\/2022\/10\/Pronosticos-y-diferencias-768x769.png 768w, https:\/\/delfoscba.com.ar\/dev\/wp-content\/uploads\/2022\/10\/Pronosticos-y-diferencias-1080x1081.png 1080w, https:\/\/delfoscba.com.ar\/dev\/wp-content\/uploads\/2022\/10\/Pronosticos-y-diferencias-440x440.png 440w, https:\/\/delfoscba.com.ar\/dev\/wp-content\/uploads\/2022\/10\/Pronosticos-y-diferencias.png 1083w\" sizes=\"(max-width: 1024px) 100vw, 1024px\" \/><\/a><\/p><p>El ex presidente volver\u00eda a encabezar el ejecutivo del pa\u00eds m\u00e1s grande del subcontinente por tercera vez con el 51,2% de los votos contra un 48,8% de apoyo obtenido por Bolsonaro. La diferencia de 2,4 pp, ser\u00eda 4 pp inferior a la proyectada por el promedio de encuestas realizadas en el pa\u00eds vecino.<\/p>\t\t\t\t\t\t\t\t<\/div>\n\t\t\t\t\t<\/div>\n\t\t<\/div>\n\t\t\t\t\t<\/div>\n\t\t<\/section>\n\t\t\t\t<section class=\"elementor-section elementor-top-section elementor-element elementor-element-b28ac47 elementor-section-height-min-height elementor-section-boxed elementor-section-height-default elementor-section-items-middle\" data-id=\"b28ac47\" data-element_type=\"section\" data-e-type=\"section\" data-settings=\"{&quot;background_background&quot;:&quot;classic&quot;}\">\n\t\t\t\t\t\t\t<div class=\"elementor-background-overlay\"><\/div>\n\t\t\t\t\t\t\t<div class=\"elementor-container elementor-column-gap-default\">\n\t\t\t\t\t<div class=\"elementor-column elementor-col-100 elementor-top-column elementor-element elementor-element-88fba06\" data-id=\"88fba06\" data-element_type=\"column\" data-e-type=\"column\">\n\t\t\t<div class=\"elementor-widget-wrap elementor-element-populated\">\n\t\t\t\t\t\t<div class=\"elementor-element elementor-element-7e65226 elementor-widget elementor-widget-heading\" data-id=\"7e65226\" data-element_type=\"widget\" data-e-type=\"widget\" data-widget_type=\"heading.default\">\n\t\t\t\t\t<h2 class=\"elementor-heading-title elementor-size-large\">Seguinos en nuestras redes<\/h2>\t\t\t\t<\/div>\n\t\t\t\t<div class=\"elementor-element elementor-element-c37b7ef elementor-shape-circle e-grid-align-tablet-center e-grid-align-mobile-center e-grid-align-left elementor-grid-0 elementor-widget elementor-widget-social-icons\" data-id=\"c37b7ef\" data-element_type=\"widget\" data-e-type=\"widget\" data-widget_type=\"social-icons.default\">\n\t\t\t\t\t\t\t<div class=\"elementor-social-icons-wrapper elementor-grid\" role=\"list\">\n\t\t\t\t\t\t\t<span class=\"elementor-grid-item\" role=\"listitem\">\n\t\t\t\t\t<a class=\"elementor-icon elementor-social-icon elementor-social-icon-facebook-f elementor-repeater-item-lf5yt4c\" href=\"https:\/\/www.facebook.com\/ConsultoraDelfos\" target=\"_blank\">\n\t\t\t\t\t\t<span class=\"elementor-screen-only\">Facebook-f<\/span>\n\t\t\t\t\t\t<i aria-hidden=\"true\" class=\"fab fa-facebook-f\"><\/i>\t\t\t\t\t<\/a>\n\t\t\t\t<\/span>\n\t\t\t\t\t\t\t<span class=\"elementor-grid-item\" role=\"listitem\">\n\t\t\t\t\t<a class=\"elementor-icon elementor-social-icon elementor-social-icon-twitter elementor-repeater-item-01xie82\" href=\"https:\/\/twitter.com\/delfoscba\" target=\"_blank\">\n\t\t\t\t\t\t<span class=\"elementor-screen-only\">Twitter<\/span>\n\t\t\t\t\t\t<i aria-hidden=\"true\" class=\"fab fa-twitter\"><\/i>\t\t\t\t\t<\/a>\n\t\t\t\t<\/span>\n\t\t\t\t\t\t\t<span class=\"elementor-grid-item\" role=\"listitem\">\n\t\t\t\t\t<a class=\"elementor-icon elementor-social-icon elementor-social-icon-linkedin elementor-repeater-item-grhvqhn\" target=\"_blank\">\n\t\t\t\t\t\t<span class=\"elementor-screen-only\">Linkedin<\/span>\n\t\t\t\t\t\t<i aria-hidden=\"true\" class=\"fab fa-linkedin\"><\/i>\t\t\t\t\t<\/a>\n\t\t\t\t<\/span>\n\t\t\t\t\t<\/div>\n\t\t\t\t\t\t<\/div>\n\t\t\t\t\t<\/div>\n\t\t<\/div>\n\t\t\t\t\t<\/div>\n\t\t<\/section>\n\t\t\t\t<\/div>\n\t\t","protected":false},"excerpt":{"rendered":"<p>De cara a la segunda vuelta en Brasil, pasamos revista a los \u00faltimos datos y realizamos un pron\u00f3stico<\/p>\n","protected":false},"author":2,"featured_media":13470,"comment_status":"open","ping_status":"open","sticky":false,"template":"","format":"standard","meta":{"_acf_changed":false,"footnotes":""},"categories":[3],"tags":[471,769,489,39,740,491,40,38,766,128,97,765,246,230,138,767,34,404,741,188,178,768],"class_list":["post-13458","post","type-post","status-publish","format-standard","has-post-thumbnail","hentry","category-politica","tag-471","tag-america-del-sur","tag-america-latina","tag-argentina","tag-bolsonaro","tag-brasil","tag-consultora","tag-cordoba","tag-da-silva","tag-delfos","tag-elecciones","tag-eleicoes","tag-encuestas","tag-estadistica","tag-gestion","tag-jair","tag-jose-gangi","tag-liberales","tag-lula","tag-opinion-publica","tag-presidente","tag-pt","et-has-post-format-content","et_post_format-et-post-format-standard"],"acf":[],"_links":{"self":[{"href":"https:\/\/delfoscba.com.ar\/dev\/wp-json\/wp\/v2\/posts\/13458","targetHints":{"allow":["GET"]}}],"collection":[{"href":"https:\/\/delfoscba.com.ar\/dev\/wp-json\/wp\/v2\/posts"}],"about":[{"href":"https:\/\/delfoscba.com.ar\/dev\/wp-json\/wp\/v2\/types\/post"}],"author":[{"embeddable":true,"href":"https:\/\/delfoscba.com.ar\/dev\/wp-json\/wp\/v2\/users\/2"}],"replies":[{"embeddable":true,"href":"https:\/\/delfoscba.com.ar\/dev\/wp-json\/wp\/v2\/comments?post=13458"}],"version-history":[{"count":4,"href":"https:\/\/delfoscba.com.ar\/dev\/wp-json\/wp\/v2\/posts\/13458\/revisions"}],"predecessor-version":[{"id":13479,"href":"https:\/\/delfoscba.com.ar\/dev\/wp-json\/wp\/v2\/posts\/13458\/revisions\/13479"}],"wp:featuredmedia":[{"embeddable":true,"href":"https:\/\/delfoscba.com.ar\/dev\/wp-json\/wp\/v2\/media\/13470"}],"wp:attachment":[{"href":"https:\/\/delfoscba.com.ar\/dev\/wp-json\/wp\/v2\/media?parent=13458"}],"wp:term":[{"taxonomy":"category","embeddable":true,"href":"https:\/\/delfoscba.com.ar\/dev\/wp-json\/wp\/v2\/categories?post=13458"},{"taxonomy":"post_tag","embeddable":true,"href":"https:\/\/delfoscba.com.ar\/dev\/wp-json\/wp\/v2\/tags?post=13458"}],"curies":[{"name":"wp","href":"https:\/\/api.w.org\/{rel}","templated":true}]}}