{"id":13552,"date":"2022-11-07T17:46:39","date_gmt":"2022-11-07T17:46:39","guid":{"rendered":"https:\/\/delfoscba.com.ar\/\/dev\/\/?p=13552"},"modified":"2022-11-07T17:55:25","modified_gmt":"2022-11-07T17:55:25","slug":"la-interna-de-juntos-por-el-cambio","status":"publish","type":"post","link":"https:\/\/delfoscba.com.ar\/dev\/politica\/la-interna-de-juntos-por-el-cambio\/","title":{"rendered":"La interna de Juntos por el Cambio"},"content":{"rendered":"\t\t<div data-elementor-type=\"wp-post\" data-elementor-id=\"13552\" class=\"elementor elementor-13552\" data-elementor-post-type=\"post\">\n\t\t\t\t\t\t<section class=\"elementor-section elementor-top-section elementor-element elementor-element-41498b4 elementor-section-height-min-height elementor-section-boxed elementor-section-height-default elementor-section-items-middle\" data-id=\"41498b4\" data-element_type=\"section\" data-e-type=\"section\" data-settings=\"{&quot;background_background&quot;:&quot;classic&quot;}\">\n\t\t\t\t\t\t\t<div class=\"elementor-background-overlay\"><\/div>\n\t\t\t\t\t\t\t<div class=\"elementor-container elementor-column-gap-no\">\n\t\t\t\t\t<div class=\"elementor-column elementor-col-100 elementor-top-column elementor-element elementor-element-a18ac89\" data-id=\"a18ac89\" data-element_type=\"column\" data-e-type=\"column\">\n\t\t\t<div class=\"elementor-widget-wrap elementor-element-populated\">\n\t\t\t\t\t\t<div class=\"elementor-element elementor-element-e493600 elementor-widget elementor-widget-heading\" data-id=\"e493600\" data-element_type=\"widget\" data-e-type=\"widget\" data-widget_type=\"heading.default\">\n\t\t\t\t\t<h2 class=\"elementor-heading-title elementor-size-large\">POL\u00cdTICA<\/h2>\t\t\t\t<\/div>\n\t\t\t\t\t<\/div>\n\t\t<\/div>\n\t\t\t\t\t<\/div>\n\t\t<\/section>\n\t\t\t\t<section class=\"elementor-section elementor-top-section elementor-element elementor-element-7dafb6e4 elementor-section-boxed elementor-section-height-default elementor-section-height-default\" data-id=\"7dafb6e4\" data-element_type=\"section\" data-e-type=\"section\">\n\t\t\t\t\t\t<div class=\"elementor-container elementor-column-gap-default\">\n\t\t\t\t\t<div class=\"elementor-column elementor-col-100 elementor-top-column elementor-element elementor-element-38ae5a14\" data-id=\"38ae5a14\" data-element_type=\"column\" data-e-type=\"column\">\n\t\t\t<div class=\"elementor-widget-wrap elementor-element-populated\">\n\t\t\t\t\t\t<div class=\"elementor-element elementor-element-f8a3207 elementor-widget elementor-widget-author-box\" data-id=\"f8a3207\" data-element_type=\"widget\" data-e-type=\"widget\" data-widget_type=\"author-box.default\">\n\t\t\t\t\t\t\t<div class=\"elementor-author-box\">\n\t\t\t\t\t\t\t<a href=\"https:\/\/delfoscba.com.ar\/\/dev\/\/nosotros\/\" class=\"elementor-author-box__avatar\">\n\t\t\t\t\t<img decoding=\"async\" src=\"https:\/\/delfoscba.com.ar\/dev\/wp-content\/uploads\/2021\/02\/norman-250x250-1.jpg\" alt=\"Picture of Norman Berra\" loading=\"lazy\">\n\t\t\t\t<\/a>\n\t\t\t\n\t\t\t<div class=\"elementor-author-box__text\">\n\t\t\t\t\t\t\t\t\t<a href=\"https:\/\/delfoscba.com.ar\/\/dev\/\/nosotros\/\">\n\t\t\t\t\t\t<h4 class=\"elementor-author-box__name\">\n\t\t\t\t\t\t\tNorman Berra\t\t\t\t\t\t<\/h4>\n\t\t\t\t\t<\/a>\n\t\t\t\t\n\t\t\t\t\t\t\t\t\t<div class=\"elementor-author-box__bio\">\n\t\t\t\t\t\t<p>L\u00edder de Proyectos<\/p>\n\t\t\t\t\t<\/div>\n\t\t\t\t\n\t\t\t\t\t\t\t<\/div>\n\t\t<\/div>\n\t\t\t\t\t\t<\/div>\n\t\t\t\t<div class=\"elementor-element elementor-element-7aefe4b4 elementor-widget elementor-widget-text-editor\" data-id=\"7aefe4b4\" data-element_type=\"widget\" data-e-type=\"widget\" data-widget_type=\"text-editor.default\">\n\t\t\t\t\t\t\t\t\t<p><a href=\"https:\/\/delfoscba.com.ar\/\/dev\/\/wp-content\/uploads\/2022\/11\/1.jpg\"><img fetchpriority=\"high\" decoding=\"async\" class=\"aligncenter wp-image-13563 size-full\" src=\"https:\/\/delfoscba.com.ar\/\/dev\/\/wp-content\/uploads\/2022\/11\/1.jpg\" alt=\"\" width=\"853\" height=\"478\" srcset=\"https:\/\/delfoscba.com.ar\/dev\/wp-content\/uploads\/2022\/11\/1.jpg 853w, https:\/\/delfoscba.com.ar\/dev\/wp-content\/uploads\/2022\/11\/1-300x168.jpg 300w, https:\/\/delfoscba.com.ar\/dev\/wp-content\/uploads\/2022\/11\/1-768x430.jpg 768w\" sizes=\"(max-width: 853px) 100vw, 853px\" \/><\/a><\/p><p>La interna cada vez m\u00e1s virulenta dentro de Juntos por el Cambio (JXC), cuyo episodio m\u00e1s reciente fue la amenaza de la titular del PRO, Patricia Bullrich, a Felipe Miguel (jefe de Gabinete de Horacio Rodr\u00edguez Larreta en Ciudad Aut\u00f3noma de Buenos Aires), expresa un fen\u00f3meno m\u00e1s profundo, que es el corrimiento a la derecha de la alianza opositora. Las \u00faltimas encuestas arrojan varios datos que permiten constatarlo: seg\u00fan la \u00faltima medici\u00f3n nacional de la Consultora de Imagen y Gesti\u00f3n Pol\u00edtica (CIGP), una interna dentro de JXC arrojar\u00eda una ventaja para los dos precandidatos ubicados m\u00e1s a la derecha, Mauricio Macri (33,15%) y Bullrich (casi 30%); relegado respecto a ese empate t\u00e9cnico, Rodr\u00edguez Larreta roza el 20%, mientras que dos figuras de la UCR, Gerardo Morales (6,18%) y Facundo Manes (casi 4,5%) apenas suman 10,67% (gr\u00e1fico arriba). Esto sugiere que la actitud de mayor cercan\u00eda hacia el radicalismo por parte del jefe de gobierno de CABA forma parte de un c\u00e1lculo electoral, puesto que sin votantes radicales (relativamente m\u00e1s centristas o moderados), a Larreta se le complicar\u00eda vencer a Macri y\/o a Bullrich en una interna del espacio.\u00a0<\/p><p><a href=\"https:\/\/delfoscba.com.ar\/\/dev\/\/wp-content\/uploads\/2022\/11\/2.jpg\"><img decoding=\"async\" class=\"aligncenter wp-image-13564 size-large\" src=\"https:\/\/delfoscba.com.ar\/\/dev\/\/wp-content\/uploads\/2022\/11\/2-1024x272.jpg\" alt=\"\" width=\"1024\" height=\"272\" srcset=\"https:\/\/delfoscba.com.ar\/dev\/wp-content\/uploads\/2022\/11\/2-1024x272.jpg 1024w, https:\/\/delfoscba.com.ar\/dev\/wp-content\/uploads\/2022\/11\/2-300x80.jpg 300w, https:\/\/delfoscba.com.ar\/dev\/wp-content\/uploads\/2022\/11\/2-768x204.jpg 768w, https:\/\/delfoscba.com.ar\/dev\/wp-content\/uploads\/2022\/11\/2.jpg 1041w\" sizes=\"(max-width: 1024px) 100vw, 1024px\" \/><\/a><\/p><p>CIGP tambi\u00e9n muestra un empate t\u00e9cnico respecto a si Javier Milei deber\u00eda incorporarse a JXC: 46,07% se muestra en contra vs 45,5% a favor, con 8,43% de indecisos (gr\u00e1fico arriba). Asimismo, seg\u00fan una reciente encuesta nacional de las consultoras Grupo de Opini\u00f3n P\u00fablica (GOP) y Trespuntozero, a 27,1% de electores les gustar\u00eda que Macri sea candidato presidencial en 2023 y 30,5% de la clase media opina lo mismo (gr\u00e1fico abajo).<\/p><p><a href=\"https:\/\/delfoscba.com.ar\/\/dev\/\/wp-content\/uploads\/2022\/11\/3.jpg\"><img decoding=\"async\" class=\"aligncenter wp-image-13565 size-large\" src=\"https:\/\/delfoscba.com.ar\/\/dev\/\/wp-content\/uploads\/2022\/11\/3-1024x576.jpg\" alt=\"\" width=\"1024\" height=\"576\" srcset=\"https:\/\/delfoscba.com.ar\/dev\/wp-content\/uploads\/2022\/11\/3-1024x576.jpg 1024w, https:\/\/delfoscba.com.ar\/dev\/wp-content\/uploads\/2022\/11\/3-300x169.jpg 300w, https:\/\/delfoscba.com.ar\/dev\/wp-content\/uploads\/2022\/11\/3-768x432.jpg 768w, https:\/\/delfoscba.com.ar\/dev\/wp-content\/uploads\/2022\/11\/3.jpg 1035w\" sizes=\"(max-width: 1024px) 100vw, 1024px\" \/><\/a><\/p><p>En la misma l\u00ednea, la serie evolutiva de consultora Tendencias en provincia de Buenos Aires (PBA) muestra un retroceso de Rodr\u00edguez Larreta vs avances de Macri y Bullrich en la interna de JXC (gr\u00e1fico abajo). Recordemos que PBA pesa alrededor del 38% en el padr\u00f3n nacional.<\/p><p><a href=\"https:\/\/delfoscba.com.ar\/\/dev\/\/wp-content\/uploads\/2022\/11\/4.jpg\"><img loading=\"lazy\" decoding=\"async\" class=\"aligncenter wp-image-13566 size-full\" src=\"https:\/\/delfoscba.com.ar\/\/dev\/\/wp-content\/uploads\/2022\/11\/4.jpg\" alt=\"\" width=\"680\" height=\"460\" srcset=\"https:\/\/delfoscba.com.ar\/dev\/wp-content\/uploads\/2022\/11\/4.jpg 680w, https:\/\/delfoscba.com.ar\/dev\/wp-content\/uploads\/2022\/11\/4-300x203.jpg 300w\" sizes=\"(max-width: 680px) 100vw, 680px\" \/><\/a><\/p><p>En este JXC corrido a la derecha, Macri se afirma cada vez m\u00e1s como el principal elector: si decide jugar como candidato de una interna en 2023, hoy aparece como competitivo, y si decide no jugar pero s\u00ed volcar su caudal potencial a favor de Bullrich (de quien aparece m\u00e1s cercano) o de Rodr\u00edguez Larreta, ni Morales ni Manes tendr\u00edan chances de vencerlos. Un dilema similar, pero de otra escala, se le plantea al jefe de gobierno de CABA, puesto que si el ex presidente apostara por la titular del PRO en una interna, \u00e9l necesitar\u00eda reforzar su acercamiento al radicalismo para mantenerse competitivo, o acaso jugar la carta de una ruptura de la coalici\u00f3n para liderar una coalici\u00f3n de centroderecha con la UCR, dejando al t\u00e1ndem Macri-Bullrich al frente de una alianza corrida hacia la derecha.<\/p><p><a href=\"https:\/\/delfoscba.com.ar\/\/dev\/\/wp-content\/uploads\/2022\/11\/5.jpg\"><img loading=\"lazy\" decoding=\"async\" class=\"aligncenter wp-image-13567 size-large\" src=\"https:\/\/delfoscba.com.ar\/\/dev\/\/wp-content\/uploads\/2022\/11\/5-1024x542.jpg\" alt=\"\" width=\"1024\" height=\"542\" srcset=\"https:\/\/delfoscba.com.ar\/dev\/wp-content\/uploads\/2022\/11\/5-1024x542.jpg 1024w, https:\/\/delfoscba.com.ar\/dev\/wp-content\/uploads\/2022\/11\/5-300x159.jpg 300w, https:\/\/delfoscba.com.ar\/dev\/wp-content\/uploads\/2022\/11\/5-768x406.jpg 768w, https:\/\/delfoscba.com.ar\/dev\/wp-content\/uploads\/2022\/11\/5-1080x572.jpg 1080w, https:\/\/delfoscba.com.ar\/dev\/wp-content\/uploads\/2022\/11\/5.jpg 1200w\" sizes=\"(max-width: 1024px) 100vw, 1024px\" \/><\/a><\/p><p>Aqu\u00ed entra en an\u00e1lisis la situaci\u00f3n preelectoral de CABA, basti\u00f3n del PRO desde 2007. El jefe de gobierno de ese distrito, por una combinaci\u00f3n de inter\u00e9s y necesidad pol\u00edtica, no s\u00f3lo ha alentado a precandidatos de equipo para competir por ese cargo en 2023 (como Fern\u00e1n Quir\u00f3s y Soledad Acu\u00f1a), sino que tambi\u00e9n ha tendido puentes con Mart\u00edn Lousteau, figura del radicalismo. Frente a ese ensayo, diversas figuras del PRO salieron al cruce planteando que la sucesi\u00f3n all\u00ed debe recaer en el sello amarillo. Seg\u00fan la \u00faltima encuesta de Federico Gonz\u00e1lez y Asociados (FGA), tambi\u00e9n all\u00ed el apellido Macri pesa fuerte: con 20,6% de intenci\u00f3n de voto, Jorge Macri aparece en empate t\u00e9cnico con Lousteau (18,6%) y muy por encima del ministro de Salud y la ministra de Educaci\u00f3n de CABA (gr\u00e1fico arriba). Tambi\u00e9n aparece como figura competitiva el libertario Ramiro Marra, que roza el 15% y est\u00e1 cerca de un empate t\u00e9cnico con Leandro Santoro, del Frente de Todos.<\/p><p><a href=\"https:\/\/delfoscba.com.ar\/\/dev\/\/wp-content\/uploads\/2022\/11\/6.jpg\"><img loading=\"lazy\" decoding=\"async\" class=\"aligncenter wp-image-13568 size-full\" src=\"https:\/\/delfoscba.com.ar\/\/dev\/\/wp-content\/uploads\/2022\/11\/6.jpg\" alt=\"\" width=\"768\" height=\"434\" srcset=\"https:\/\/delfoscba.com.ar\/dev\/wp-content\/uploads\/2022\/11\/6.jpg 768w, https:\/\/delfoscba.com.ar\/dev\/wp-content\/uploads\/2022\/11\/6-300x170.jpg 300w\" sizes=\"(max-width: 768px) 100vw, 768px\" \/><\/a><\/p><p>La apertura por segmentos etarios del mismo estudio muestra al candidato referenciado en Javier Milei fortalecido entre electores menores de 30 a\u00f1os (casi 42), mientras que Lousteau se fortalece entre votantes de 31 a 50 a\u00f1os (25%) y Macri entre los mayores de 50 a\u00f1os (casi 29%; gr\u00e1fico arriba).\u00a0<\/p><p><a href=\"https:\/\/delfoscba.com.ar\/\/dev\/\/wp-content\/uploads\/2022\/11\/7.jpg\"><img loading=\"lazy\" decoding=\"async\" class=\"aligncenter wp-image-13569 size-full\" src=\"https:\/\/delfoscba.com.ar\/\/dev\/\/wp-content\/uploads\/2022\/11\/7.jpg\" alt=\"\" width=\"992\" height=\"541\" srcset=\"https:\/\/delfoscba.com.ar\/dev\/wp-content\/uploads\/2022\/11\/7.jpg 992w, https:\/\/delfoscba.com.ar\/dev\/wp-content\/uploads\/2022\/11\/7-300x164.jpg 300w, https:\/\/delfoscba.com.ar\/dev\/wp-content\/uploads\/2022\/11\/7-768x419.jpg 768w\" sizes=\"(max-width: 992px) 100vw, 992px\" \/><\/a><\/p><p>Esto implica un desaf\u00edo a Rodr\u00edguez Larreta, que como jefe de gobierno del distrito prefiere a uno que sea su aliado (Lousteau) si no puede ordenar la sucesi\u00f3n en favor de sus funcionarios Quir\u00f3s o Acu\u00f1a. Seg\u00fan FGA, el precandidato de JXC no la tiene sencilla: su acercamiento a Lousteau recoge m\u00e1s del doble de opiniones en contra que a favor (gr\u00e1fico arriba). En s\u00edntesis, el corrimiento a la derecha de JXC enfrenta a Larreta y a la UCR a un dilema: o deciden sostener un rumbo que exponga la alianza a una fractura para liderar una propuesta de centroderecha, o avalan ese corrimiento con el riesgo de quedar relegados en las f\u00f3rmulas de cara al turno electoral 2023.<\/p>\t\t\t\t\t\t\t\t<\/div>\n\t\t\t\t\t<\/div>\n\t\t<\/div>\n\t\t\t\t\t<\/div>\n\t\t<\/section>\n\t\t\t\t<section class=\"elementor-section elementor-top-section elementor-element elementor-element-b28ac47 elementor-section-height-min-height elementor-section-boxed elementor-section-height-default elementor-section-items-middle\" data-id=\"b28ac47\" data-element_type=\"section\" data-e-type=\"section\" data-settings=\"{&quot;background_background&quot;:&quot;classic&quot;}\">\n\t\t\t\t\t\t\t<div class=\"elementor-background-overlay\"><\/div>\n\t\t\t\t\t\t\t<div class=\"elementor-container elementor-column-gap-default\">\n\t\t\t\t\t<div class=\"elementor-column elementor-col-100 elementor-top-column elementor-element elementor-element-88fba06\" data-id=\"88fba06\" data-element_type=\"column\" data-e-type=\"column\">\n\t\t\t<div class=\"elementor-widget-wrap elementor-element-populated\">\n\t\t\t\t\t\t<div class=\"elementor-element elementor-element-7e65226 elementor-widget elementor-widget-heading\" data-id=\"7e65226\" data-element_type=\"widget\" data-e-type=\"widget\" data-widget_type=\"heading.default\">\n\t\t\t\t\t<h2 class=\"elementor-heading-title elementor-size-large\">Seguinos en nuestras redes<\/h2>\t\t\t\t<\/div>\n\t\t\t\t<div class=\"elementor-element elementor-element-c37b7ef elementor-shape-circle e-grid-align-tablet-center e-grid-align-mobile-center e-grid-align-left elementor-grid-0 elementor-widget elementor-widget-social-icons\" data-id=\"c37b7ef\" data-element_type=\"widget\" data-e-type=\"widget\" data-widget_type=\"social-icons.default\">\n\t\t\t\t\t\t\t<div class=\"elementor-social-icons-wrapper elementor-grid\" role=\"list\">\n\t\t\t\t\t\t\t<span class=\"elementor-grid-item\" role=\"listitem\">\n\t\t\t\t\t<a class=\"elementor-icon elementor-social-icon elementor-social-icon-facebook-f elementor-repeater-item-lf5yt4c\" href=\"https:\/\/www.facebook.com\/ConsultoraDelfos\" target=\"_blank\">\n\t\t\t\t\t\t<span class=\"elementor-screen-only\">Facebook-f<\/span>\n\t\t\t\t\t\t<i aria-hidden=\"true\" class=\"fab fa-facebook-f\"><\/i>\t\t\t\t\t<\/a>\n\t\t\t\t<\/span>\n\t\t\t\t\t\t\t<span class=\"elementor-grid-item\" role=\"listitem\">\n\t\t\t\t\t<a class=\"elementor-icon elementor-social-icon elementor-social-icon-twitter elementor-repeater-item-01xie82\" href=\"https:\/\/twitter.com\/delfoscba\" target=\"_blank\">\n\t\t\t\t\t\t<span class=\"elementor-screen-only\">Twitter<\/span>\n\t\t\t\t\t\t<i aria-hidden=\"true\" class=\"fab fa-twitter\"><\/i>\t\t\t\t\t<\/a>\n\t\t\t\t<\/span>\n\t\t\t\t\t\t\t<span class=\"elementor-grid-item\" role=\"listitem\">\n\t\t\t\t\t<a class=\"elementor-icon elementor-social-icon elementor-social-icon-linkedin elementor-repeater-item-grhvqhn\" target=\"_blank\">\n\t\t\t\t\t\t<span class=\"elementor-screen-only\">Linkedin<\/span>\n\t\t\t\t\t\t<i aria-hidden=\"true\" class=\"fab fa-linkedin\"><\/i>\t\t\t\t\t<\/a>\n\t\t\t\t<\/span>\n\t\t\t\t\t<\/div>\n\t\t\t\t\t\t<\/div>\n\t\t\t\t\t<\/div>\n\t\t<\/div>\n\t\t\t\t\t<\/div>\n\t\t<\/section>\n\t\t\t\t<\/div>\n\t\t","protected":false},"excerpt":{"rendered":"<p>La oposici\u00f3n comienza a definirse de cara a las elecciones generales del pr\u00f3ximo a\u00f1o<\/p>\n","protected":false},"author":2,"featured_media":13559,"comment_status":"open","ping_status":"open","sticky":false,"template":"","format":"standard","meta":{"_acf_changed":false,"footnotes":""},"categories":[3],"tags":[471,526,39,258,764,40,38,348,128,97,783,246,230,338,454,369,782,501,354,180,571,140,259,455,569,547,57,188,247],"class_list":["post-13552","post","type-post","status-publish","format-standard","has-post-thumbnail","hentry","category-politica","tag-471","tag-526","tag-argentina","tag-bullrich","tag-cifras","tag-consultora","tag-cordoba","tag-datos","tag-delfos","tag-elecciones","tag-elecciones-2023","tag-encuestas","tag-estadistica","tag-expectativas","tag-fernandez","tag-frente-de-todos","tag-generales","tag-internas","tag-juntos-por-el-cambio","tag-kirchner","tag-libertarios","tag-macri","tag-massa","tag-mauricio","tag-milei","tag-nacional","tag-norman-berra","tag-opinion-publica","tag-paso","et-has-post-format-content","et_post_format-et-post-format-standard"],"acf":[],"_links":{"self":[{"href":"https:\/\/delfoscba.com.ar\/dev\/wp-json\/wp\/v2\/posts\/13552","targetHints":{"allow":["GET"]}}],"collection":[{"href":"https:\/\/delfoscba.com.ar\/dev\/wp-json\/wp\/v2\/posts"}],"about":[{"href":"https:\/\/delfoscba.com.ar\/dev\/wp-json\/wp\/v2\/types\/post"}],"author":[{"embeddable":true,"href":"https:\/\/delfoscba.com.ar\/dev\/wp-json\/wp\/v2\/users\/2"}],"replies":[{"embeddable":true,"href":"https:\/\/delfoscba.com.ar\/dev\/wp-json\/wp\/v2\/comments?post=13552"}],"version-history":[{"count":4,"href":"https:\/\/delfoscba.com.ar\/dev\/wp-json\/wp\/v2\/posts\/13552\/revisions"}],"predecessor-version":[{"id":13572,"href":"https:\/\/delfoscba.com.ar\/dev\/wp-json\/wp\/v2\/posts\/13552\/revisions\/13572"}],"wp:featuredmedia":[{"embeddable":true,"href":"https:\/\/delfoscba.com.ar\/dev\/wp-json\/wp\/v2\/media\/13559"}],"wp:attachment":[{"href":"https:\/\/delfoscba.com.ar\/dev\/wp-json\/wp\/v2\/media?parent=13552"}],"wp:term":[{"taxonomy":"category","embeddable":true,"href":"https:\/\/delfoscba.com.ar\/dev\/wp-json\/wp\/v2\/categories?post=13552"},{"taxonomy":"post_tag","embeddable":true,"href":"https:\/\/delfoscba.com.ar\/dev\/wp-json\/wp\/v2\/tags?post=13552"}],"curies":[{"name":"wp","href":"https:\/\/api.w.org\/{rel}","templated":true}]}}