{"id":13607,"date":"2022-11-20T23:58:43","date_gmt":"2022-11-20T23:58:43","guid":{"rendered":"https:\/\/delfoscba.com.ar\/\/dev\/\/?p=13607"},"modified":"2022-11-21T00:03:31","modified_gmt":"2022-11-21T00:03:31","slug":"el-futbol-y-la-politica-argentina-lejos-de-ser-opio","status":"publish","type":"post","link":"https:\/\/delfoscba.com.ar\/dev\/sociedad\/el-futbol-y-la-politica-argentina-lejos-de-ser-opio\/","title":{"rendered":"El f\u00fatbol y la pol\u00edtica argentina: lejos de ser opio"},"content":{"rendered":"\t\t<div data-elementor-type=\"wp-post\" data-elementor-id=\"13607\" class=\"elementor elementor-13607\" data-elementor-post-type=\"post\">\n\t\t\t\t\t\t<section class=\"elementor-section elementor-top-section elementor-element elementor-element-41498b4 elementor-section-height-min-height elementor-section-boxed elementor-section-height-default elementor-section-items-middle\" data-id=\"41498b4\" data-element_type=\"section\" data-e-type=\"section\" data-settings=\"{&quot;background_background&quot;:&quot;classic&quot;}\">\n\t\t\t\t\t\t\t<div class=\"elementor-background-overlay\"><\/div>\n\t\t\t\t\t\t\t<div class=\"elementor-container elementor-column-gap-no\">\n\t\t\t\t\t<div class=\"elementor-column elementor-col-100 elementor-top-column elementor-element elementor-element-a18ac89\" data-id=\"a18ac89\" data-element_type=\"column\" data-e-type=\"column\">\n\t\t\t<div class=\"elementor-widget-wrap elementor-element-populated\">\n\t\t\t\t\t\t<div class=\"elementor-element elementor-element-e493600 elementor-widget elementor-widget-heading\" data-id=\"e493600\" data-element_type=\"widget\" data-e-type=\"widget\" data-widget_type=\"heading.default\">\n\t\t\t\t\t<h2 class=\"elementor-heading-title elementor-size-large\">POL\u00cdTICA<\/h2>\t\t\t\t<\/div>\n\t\t\t\t\t<\/div>\n\t\t<\/div>\n\t\t\t\t\t<\/div>\n\t\t<\/section>\n\t\t\t\t<section class=\"elementor-section elementor-top-section elementor-element elementor-element-7dafb6e4 elementor-section-boxed elementor-section-height-default elementor-section-height-default\" data-id=\"7dafb6e4\" data-element_type=\"section\" data-e-type=\"section\">\n\t\t\t\t\t\t<div class=\"elementor-container elementor-column-gap-default\">\n\t\t\t\t\t<div class=\"elementor-column elementor-col-100 elementor-top-column elementor-element elementor-element-38ae5a14\" data-id=\"38ae5a14\" data-element_type=\"column\" data-e-type=\"column\">\n\t\t\t<div class=\"elementor-widget-wrap elementor-element-populated\">\n\t\t\t\t\t\t<div class=\"elementor-element elementor-element-f8a3207 elementor-widget elementor-widget-author-box\" data-id=\"f8a3207\" data-element_type=\"widget\" data-e-type=\"widget\" data-widget_type=\"author-box.default\">\n\t\t\t\t\t\t\t<div class=\"elementor-author-box\">\n\t\t\t\t\t\t\t<a href=\"https:\/\/delfoscba.com.ar\/\/dev\/\/nosotros\/\" class=\"elementor-author-box__avatar\">\n\t\t\t\t\t<img decoding=\"async\" src=\"https:\/\/delfoscba.com.ar\/dev\/wp-content\/uploads\/2021\/03\/eia-1.png\" alt=\"Picture of Jos\u00e9 Gangi\" loading=\"lazy\">\n\t\t\t\t<\/a>\n\t\t\t\n\t\t\t<div class=\"elementor-author-box__text\">\n\t\t\t\t\t\t\t\t\t<a href=\"https:\/\/delfoscba.com.ar\/\/dev\/\/nosotros\/\">\n\t\t\t\t\t\t<h4 class=\"elementor-author-box__name\">\n\t\t\t\t\t\t\tJos\u00e9 Gangi\t\t\t\t\t\t<\/h4>\n\t\t\t\t\t<\/a>\n\t\t\t\t\n\t\t\t\t\t\t\t\t\t<div class=\"elementor-author-box__bio\">\n\t\t\t\t\t\t<p>Edici\u00f3n y An\u00e1lisis de informes<\/p>\n\t\t\t\t\t<\/div>\n\t\t\t\t\n\t\t\t\t\t\t\t<\/div>\n\t\t<\/div>\n\t\t\t\t\t\t<\/div>\n\t\t\t\t<div class=\"elementor-element elementor-element-7aefe4b4 elementor-widget elementor-widget-text-editor\" data-id=\"7aefe4b4\" data-element_type=\"widget\" data-e-type=\"widget\" data-widget_type=\"text-editor.default\">\n\t\t\t\t\t\t\t\t\t<p>Las distancias entre la academia y el f\u00fatbol, las elites y los sentires populares, hasta entre algunas opciones revolucionarias y todo aquello que apueste al goce y se desv\u00ede de sus objetivos, llev\u00f3 a instalar en el discurso de algunos que el f\u00fatbol era el opio de los pueblos.<\/p><p>Distorsionando la famosa frase que acu\u00f1ara Karl Marx para referirse a la religi\u00f3n como un aliciente o alienante de las poblaciones, algunos intentan asociar al f\u00fatbol con el mismo fin. De ser as\u00ed, \u00bfno ser\u00eda nuestro pueblo uno de los m\u00e1s alienados y adictos del planeta? Sobre todo a juzgar por la pasi\u00f3n con que asume cada cuatro a\u00f1os el desaf\u00edo mundialista del f\u00fatbol.<\/p><p>Con el objetivo de dar con una respuesta a dicho interrogante, analizamos la imagen de gesti\u00f3n en C\u00f3rdoba capital de los presidentes que estuvieron al frente del ejecutivo durante los \u00faltimos seis mundiales, pre y pos mundial. De Alberto Fern\u00e1ndez solo presentaremos la imagen de octubre y prometemos actualizar el dato una vez que finalice la competici\u00f3n en Qatar.<\/p><p>La primera gesti\u00f3n que trataremos es la de Carlos Menem durante el mundial de Francia 1998. En un contexto signado por el comienzo de la etapa recesiva de la convertibilidad y una tasa de desocupaci\u00f3n de dos cifras (13,2% tanto en la medici\u00f3n de mayo como de octubre de 1998), en marzo, el 39% de los cordobeses de la capital afirmaban poseer una imagen negativa del presidente riojano, un 35% una imagen regular y un 24% buena.<\/p><p><a href=\"https:\/\/delfoscba.com.ar\/\/dev\/\/wp-content\/uploads\/2022\/11\/Menem.png\"><img fetchpriority=\"high\" decoding=\"async\" class=\"aligncenter wp-image-13617 size-large\" src=\"https:\/\/delfoscba.com.ar\/\/dev\/\/wp-content\/uploads\/2022\/11\/Menem-1024x1024.png\" alt=\"\" width=\"1024\" height=\"1024\" srcset=\"https:\/\/delfoscba.com.ar\/dev\/wp-content\/uploads\/2022\/11\/Menem-1024x1024.png 1024w, https:\/\/delfoscba.com.ar\/dev\/wp-content\/uploads\/2022\/11\/Menem-300x300.png 300w, https:\/\/delfoscba.com.ar\/dev\/wp-content\/uploads\/2022\/11\/Menem-150x150.png 150w, https:\/\/delfoscba.com.ar\/dev\/wp-content\/uploads\/2022\/11\/Menem-768x768.png 768w, https:\/\/delfoscba.com.ar\/dev\/wp-content\/uploads\/2022\/11\/Menem-1080x1080.png 1080w, https:\/\/delfoscba.com.ar\/dev\/wp-content\/uploads\/2022\/11\/Menem-440x440.png 440w, https:\/\/delfoscba.com.ar\/dev\/wp-content\/uploads\/2022\/11\/Menem.png 1083w\" sizes=\"(max-width: 1024px) 100vw, 1024px\" \/><\/a><\/p><p>Una vez finalizado el mundial en el continente europeo, donde Argentina perdi\u00f3 en cuartos de final contra los Pa\u00edses Bajos por 2 a 1, la gesti\u00f3n menemista obtendr\u00eda en agosto una calificaci\u00f3n negativa por parte del 40%, una regular del 36% y s\u00f3lo un 22% afirmaron poseer una imagen positiva.<\/p><p>El primer mundial realizado en el continente asi\u00e1tico de la historia, Corea-Jap\u00f3n 2002, encontr\u00f3 en el poder a Eduardo Duhalde. El a\u00f1o se caracterizar\u00eda por la contracci\u00f3n m\u00e1s virulenta del PBI argentino que se tenga registro (10,9%) y una devaluaci\u00f3n del peso medido en d\u00f3lares estadounidenses del 74%.<\/p><p><a href=\"https:\/\/delfoscba.com.ar\/\/dev\/\/wp-content\/uploads\/2022\/11\/Duhalde.png\"><img decoding=\"async\" class=\"aligncenter wp-image-13614 size-large\" src=\"https:\/\/delfoscba.com.ar\/\/dev\/\/wp-content\/uploads\/2022\/11\/Duhalde-1024x1024.png\" alt=\"\" width=\"1024\" height=\"1024\" srcset=\"https:\/\/delfoscba.com.ar\/dev\/wp-content\/uploads\/2022\/11\/Duhalde-1024x1024.png 1024w, https:\/\/delfoscba.com.ar\/dev\/wp-content\/uploads\/2022\/11\/Duhalde-300x300.png 300w, https:\/\/delfoscba.com.ar\/dev\/wp-content\/uploads\/2022\/11\/Duhalde-150x150.png 150w, https:\/\/delfoscba.com.ar\/dev\/wp-content\/uploads\/2022\/11\/Duhalde-768x768.png 768w, https:\/\/delfoscba.com.ar\/dev\/wp-content\/uploads\/2022\/11\/Duhalde-1080x1080.png 1080w, https:\/\/delfoscba.com.ar\/dev\/wp-content\/uploads\/2022\/11\/Duhalde-440x440.png 440w, https:\/\/delfoscba.com.ar\/dev\/wp-content\/uploads\/2022\/11\/Duhalde.png 1083w\" sizes=\"(max-width: 1024px) 100vw, 1024px\" \/><\/a><\/p><p>En ese marco de tierra arrasada, en mayo de 2002 el presidente argentino pose\u00eda una imagen positiva de s\u00f3lo 6%, una imagen regular de 29% y una negativa de 62%. Tras la pronta eliminaci\u00f3n en primera ronda de la selecci\u00f3n y la angustia de volvernos antes del Mundial, el presidente cosech\u00f3 en agosto una imagen de gesti\u00f3n positiva de 5%, una regular de 27% y una negativa de 65%.<\/p><p>Alemania 2006 encontr\u00f3 al frente del ejecutivo nacional a N\u00e9stor Kirchner y a una Argentina diferente. Con una econom\u00eda en franco crecimiento desde el a\u00f1o 2003 (el PBI hab\u00eda crecido durante los 3 a\u00f1os precedentes entre un 8,8% y un 9%), una tasa de desempleo que volv\u00eda a ser de un s\u00f3lo d\u00edgito (8,7%), la imagen de la gesti\u00f3n nacional en la capital cordobesa desenton\u00f3 de las de sus antecesores.<\/p><p><a href=\"https:\/\/delfoscba.com.ar\/\/dev\/\/wp-content\/uploads\/2022\/11\/Kirchner.png\"><img decoding=\"async\" class=\"aligncenter wp-image-13615 size-large\" src=\"https:\/\/delfoscba.com.ar\/\/dev\/\/wp-content\/uploads\/2022\/11\/Kirchner-1024x1024.png\" alt=\"\" width=\"1024\" height=\"1024\" srcset=\"https:\/\/delfoscba.com.ar\/dev\/wp-content\/uploads\/2022\/11\/Kirchner-1024x1024.png 1024w, https:\/\/delfoscba.com.ar\/dev\/wp-content\/uploads\/2022\/11\/Kirchner-300x300.png 300w, https:\/\/delfoscba.com.ar\/dev\/wp-content\/uploads\/2022\/11\/Kirchner-150x150.png 150w, https:\/\/delfoscba.com.ar\/dev\/wp-content\/uploads\/2022\/11\/Kirchner-768x768.png 768w, https:\/\/delfoscba.com.ar\/dev\/wp-content\/uploads\/2022\/11\/Kirchner-1080x1080.png 1080w, https:\/\/delfoscba.com.ar\/dev\/wp-content\/uploads\/2022\/11\/Kirchner-440x440.png 440w, https:\/\/delfoscba.com.ar\/dev\/wp-content\/uploads\/2022\/11\/Kirchner.png 1083w\" sizes=\"(max-width: 1024px) 100vw, 1024px\" \/><\/a><\/p><p>En marzo, tres meses antes del mundial, la gesti\u00f3n encabezada por N\u00e9stor Kirchner obtuvo un 52% de calificaciones buenas, un 34% de regulares y s\u00f3lo un 11% de negativas. Una vez finalizado el mundial, con Argentina qued\u00e1ndose fuera nuevamente en cuartos de final, los n\u00fameros aparecen pr\u00e1cticamente calcados a los de marzo: un 52% de calificaciones buenas, un 35% de regulares y s\u00f3lo un 11% de negativas.<\/p><p>Cuatro a\u00f1os despu\u00e9s llegar\u00eda el mundial de Sud\u00e1frica 2010, con Cristina Fern\u00e1ndez encabezando el ejecutivo nacional. Anotando un fuerte crecimiento del PBI de 10,1%, Argentina recuperaba lo perdido fruto de los coletazos de la crisis de las hipotecas en el primer mundo y se reincorporaba a la senda del crecimiento iniciada en 2003. Sin embargo, la gesti\u00f3n cristinista ya cargaba a cuestas una herida muy grande en su relaci\u00f3n con un sector del pueblo argentino y, en particular, con los cordobeses: la disputa por el proyecto de Ley 125 de 2008.<\/p><p><a href=\"https:\/\/delfoscba.com.ar\/\/dev\/\/wp-content\/uploads\/2022\/11\/Cfk-2010.png\"><img loading=\"lazy\" decoding=\"async\" class=\"aligncenter wp-image-13611 size-large\" src=\"https:\/\/delfoscba.com.ar\/\/dev\/\/wp-content\/uploads\/2022\/11\/Cfk-2010-1024x1024.png\" alt=\"\" width=\"1024\" height=\"1024\" srcset=\"https:\/\/delfoscba.com.ar\/dev\/wp-content\/uploads\/2022\/11\/Cfk-2010-1024x1024.png 1024w, https:\/\/delfoscba.com.ar\/dev\/wp-content\/uploads\/2022\/11\/Cfk-2010-300x300.png 300w, https:\/\/delfoscba.com.ar\/dev\/wp-content\/uploads\/2022\/11\/Cfk-2010-150x150.png 150w, https:\/\/delfoscba.com.ar\/dev\/wp-content\/uploads\/2022\/11\/Cfk-2010-768x768.png 768w, https:\/\/delfoscba.com.ar\/dev\/wp-content\/uploads\/2022\/11\/Cfk-2010-1080x1080.png 1080w, https:\/\/delfoscba.com.ar\/dev\/wp-content\/uploads\/2022\/11\/Cfk-2010-440x440.png 440w, https:\/\/delfoscba.com.ar\/dev\/wp-content\/uploads\/2022\/11\/Cfk-2010.png 1083w\" sizes=\"(max-width: 1024px) 100vw, 1024px\" \/><\/a><\/p><p>A diferencia de su esposo y antecesor en el gobierno, en mayo de 2010 la gesti\u00f3n nacional pose\u00eda un 59% de imagen negativa, un 26% regular y un 14% positiva. Despu\u00e9s de la dura derrota nacional por 4-0 en cuartos de final contra Alemania, la gesti\u00f3n nacional mejor\u00f3 su imagen de gesti\u00f3n en la capital cordobesa: la negativa cay\u00f3 a 50%, la regular subi\u00f3 a 31% y la positiva tambi\u00e9n a 19%.<\/p><p>Para el mundial de Brasil 2014, nuevamente la gesti\u00f3n nacional estar\u00eda encabezada por Cristina Fern\u00e1ndez. En un marco de estancamiento y conflictos con los fondos buitres, la imagen de la gesti\u00f3n pre mundial ser\u00eda negativa para el 49% de los vecinos de la capital cordobesa, regular para el 28% y positiva para el 21%.<\/p><p><a href=\"https:\/\/delfoscba.com.ar\/\/dev\/\/wp-content\/uploads\/2022\/11\/Cfk-2014.png\"><img loading=\"lazy\" decoding=\"async\" class=\"aligncenter wp-image-13612 size-large\" src=\"https:\/\/delfoscba.com.ar\/\/dev\/\/wp-content\/uploads\/2022\/11\/Cfk-2014-1024x1024.png\" alt=\"\" width=\"1024\" height=\"1024\" srcset=\"https:\/\/delfoscba.com.ar\/dev\/wp-content\/uploads\/2022\/11\/Cfk-2014-1024x1024.png 1024w, https:\/\/delfoscba.com.ar\/dev\/wp-content\/uploads\/2022\/11\/Cfk-2014-300x300.png 300w, https:\/\/delfoscba.com.ar\/dev\/wp-content\/uploads\/2022\/11\/Cfk-2014-150x150.png 150w, https:\/\/delfoscba.com.ar\/dev\/wp-content\/uploads\/2022\/11\/Cfk-2014-768x768.png 768w, https:\/\/delfoscba.com.ar\/dev\/wp-content\/uploads\/2022\/11\/Cfk-2014-1080x1080.png 1080w, https:\/\/delfoscba.com.ar\/dev\/wp-content\/uploads\/2022\/11\/Cfk-2014-440x440.png 440w, https:\/\/delfoscba.com.ar\/dev\/wp-content\/uploads\/2022\/11\/Cfk-2014.png 1083w\" sizes=\"(max-width: 1024px) 100vw, 1024px\" \/><\/a><\/p><p>Una vez finalizado el mundial, donde la selecci\u00f3n obtuvo el subcampeonato perdiendo en tiempo suplementario con Alemania, la imagen negativa de la gesti\u00f3n nacional ser\u00eda de 50%, la regular de 31% y la positiva de 18%.<\/p><p>El \u00faltimo mundial, Rusia 2018, encontr\u00f3 a la gesti\u00f3n nacional encabezada por Mauricio Macri. La inestabilidad, el endeudamiento, las devaluaciones y la contracci\u00f3n de la econom\u00eda caracterizar\u00edan al marco de aquel mundial.<\/p><p><a href=\"https:\/\/delfoscba.com.ar\/\/dev\/\/wp-content\/uploads\/2022\/11\/Macri.png\"><img loading=\"lazy\" decoding=\"async\" class=\"aligncenter wp-image-13616 size-large\" src=\"https:\/\/delfoscba.com.ar\/\/dev\/\/wp-content\/uploads\/2022\/11\/Macri-1024x1024.png\" alt=\"\" width=\"1024\" height=\"1024\" srcset=\"https:\/\/delfoscba.com.ar\/dev\/wp-content\/uploads\/2022\/11\/Macri-1024x1024.png 1024w, https:\/\/delfoscba.com.ar\/dev\/wp-content\/uploads\/2022\/11\/Macri-300x300.png 300w, https:\/\/delfoscba.com.ar\/dev\/wp-content\/uploads\/2022\/11\/Macri-150x150.png 150w, https:\/\/delfoscba.com.ar\/dev\/wp-content\/uploads\/2022\/11\/Macri-768x768.png 768w, https:\/\/delfoscba.com.ar\/dev\/wp-content\/uploads\/2022\/11\/Macri-1080x1080.png 1080w, https:\/\/delfoscba.com.ar\/dev\/wp-content\/uploads\/2022\/11\/Macri-440x440.png 440w, https:\/\/delfoscba.com.ar\/dev\/wp-content\/uploads\/2022\/11\/Macri.png 1083w\" sizes=\"(max-width: 1024px) 100vw, 1024px\" \/><\/a><\/p><p>En mayo, un mes antes de la cita mundialista, la gesti\u00f3n macrista obtuvo en la capital cordobesa un 25% de im\u00e1gen positiva, un 33% de imagen regular y un 41% de negativa. Despu\u00e9s de la derrota en octavos de final contra Francia por 4-3, en agosto, un 23% de los vecinos de la capital provincial pose\u00edan una imagen positiva de la gesti\u00f3n nacional, un 32% una imagen regular y un 44% negativa.<\/p><p>En la actualidad, en las v\u00edsperas de una nueva cita mundialista en Qatar, Alberto Fern\u00e1ndez encabeza la gesti\u00f3n nacional. A pesar del crecimiento de la econom\u00eda y la recuperaci\u00f3n de los puestos de trabajo, los indicadores del contexto que generan m\u00e1s preocupaci\u00f3n entre los argentinos son la inflaci\u00f3n y la p\u00e9rdida de poder adquisitivo.<\/p><p><a href=\"https:\/\/delfoscba.com.ar\/\/dev\/\/wp-content\/uploads\/2022\/11\/Alberto.png\"><img loading=\"lazy\" decoding=\"async\" class=\"aligncenter wp-image-13610 size-large\" src=\"https:\/\/delfoscba.com.ar\/\/dev\/\/wp-content\/uploads\/2022\/11\/Alberto-1024x1024.png\" alt=\"\" width=\"1024\" height=\"1024\" srcset=\"https:\/\/delfoscba.com.ar\/dev\/wp-content\/uploads\/2022\/11\/Alberto-1024x1024.png 1024w, https:\/\/delfoscba.com.ar\/dev\/wp-content\/uploads\/2022\/11\/Alberto-300x300.png 300w, https:\/\/delfoscba.com.ar\/dev\/wp-content\/uploads\/2022\/11\/Alberto-150x150.png 150w, https:\/\/delfoscba.com.ar\/dev\/wp-content\/uploads\/2022\/11\/Alberto-768x768.png 768w, https:\/\/delfoscba.com.ar\/dev\/wp-content\/uploads\/2022\/11\/Alberto-1080x1080.png 1080w, https:\/\/delfoscba.com.ar\/dev\/wp-content\/uploads\/2022\/11\/Alberto-440x440.png 440w, https:\/\/delfoscba.com.ar\/dev\/wp-content\/uploads\/2022\/11\/Alberto.png 1083w\" sizes=\"(max-width: 1024px) 100vw, 1024px\" \/><\/a><\/p><p>La imagen de la gesti\u00f3n en la capital cordobesa en octubre fue muy similar a la obtenida por Eduardo Duhalde en mayo de 2002: el 63% de los vecinos afirm\u00f3 poseer una imagen negativa de la gesti\u00f3n, un 30% una imagen regular y s\u00f3lo un 6% una positiva.<\/p><p>Del repaso de la imagen de todas estas gestiones pre y pos mundiales, podemos concluir que estos eventos no logran alterar la percepci\u00f3n de las gestiones que tienen los pueblos. Evidentemente, un gol de Lionel Messi o ganar campeonato del mundo no reemplazar\u00e1n los problemas que la sociedad tiene con la inflaci\u00f3n, la inseguridad, o cualquier otro problema de la agenda social. Realidad y mundial conviven, pero no se tapan.<\/p><p>Incluso en el caso en que una gesti\u00f3n mejor\u00f3 levemente su posici\u00f3n (final del primer mandato de Cristina), no se ha encontrado un indicador que permita atribuir dicha mejora al mundial. Menos a\u00fan el desempe\u00f1o de la selecci\u00f3n, que se qued\u00f3 afuera del mundial por una derrota aplastante frente a Alemania en cuartos de final, lejos de las mejores actuaciones de su historia.<\/p><p>En conclusi\u00f3n, subestimar al pueblo y juzgar sus pasiones parecen ser herramientas discursivas basadas en el simple prejuicio.<\/p>\t\t\t\t\t\t\t\t<\/div>\n\t\t\t\t\t<\/div>\n\t\t<\/div>\n\t\t\t\t\t<\/div>\n\t\t<\/section>\n\t\t\t\t<section class=\"elementor-section elementor-top-section elementor-element elementor-element-b28ac47 elementor-section-height-min-height elementor-section-boxed elementor-section-height-default elementor-section-items-middle\" data-id=\"b28ac47\" data-element_type=\"section\" data-e-type=\"section\" data-settings=\"{&quot;background_background&quot;:&quot;classic&quot;}\">\n\t\t\t\t\t\t\t<div class=\"elementor-background-overlay\"><\/div>\n\t\t\t\t\t\t\t<div class=\"elementor-container elementor-column-gap-default\">\n\t\t\t\t\t<div class=\"elementor-column elementor-col-100 elementor-top-column elementor-element elementor-element-88fba06\" data-id=\"88fba06\" data-element_type=\"column\" data-e-type=\"column\">\n\t\t\t<div class=\"elementor-widget-wrap elementor-element-populated\">\n\t\t\t\t\t\t<div class=\"elementor-element elementor-element-7e65226 elementor-widget elementor-widget-heading\" data-id=\"7e65226\" data-element_type=\"widget\" data-e-type=\"widget\" data-widget_type=\"heading.default\">\n\t\t\t\t\t<h2 class=\"elementor-heading-title elementor-size-large\">Seguinos en nuestras redes<\/h2>\t\t\t\t<\/div>\n\t\t\t\t<div class=\"elementor-element elementor-element-c37b7ef elementor-shape-circle e-grid-align-tablet-center e-grid-align-mobile-center e-grid-align-left elementor-grid-0 elementor-widget elementor-widget-social-icons\" data-id=\"c37b7ef\" data-element_type=\"widget\" data-e-type=\"widget\" data-widget_type=\"social-icons.default\">\n\t\t\t\t\t\t\t<div class=\"elementor-social-icons-wrapper elementor-grid\" role=\"list\">\n\t\t\t\t\t\t\t<span class=\"elementor-grid-item\" role=\"listitem\">\n\t\t\t\t\t<a class=\"elementor-icon elementor-social-icon elementor-social-icon-facebook-f elementor-repeater-item-lf5yt4c\" href=\"https:\/\/www.facebook.com\/ConsultoraDelfos\" target=\"_blank\">\n\t\t\t\t\t\t<span class=\"elementor-screen-only\">Facebook-f<\/span>\n\t\t\t\t\t\t<i aria-hidden=\"true\" class=\"fab fa-facebook-f\"><\/i>\t\t\t\t\t<\/a>\n\t\t\t\t<\/span>\n\t\t\t\t\t\t\t<span class=\"elementor-grid-item\" role=\"listitem\">\n\t\t\t\t\t<a class=\"elementor-icon elementor-social-icon elementor-social-icon-twitter elementor-repeater-item-01xie82\" href=\"https:\/\/twitter.com\/delfoscba\" target=\"_blank\">\n\t\t\t\t\t\t<span class=\"elementor-screen-only\">Twitter<\/span>\n\t\t\t\t\t\t<i aria-hidden=\"true\" class=\"fab fa-twitter\"><\/i>\t\t\t\t\t<\/a>\n\t\t\t\t<\/span>\n\t\t\t\t\t\t\t<span class=\"elementor-grid-item\" role=\"listitem\">\n\t\t\t\t\t<a class=\"elementor-icon elementor-social-icon elementor-social-icon-linkedin elementor-repeater-item-grhvqhn\" target=\"_blank\">\n\t\t\t\t\t\t<span class=\"elementor-screen-only\">Linkedin<\/span>\n\t\t\t\t\t\t<i aria-hidden=\"true\" class=\"fab fa-linkedin\"><\/i>\t\t\t\t\t<\/a>\n\t\t\t\t<\/span>\n\t\t\t\t\t<\/div>\n\t\t\t\t\t\t<\/div>\n\t\t\t\t\t<\/div>\n\t\t<\/div>\n\t\t\t\t\t<\/div>\n\t\t<\/section>\n\t\t\t\t<\/div>\n\t\t","protected":false},"excerpt":{"rendered":"<p>Enfrentamos a los datos un prejuicio extendido en nuestra sociedad<\/p>\n","protected":false},"author":2,"featured_media":13618,"comment_status":"open","ping_status":"open","sticky":false,"template":"","format":"standard","meta":{"_acf_changed":false,"footnotes":""},"categories":[4],"tags":[471,453,39,588,802,40,38,264,128,803,169,246,230,454,138,578,61,34,180,140,589,326,547,456,188,804,801,590],"class_list":["post-13607","post","type-post","status-publish","format-standard","has-post-thumbnail","hentry","category-sociedad","tag-471","tag-alberto","tag-argentina","tag-buena","tag-ciudad","tag-consultora","tag-cordoba","tag-cristina","tag-delfos","tag-duhalde","tag-educacion","tag-encuestas","tag-estadistica","tag-fernandez","tag-gestion","tag-gestiones","tag-imagen","tag-jose-gangi","tag-kirchner","tag-macri","tag-mala","tag-menem","tag-nacional","tag-nestor","tag-opinion-publica","tag-opio","tag-posgrado","tag-regular","et-has-post-format-content","et_post_format-et-post-format-standard"],"acf":[],"_links":{"self":[{"href":"https:\/\/delfoscba.com.ar\/dev\/wp-json\/wp\/v2\/posts\/13607","targetHints":{"allow":["GET"]}}],"collection":[{"href":"https:\/\/delfoscba.com.ar\/dev\/wp-json\/wp\/v2\/posts"}],"about":[{"href":"https:\/\/delfoscba.com.ar\/dev\/wp-json\/wp\/v2\/types\/post"}],"author":[{"embeddable":true,"href":"https:\/\/delfoscba.com.ar\/dev\/wp-json\/wp\/v2\/users\/2"}],"replies":[{"embeddable":true,"href":"https:\/\/delfoscba.com.ar\/dev\/wp-json\/wp\/v2\/comments?post=13607"}],"version-history":[{"count":4,"href":"https:\/\/delfoscba.com.ar\/dev\/wp-json\/wp\/v2\/posts\/13607\/revisions"}],"predecessor-version":[{"id":13622,"href":"https:\/\/delfoscba.com.ar\/dev\/wp-json\/wp\/v2\/posts\/13607\/revisions\/13622"}],"wp:featuredmedia":[{"embeddable":true,"href":"https:\/\/delfoscba.com.ar\/dev\/wp-json\/wp\/v2\/media\/13618"}],"wp:attachment":[{"href":"https:\/\/delfoscba.com.ar\/dev\/wp-json\/wp\/v2\/media?parent=13607"}],"wp:term":[{"taxonomy":"category","embeddable":true,"href":"https:\/\/delfoscba.com.ar\/dev\/wp-json\/wp\/v2\/categories?post=13607"},{"taxonomy":"post_tag","embeddable":true,"href":"https:\/\/delfoscba.com.ar\/dev\/wp-json\/wp\/v2\/tags?post=13607"}],"curies":[{"name":"wp","href":"https:\/\/api.w.org\/{rel}","templated":true}]}}