{"id":13992,"date":"2022-12-07T13:03:37","date_gmt":"2022-12-07T13:03:37","guid":{"rendered":"https:\/\/delfoscba.com.ar\/\/dev\/\/?p=13992"},"modified":"2022-12-07T17:33:27","modified_gmt":"2022-12-07T17:33:27","slug":"la-realidad-del-trabajo-en-cordoba-crecio-el-trabajo-en-relacion-de-dependencia","status":"publish","type":"post","link":"https:\/\/delfoscba.com.ar\/dev\/economia\/la-realidad-del-trabajo-en-cordoba-crecio-el-trabajo-en-relacion-de-dependencia\/","title":{"rendered":"La realidad del empleo en C\u00f3rdoba: creci\u00f3 el trabajo en relaci\u00f3n de dependencia"},"content":{"rendered":"\t\t<div data-elementor-type=\"wp-post\" data-elementor-id=\"13992\" class=\"elementor elementor-13992\" data-elementor-post-type=\"post\">\n\t\t\t\t\t\t<section class=\"elementor-section elementor-top-section elementor-element elementor-element-41498b4 elementor-section-height-min-height elementor-section-boxed elementor-section-height-default elementor-section-items-middle\" data-id=\"41498b4\" data-element_type=\"section\" data-e-type=\"section\" data-settings=\"{&quot;background_background&quot;:&quot;classic&quot;}\">\n\t\t\t\t\t\t\t<div class=\"elementor-background-overlay\"><\/div>\n\t\t\t\t\t\t\t<div class=\"elementor-container elementor-column-gap-no\">\n\t\t\t\t\t<div class=\"elementor-column elementor-col-100 elementor-top-column elementor-element elementor-element-a18ac89\" data-id=\"a18ac89\" data-element_type=\"column\" data-e-type=\"column\">\n\t\t\t<div class=\"elementor-widget-wrap elementor-element-populated\">\n\t\t\t\t\t\t<div class=\"elementor-element elementor-element-e493600 elementor-widget elementor-widget-heading\" data-id=\"e493600\" data-element_type=\"widget\" data-e-type=\"widget\" data-widget_type=\"heading.default\">\n\t\t\t\t\t<h2 class=\"elementor-heading-title elementor-size-large\">ECONOM\u00cdA<\/h2>\t\t\t\t<\/div>\n\t\t\t\t\t<\/div>\n\t\t<\/div>\n\t\t\t\t\t<\/div>\n\t\t<\/section>\n\t\t\t\t<section class=\"elementor-section elementor-top-section elementor-element elementor-element-7dafb6e4 elementor-section-boxed elementor-section-height-default elementor-section-height-default\" data-id=\"7dafb6e4\" data-element_type=\"section\" data-e-type=\"section\">\n\t\t\t\t\t\t<div class=\"elementor-container elementor-column-gap-default\">\n\t\t\t\t\t<div class=\"elementor-column elementor-col-100 elementor-top-column elementor-element elementor-element-38ae5a14\" data-id=\"38ae5a14\" data-element_type=\"column\" data-e-type=\"column\">\n\t\t\t<div class=\"elementor-widget-wrap elementor-element-populated\">\n\t\t\t\t\t\t<div class=\"elementor-element elementor-element-f8a3207 elementor-widget elementor-widget-author-box\" data-id=\"f8a3207\" data-element_type=\"widget\" data-e-type=\"widget\" data-widget_type=\"author-box.default\">\n\t\t\t\t\t\t\t<div class=\"elementor-author-box\">\n\t\t\t\t\t\t\t<a href=\"https:\/\/delfoscba.com.ar\/\/dev\/\/nosotros\/\" class=\"elementor-author-box__avatar\">\n\t\t\t\t\t<img decoding=\"async\" src=\"https:\/\/delfoscba.com.ar\/dev\/wp-content\/uploads\/2021\/03\/eia-1.png\" alt=\"Picture of Jos\u00e9 Gangi\" loading=\"lazy\">\n\t\t\t\t<\/a>\n\t\t\t\n\t\t\t<div class=\"elementor-author-box__text\">\n\t\t\t\t\t\t\t\t\t<a href=\"https:\/\/delfoscba.com.ar\/\/dev\/\/nosotros\/\">\n\t\t\t\t\t\t<h4 class=\"elementor-author-box__name\">\n\t\t\t\t\t\t\tJos\u00e9 Gangi\t\t\t\t\t\t<\/h4>\n\t\t\t\t\t<\/a>\n\t\t\t\t\n\t\t\t\t\t\t\t\t\t<div class=\"elementor-author-box__bio\">\n\t\t\t\t\t\t<p>Edici\u00f3n y An\u00e1lisis de informes<\/p>\n\t\t\t\t\t<\/div>\n\t\t\t\t\n\t\t\t\t\t\t\t<\/div>\n\t\t<\/div>\n\t\t\t\t\t\t<\/div>\n\t\t\t\t<div class=\"elementor-element elementor-element-7aefe4b4 elementor-widget elementor-widget-text-editor\" data-id=\"7aefe4b4\" data-element_type=\"widget\" data-e-type=\"widget\" data-widget_type=\"text-editor.default\">\n\t\t\t\t\t\t\t\t\t<p>Cerrando el a\u00f1o, generaremos una serie de notas repasando el comportamiento de los principales indicadores del nivel socioecon\u00f3mico de los cordobeses desde comienzos de 2022.<\/p><p>En este caso, compararemos las cifras relativas a ocupaci\u00f3n obtenidas en enero de 2022 con las obtenidas en noviembre pasado.<\/p><p><strong>Principales datos<\/strong><\/p><p>El dato evolutivo sobre el estado ocupacional de los cordobeses indica que hubo una variaci\u00f3n positiva en el nivel de ocupaci\u00f3n de 1,79 puntos porcentuales: mientras que en enero un 75,78% de los cordobeses afirm\u00f3 encontrarse ocupado, en noviembre esa cifra ascendi\u00f3 a 77,57%. Teniendo en cuenta que el error de la muestra fue de + &#8211; 2,9%, las variaciones apreciadas no se consideran estad\u00edsticamente significativas.<\/p><p>Por otro lado, los desocupados y los inactivos tampoco mostraron cambios significativos. En enero, un 2,2% de los cordobeses dijo encontrarse desocupado y un 22% inactivo. Por su parte, en noviembre un 1,21% afirm\u00f3 que estaba desocupado, mientras que un 21,22% dijo estar inactivo.<\/p><p>Dentro de los inactivos, encontramos que tanto en enero como en noviembre m\u00e1s de 9 de cada 10 son jubilados y el restante son rentistas o becarios.<\/p><p>Volviendo a la realidad de los ocupados y los desocupados, observamos que en la actualidad un 1% son empleadores, un 37% cuentapropistas y un 62% trabajadores en relaci\u00f3n de dependencia, obreros o empleados. De los desocupados, el 100% es un trabajador en relaci\u00f3n de dependencia, obrero o empleado.<\/p><p>Si comparamos estos datos con los de enero, podemos observar un crecimiento de los trabajadores en relaci\u00f3n de dependencia, obreros o empleados de 4,7 pp., a costa de una reducci\u00f3n de los cuentapropistas de 3,5 pp. y una ca\u00edda estad\u00edsticamente no significativa de los empleadores de 1,2 pp.<\/p><p>A los cuentapropistas se les pregunta por la cantidad de horas semanales trabajadas. En noviembre, casi 9 de cada 10 cuentapropistas afirmaron que trabajan 35 horas semanales o m\u00e1s, es decir, un m\u00ednimo 7 horas diarias, mientras un 12% asegur\u00f3 hacerlo menos de 35 horas semanales.<\/p><p>En enero, las cifras obtenidas fueron significativamente menores. S\u00f3lo un 63,9% de los cuentapropistas cordobeses afirm\u00f3 ese mes trabajar 35 horas o m\u00e1s, esto es 24,3 pp. menos que en noviembre.<\/p><p>Por \u00faltimo, le preguntamos a aquellos que eran empleadores o jefes de una empresa por el tama\u00f1o de la empresa en la que se desempe\u00f1an. En noviembre, el 55% nos respondi\u00f3 que posee una planta de hasta 5 personas, mientras que el 45% restante afirm\u00f3 que cuenta con entre 6 y 40 personas. En t\u00e9rminos evolutivos, no se observaron diferencias estad\u00edsticamente significativas con los datos obtenidos en enero en este indicador.<\/p><p>En s\u00edntesis, a lo largo de este a\u00f1o se ha configurado un escenario de ocupaci\u00f3n casi plena, donde se aprecia un crecimiento de la oferta laboral en relaci\u00f3n de dependencia y de las horas trabajadas por lo cuentapropistas. Por otro lado, como un dato m\u00e1s estable de la realidad cordobesa, vale destacar que la mayor\u00eda de los empleadores o administradores de empresas pertenecen al rubro de las micro o peque\u00f1as empresas.<\/p>\t\t\t\t\t\t\t\t<\/div>\n\t\t\t\t\t<\/div>\n\t\t<\/div>\n\t\t\t\t\t<\/div>\n\t\t<\/section>\n\t\t\t\t<section class=\"elementor-section elementor-top-section elementor-element elementor-element-b28ac47 elementor-section-height-min-height elementor-section-boxed elementor-section-height-default elementor-section-items-middle\" data-id=\"b28ac47\" data-element_type=\"section\" data-e-type=\"section\" data-settings=\"{&quot;background_background&quot;:&quot;classic&quot;}\">\n\t\t\t\t\t\t\t<div class=\"elementor-background-overlay\"><\/div>\n\t\t\t\t\t\t\t<div class=\"elementor-container elementor-column-gap-default\">\n\t\t\t\t\t<div class=\"elementor-column elementor-col-100 elementor-top-column elementor-element elementor-element-88fba06\" data-id=\"88fba06\" data-element_type=\"column\" data-e-type=\"column\">\n\t\t\t<div class=\"elementor-widget-wrap elementor-element-populated\">\n\t\t\t\t\t\t<div class=\"elementor-element elementor-element-7e65226 elementor-widget elementor-widget-heading\" data-id=\"7e65226\" data-element_type=\"widget\" data-e-type=\"widget\" data-widget_type=\"heading.default\">\n\t\t\t\t\t<h2 class=\"elementor-heading-title elementor-size-large\">Seguinos en nuestras redes<\/h2>\t\t\t\t<\/div>\n\t\t\t\t<div class=\"elementor-element elementor-element-c37b7ef elementor-shape-circle e-grid-align-tablet-center e-grid-align-mobile-center e-grid-align-left elementor-grid-0 elementor-widget elementor-widget-social-icons\" data-id=\"c37b7ef\" data-element_type=\"widget\" data-e-type=\"widget\" data-widget_type=\"social-icons.default\">\n\t\t\t\t\t\t\t<div class=\"elementor-social-icons-wrapper elementor-grid\" role=\"list\">\n\t\t\t\t\t\t\t<span class=\"elementor-grid-item\" role=\"listitem\">\n\t\t\t\t\t<a class=\"elementor-icon elementor-social-icon elementor-social-icon-facebook-f elementor-repeater-item-lf5yt4c\" href=\"https:\/\/www.facebook.com\/ConsultoraDelfos\" target=\"_blank\">\n\t\t\t\t\t\t<span class=\"elementor-screen-only\">Facebook-f<\/span>\n\t\t\t\t\t\t<i aria-hidden=\"true\" class=\"fab fa-facebook-f\"><\/i>\t\t\t\t\t<\/a>\n\t\t\t\t<\/span>\n\t\t\t\t\t\t\t<span class=\"elementor-grid-item\" role=\"listitem\">\n\t\t\t\t\t<a class=\"elementor-icon elementor-social-icon elementor-social-icon-twitter elementor-repeater-item-01xie82\" href=\"https:\/\/twitter.com\/delfoscba\" target=\"_blank\">\n\t\t\t\t\t\t<span class=\"elementor-screen-only\">Twitter<\/span>\n\t\t\t\t\t\t<i aria-hidden=\"true\" class=\"fab fa-twitter\"><\/i>\t\t\t\t\t<\/a>\n\t\t\t\t<\/span>\n\t\t\t\t\t\t\t<span class=\"elementor-grid-item\" role=\"listitem\">\n\t\t\t\t\t<a class=\"elementor-icon elementor-social-icon elementor-social-icon-linkedin elementor-repeater-item-grhvqhn\" target=\"_blank\">\n\t\t\t\t\t\t<span class=\"elementor-screen-only\">Linkedin<\/span>\n\t\t\t\t\t\t<i aria-hidden=\"true\" class=\"fab fa-linkedin\"><\/i>\t\t\t\t\t<\/a>\n\t\t\t\t<\/span>\n\t\t\t\t\t<\/div>\n\t\t\t\t\t\t<\/div>\n\t\t\t\t\t<\/div>\n\t\t<\/div>\n\t\t\t\t\t<\/div>\n\t\t<\/section>\n\t\t\t\t<\/div>\n\t\t","protected":false},"excerpt":{"rendered":"<p>Hacemos una revisi\u00f3n de las condiciones de ocupaci\u00f3n provinciales en el 2022<\/p>\n","protected":false},"author":2,"featured_media":13998,"comment_status":"open","ping_status":"open","sticky":false,"template":"","format":"standard","meta":{"_acf_changed":false,"footnotes":""},"categories":[2],"tags":[471,39,40,38,836,128,837,246,230,840,835,833,834,34,839,187,188,838,841,112],"class_list":["post-13992","post","type-post","status-publish","format-standard","has-post-thumbnail","hentry","category-economia","tag-471","tag-argentina","tag-consultora","tag-cordoba","tag-cuentapropista","tag-delfos","tag-dependencia","tag-encuestas","tag-estadistica","tag-horas","tag-jefe","tag-jerarquia","tag-jerarquico","tag-jose-gangi","tag-laboral","tag-ocupacion","tag-opinion-publica","tag-relacion","tag-trabajadas","tag-trabajo","et-has-post-format-content","et_post_format-et-post-format-standard"],"acf":[],"_links":{"self":[{"href":"https:\/\/delfoscba.com.ar\/dev\/wp-json\/wp\/v2\/posts\/13992","targetHints":{"allow":["GET"]}}],"collection":[{"href":"https:\/\/delfoscba.com.ar\/dev\/wp-json\/wp\/v2\/posts"}],"about":[{"href":"https:\/\/delfoscba.com.ar\/dev\/wp-json\/wp\/v2\/types\/post"}],"author":[{"embeddable":true,"href":"https:\/\/delfoscba.com.ar\/dev\/wp-json\/wp\/v2\/users\/2"}],"replies":[{"embeddable":true,"href":"https:\/\/delfoscba.com.ar\/dev\/wp-json\/wp\/v2\/comments?post=13992"}],"version-history":[{"count":6,"href":"https:\/\/delfoscba.com.ar\/dev\/wp-json\/wp\/v2\/posts\/13992\/revisions"}],"predecessor-version":[{"id":14000,"href":"https:\/\/delfoscba.com.ar\/dev\/wp-json\/wp\/v2\/posts\/13992\/revisions\/14000"}],"wp:featuredmedia":[{"embeddable":true,"href":"https:\/\/delfoscba.com.ar\/dev\/wp-json\/wp\/v2\/media\/13998"}],"wp:attachment":[{"href":"https:\/\/delfoscba.com.ar\/dev\/wp-json\/wp\/v2\/media?parent=13992"}],"wp:term":[{"taxonomy":"category","embeddable":true,"href":"https:\/\/delfoscba.com.ar\/dev\/wp-json\/wp\/v2\/categories?post=13992"},{"taxonomy":"post_tag","embeddable":true,"href":"https:\/\/delfoscba.com.ar\/dev\/wp-json\/wp\/v2\/tags?post=13992"}],"curies":[{"name":"wp","href":"https:\/\/api.w.org\/{rel}","templated":true}]}}