{"id":14018,"date":"2022-12-16T14:37:26","date_gmt":"2022-12-16T14:37:26","guid":{"rendered":"https:\/\/delfoscba.com.ar\/\/dev\/\/?p=14018"},"modified":"2022-12-16T14:44:07","modified_gmt":"2022-12-16T14:44:07","slug":"a-dos-dias-de-la-gran-final-que-sentimientos-despierta-el-mundial-entre-los-cordobeses","status":"publish","type":"post","link":"https:\/\/delfoscba.com.ar\/dev\/sociedad\/a-dos-dias-de-la-gran-final-que-sentimientos-despierta-el-mundial-entre-los-cordobeses\/","title":{"rendered":"A dos d\u00edas de la gran final, \u00bfqu\u00e9 sentimientos despierta el mundial entre los cordobeses?"},"content":{"rendered":"\t\t<div data-elementor-type=\"wp-post\" data-elementor-id=\"14018\" class=\"elementor elementor-14018\" data-elementor-post-type=\"post\">\n\t\t\t\t\t\t<section class=\"elementor-section elementor-top-section elementor-element elementor-element-41498b4 elementor-section-height-min-height elementor-section-boxed elementor-section-height-default elementor-section-items-middle\" data-id=\"41498b4\" data-element_type=\"section\" data-e-type=\"section\" data-settings=\"{&quot;background_background&quot;:&quot;classic&quot;}\">\n\t\t\t\t\t\t\t<div class=\"elementor-background-overlay\"><\/div>\n\t\t\t\t\t\t\t<div class=\"elementor-container elementor-column-gap-no\">\n\t\t\t\t\t<div class=\"elementor-column elementor-col-100 elementor-top-column elementor-element elementor-element-a18ac89\" data-id=\"a18ac89\" data-element_type=\"column\" data-e-type=\"column\">\n\t\t\t<div class=\"elementor-widget-wrap elementor-element-populated\">\n\t\t\t\t\t\t<div class=\"elementor-element elementor-element-e493600 elementor-widget elementor-widget-heading\" data-id=\"e493600\" data-element_type=\"widget\" data-e-type=\"widget\" data-widget_type=\"heading.default\">\n\t\t\t\t\t<h2 class=\"elementor-heading-title elementor-size-large\">SOCIEDAD<\/h2>\t\t\t\t<\/div>\n\t\t\t\t\t<\/div>\n\t\t<\/div>\n\t\t\t\t\t<\/div>\n\t\t<\/section>\n\t\t\t\t<section class=\"elementor-section elementor-top-section elementor-element elementor-element-7dafb6e4 elementor-section-boxed elementor-section-height-default elementor-section-height-default\" data-id=\"7dafb6e4\" data-element_type=\"section\" data-e-type=\"section\">\n\t\t\t\t\t\t<div class=\"elementor-container elementor-column-gap-default\">\n\t\t\t\t\t<div class=\"elementor-column elementor-col-100 elementor-top-column elementor-element elementor-element-38ae5a14\" data-id=\"38ae5a14\" data-element_type=\"column\" data-e-type=\"column\">\n\t\t\t<div class=\"elementor-widget-wrap elementor-element-populated\">\n\t\t\t\t\t\t<div class=\"elementor-element elementor-element-f8a3207 elementor-widget elementor-widget-author-box\" data-id=\"f8a3207\" data-element_type=\"widget\" data-e-type=\"widget\" data-widget_type=\"author-box.default\">\n\t\t\t\t\t\t\t<div class=\"elementor-author-box\">\n\t\t\t\t\t\t\t<a href=\"https:\/\/delfoscba.com.ar\/\/dev\/\/nosotros\/\" class=\"elementor-author-box__avatar\">\n\t\t\t\t\t<img decoding=\"async\" src=\"https:\/\/delfoscba.com.ar\/dev\/wp-content\/uploads\/2021\/03\/eia-1.png\" alt=\"Picture of Jos\u00e9 Gangi\" loading=\"lazy\">\n\t\t\t\t<\/a>\n\t\t\t\n\t\t\t<div class=\"elementor-author-box__text\">\n\t\t\t\t\t\t\t\t\t<a href=\"https:\/\/delfoscba.com.ar\/\/dev\/\/nosotros\/\">\n\t\t\t\t\t\t<h4 class=\"elementor-author-box__name\">\n\t\t\t\t\t\t\tJos\u00e9 Gangi\t\t\t\t\t\t<\/h4>\n\t\t\t\t\t<\/a>\n\t\t\t\t\n\t\t\t\t\t\t\t\t\t<div class=\"elementor-author-box__bio\">\n\t\t\t\t\t\t<p>Edici\u00f3n y An\u00e1lisis de informes<\/p>\n\t\t\t\t\t<\/div>\n\t\t\t\t\n\t\t\t\t\t\t\t<\/div>\n\t\t<\/div>\n\t\t\t\t\t\t<\/div>\n\t\t\t\t<div class=\"elementor-element elementor-element-7aefe4b4 elementor-widget elementor-widget-text-editor\" data-id=\"7aefe4b4\" data-element_type=\"widget\" data-e-type=\"widget\" data-widget_type=\"text-editor.default\">\n\t\t\t\t\t\t\t\t\t<p>Llegamos a la final. En tres d\u00edas, nuestra selecci\u00f3n nacional enfrentar\u00e1 a Francia con la intenci\u00f3n de cumplir el sue\u00f1o de millones de argentinos: ser campe\u00f3n de la Copa del Mundo. Con dos condimentos particulares, dado que ser\u00eda la \u00faltima participaci\u00f3n de Lionel Messi en el certamen mundialista y la primera consagraci\u00f3n de este tipo para todos aquellos compatriotas menores de 40 a\u00f1os.<\/p><p>Teniendo este marco en cuenta, le preguntamos a 1.800 cordobeses de toda la provincia qu\u00e9 sentimientos les genera la Copa del Mundo. Vale aclarar que las respuestas fueron guiadas, es decir, se les hizo escoger entre una lista de sentimientos.<\/p><p>El sentimiento m\u00e1s popular sorprender\u00e1 a m\u00e1s de uno: el 24% de los cordobeses afirm\u00f3 que el mundial le genera \u201cindiferencia o nada\u201d. S\u00ed\u2026 a uno de cada cuatro cordobeses no le mueve un pelo el mundial.<\/p><p><a href=\"https:\/\/delfoscba.com.ar\/\/dev\/\/wp-content\/uploads\/2022\/12\/1.png\"><img fetchpriority=\"high\" decoding=\"async\" class=\"aligncenter wp-image-14019 size-large\" src=\"https:\/\/delfoscba.com.ar\/\/dev\/\/wp-content\/uploads\/2022\/12\/1-1024x1024.png\" alt=\"\" width=\"1024\" height=\"1024\" srcset=\"https:\/\/delfoscba.com.ar\/dev\/wp-content\/uploads\/2022\/12\/1-1024x1024.png 1024w, https:\/\/delfoscba.com.ar\/dev\/wp-content\/uploads\/2022\/12\/1-300x300.png 300w, https:\/\/delfoscba.com.ar\/dev\/wp-content\/uploads\/2022\/12\/1-150x150.png 150w, https:\/\/delfoscba.com.ar\/dev\/wp-content\/uploads\/2022\/12\/1-768x768.png 768w, https:\/\/delfoscba.com.ar\/dev\/wp-content\/uploads\/2022\/12\/1-1080x1080.png 1080w, https:\/\/delfoscba.com.ar\/dev\/wp-content\/uploads\/2022\/12\/1-440x440.png 440w, https:\/\/delfoscba.com.ar\/dev\/wp-content\/uploads\/2022\/12\/1.png 1082w\" sizes=\"(max-width: 1024px) 100vw, 1024px\" \/><\/a><\/p><p>Pero, \u00bfqu\u00e9 ocurre con el resto?&#8230; \u00a1Que el \u00e1rbol no nos tape el bosque! Al 62% de los cordobeses el mundial les genera alg\u00fan sentimiento positivo. Las principales emociones favorables que despierta esta competencia son \u201cfelicidad\u201d (18%), \u201centusiasmo\u201d (16%), \u201cexpectativa\u201d (12%), \u201cpatriotismo\u201d (9%) y \u201cemoci\u00f3n\u201d (7%).<\/p><p><strong>Matices<\/strong><\/p><p>\u00bfD\u00f3nde encontramos a la mayor\u00eda de los desencantados con el evento mundialista? Entre los cordobeses de mayor edad y entre las mujeres.<\/p><p>Pese al creciente protagonismo femenino en el mundo del f\u00fatbol (en general y de forma profesional), casi una de cada tres mujeres afirma que siente \u201cindiferencia o nada\u201d frente al mundial de f\u00fatbol masculino, convirti\u00e9ndose as\u00ed en la principal respuesta.<\/p><p><a href=\"https:\/\/delfoscba.com.ar\/\/dev\/\/wp-content\/uploads\/2022\/12\/Mujeres.png\"><img decoding=\"async\" class=\"aligncenter wp-image-14026 size-large\" src=\"https:\/\/delfoscba.com.ar\/\/dev\/\/wp-content\/uploads\/2022\/12\/Mujeres-1024x1024.png\" alt=\"\" width=\"1024\" height=\"1024\" srcset=\"https:\/\/delfoscba.com.ar\/dev\/wp-content\/uploads\/2022\/12\/Mujeres-1024x1024.png 1024w, https:\/\/delfoscba.com.ar\/dev\/wp-content\/uploads\/2022\/12\/Mujeres-300x300.png 300w, https:\/\/delfoscba.com.ar\/dev\/wp-content\/uploads\/2022\/12\/Mujeres-150x150.png 150w, https:\/\/delfoscba.com.ar\/dev\/wp-content\/uploads\/2022\/12\/Mujeres-768x768.png 768w, https:\/\/delfoscba.com.ar\/dev\/wp-content\/uploads\/2022\/12\/Mujeres-1080x1080.png 1080w, https:\/\/delfoscba.com.ar\/dev\/wp-content\/uploads\/2022\/12\/Mujeres-440x440.png 440w, https:\/\/delfoscba.com.ar\/dev\/wp-content\/uploads\/2022\/12\/Mujeres.png 1082w\" sizes=\"(max-width: 1024px) 100vw, 1024px\" \/><\/a><\/p><p>Entre los hombres, la indiferencia es la tercera respuesta en orden de aparici\u00f3n y s\u00f3lo obtuvo un 18% de las menciones. Vale rescatar que los sentimientos positivos son mayoritarios entre ambos grupos.<\/p><p><a href=\"https:\/\/delfoscba.com.ar\/\/dev\/\/wp-content\/uploads\/2022\/12\/Hombres.png\"><img decoding=\"async\" class=\"aligncenter wp-image-14024 size-large\" src=\"https:\/\/delfoscba.com.ar\/\/dev\/\/wp-content\/uploads\/2022\/12\/Hombres-1024x1024.png\" alt=\"\" width=\"1024\" height=\"1024\" srcset=\"https:\/\/delfoscba.com.ar\/dev\/wp-content\/uploads\/2022\/12\/Hombres-1024x1024.png 1024w, https:\/\/delfoscba.com.ar\/dev\/wp-content\/uploads\/2022\/12\/Hombres-300x300.png 300w, https:\/\/delfoscba.com.ar\/dev\/wp-content\/uploads\/2022\/12\/Hombres-150x150.png 150w, https:\/\/delfoscba.com.ar\/dev\/wp-content\/uploads\/2022\/12\/Hombres-768x768.png 768w, https:\/\/delfoscba.com.ar\/dev\/wp-content\/uploads\/2022\/12\/Hombres-1080x1080.png 1080w, https:\/\/delfoscba.com.ar\/dev\/wp-content\/uploads\/2022\/12\/Hombres-440x440.png 440w, https:\/\/delfoscba.com.ar\/dev\/wp-content\/uploads\/2022\/12\/Hombres.png 1082w\" sizes=\"(max-width: 1024px) 100vw, 1024px\" \/><\/a><\/p><p>En t\u00e9rminos etarios, la atribuci\u00f3n de la indiferencia ante el mundial crece a medida que los encuestados poseen mayor edad.<\/p><p><a href=\"https:\/\/delfoscba.com.ar\/\/dev\/\/wp-content\/uploads\/2022\/12\/Jovenes.png\"><img loading=\"lazy\" decoding=\"async\" class=\"aligncenter wp-image-14025 size-large\" src=\"https:\/\/delfoscba.com.ar\/\/dev\/\/wp-content\/uploads\/2022\/12\/Jovenes-1024x1024.png\" alt=\"\" width=\"1024\" height=\"1024\" srcset=\"https:\/\/delfoscba.com.ar\/dev\/wp-content\/uploads\/2022\/12\/Jovenes-1024x1024.png 1024w, https:\/\/delfoscba.com.ar\/dev\/wp-content\/uploads\/2022\/12\/Jovenes-300x300.png 300w, https:\/\/delfoscba.com.ar\/dev\/wp-content\/uploads\/2022\/12\/Jovenes-150x150.png 150w, https:\/\/delfoscba.com.ar\/dev\/wp-content\/uploads\/2022\/12\/Jovenes-768x768.png 768w, https:\/\/delfoscba.com.ar\/dev\/wp-content\/uploads\/2022\/12\/Jovenes-1080x1080.png 1080w, https:\/\/delfoscba.com.ar\/dev\/wp-content\/uploads\/2022\/12\/Jovenes-440x440.png 440w, https:\/\/delfoscba.com.ar\/dev\/wp-content\/uploads\/2022\/12\/Jovenes.png 1082w\" sizes=\"(max-width: 1024px) 100vw, 1024px\" \/><\/a><\/p><p>Entre los j\u00f3venes, la indiferencia fue mencionada s\u00f3lo por el 16% de los encuestados y qued\u00f3 como la tercera respuesta en orden de relevancia. En el segmento inmediatamente posterior, relativo a los adultos j\u00f3venes de 30 a 49 a\u00f1os, la indiferencia ya se convierte en el sentimiento principal, con el 25% de las menciones.<\/p><p><a href=\"https:\/\/delfoscba.com.ar\/\/dev\/\/wp-content\/uploads\/2022\/12\/Adultos-jovenes.png\"><img loading=\"lazy\" decoding=\"async\" class=\"aligncenter wp-image-14020 size-large\" src=\"https:\/\/delfoscba.com.ar\/\/dev\/\/wp-content\/uploads\/2022\/12\/Adultos-jovenes-1024x1024.png\" alt=\"\" width=\"1024\" height=\"1024\" srcset=\"https:\/\/delfoscba.com.ar\/dev\/wp-content\/uploads\/2022\/12\/Adultos-jovenes-1024x1024.png 1024w, https:\/\/delfoscba.com.ar\/dev\/wp-content\/uploads\/2022\/12\/Adultos-jovenes-300x300.png 300w, https:\/\/delfoscba.com.ar\/dev\/wp-content\/uploads\/2022\/12\/Adultos-jovenes-150x150.png 150w, https:\/\/delfoscba.com.ar\/dev\/wp-content\/uploads\/2022\/12\/Adultos-jovenes-768x768.png 768w, https:\/\/delfoscba.com.ar\/dev\/wp-content\/uploads\/2022\/12\/Adultos-jovenes-1080x1080.png 1080w, https:\/\/delfoscba.com.ar\/dev\/wp-content\/uploads\/2022\/12\/Adultos-jovenes-440x440.png 440w, https:\/\/delfoscba.com.ar\/dev\/wp-content\/uploads\/2022\/12\/Adultos-jovenes.png 1082w\" sizes=\"(max-width: 1024px) 100vw, 1024px\" \/><\/a><\/p><p>Esta situaci\u00f3n no hace m\u00e1s que agudizarse entre los adultos cordobeses y los adultos mayores. En el caso de los primeros, la indiferencia es la respuesta esbozada por el 30% de los encuestados pertenecientes a este rango etario, y entre los adultos mayores el 32%.<\/p><p><a href=\"https:\/\/delfoscba.com.ar\/\/dev\/\/wp-content\/uploads\/2022\/12\/Adultos.png\"><img loading=\"lazy\" decoding=\"async\" class=\"aligncenter wp-image-14022 size-large\" src=\"https:\/\/delfoscba.com.ar\/\/dev\/\/wp-content\/uploads\/2022\/12\/Adultos-1024x1024.png\" alt=\"\" width=\"1024\" height=\"1024\" srcset=\"https:\/\/delfoscba.com.ar\/dev\/wp-content\/uploads\/2022\/12\/Adultos-1024x1024.png 1024w, https:\/\/delfoscba.com.ar\/dev\/wp-content\/uploads\/2022\/12\/Adultos-300x300.png 300w, https:\/\/delfoscba.com.ar\/dev\/wp-content\/uploads\/2022\/12\/Adultos-150x150.png 150w, https:\/\/delfoscba.com.ar\/dev\/wp-content\/uploads\/2022\/12\/Adultos-768x768.png 768w, https:\/\/delfoscba.com.ar\/dev\/wp-content\/uploads\/2022\/12\/Adultos-1080x1080.png 1080w, https:\/\/delfoscba.com.ar\/dev\/wp-content\/uploads\/2022\/12\/Adultos-440x440.png 440w, https:\/\/delfoscba.com.ar\/dev\/wp-content\/uploads\/2022\/12\/Adultos.png 1082w\" sizes=\"(max-width: 1024px) 100vw, 1024px\" \/><\/a><\/p><p>Si a la pregunta le colocamos ambos filtros, podemos observar que la indiferencia resulta la principal respuesta entre los cordobeses de m\u00e1s de 30 a\u00f1os, sin distinci\u00f3n de g\u00e9nero. Vale destacar que entre las mujeres j\u00f3venes la indiferencia como respuesta tambi\u00e9n lidera, pero sin diferencias estad\u00edsticamente significativas con la felicidad y con un peso 8 puntos porcentuales inferior al promedio femenino (21%).<\/p><p><a href=\"https:\/\/delfoscba.com.ar\/\/dev\/\/wp-content\/uploads\/2022\/12\/Adultos-mayores.png\"><img loading=\"lazy\" decoding=\"async\" class=\"aligncenter wp-image-14021 size-large\" src=\"https:\/\/delfoscba.com.ar\/\/dev\/\/wp-content\/uploads\/2022\/12\/Adultos-mayores-1024x1024.png\" alt=\"\" width=\"1024\" height=\"1024\" srcset=\"https:\/\/delfoscba.com.ar\/dev\/wp-content\/uploads\/2022\/12\/Adultos-mayores-1024x1024.png 1024w, https:\/\/delfoscba.com.ar\/dev\/wp-content\/uploads\/2022\/12\/Adultos-mayores-300x300.png 300w, https:\/\/delfoscba.com.ar\/dev\/wp-content\/uploads\/2022\/12\/Adultos-mayores-150x150.png 150w, https:\/\/delfoscba.com.ar\/dev\/wp-content\/uploads\/2022\/12\/Adultos-mayores-768x768.png 768w, https:\/\/delfoscba.com.ar\/dev\/wp-content\/uploads\/2022\/12\/Adultos-mayores-1080x1080.png 1080w, https:\/\/delfoscba.com.ar\/dev\/wp-content\/uploads\/2022\/12\/Adultos-mayores-440x440.png 440w, https:\/\/delfoscba.com.ar\/dev\/wp-content\/uploads\/2022\/12\/Adultos-mayores.png 1082w\" sizes=\"(max-width: 1024px) 100vw, 1024px\" \/><\/a><\/p><p>En conclusi\u00f3n, la variable etaria posee un peso m\u00e1s relevante que la relativa al g\u00e9nero a la hora de entender las diferencias en los sentimientos generados por el mundial. Son los j\u00f3venes, con mayor \u00e9nfasis hombres, los que se encuentran m\u00e1s interpelados por el evento.<\/p><p>Quiz\u00e1s la novedosa relevancia del f\u00fatbol femenino en nuestro pa\u00eds, que interpela con mayor \u00e9nfasis a las mujeres j\u00f3venes, nos permita comprender por qu\u00e9 son estas las que rompen con la marcada predominancia de la indiferencia entre las mujeres mayores de 30 a\u00f1os.<\/p><p>As\u00ed, pese al \u00e9nfasis puesto en el an\u00e1lisis sobre los que sienten indiferencia respecto del mundial, a la mayor\u00eda de los cordobeses les genera sentimientos positivos.<\/p>\t\t\t\t\t\t\t\t<\/div>\n\t\t\t\t\t<\/div>\n\t\t<\/div>\n\t\t\t\t\t<\/div>\n\t\t<\/section>\n\t\t\t\t<section class=\"elementor-section elementor-top-section elementor-element elementor-element-b28ac47 elementor-section-height-min-height elementor-section-boxed elementor-section-height-default elementor-section-items-middle\" data-id=\"b28ac47\" data-element_type=\"section\" data-e-type=\"section\" data-settings=\"{&quot;background_background&quot;:&quot;classic&quot;}\">\n\t\t\t\t\t\t\t<div class=\"elementor-background-overlay\"><\/div>\n\t\t\t\t\t\t\t<div class=\"elementor-container elementor-column-gap-default\">\n\t\t\t\t\t<div class=\"elementor-column elementor-col-100 elementor-top-column elementor-element elementor-element-88fba06\" data-id=\"88fba06\" data-element_type=\"column\" data-e-type=\"column\">\n\t\t\t<div class=\"elementor-widget-wrap elementor-element-populated\">\n\t\t\t\t\t\t<div class=\"elementor-element elementor-element-7e65226 elementor-widget elementor-widget-heading\" data-id=\"7e65226\" data-element_type=\"widget\" data-e-type=\"widget\" data-widget_type=\"heading.default\">\n\t\t\t\t\t<h2 class=\"elementor-heading-title elementor-size-large\">Seguinos en nuestras redes<\/h2>\t\t\t\t<\/div>\n\t\t\t\t<div class=\"elementor-element elementor-element-c37b7ef elementor-shape-circle e-grid-align-tablet-center e-grid-align-mobile-center e-grid-align-left elementor-grid-0 elementor-widget elementor-widget-social-icons\" data-id=\"c37b7ef\" data-element_type=\"widget\" data-e-type=\"widget\" data-widget_type=\"social-icons.default\">\n\t\t\t\t\t\t\t<div class=\"elementor-social-icons-wrapper elementor-grid\" role=\"list\">\n\t\t\t\t\t\t\t<span class=\"elementor-grid-item\" role=\"listitem\">\n\t\t\t\t\t<a class=\"elementor-icon elementor-social-icon elementor-social-icon-facebook-f elementor-repeater-item-lf5yt4c\" href=\"https:\/\/www.facebook.com\/ConsultoraDelfos\" target=\"_blank\">\n\t\t\t\t\t\t<span class=\"elementor-screen-only\">Facebook-f<\/span>\n\t\t\t\t\t\t<i aria-hidden=\"true\" class=\"fab fa-facebook-f\"><\/i>\t\t\t\t\t<\/a>\n\t\t\t\t<\/span>\n\t\t\t\t\t\t\t<span class=\"elementor-grid-item\" role=\"listitem\">\n\t\t\t\t\t<a class=\"elementor-icon elementor-social-icon elementor-social-icon-twitter elementor-repeater-item-01xie82\" href=\"https:\/\/twitter.com\/delfoscba\" target=\"_blank\">\n\t\t\t\t\t\t<span class=\"elementor-screen-only\">Twitter<\/span>\n\t\t\t\t\t\t<i aria-hidden=\"true\" class=\"fab fa-twitter\"><\/i>\t\t\t\t\t<\/a>\n\t\t\t\t<\/span>\n\t\t\t\t\t\t\t<span class=\"elementor-grid-item\" role=\"listitem\">\n\t\t\t\t\t<a class=\"elementor-icon elementor-social-icon elementor-social-icon-linkedin elementor-repeater-item-grhvqhn\" target=\"_blank\">\n\t\t\t\t\t\t<span class=\"elementor-screen-only\">Linkedin<\/span>\n\t\t\t\t\t\t<i aria-hidden=\"true\" class=\"fab fa-linkedin\"><\/i>\t\t\t\t\t<\/a>\n\t\t\t\t<\/span>\n\t\t\t\t\t<\/div>\n\t\t\t\t\t\t<\/div>\n\t\t\t\t\t<\/div>\n\t\t<\/div>\n\t\t\t\t\t<\/div>\n\t\t<\/section>\n\t\t\t\t<\/div>\n\t\t","protected":false},"excerpt":{"rendered":"<p>Ponemos en n\u00fameros el fanatismo y la pasi\u00f3n de los cordobeses por el mundial a dos d\u00edas de la final<\/p>\n","protected":false},"author":2,"featured_media":14023,"comment_status":"open","ping_status":"open","sticky":false,"template":"","format":"standard","meta":{"_acf_changed":false,"footnotes":""},"categories":[4],"tags":[471,39,40,38,37,128,810,246,230,845,843,778,781,842,167,34,773,777,847,188,846,774,775,844],"class_list":["post-14018","post","type-post","status-publish","format-standard","has-post-thumbnail","hentry","category-sociedad","tag-471","tag-argentina","tag-consultora","tag-cordoba","tag-cordobeses","tag-delfos","tag-di-maria","tag-encuestas","tag-estadistica","tag-felicidad","tag-fifa","tag-final","tag-francia","tag-fwc","tag-indiferencia","tag-jose-gangi","tag-messi","tag-mundial","tag-negativos","tag-opinion-publica","tag-positivos","tag-scaloneta","tag-scaloni","tag-sentimientos","et-has-post-format-content","et_post_format-et-post-format-standard"],"acf":[],"_links":{"self":[{"href":"https:\/\/delfoscba.com.ar\/dev\/wp-json\/wp\/v2\/posts\/14018","targetHints":{"allow":["GET"]}}],"collection":[{"href":"https:\/\/delfoscba.com.ar\/dev\/wp-json\/wp\/v2\/posts"}],"about":[{"href":"https:\/\/delfoscba.com.ar\/dev\/wp-json\/wp\/v2\/types\/post"}],"author":[{"embeddable":true,"href":"https:\/\/delfoscba.com.ar\/dev\/wp-json\/wp\/v2\/users\/2"}],"replies":[{"embeddable":true,"href":"https:\/\/delfoscba.com.ar\/dev\/wp-json\/wp\/v2\/comments?post=14018"}],"version-history":[{"count":6,"href":"https:\/\/delfoscba.com.ar\/dev\/wp-json\/wp\/v2\/posts\/14018\/revisions"}],"predecessor-version":[{"id":14032,"href":"https:\/\/delfoscba.com.ar\/dev\/wp-json\/wp\/v2\/posts\/14018\/revisions\/14032"}],"wp:featuredmedia":[{"embeddable":true,"href":"https:\/\/delfoscba.com.ar\/dev\/wp-json\/wp\/v2\/media\/14023"}],"wp:attachment":[{"href":"https:\/\/delfoscba.com.ar\/dev\/wp-json\/wp\/v2\/media?parent=14018"}],"wp:term":[{"taxonomy":"category","embeddable":true,"href":"https:\/\/delfoscba.com.ar\/dev\/wp-json\/wp\/v2\/categories?post=14018"},{"taxonomy":"post_tag","embeddable":true,"href":"https:\/\/delfoscba.com.ar\/dev\/wp-json\/wp\/v2\/tags?post=14018"}],"curies":[{"name":"wp","href":"https:\/\/api.w.org\/{rel}","templated":true}]}}