{"id":1412,"date":"2012-10-24T17:17:01","date_gmt":"2012-10-24T20:17:01","guid":{"rendered":"https:\/\/delfosold.exportech.com.ar\/?p=1412"},"modified":"2021-04-21T18:11:58","modified_gmt":"2021-04-21T18:11:58","slug":"faceboom-in-cba","status":"publish","type":"post","link":"https:\/\/delfoscba.com.ar\/dev\/el-dato-de-delfos\/faceboom-in-cba\/","title":{"rendered":"Faceboom in CBA"},"content":{"rendered":"<p style=\"text-align: left;\">Por Santiago G\u00f3mez | <span style=\"color: #a1161b;\">Delfos<\/span><\/p>\n<p style=\"text-align: left;\"><a class=\"twitter-follow-button\" href=\"https:\/\/twitter.com\/SantyGomez\"> @SantyGomez<\/a><\/p>\n<p><script type=\"text\/javascript\">\/\/ <![CDATA[ !function(d,s,id){var js,fjs=d.getElementsByTagName(s)[0];if(!d.getElementById(id)){js=d.createElement(s);js.id=id;js.src=\"\/\/platform.twitter.com\/widgets.js\";fjs.parentNode.insertBefore(js,fjs);}}(document,\"script\",\"twitter-wjs\"); \/\/ ]]><\/script><\/p>\n<p>Seg\u00fan la consultora especializada Socialbakers, la Argentina acaba de superar los veinte millones de usuarios en la red social Facebook.<\/p>\n<p>En el ranking mundial estamos a dos puestos de ingresar al top ten de los pa\u00edses que m\u00e1s usuarios aportan a la red social (que ya tiene 1.000 millones de usuarios en el mundo, seg\u00fan dijo su fundador Zuckerberg).<\/p>\n<p><strong>C\u00f3rdoba Capital no est\u00e1 ajena a esta tendencia<\/strong>; de acuerdo a una investigaci\u00f3n de la Consultora Delfos <strong>el 38,4 por ciento de los cordobeses usa esta red social<\/strong>, estamos hablando de casi 380 mi perfiles en \u201cFacebook made in Cba\u201d.<\/p>\n<p>El uso de la red es <strong>transversal a todas las edades<\/strong>, si bien es mayor entre los j\u00f3venes donde el 73 por ciento la utiliza ya el 15 por ciento de los cordobeses que cruzaron los 50 a\u00f1os tambi\u00e9n tiene su perfil creado.<\/p>\n<p><strong>La situaci\u00f3n econ\u00f3mica no es un limitante<\/strong> para acceder a Faceebok existe una mayor penetraci\u00f3n en la clase Alta donde el 43% es usuarios pero en la clase baja ya son tres de cada diez los cordobeses presentes en esta red social.<\/p>\n<p>Finalmente<strong> son las mujeres la m\u00e1s \u201cfacebookeras\u201d<\/strong>, entre ellas el 41 por ciento est\u00e1 conectada, entre ellos el indicador cae al 36 por ciento.<\/p>\n<h3>EL DATO<\/h3>\n<p>Si buscas amigos en Facebook la mayor probabilidad es encontrar \u201cmujeres j\u00f3venes de clase alta\u201d.<\/p>\n<h3>Fuente de Informaci\u00f3n<\/h3>\n<p>Investigaci\u00f3n cuantitativa. Encuesta Directa, Individual, y Domiciliaria<\/p>\n<p>Tama\u00f1o de la Muestra: 735 casos.<\/p>\n<p>Con una confiabilidad del 95% el c\u00e1lculo arroja un error de muestreo de + &#8211; 3,6 %.<\/p>\n<p>Delfos &#8211; Investigaciones de Mercado y Estudios de Opini\u00f3n P\u00fablica. Rivadavia 85 4\u00ba 10 y 11. Edificio Crill\u00f3n C\u00f3rdoba &#8211; Argentina. Tel: (0351) 526-1127.<\/p>\n<p>E-mail: delfos@delfosold.exportech.com.ar delfosold.exportech.com.ar<\/p>\n","protected":false},"excerpt":{"rendered":"<p>Facebook duplic\u00f3 su poblaci\u00f3n en dos a\u00f1os y en C\u00f3rdoba Capital el 38,4 por ciento de los cordobeses usa esta red social.<\/p>\n","protected":false},"author":1,"featured_media":3117,"comment_status":"open","ping_status":"open","sticky":false,"template":"","format":"standard","meta":{"_acf_changed":false,"footnotes":""},"categories":[90],"tags":[],"class_list":["post-1412","post","type-post","status-publish","format-standard","has-post-thumbnail","hentry","category-el-dato-de-delfos","et-has-post-format-content","et_post_format-et-post-format-standard"],"acf":[],"_links":{"self":[{"href":"https:\/\/delfoscba.com.ar\/dev\/wp-json\/wp\/v2\/posts\/1412","targetHints":{"allow":["GET"]}}],"collection":[{"href":"https:\/\/delfoscba.com.ar\/dev\/wp-json\/wp\/v2\/posts"}],"about":[{"href":"https:\/\/delfoscba.com.ar\/dev\/wp-json\/wp\/v2\/types\/post"}],"author":[{"embeddable":true,"href":"https:\/\/delfoscba.com.ar\/dev\/wp-json\/wp\/v2\/users\/1"}],"replies":[{"embeddable":true,"href":"https:\/\/delfoscba.com.ar\/dev\/wp-json\/wp\/v2\/comments?post=1412"}],"version-history":[{"count":1,"href":"https:\/\/delfoscba.com.ar\/dev\/wp-json\/wp\/v2\/posts\/1412\/revisions"}],"predecessor-version":[{"id":10925,"href":"https:\/\/delfoscba.com.ar\/dev\/wp-json\/wp\/v2\/posts\/1412\/revisions\/10925"}],"wp:featuredmedia":[{"embeddable":true,"href":"https:\/\/delfoscba.com.ar\/dev\/wp-json\/wp\/v2\/media\/3117"}],"wp:attachment":[{"href":"https:\/\/delfoscba.com.ar\/dev\/wp-json\/wp\/v2\/media?parent=1412"}],"wp:term":[{"taxonomy":"category","embeddable":true,"href":"https:\/\/delfoscba.com.ar\/dev\/wp-json\/wp\/v2\/categories?post=1412"},{"taxonomy":"post_tag","embeddable":true,"href":"https:\/\/delfoscba.com.ar\/dev\/wp-json\/wp\/v2\/tags?post=1412"}],"curies":[{"name":"wp","href":"https:\/\/api.w.org\/{rel}","templated":true}]}}