{"id":14304,"date":"2023-03-13T14:39:42","date_gmt":"2023-03-13T14:39:42","guid":{"rendered":"https:\/\/delfoscba.com.ar\/\/dev\/\/?p=14304"},"modified":"2023-03-14T16:34:25","modified_gmt":"2023-03-14T16:34:25","slug":"como-esta-la-interna-en-juntos-por-el-cambio-segun-las-ultimas-encuestas-nacionales","status":"publish","type":"post","link":"https:\/\/delfoscba.com.ar\/dev\/politica\/como-esta-la-interna-en-juntos-por-el-cambio-segun-las-ultimas-encuestas-nacionales\/","title":{"rendered":"C\u00f3mo est\u00e1 la interna en Juntos por el Cambio, seg\u00fan las \u00faltimas encuestas nacionales"},"content":{"rendered":"\t\t<div data-elementor-type=\"wp-post\" data-elementor-id=\"14304\" class=\"elementor elementor-14304\" data-elementor-post-type=\"post\">\n\t\t\t\t\t\t<section class=\"elementor-section elementor-top-section elementor-element elementor-element-41498b4 elementor-section-height-min-height elementor-section-boxed elementor-section-height-default elementor-section-items-middle\" data-id=\"41498b4\" data-element_type=\"section\" data-e-type=\"section\" data-settings=\"{&quot;background_background&quot;:&quot;classic&quot;}\">\n\t\t\t\t\t\t\t<div class=\"elementor-background-overlay\"><\/div>\n\t\t\t\t\t\t\t<div class=\"elementor-container elementor-column-gap-no\">\n\t\t\t\t\t<div class=\"elementor-column elementor-col-100 elementor-top-column elementor-element elementor-element-a18ac89\" data-id=\"a18ac89\" data-element_type=\"column\" data-e-type=\"column\">\n\t\t\t<div class=\"elementor-widget-wrap elementor-element-populated\">\n\t\t\t\t\t\t<div class=\"elementor-element elementor-element-e493600 elementor-widget elementor-widget-heading\" data-id=\"e493600\" data-element_type=\"widget\" data-e-type=\"widget\" data-widget_type=\"heading.default\">\n\t\t\t\t\t<h2 class=\"elementor-heading-title elementor-size-large\">POL\u00cdTICA<\/h2>\t\t\t\t<\/div>\n\t\t\t\t\t<\/div>\n\t\t<\/div>\n\t\t\t\t\t<\/div>\n\t\t<\/section>\n\t\t\t\t<section class=\"elementor-section elementor-top-section elementor-element elementor-element-7dafb6e4 elementor-section-boxed elementor-section-height-default elementor-section-height-default\" data-id=\"7dafb6e4\" data-element_type=\"section\" data-e-type=\"section\">\n\t\t\t\t\t\t<div class=\"elementor-container elementor-column-gap-default\">\n\t\t\t\t\t<div class=\"elementor-column elementor-col-100 elementor-top-column elementor-element elementor-element-38ae5a14\" data-id=\"38ae5a14\" data-element_type=\"column\" data-e-type=\"column\">\n\t\t\t<div class=\"elementor-widget-wrap elementor-element-populated\">\n\t\t\t\t\t\t<div class=\"elementor-element elementor-element-f8a3207 elementor-widget elementor-widget-author-box\" data-id=\"f8a3207\" data-element_type=\"widget\" data-e-type=\"widget\" data-widget_type=\"author-box.default\">\n\t\t\t\t\t\t\t<div class=\"elementor-author-box\">\n\t\t\t\t\t\t\t<a href=\"https:\/\/delfoscba.com.ar\/\/dev\/\/nosotros\/\" class=\"elementor-author-box__avatar\">\n\t\t\t\t\t<img decoding=\"async\" src=\"https:\/\/delfoscba.com.ar\/dev\/wp-content\/uploads\/2021\/02\/norman-250x250-1.jpg\" alt=\"Picture of Norman Berra\" loading=\"lazy\">\n\t\t\t\t<\/a>\n\t\t\t\n\t\t\t<div class=\"elementor-author-box__text\">\n\t\t\t\t\t\t\t\t\t<a href=\"https:\/\/delfoscba.com.ar\/\/dev\/\/nosotros\/\">\n\t\t\t\t\t\t<h4 class=\"elementor-author-box__name\">\n\t\t\t\t\t\t\tNorman Berra\t\t\t\t\t\t<\/h4>\n\t\t\t\t\t<\/a>\n\t\t\t\t\n\t\t\t\t\t\t\t\t\t<div class=\"elementor-author-box__bio\">\n\t\t\t\t\t\t<p>L\u00edder de Proyectos<\/p>\n\t\t\t\t\t<\/div>\n\t\t\t\t\n\t\t\t\t\t\t\t<\/div>\n\t\t<\/div>\n\t\t\t\t\t\t<\/div>\n\t\t\t\t<div class=\"elementor-element elementor-element-7aefe4b4 elementor-widget elementor-widget-text-editor\" data-id=\"7aefe4b4\" data-element_type=\"widget\" data-e-type=\"widget\" data-widget_type=\"text-editor.default\">\n\t\t\t\t\t\t\t\t\t<p><a href=\"https:\/\/delfoscba.com.ar\/\/dev\/\/wp-content\/uploads\/2023\/03\/1-2.jpg\"><img fetchpriority=\"high\" decoding=\"async\" class=\"aligncenter wp-image-14305 size-large\" src=\"https:\/\/delfoscba.com.ar\/\/dev\/\/wp-content\/uploads\/2023\/03\/1-2-1024x754.jpg\" alt=\"\" width=\"1024\" height=\"754\" srcset=\"https:\/\/delfoscba.com.ar\/dev\/wp-content\/uploads\/2023\/03\/1-2-1024x754.jpg 1024w, https:\/\/delfoscba.com.ar\/dev\/wp-content\/uploads\/2023\/03\/1-2-300x221.jpg 300w, https:\/\/delfoscba.com.ar\/dev\/wp-content\/uploads\/2023\/03\/1-2-768x566.jpg 768w, https:\/\/delfoscba.com.ar\/dev\/wp-content\/uploads\/2023\/03\/1-2.jpg 1055w\" sizes=\"(max-width: 1024px) 100vw, 1024px\" \/><\/a><\/p><p>A fines de febrero, el jefe de gobierno de la Ciudad Aut\u00f3noma de Buenos Aires (CABA), Horacio Rodr\u00edguez Larreta, se lanz\u00f3 como precandidato presidencial del PRO; casi simult\u00e1neamente, la ex gobernadora de Provincia de Buenos Aires (PBA), Mar\u00eda Eugenia Vidal, present\u00f3 sus oficinas junto con el ex presidente Mauricio Macri y ratific\u00f3 sus pretensiones de competir, mientras que el gobernador de la provincia de Jujuy, Gerardo Morales, anunci\u00f3 que se lanzar\u00e1 como precandidato radical el pr\u00f3ximo 15 de marzo. En este marco, \u00bfqu\u00e9 dicen las \u00faltimas encuestas nacionales sobre la interna en Juntos por el Cambio (JXC)?\u00a0 Seg\u00fan una medici\u00f3n reciente de consultora IPD, Rodr\u00edguez Larreta aventaja a Macri por 6 puntos porcentuales y a la ex ministra de Seguridad Patricia Bullrich por 8 pp; Vidal alcanza 8% de intenci\u00f3n de voto y duplica al radical Facundo Manes, mientras que Morales no aparece en la grilla (gr\u00e1fico arriba).<\/p><p><a href=\"https:\/\/delfoscba.com.ar\/\/dev\/\/wp-content\/uploads\/2023\/03\/2-2.jpg\"><img decoding=\"async\" class=\"aligncenter wp-image-14306 size-full\" src=\"https:\/\/delfoscba.com.ar\/\/dev\/\/wp-content\/uploads\/2023\/03\/2-2.jpg\" alt=\"\" width=\"950\" height=\"526\" srcset=\"https:\/\/delfoscba.com.ar\/dev\/wp-content\/uploads\/2023\/03\/2-2.jpg 950w, https:\/\/delfoscba.com.ar\/dev\/wp-content\/uploads\/2023\/03\/2-2-300x166.jpg 300w, https:\/\/delfoscba.com.ar\/dev\/wp-content\/uploads\/2023\/03\/2-2-768x425.jpg 768w\" sizes=\"(max-width: 950px) 100vw, 950px\" \/><\/a><\/p><p>En tanto, la \u00faltima encuesta de Solmoirago coincide en ubicar con ventaja a Rodr\u00edguez Larreta y a Bullrich por encima del 20%, pero en este caso Macri alcanza 12,4% de intenci\u00f3n de voto, mientras que Manes llega a 5,5%; nuevamente, Morales no aparece en la grilla y aqu\u00ed tampoco se incluye a Vidal (gr\u00e1fico arriba).<\/p><p><a href=\"https:\/\/delfoscba.com.ar\/\/dev\/\/wp-content\/uploads\/2023\/03\/3-2.jpg\"><img decoding=\"async\" class=\"aligncenter wp-image-14307 size-full\" src=\"https:\/\/delfoscba.com.ar\/\/dev\/\/wp-content\/uploads\/2023\/03\/3-2.jpg\" alt=\"\" width=\"964\" height=\"681\" srcset=\"https:\/\/delfoscba.com.ar\/dev\/wp-content\/uploads\/2023\/03\/3-2.jpg 964w, https:\/\/delfoscba.com.ar\/dev\/wp-content\/uploads\/2023\/03\/3-2-300x212.jpg 300w, https:\/\/delfoscba.com.ar\/dev\/wp-content\/uploads\/2023\/03\/3-2-768x543.jpg 768w, https:\/\/delfoscba.com.ar\/dev\/wp-content\/uploads\/2023\/03\/3-2-400x284.jpg 400w\" sizes=\"(max-width: 964px) 100vw, 964px\" \/><\/a><\/p><p>En cambio, la \u00faltima encuesta de Consultora de Imagen y Gesti\u00f3n Pol\u00edtica (CIGP) muestra un panorama bien diferente, con JXC mucho m\u00e1s corrido a la derecha: empate t\u00e9cnico entre Macri (casi 34%) y Bullrich, y el jefe de gobierno de CABA casi 5 pp detr\u00e1s. Otro dato de este estudio ratifica el corrimiento a la derecha en la principal fuerza opositora: m\u00e1s de la mitad de los votantes de JXC cree que el libertario Javier Milei deber\u00eda estar dentro de la coalici\u00f3n (gr\u00e1fico arriba).<\/p><p><img loading=\"lazy\" decoding=\"async\" class=\"aligncenter wp-image-14308 size-large\" src=\"https:\/\/delfoscba.com.ar\/\/dev\/\/wp-content\/uploads\/2023\/03\/4-2-1024x525.jpg\" alt=\"\" width=\"1024\" height=\"525\" srcset=\"https:\/\/delfoscba.com.ar\/dev\/wp-content\/uploads\/2023\/03\/4-2-1024x525.jpg 1024w, https:\/\/delfoscba.com.ar\/dev\/wp-content\/uploads\/2023\/03\/4-2-300x154.jpg 300w, https:\/\/delfoscba.com.ar\/dev\/wp-content\/uploads\/2023\/03\/4-2-768x394.jpg 768w, https:\/\/delfoscba.com.ar\/dev\/wp-content\/uploads\/2023\/03\/4-2-1080x554.jpg 1080w, https:\/\/delfoscba.com.ar\/dev\/wp-content\/uploads\/2023\/03\/4-2.jpg 1200w\" sizes=\"(max-width: 1024px) 100vw, 1024px\" \/><\/p><p>A su turno, la \u00faltima encuesta de Opinaia muestra ventaja para Bullrich y un doble empate t\u00e9cnico, primero entre Macri, Rodr\u00edguez Larreta y Vidal dentro del PRO, y luego entre Manes y Morales en la UCR (gr\u00e1fico arriba). Finalmente, el escenario de primarias abiertas, simult\u00e1neas y obligatorias (PASO) del tipo \u201ctodos contra todos\u201d m\u00e1s amplio de la \u00faltima encuesta de Zuban C\u00f3rdoba muestra a Rodr\u00edguez Larreta con una ventaja de 5,5 pp sobre Bullrich, de 7,7 pp sobre Macri y de 10,7 pp sobre Vidal dentro de la competencia por la precandidatura por el PRO. En tanto, obtiene 12,5 pp y de 12,8 pp de brecha sobre los radicales Morales y Manes, respectivamente (gr\u00e1fico abajo).\u00a0<\/p><p><a href=\"https:\/\/delfoscba.com.ar\/\/dev\/\/wp-content\/uploads\/2023\/03\/5-2.jpg\"><img loading=\"lazy\" decoding=\"async\" class=\"aligncenter wp-image-14309 size-large\" src=\"https:\/\/delfoscba.com.ar\/\/dev\/\/wp-content\/uploads\/2023\/03\/5-2-1013x1024.jpg\" alt=\"\" width=\"1013\" height=\"1024\" srcset=\"https:\/\/delfoscba.com.ar\/dev\/wp-content\/uploads\/2023\/03\/5-2-1013x1024.jpg 1013w, https:\/\/delfoscba.com.ar\/dev\/wp-content\/uploads\/2023\/03\/5-2-297x300.jpg 297w, https:\/\/delfoscba.com.ar\/dev\/wp-content\/uploads\/2023\/03\/5-2-768x776.jpg 768w, https:\/\/delfoscba.com.ar\/dev\/wp-content\/uploads\/2023\/03\/5-2-1080x1092.jpg 1080w, https:\/\/delfoscba.com.ar\/dev\/wp-content\/uploads\/2023\/03\/5-2.jpg 1200w\" sizes=\"(max-width: 1013px) 100vw, 1013px\" \/><\/a><\/p><p>En s\u00edntesis, de este repaso de encuestas podemos sacar una serie de conclusiones: 1) no hay\u00a0 consenso en las mediciones sobre qui\u00e9n es el precandidato m\u00e1s fuerte dentro de JXC 2) s\u00ed hay consenso en que los precandidatos del PRO tienen mayor intenci\u00f3n de voto que cualquiera de los radicales (Manes o Morales); aunque desde el turno electoral 2021 la UCR gan\u00f3 m\u00fasculo pol\u00edtico en algunos distritos (de hecho, hace poco le gan\u00f3 la interna al PRO en La Pampa), eso no se percibe en la carrera nacional 3) en estas cinco mediciones, tres muestran con ventaja a Rodr\u00edguez Larreta sobre Macri y Bullrich 4) hay consenso en que Vidal es la candidata m\u00e1s d\u00e9bil dentro del PRO y la \u00fanica con la cual los precandidatos radicales aparecen hoy en condiciones competitivas 5) mientras el ex presidente Macri no termina de blanquear sus aspiraciones, la interna dentro del PRO en particular y dentro de JXC en general probablemente se mantenga irresuelta, dado que su figura compite por una porci\u00f3n de los electores de la fuerza opositora, principalmente con Bullrich y en segundo t\u00e9rmino con el jefe de gobierno de CABA.<\/p>\t\t\t\t\t\t\t\t<\/div>\n\t\t\t\t\t<\/div>\n\t\t<\/div>\n\t\t\t\t\t<\/div>\n\t\t<\/section>\n\t\t\t\t<section class=\"elementor-section elementor-top-section elementor-element elementor-element-b28ac47 elementor-section-height-min-height elementor-section-boxed elementor-section-height-default elementor-section-items-middle\" data-id=\"b28ac47\" data-element_type=\"section\" data-e-type=\"section\" data-settings=\"{&quot;background_background&quot;:&quot;classic&quot;}\">\n\t\t\t\t\t\t\t<div class=\"elementor-background-overlay\"><\/div>\n\t\t\t\t\t\t\t<div class=\"elementor-container elementor-column-gap-default\">\n\t\t\t\t\t<div class=\"elementor-column elementor-col-100 elementor-top-column elementor-element elementor-element-88fba06\" data-id=\"88fba06\" data-element_type=\"column\" data-e-type=\"column\">\n\t\t\t<div class=\"elementor-widget-wrap elementor-element-populated\">\n\t\t\t\t\t\t<div class=\"elementor-element elementor-element-7e65226 elementor-widget elementor-widget-heading\" data-id=\"7e65226\" data-element_type=\"widget\" data-e-type=\"widget\" data-widget_type=\"heading.default\">\n\t\t\t\t\t<h2 class=\"elementor-heading-title elementor-size-large\">Seguinos en nuestras redes<\/h2>\t\t\t\t<\/div>\n\t\t\t\t<div class=\"elementor-element elementor-element-c37b7ef elementor-shape-circle e-grid-align-tablet-center e-grid-align-mobile-center e-grid-align-left elementor-grid-0 elementor-widget elementor-widget-social-icons\" data-id=\"c37b7ef\" data-element_type=\"widget\" data-e-type=\"widget\" data-widget_type=\"social-icons.default\">\n\t\t\t\t\t\t\t<div class=\"elementor-social-icons-wrapper elementor-grid\" role=\"list\">\n\t\t\t\t\t\t\t<span class=\"elementor-grid-item\" role=\"listitem\">\n\t\t\t\t\t<a class=\"elementor-icon elementor-social-icon elementor-social-icon-facebook-f elementor-repeater-item-lf5yt4c\" href=\"https:\/\/www.facebook.com\/ConsultoraDelfos\" target=\"_blank\">\n\t\t\t\t\t\t<span class=\"elementor-screen-only\">Facebook-f<\/span>\n\t\t\t\t\t\t<i aria-hidden=\"true\" class=\"fab fa-facebook-f\"><\/i>\t\t\t\t\t<\/a>\n\t\t\t\t<\/span>\n\t\t\t\t\t\t\t<span class=\"elementor-grid-item\" role=\"listitem\">\n\t\t\t\t\t<a class=\"elementor-icon elementor-social-icon elementor-social-icon-twitter elementor-repeater-item-01xie82\" href=\"https:\/\/twitter.com\/delfoscba\" target=\"_blank\">\n\t\t\t\t\t\t<span class=\"elementor-screen-only\">Twitter<\/span>\n\t\t\t\t\t\t<i aria-hidden=\"true\" class=\"fab fa-twitter\"><\/i>\t\t\t\t\t<\/a>\n\t\t\t\t<\/span>\n\t\t\t\t\t\t\t<span class=\"elementor-grid-item\" role=\"listitem\">\n\t\t\t\t\t<a class=\"elementor-icon elementor-social-icon elementor-social-icon-linkedin elementor-repeater-item-grhvqhn\" target=\"_blank\">\n\t\t\t\t\t\t<span class=\"elementor-screen-only\">Linkedin<\/span>\n\t\t\t\t\t\t<i aria-hidden=\"true\" class=\"fab fa-linkedin\"><\/i>\t\t\t\t\t<\/a>\n\t\t\t\t<\/span>\n\t\t\t\t\t<\/div>\n\t\t\t\t\t\t<\/div>\n\t\t\t\t\t<\/div>\n\t\t<\/div>\n\t\t\t\t\t<\/div>\n\t\t<\/section>\n\t\t\t\t<\/div>\n\t\t","protected":false},"excerpt":{"rendered":"<p>El term\u00f3metro popular de cara a los principales referentes y posibles candidatos a presidente de Juntos por el Cambio<\/p>\n","protected":false},"author":2,"featured_media":14310,"comment_status":"open","ping_status":"open","sticky":false,"template":"","format":"standard","meta":{"_acf_changed":false,"footnotes":""},"categories":[3,4],"tags":[471,526,39,258,896,40,38,348,128,403,97,283,246,230,900,901,61,354,356,140,417,899,455,666,57,188,897,898,287,357],"class_list":["post-14304","post","type-post","status-publish","format-standard","has-post-thumbnail","hentry","category-politica","category-sociedad","tag-471","tag-526","tag-argentina","tag-bullrich","tag-ciudades","tag-consultora","tag-cordoba","tag-datos","tag-delfos","tag-derecha","tag-elecciones","tag-electoral","tag-encuestas","tag-estadistica","tag-eugenia","tag-gerardo","tag-imagen","tag-juntos-por-el-cambio","tag-larreta","tag-macri","tag-manes","tag-maria","tag-mauricio","tag-morales","tag-norman-berra","tag-opinion-publica","tag-panorama","tag-patricia","tag-peronismo","tag-vidal","et-has-post-format-content","et_post_format-et-post-format-standard"],"acf":[],"_links":{"self":[{"href":"https:\/\/delfoscba.com.ar\/dev\/wp-json\/wp\/v2\/posts\/14304","targetHints":{"allow":["GET"]}}],"collection":[{"href":"https:\/\/delfoscba.com.ar\/dev\/wp-json\/wp\/v2\/posts"}],"about":[{"href":"https:\/\/delfoscba.com.ar\/dev\/wp-json\/wp\/v2\/types\/post"}],"author":[{"embeddable":true,"href":"https:\/\/delfoscba.com.ar\/dev\/wp-json\/wp\/v2\/users\/2"}],"replies":[{"embeddable":true,"href":"https:\/\/delfoscba.com.ar\/dev\/wp-json\/wp\/v2\/comments?post=14304"}],"version-history":[{"count":6,"href":"https:\/\/delfoscba.com.ar\/dev\/wp-json\/wp\/v2\/posts\/14304\/revisions"}],"predecessor-version":[{"id":14381,"href":"https:\/\/delfoscba.com.ar\/dev\/wp-json\/wp\/v2\/posts\/14304\/revisions\/14381"}],"wp:featuredmedia":[{"embeddable":true,"href":"https:\/\/delfoscba.com.ar\/dev\/wp-json\/wp\/v2\/media\/14310"}],"wp:attachment":[{"href":"https:\/\/delfoscba.com.ar\/dev\/wp-json\/wp\/v2\/media?parent=14304"}],"wp:term":[{"taxonomy":"category","embeddable":true,"href":"https:\/\/delfoscba.com.ar\/dev\/wp-json\/wp\/v2\/categories?post=14304"},{"taxonomy":"post_tag","embeddable":true,"href":"https:\/\/delfoscba.com.ar\/dev\/wp-json\/wp\/v2\/tags?post=14304"}],"curies":[{"name":"wp","href":"https:\/\/api.w.org\/{rel}","templated":true}]}}