{"id":14390,"date":"2023-04-10T14:40:29","date_gmt":"2023-04-10T14:40:29","guid":{"rendered":"https:\/\/delfoscba.com.ar\/\/dev\/\/?p=14390"},"modified":"2023-04-10T15:35:23","modified_gmt":"2023-04-10T15:35:23","slug":"que-escenarios-se-perfilan-para-la-eleccion-nacional","status":"publish","type":"post","link":"https:\/\/delfoscba.com.ar\/dev\/politica\/que-escenarios-se-perfilan-para-la-eleccion-nacional\/","title":{"rendered":"Qu\u00e9 escenarios se perfilan para la elecci\u00f3n nacional"},"content":{"rendered":"\t\t<div data-elementor-type=\"wp-post\" data-elementor-id=\"14390\" class=\"elementor elementor-14390\" data-elementor-post-type=\"post\">\n\t\t\t\t\t\t<section class=\"elementor-section elementor-top-section elementor-element elementor-element-41498b4 elementor-section-height-min-height elementor-section-boxed elementor-section-height-default elementor-section-items-middle\" data-id=\"41498b4\" data-element_type=\"section\" data-e-type=\"section\" data-settings=\"{&quot;background_background&quot;:&quot;classic&quot;}\">\n\t\t\t\t\t\t\t<div class=\"elementor-background-overlay\"><\/div>\n\t\t\t\t\t\t\t<div class=\"elementor-container elementor-column-gap-no\">\n\t\t\t\t\t<div class=\"elementor-column elementor-col-100 elementor-top-column elementor-element elementor-element-a18ac89\" data-id=\"a18ac89\" data-element_type=\"column\" data-e-type=\"column\">\n\t\t\t<div class=\"elementor-widget-wrap elementor-element-populated\">\n\t\t\t\t\t\t<div class=\"elementor-element elementor-element-e493600 elementor-widget elementor-widget-heading\" data-id=\"e493600\" data-element_type=\"widget\" data-e-type=\"widget\" data-widget_type=\"heading.default\">\n\t\t\t\t\t<h2 class=\"elementor-heading-title elementor-size-large\">POL\u00cdTICA<\/h2>\t\t\t\t<\/div>\n\t\t\t\t\t<\/div>\n\t\t<\/div>\n\t\t\t\t\t<\/div>\n\t\t<\/section>\n\t\t\t\t<section class=\"elementor-section elementor-top-section elementor-element elementor-element-7dafb6e4 elementor-section-boxed elementor-section-height-default elementor-section-height-default\" data-id=\"7dafb6e4\" data-element_type=\"section\" data-e-type=\"section\">\n\t\t\t\t\t\t<div class=\"elementor-container elementor-column-gap-default\">\n\t\t\t\t\t<div class=\"elementor-column elementor-col-100 elementor-top-column elementor-element elementor-element-38ae5a14\" data-id=\"38ae5a14\" data-element_type=\"column\" data-e-type=\"column\">\n\t\t\t<div class=\"elementor-widget-wrap elementor-element-populated\">\n\t\t\t\t\t\t<div class=\"elementor-element elementor-element-f8a3207 elementor-widget elementor-widget-author-box\" data-id=\"f8a3207\" data-element_type=\"widget\" data-e-type=\"widget\" data-widget_type=\"author-box.default\">\n\t\t\t\t\t\t\t<div class=\"elementor-author-box\">\n\t\t\t\t\t\t\t<a href=\"https:\/\/delfoscba.com.ar\/\/dev\/\/nosotros\/\" class=\"elementor-author-box__avatar\">\n\t\t\t\t\t<img decoding=\"async\" src=\"https:\/\/delfoscba.com.ar\/dev\/wp-content\/uploads\/2021\/02\/norman-250x250-1.jpg\" alt=\"Picture of Norman Berra\" loading=\"lazy\">\n\t\t\t\t<\/a>\n\t\t\t\n\t\t\t<div class=\"elementor-author-box__text\">\n\t\t\t\t\t\t\t\t\t<a href=\"https:\/\/delfoscba.com.ar\/\/dev\/\/nosotros\/\">\n\t\t\t\t\t\t<h4 class=\"elementor-author-box__name\">\n\t\t\t\t\t\t\tNorman Berra\t\t\t\t\t\t<\/h4>\n\t\t\t\t\t<\/a>\n\t\t\t\t\n\t\t\t\t\t\t\t\t\t<div class=\"elementor-author-box__bio\">\n\t\t\t\t\t\t<p>L\u00edder de Proyectos<\/p>\n\t\t\t\t\t<\/div>\n\t\t\t\t\n\t\t\t\t\t\t\t<\/div>\n\t\t<\/div>\n\t\t\t\t\t\t<\/div>\n\t\t\t\t<div class=\"elementor-element elementor-element-7aefe4b4 elementor-widget elementor-widget-text-editor\" data-id=\"7aefe4b4\" data-element_type=\"widget\" data-e-type=\"widget\" data-widget_type=\"text-editor.default\">\n\t\t\t\t\t\t\t\t\t<p><a href=\"https:\/\/delfoscba.com.ar\/\/dev\/\/wp-content\/uploads\/2023\/03\/1-2-3.jpg\"><img fetchpriority=\"high\" decoding=\"async\" class=\"aligncenter wp-image-14382 size-large\" src=\"https:\/\/delfoscba.com.ar\/\/dev\/\/wp-content\/uploads\/2023\/03\/1-2-3-1024x575.jpg\" alt=\"\" width=\"1024\" height=\"575\" srcset=\"https:\/\/delfoscba.com.ar\/dev\/wp-content\/uploads\/2023\/03\/1-2-3-1024x575.jpg 1024w, https:\/\/delfoscba.com.ar\/dev\/wp-content\/uploads\/2023\/03\/1-2-3-300x169.jpg 300w, https:\/\/delfoscba.com.ar\/dev\/wp-content\/uploads\/2023\/03\/1-2-3-768x431.jpg 768w, https:\/\/delfoscba.com.ar\/dev\/wp-content\/uploads\/2023\/03\/1-2-3-1080x607.jpg 1080w, https:\/\/delfoscba.com.ar\/dev\/wp-content\/uploads\/2023\/03\/1-2-3.jpg 1376w\" sizes=\"(max-width: 1024px) 100vw, 1024px\" \/><\/a><\/p><p>En nuestra nota de la semana pasada ve\u00edamos que en las \u00faltimas encuestas nacionales persiste una situaci\u00f3n de empate t\u00e9cnico entre Juntos por el Cambio (JXC) vs el Frente de Todos (FDT) y que Javier Milei de La Libertad Avanza (LLA) se ubica como tercero en cuesti\u00f3n y principal beneficiado por una tendencia de menor polarizaci\u00f3n que la visible en 2019. Profundizando el an\u00e1lisis, se pueden plantear algunos escenarios a partir de la renuncia de Mauricio Macri y la hip\u00f3tesis de que Cristina Fern\u00e1ndez tampoco compita. Seg\u00fan Synopsis, en una interna a tres bandas en JXC Horacio Rodr\u00edguez Larreta aventaja a Patricia Bulrrich por 4,2 puntos porcentuales (dado el error muestral de +\/-2,4%, la diferencia cae en empate t\u00e9cnico), mientras que el radical Facundo Manes apenas supera el 10% de intenci\u00f3n de voto (gr\u00e1fico arriba). En cambio, la consultora Tendencias reporta una brecha de 16,5 pp a favor de la ex ministra de Seguridad, mientras que Manes en este caso no llega al 10% (gr\u00e1fico abajo).<\/p><p><a href=\"https:\/\/delfoscba.com.ar\/\/dev\/\/wp-content\/uploads\/2023\/03\/2-2-3.jpg\"><img decoding=\"async\" class=\"aligncenter wp-image-14383 size-large\" src=\"https:\/\/delfoscba.com.ar\/\/dev\/\/wp-content\/uploads\/2023\/03\/2-2-3-1024x723.jpg\" alt=\"\" width=\"1024\" height=\"723\" srcset=\"https:\/\/delfoscba.com.ar\/dev\/wp-content\/uploads\/2023\/03\/2-2-3-1024x723.jpg 1024w, https:\/\/delfoscba.com.ar\/dev\/wp-content\/uploads\/2023\/03\/2-2-3-300x212.jpg 300w, https:\/\/delfoscba.com.ar\/dev\/wp-content\/uploads\/2023\/03\/2-2-3-768x542.jpg 768w, https:\/\/delfoscba.com.ar\/dev\/wp-content\/uploads\/2023\/03\/2-2-3-1080x762.jpg 1080w, https:\/\/delfoscba.com.ar\/dev\/wp-content\/uploads\/2023\/03\/2-2-3.jpg 1360w\" sizes=\"(max-width: 1024px) 100vw, 1024px\" \/><\/a><\/p><p>En tanto, seg\u00fan Federico Gonz\u00e1lez &amp; Asociados (FGA), en ausencia de CFK y sobre la hip\u00f3tesis de que Axel Kicillof fuera candidato a la reelecci\u00f3n en el distrito que hoy gobierna (provincia de Buenos Aires), Sergio Massa saca ventaja en la interna del FDT con 49% de intenci\u00f3n de voto, contra casi 18% del presidente Alberto Fern\u00e1ndez, casi 13% del ministro Wado de Pedro y\u00a0 12,1% de Daniel Scioli; las dem\u00e1s figuras del oficialismo incluidas en el informe no llegan individualmente al 5% (gr\u00e1fico abajo).<\/p><p><a href=\"https:\/\/delfoscba.com.ar\/\/dev\/\/wp-content\/uploads\/2023\/03\/3-2-3.jpg\"><img decoding=\"async\" class=\"aligncenter wp-image-14384 size-large\" src=\"https:\/\/delfoscba.com.ar\/\/dev\/\/wp-content\/uploads\/2023\/03\/3-2-3-1024x575.jpg\" alt=\"\" width=\"1024\" height=\"575\" srcset=\"https:\/\/delfoscba.com.ar\/dev\/wp-content\/uploads\/2023\/03\/3-2-3-1024x575.jpg 1024w, https:\/\/delfoscba.com.ar\/dev\/wp-content\/uploads\/2023\/03\/3-2-3-300x168.jpg 300w, https:\/\/delfoscba.com.ar\/dev\/wp-content\/uploads\/2023\/03\/3-2-3-768x431.jpg 768w, https:\/\/delfoscba.com.ar\/dev\/wp-content\/uploads\/2023\/03\/3-2-3-1080x606.jpg 1080w, https:\/\/delfoscba.com.ar\/dev\/wp-content\/uploads\/2023\/03\/3-2-3.jpg 1468w\" sizes=\"(max-width: 1024px) 100vw, 1024px\" \/><\/a><\/p><p>Con matices en los guarismos, Tendencias ubica a Massa con una ventaja de 5,4 pp sobre el actual presidente, estad\u00edsticamente significativa dado el error muestral de +\/-1,1%; De Pedro alcanza 24,1% (gr\u00e1fico abajo).<\/p><p><a href=\"https:\/\/delfoscba.com.ar\/\/dev\/\/wp-content\/uploads\/2023\/03\/4-2-3.jpg\"><img loading=\"lazy\" decoding=\"async\" class=\"aligncenter wp-image-14385 size-large\" src=\"https:\/\/delfoscba.com.ar\/\/dev\/\/wp-content\/uploads\/2023\/03\/4-2-3-1024x723.jpg\" alt=\"\" width=\"1024\" height=\"723\" srcset=\"https:\/\/delfoscba.com.ar\/dev\/wp-content\/uploads\/2023\/03\/4-2-3-1024x723.jpg 1024w, https:\/\/delfoscba.com.ar\/dev\/wp-content\/uploads\/2023\/03\/4-2-3-300x212.jpg 300w, https:\/\/delfoscba.com.ar\/dev\/wp-content\/uploads\/2023\/03\/4-2-3-768x542.jpg 768w, https:\/\/delfoscba.com.ar\/dev\/wp-content\/uploads\/2023\/03\/4-2-3-1080x762.jpg 1080w, https:\/\/delfoscba.com.ar\/dev\/wp-content\/uploads\/2023\/03\/4-2-3.jpg 1360w\" sizes=\"(max-width: 1024px) 100vw, 1024px\" \/><\/a><\/p><p>Sobre estos datos, se pueden perfilar escenarios preliminares con las dos figuras m\u00e1s fuertes dentro de JXC y el precandidato oficialista en el FDT. As\u00ed, Bullrich roza el 30% vs 28,4% de Massa-De Pedro, una brecha de apenas 1,3 pp que implica un empate t\u00e9cnico. Milei ronda el 17%, Bregman-del Ca\u00f1o del FIT 6,5%, con 5,4% de voto en blanco o nulo y 13,4% de indecisos (gr\u00e1fico abajo).<\/p><p><a href=\"https:\/\/delfoscba.com.ar\/\/dev\/\/wp-content\/uploads\/2023\/03\/5-2-3.jpg\"><img loading=\"lazy\" decoding=\"async\" class=\"aligncenter wp-image-14386 size-large\" src=\"https:\/\/delfoscba.com.ar\/\/dev\/\/wp-content\/uploads\/2023\/03\/5-2-3-1024x723.jpg\" alt=\"\" width=\"1024\" height=\"723\" srcset=\"https:\/\/delfoscba.com.ar\/dev\/wp-content\/uploads\/2023\/03\/5-2-3-1024x723.jpg 1024w, https:\/\/delfoscba.com.ar\/dev\/wp-content\/uploads\/2023\/03\/5-2-3-300x212.jpg 300w, https:\/\/delfoscba.com.ar\/dev\/wp-content\/uploads\/2023\/03\/5-2-3-768x542.jpg 768w, https:\/\/delfoscba.com.ar\/dev\/wp-content\/uploads\/2023\/03\/5-2-3-1080x762.jpg 1080w, https:\/\/delfoscba.com.ar\/dev\/wp-content\/uploads\/2023\/03\/5-2-3.jpg 1360w\" sizes=\"(max-width: 1024px) 100vw, 1024px\" \/><\/a><\/p><p>Con Rodr\u00edguez Larreta en lugar de Bullrich por JXC, el empate es m\u00e1s claro a\u00fan: 26,4% vs 26,2% del FDT. En esa hip\u00f3tesis, Milei trepa al 20,5%, lo que pone en evidencia el perfil m\u00e1s corrido a la derecha de la ex ministra de Seguridad. El FIT vuelve a rondar el 7% y los indecisos se mantienen cerca del 14% (gr\u00e1fico abajo).<\/p><p><a href=\"https:\/\/delfoscba.com.ar\/\/dev\/\/wp-content\/uploads\/2023\/03\/6-2-2.jpg\"><img loading=\"lazy\" decoding=\"async\" class=\"aligncenter wp-image-14387 size-large\" src=\"https:\/\/delfoscba.com.ar\/\/dev\/\/wp-content\/uploads\/2023\/03\/6-2-2-1024x723.jpg\" alt=\"\" width=\"1024\" height=\"723\" srcset=\"https:\/\/delfoscba.com.ar\/dev\/wp-content\/uploads\/2023\/03\/6-2-2-1024x723.jpg 1024w, https:\/\/delfoscba.com.ar\/dev\/wp-content\/uploads\/2023\/03\/6-2-2-300x212.jpg 300w, https:\/\/delfoscba.com.ar\/dev\/wp-content\/uploads\/2023\/03\/6-2-2-768x543.jpg 768w, https:\/\/delfoscba.com.ar\/dev\/wp-content\/uploads\/2023\/03\/6-2-2-1080x763.jpg 1080w, https:\/\/delfoscba.com.ar\/dev\/wp-content\/uploads\/2023\/03\/6-2-2.jpg 1359w\" sizes=\"(max-width: 1024px) 100vw, 1024px\" \/><\/a><\/p><p>En s\u00edntesis, el repaso de escenarios electorales vuelva a confirmar un panorama competitivo, donde la diferencia que JXC le sac\u00f3 al FDT en las elecciones de medio t\u00e9rmino de 2021 (7 pp) se diluye hasta situaciones de empate t\u00e9cnico. La clave de la coyuntura la da el crecimiento de LLA como tercera fuerza: seg\u00fan la \u00faltima encuesta nacional de Pol\u00edticos en Redes, casi el 39% de la intenci\u00f3n de voto de Milei procede de votantes de Juntos en 2019, contra casi 20% de electores de Alberto Fern\u00e1ndez, 15,3% de Despertar y casi 5% del peronismo no K (gr\u00e1fico abajo).<\/p><p><a href=\"https:\/\/delfoscba.com.ar\/\/dev\/\/wp-content\/uploads\/2023\/03\/7-1-2.jpg\"><img loading=\"lazy\" decoding=\"async\" class=\"aligncenter wp-image-14388 size-full\" src=\"https:\/\/delfoscba.com.ar\/\/dev\/\/wp-content\/uploads\/2023\/03\/7-1-2.jpg\" alt=\"\" width=\"964\" height=\"681\" srcset=\"https:\/\/delfoscba.com.ar\/dev\/wp-content\/uploads\/2023\/03\/7-1-2.jpg 964w, https:\/\/delfoscba.com.ar\/dev\/wp-content\/uploads\/2023\/03\/7-1-2-300x212.jpg 300w, https:\/\/delfoscba.com.ar\/dev\/wp-content\/uploads\/2023\/03\/7-1-2-768x543.jpg 768w, https:\/\/delfoscba.com.ar\/dev\/wp-content\/uploads\/2023\/03\/7-1-2-400x284.jpg 400w\" sizes=\"(max-width: 964px) 100vw, 964px\" \/><\/a><\/p>\t\t\t\t\t\t\t\t<\/div>\n\t\t\t\t\t<\/div>\n\t\t<\/div>\n\t\t\t\t\t<\/div>\n\t\t<\/section>\n\t\t\t\t<section class=\"elementor-section elementor-top-section elementor-element elementor-element-b28ac47 elementor-section-height-min-height elementor-section-boxed elementor-section-height-default elementor-section-items-middle\" data-id=\"b28ac47\" data-element_type=\"section\" data-e-type=\"section\" data-settings=\"{&quot;background_background&quot;:&quot;classic&quot;}\">\n\t\t\t\t\t\t\t<div class=\"elementor-background-overlay\"><\/div>\n\t\t\t\t\t\t\t<div class=\"elementor-container elementor-column-gap-default\">\n\t\t\t\t\t<div class=\"elementor-column elementor-col-100 elementor-top-column elementor-element elementor-element-88fba06\" data-id=\"88fba06\" data-element_type=\"column\" data-e-type=\"column\">\n\t\t\t<div class=\"elementor-widget-wrap elementor-element-populated\">\n\t\t\t\t\t\t<div class=\"elementor-element elementor-element-7e65226 elementor-widget elementor-widget-heading\" data-id=\"7e65226\" data-element_type=\"widget\" data-e-type=\"widget\" data-widget_type=\"heading.default\">\n\t\t\t\t\t<h2 class=\"elementor-heading-title elementor-size-large\">Seguinos en nuestras redes<\/h2>\t\t\t\t<\/div>\n\t\t\t\t<div class=\"elementor-element elementor-element-c37b7ef elementor-shape-circle e-grid-align-tablet-center e-grid-align-mobile-center e-grid-align-left elementor-grid-0 elementor-widget elementor-widget-social-icons\" data-id=\"c37b7ef\" data-element_type=\"widget\" data-e-type=\"widget\" data-widget_type=\"social-icons.default\">\n\t\t\t\t\t\t\t<div class=\"elementor-social-icons-wrapper elementor-grid\" role=\"list\">\n\t\t\t\t\t\t\t<span class=\"elementor-grid-item\" role=\"listitem\">\n\t\t\t\t\t<a class=\"elementor-icon elementor-social-icon elementor-social-icon-facebook-f elementor-repeater-item-lf5yt4c\" href=\"https:\/\/www.facebook.com\/ConsultoraDelfos\" target=\"_blank\">\n\t\t\t\t\t\t<span class=\"elementor-screen-only\">Facebook-f<\/span>\n\t\t\t\t\t\t<i aria-hidden=\"true\" class=\"fab fa-facebook-f\"><\/i>\t\t\t\t\t<\/a>\n\t\t\t\t<\/span>\n\t\t\t\t\t\t\t<span class=\"elementor-grid-item\" role=\"listitem\">\n\t\t\t\t\t<a class=\"elementor-icon elementor-social-icon elementor-social-icon-twitter elementor-repeater-item-01xie82\" href=\"https:\/\/twitter.com\/delfoscba\" target=\"_blank\">\n\t\t\t\t\t\t<span class=\"elementor-screen-only\">Twitter<\/span>\n\t\t\t\t\t\t<i aria-hidden=\"true\" class=\"fab fa-twitter\"><\/i>\t\t\t\t\t<\/a>\n\t\t\t\t<\/span>\n\t\t\t\t\t\t\t<span class=\"elementor-grid-item\" role=\"listitem\">\n\t\t\t\t\t<a class=\"elementor-icon elementor-social-icon elementor-social-icon-linkedin elementor-repeater-item-grhvqhn\" target=\"_blank\">\n\t\t\t\t\t\t<span class=\"elementor-screen-only\">Linkedin<\/span>\n\t\t\t\t\t\t<i aria-hidden=\"true\" class=\"fab fa-linkedin\"><\/i>\t\t\t\t\t<\/a>\n\t\t\t\t<\/span>\n\t\t\t\t\t<\/div>\n\t\t\t\t\t\t<\/div>\n\t\t\t\t\t<\/div>\n\t\t<\/div>\n\t\t\t\t\t<\/div>\n\t\t<\/section>\n\t\t\t\t<\/div>\n\t\t","protected":false},"excerpt":{"rendered":"<p>Pasamos revista a los n\u00fameros de las internas de los dos principales partidos nacionales y exploramos resultados de posibles escenarios de cara a las elecciones generales<\/p>\n","protected":false},"author":2,"featured_media":14389,"comment_status":"open","ping_status":"open","sticky":false,"template":"","format":"standard","meta":{"_acf_changed":false,"footnotes":""},"categories":[3],"tags":[471,526,453,922,39,258,307,40,38,264,348,695,128,403,97,921,283,246,230,368,454,402,354,924,415,356,923,404,140,259,569,547,57,188,897,287,56,396,488,902],"class_list":["post-14390","post","type-post","status-publish","format-standard","has-post-thumbnail","hentry","category-politica","tag-471","tag-526","tag-alberto","tag-america","tag-argentina","tag-bullrich","tag-cfk","tag-consultora","tag-cordoba","tag-cristina","tag-datos","tag-de-pedro","tag-delfos","tag-derecha","tag-elecciones","tag-elections","tag-electoral","tag-encuestas","tag-estadistica","tag-fdt","tag-fernandez","tag-izquierda","tag-juntos-por-el-cambio","tag-jxp","tag-kicillof","tag-larreta","tag-latino","tag-liberales","tag-macri","tag-massa","tag-milei","tag-nacional","tag-norman-berra","tag-opinion-publica","tag-panorama","tag-peronismo","tag-politica","tag-radicales","tag-sudamerica","tag-wado","et-has-post-format-content","et_post_format-et-post-format-standard"],"acf":[],"_links":{"self":[{"href":"https:\/\/delfoscba.com.ar\/dev\/wp-json\/wp\/v2\/posts\/14390","targetHints":{"allow":["GET"]}}],"collection":[{"href":"https:\/\/delfoscba.com.ar\/dev\/wp-json\/wp\/v2\/posts"}],"about":[{"href":"https:\/\/delfoscba.com.ar\/dev\/wp-json\/wp\/v2\/types\/post"}],"author":[{"embeddable":true,"href":"https:\/\/delfoscba.com.ar\/dev\/wp-json\/wp\/v2\/users\/2"}],"replies":[{"embeddable":true,"href":"https:\/\/delfoscba.com.ar\/dev\/wp-json\/wp\/v2\/comments?post=14390"}],"version-history":[{"count":7,"href":"https:\/\/delfoscba.com.ar\/dev\/wp-json\/wp\/v2\/posts\/14390\/revisions"}],"predecessor-version":[{"id":14397,"href":"https:\/\/delfoscba.com.ar\/dev\/wp-json\/wp\/v2\/posts\/14390\/revisions\/14397"}],"wp:featuredmedia":[{"embeddable":true,"href":"https:\/\/delfoscba.com.ar\/dev\/wp-json\/wp\/v2\/media\/14389"}],"wp:attachment":[{"href":"https:\/\/delfoscba.com.ar\/dev\/wp-json\/wp\/v2\/media?parent=14390"}],"wp:term":[{"taxonomy":"category","embeddable":true,"href":"https:\/\/delfoscba.com.ar\/dev\/wp-json\/wp\/v2\/categories?post=14390"},{"taxonomy":"post_tag","embeddable":true,"href":"https:\/\/delfoscba.com.ar\/dev\/wp-json\/wp\/v2\/tags?post=14390"}],"curies":[{"name":"wp","href":"https:\/\/api.w.org\/{rel}","templated":true}]}}