{"id":14401,"date":"2023-04-17T15:08:02","date_gmt":"2023-04-17T15:08:02","guid":{"rendered":"https:\/\/delfoscba.com.ar\/\/dev\/\/?p=14401"},"modified":"2023-04-17T15:11:48","modified_gmt":"2023-04-17T15:11:48","slug":"efecto-pospandemia-crecio-la-clase-media-a-nivel-pais-y-tambien-en-cordoba","status":"publish","type":"post","link":"https:\/\/delfoscba.com.ar\/dev\/economia\/efecto-pospandemia-crecio-la-clase-media-a-nivel-pais-y-tambien-en-cordoba\/","title":{"rendered":"Efecto pospandemia: creci\u00f3 la clase media a nivel pa\u00eds y tambi\u00e9n en C\u00f3rdoba"},"content":{"rendered":"\t\t<div data-elementor-type=\"wp-post\" data-elementor-id=\"14401\" class=\"elementor elementor-14401\" data-elementor-post-type=\"post\">\n\t\t\t\t\t\t<section class=\"elementor-section elementor-top-section elementor-element elementor-element-41498b4 elementor-section-height-min-height elementor-section-boxed elementor-section-height-default elementor-section-items-middle\" data-id=\"41498b4\" data-element_type=\"section\" data-e-type=\"section\" data-settings=\"{&quot;background_background&quot;:&quot;classic&quot;}\">\n\t\t\t\t\t\t\t<div class=\"elementor-background-overlay\"><\/div>\n\t\t\t\t\t\t\t<div class=\"elementor-container elementor-column-gap-no\">\n\t\t\t\t\t<div class=\"elementor-column elementor-col-100 elementor-top-column elementor-element elementor-element-a18ac89\" data-id=\"a18ac89\" data-element_type=\"column\" data-e-type=\"column\">\n\t\t\t<div class=\"elementor-widget-wrap elementor-element-populated\">\n\t\t\t\t\t\t<div class=\"elementor-element elementor-element-e493600 elementor-widget elementor-widget-heading\" data-id=\"e493600\" data-element_type=\"widget\" data-e-type=\"widget\" data-widget_type=\"heading.default\">\n\t\t\t\t\t<h2 class=\"elementor-heading-title elementor-size-large\">ECONOM\u00cdA<\/h2>\t\t\t\t<\/div>\n\t\t\t\t\t<\/div>\n\t\t<\/div>\n\t\t\t\t\t<\/div>\n\t\t<\/section>\n\t\t\t\t<section class=\"elementor-section elementor-top-section elementor-element elementor-element-7dafb6e4 elementor-section-boxed elementor-section-height-default elementor-section-height-default\" data-id=\"7dafb6e4\" data-element_type=\"section\" data-e-type=\"section\">\n\t\t\t\t\t\t<div class=\"elementor-container elementor-column-gap-default\">\n\t\t\t\t\t<div class=\"elementor-column elementor-col-100 elementor-top-column elementor-element elementor-element-38ae5a14\" data-id=\"38ae5a14\" data-element_type=\"column\" data-e-type=\"column\">\n\t\t\t<div class=\"elementor-widget-wrap elementor-element-populated\">\n\t\t\t\t\t\t<div class=\"elementor-element elementor-element-f8a3207 elementor-widget elementor-widget-author-box\" data-id=\"f8a3207\" data-element_type=\"widget\" data-e-type=\"widget\" data-widget_type=\"author-box.default\">\n\t\t\t\t\t\t\t<div class=\"elementor-author-box\">\n\t\t\t\t\t\t\t<a href=\"https:\/\/delfoscba.com.ar\/\/dev\/\/nosotros\/\" class=\"elementor-author-box__avatar\">\n\t\t\t\t\t<img decoding=\"async\" src=\"https:\/\/delfoscba.com.ar\/dev\/wp-content\/uploads\/2021\/02\/norman-250x250-1.jpg\" alt=\"Picture of Norman Berra\" loading=\"lazy\">\n\t\t\t\t<\/a>\n\t\t\t\n\t\t\t<div class=\"elementor-author-box__text\">\n\t\t\t\t\t\t\t\t\t<a href=\"https:\/\/delfoscba.com.ar\/\/dev\/\/nosotros\/\">\n\t\t\t\t\t\t<h4 class=\"elementor-author-box__name\">\n\t\t\t\t\t\t\tNorman Berra\t\t\t\t\t\t<\/h4>\n\t\t\t\t\t<\/a>\n\t\t\t\t\n\t\t\t\t\t\t\t\t\t<div class=\"elementor-author-box__bio\">\n\t\t\t\t\t\t<p>L\u00edder de Proyectos<\/p>\n\t\t\t\t\t<\/div>\n\t\t\t\t\n\t\t\t\t\t\t\t<\/div>\n\t\t<\/div>\n\t\t\t\t\t\t<\/div>\n\t\t\t\t<div class=\"elementor-element elementor-element-7aefe4b4 elementor-widget elementor-widget-text-editor\" data-id=\"7aefe4b4\" data-element_type=\"widget\" data-e-type=\"widget\" data-widget_type=\"text-editor.default\">\n\t\t\t\t\t\t\t\t\t<p><a href=\"https:\/\/delfoscba.com.ar\/\/dev\/\/wp-content\/uploads\/2023\/04\/1-2-1.jpg\"><img fetchpriority=\"high\" decoding=\"async\" class=\"aligncenter wp-image-14402 size-full\" src=\"https:\/\/delfoscba.com.ar\/\/dev\/\/wp-content\/uploads\/2023\/04\/1-2-1.jpg\" alt=\"\" width=\"587\" height=\"373\" srcset=\"https:\/\/delfoscba.com.ar\/dev\/wp-content\/uploads\/2023\/04\/1-2-1.jpg 587w, https:\/\/delfoscba.com.ar\/dev\/wp-content\/uploads\/2023\/04\/1-2-1-300x191.jpg 300w\" sizes=\"(max-width: 587px) 100vw, 587px\" \/><\/a><\/p><p>Seg\u00fan una reciente encuesta provincial realizada por consultora Delfos, con respecto a febrero de 2022 el nivel socioecon\u00f3mico provincial (NSE) consolidado a febrero de 2023 arroja una suba de las clases medio alta (C2) y media t\u00edpica (C3) de 6,38 puntos porcentuales: de 32,45% a 38,83%. En el mismo lapso, la clase baja descendi\u00f3 3,11 pp (de 55,47% a 52,36%), mientras que la marginal (E) cedi\u00f3 3,6 pp, de 6,72% a 3,12%. En el otro extremo, el NSE alto (ABC1) apenas vari\u00f3, pasando de 5,36% a 5,69% (+0,33 pp; gr\u00e1ficos arriba). As\u00ed, casi 5,7% de los comprovincianos pertenece a la clase alta, casi 39% a la clase media y casi 55,5% a la baja y marginal. En t\u00e9rminos cualitativos, eso implica que en el \u00faltimo a\u00f1o en C\u00f3rdoba creci\u00f3 la clase media, mientras que se achicaron las clases bajas y la marginal. \u00bfC\u00f3mo se explica ese movimiento, que coexiste con una pobreza en niveles muy altos seg\u00fan los \u00faltimos registros oficiales?<\/p><p><a href=\"https:\/\/delfoscba.com.ar\/\/dev\/\/wp-content\/uploads\/2023\/04\/2-2-1.jpg\"><img decoding=\"async\" class=\"aligncenter wp-image-14403 size-large\" src=\"https:\/\/delfoscba.com.ar\/\/dev\/\/wp-content\/uploads\/2023\/04\/2-2-1-1024x575.jpg\" alt=\"\" width=\"1024\" height=\"575\" srcset=\"https:\/\/delfoscba.com.ar\/dev\/wp-content\/uploads\/2023\/04\/2-2-1-1024x575.jpg 1024w, https:\/\/delfoscba.com.ar\/dev\/wp-content\/uploads\/2023\/04\/2-2-1-300x168.jpg 300w, https:\/\/delfoscba.com.ar\/dev\/wp-content\/uploads\/2023\/04\/2-2-1-768x431.jpg 768w, https:\/\/delfoscba.com.ar\/dev\/wp-content\/uploads\/2023\/04\/2-2-1-1080x606.jpg 1080w, https:\/\/delfoscba.com.ar\/dev\/wp-content\/uploads\/2023\/04\/2-2-1.jpg 1468w\" sizes=\"(max-width: 1024px) 100vw, 1024px\" \/><\/a><\/p><p>Primer dato: el NSE se mide a trav\u00e9s de una metodolog\u00eda de la Asociaci\u00f3n Argentina de Marketing (AAM), diferente a la que emplea el Indec (Instituto Nacional de Estad\u00edstica y Censos) para monitorear la pobreza y la indigencia. El Indec mide la pobreza por ingresos: a marzo pasado, una familia tipo deb\u00eda tener un ingreso superior a $ 177.063 para no ser considerada pobre. Seg\u00fan la consultora Moiguer, que aplica la metodolog\u00eda de la AAM a nivel pa\u00eds (actualizada a marzo de 2023) Argentina tiene 5% de clase alta (0,69 pp menos que en C\u00f3rdoba), 45% de clase media (+6,17 pp m\u00e1s que en C\u00f3rdoba) y 50% de baja (-5,48 que la suma de D+E en nuestra provincia). Con esos datos, tambi\u00e9n a nivel pa\u00eds la clase media creci\u00f3 respecto al piso de la pandemia: pas\u00f3 de 32% a 45%, mientras que la baja cedi\u00f3 de 64% a 50% (gr\u00e1fico arriba). As\u00ed, la pir\u00e1mide de NSE volvi\u00f3 a niveles similares a 2019, cuando registraba el impacto de la crisis en los dos \u00faltimos a\u00f1os de gesti\u00f3n de Cambiemos pero a\u00fan no hab\u00eda sufrido el efecto del Covid-19 (gr\u00e1fico abajo).<\/p><p><a href=\"https:\/\/delfoscba.com.ar\/\/dev\/\/wp-content\/uploads\/2023\/04\/3-2-1.jpg\"><img decoding=\"async\" class=\"aligncenter wp-image-14404 size-full\" src=\"https:\/\/delfoscba.com.ar\/\/dev\/\/wp-content\/uploads\/2023\/04\/3-2-1.jpg\" alt=\"\" width=\"400\" height=\"223\" srcset=\"https:\/\/delfoscba.com.ar\/dev\/wp-content\/uploads\/2023\/04\/3-2-1.jpg 400w, https:\/\/delfoscba.com.ar\/dev\/wp-content\/uploads\/2023\/04\/3-2-1-300x167.jpg 300w\" sizes=\"(max-width: 400px) 100vw, 400px\" \/><\/a><\/p><p>En ese marco, la evoluci\u00f3n del NSE de C\u00f3rdoba pospandemia replica la misma tendencia que se observa a nivel nacional y se sostiene a partir de varios datos duros.<\/p><p>1) La econom\u00eda argentina creci\u00f3 dos a\u00f1os consecutivos (10,4% en 2021 y 5,2% en 2022), algo que no suced\u00eda desde el bienio 2010-2011.<\/p><p>2) Esa mejor\u00eda econ\u00f3mica impacta en el NSE, por la mejora en el empleo que se da desde 2021 y se consolida en 2022; el empleo del principal sost\u00e9n del hogar es la variable de mayor incidencia en el algoritmo que permite medir los niveles socioecon\u00f3micos (metodolog\u00eda homologada de la AAM que utilizan las consultoras como Moiguer y Delfos).<\/p><p>3) El crecimiento econ\u00f3mico tracciona el empleo registrado: seg\u00fan las \u00faltimas estad\u00edsticas del Ministerio de Trabajo, se registran 30 meses consecutivos de crecimiento del empleo asalariado formal privado, el per\u00edodo de expansi\u00f3n m\u00e1s prolongado de los \u00faltimos 14 a\u00f1os. Adem\u00e1s, se alcanz\u00f3 un nuevo hito: el n\u00famero de trabajadoras y trabajadores con empleo asalariado registrado en enero de 2023 es el m\u00e1s elevado desde 2009, cuando se inici\u00f3 la serie estad\u00edstica.<\/p><p>4) Visto en profundidad, el fen\u00f3meno es m\u00e1s que un rebote pos pandemia: el proceso de expansi\u00f3n del empleo formal vigente permiti\u00f3 hasta enero de 2023 recuperar el empleo perdido durante la pandemia y reintegrar la totalidad del trabajo asalariado formal desvinculado durante el per\u00edodo comprendido entre 2018 y 2019 (crisis del cierre de gobierno de Cambiemos).<\/p><p>5) Esas tendencias resultan consistentes con la baja del desempleo registrada a nivel macroecon\u00f3mico en la coyuntura (gr\u00e1fico abajo): tanto a nivel nacional como en C\u00f3rdoba, la desocupaci\u00f3n se ubica entre 7% y 6% luego de haber superado el 10% en el peor momento de la pandemia de Covid-19 en 2020 a nivel pa\u00eds y el 19% en C\u00f3rdoba. El 6,3% de desocupaci\u00f3n a nivel nacional es el menor registro desde 2015, mientras que en paralelo se increment\u00f3 la tasa de empleo, que pas\u00f3 de 43,2% en el segundo semestre de 2021 a 44,4% en el mismo per\u00edodo de 2022.<\/p><p><a href=\"https:\/\/delfoscba.com.ar\/\/dev\/\/wp-content\/uploads\/2023\/04\/4-2-1.jpg\"><img loading=\"lazy\" decoding=\"async\" class=\"aligncenter wp-image-14405 size-full\" src=\"https:\/\/delfoscba.com.ar\/\/dev\/\/wp-content\/uploads\/2023\/04\/4-2-1.jpg\" alt=\"\" width=\"679\" height=\"479\" srcset=\"https:\/\/delfoscba.com.ar\/dev\/wp-content\/uploads\/2023\/04\/4-2-1.jpg 679w, https:\/\/delfoscba.com.ar\/dev\/wp-content\/uploads\/2023\/04\/4-2-1-300x212.jpg 300w\" sizes=\"(max-width: 679px) 100vw, 679px\" \/><\/a><\/p><p><strong>\u00bfC\u00f3mo inciden esas mejoras socioecon\u00f3micas en la provincia de C\u00f3rdoba?<\/strong><\/p><p>1. Industria y construcci\u00f3n est\u00e1n entre los sectores m\u00e1s din\u00e1micos de la econom\u00eda en el \u00faltimo a\u00f1o, y ambos pesan fuerte en la estructura productiva de C\u00f3rdoba.<\/p><p>2. Dentro de la industria, la producci\u00f3n automotriz viene creciendo fuerte y pondera mucho en la provincia de C\u00f3rdoba en t\u00e9rminos de actividad y empleo, adem\u00e1s de ser neur\u00e1lgica para todo el cintur\u00f3n de proveedores autopartistas.<\/p><p>3. El turismo viene creciendo desde 2021, y C\u00f3rdoba se mantiene en el top 5 de distritos con m\u00e1s actividad en vacaciones, feriados y fines de semana XL o extralargos.<\/p><p><strong>Matices<\/strong><\/p><p>Sin embargo, la mejor\u00eda en la pir\u00e1mide del NSE efectivamente coexiste con altos niveles de pobreza, y la persistencia de una inflaci\u00f3n muy alta aporta la explicaci\u00f3n. Pese a la mejora en las condiciones estructurales que implica una baja del desempleo, incluso aquellos que cuentan con trabajo enfrentan una situaci\u00f3n dom\u00e9stica complicada por la suba constante de precios.<\/p><p>As\u00ed, pese a que creci\u00f3 el empleo, m\u00e1s personas son pobres. La ca\u00edda del salario obliga a que m\u00e1s miembros del hogar salgan a buscar ingresos; algo de esa necesidad se observ\u00f3 en las tasas de actividad y de empleo, que llegaron tambi\u00e9n a su punto m\u00e1s alto en la serie hist\u00f3rica. Al mismo tiempo, eso coexiste con niveles de pobreza que siguen muy altos, aun cuando cedieron respecto al pico de la pandemia (gr\u00e1fico abajo). Ayuda social mediante, la indigencia se mantiene estable y contenida por debajo del 10% luego de haber rozado el 11% en el primer trimestre de 2021.<\/p><p><a href=\"https:\/\/delfoscba.com.ar\/\/dev\/\/wp-content\/uploads\/2023\/04\/5-2-1.jpg\"><img loading=\"lazy\" decoding=\"async\" class=\"aligncenter wp-image-14406 size-full\" src=\"https:\/\/delfoscba.com.ar\/\/dev\/\/wp-content\/uploads\/2023\/04\/5-2-1.jpg\" alt=\"\" width=\"920\" height=\"560\" srcset=\"https:\/\/delfoscba.com.ar\/dev\/wp-content\/uploads\/2023\/04\/5-2-1.jpg 920w, https:\/\/delfoscba.com.ar\/dev\/wp-content\/uploads\/2023\/04\/5-2-1-300x183.jpg 300w, https:\/\/delfoscba.com.ar\/dev\/wp-content\/uploads\/2023\/04\/5-2-1-768x467.jpg 768w\" sizes=\"(max-width: 920px) 100vw, 920px\" \/><\/a><\/p><p>Eso es consistente con los datos duros provinciales: en C\u00f3rdoba, un tercio de la poblaci\u00f3n econ\u00f3micamente activa busca empleo y quiere trabajar m\u00e1s de lo que lo hace actualmente; al mismo tiempo, la tasa de informalidad es de las m\u00e1s altas del pa\u00eds, lo que se correlaciona con empleos de media y baja calidad e ingresos acotados.<\/p><p>En cuanto a la perspectiva para este a\u00f1o, habr\u00e1 que ver si en 2023 se sostiene la suba de la actividad, o se ameseta: el PIB creci\u00f3 5,2% en 2022, pero este a\u00f1o se ralentizar\u00eda la econom\u00eda y eso podr\u00eda generar estancamiento del empleo. \u00a0<\/p><p>Con todo, los datos de la pobreza a fines de 2022 no reflejan el impacto de los \u00edndices de inflaci\u00f3n del 6% en enero, del 6,8% en febrero y de 7,7% en marzo, y tambi\u00e9n son previos a que la sequ\u00eda mostrara todo su rigor.<\/p>\t\t\t\t\t\t\t\t<\/div>\n\t\t\t\t\t<\/div>\n\t\t<\/div>\n\t\t\t\t\t<\/div>\n\t\t<\/section>\n\t\t\t\t<section class=\"elementor-section elementor-top-section elementor-element elementor-element-b28ac47 elementor-section-height-min-height elementor-section-boxed elementor-section-height-default elementor-section-items-middle\" data-id=\"b28ac47\" data-element_type=\"section\" data-e-type=\"section\" data-settings=\"{&quot;background_background&quot;:&quot;classic&quot;}\">\n\t\t\t\t\t\t\t<div class=\"elementor-background-overlay\"><\/div>\n\t\t\t\t\t\t\t<div class=\"elementor-container elementor-column-gap-default\">\n\t\t\t\t\t<div class=\"elementor-column elementor-col-100 elementor-top-column elementor-element elementor-element-88fba06\" data-id=\"88fba06\" data-element_type=\"column\" data-e-type=\"column\">\n\t\t\t<div class=\"elementor-widget-wrap elementor-element-populated\">\n\t\t\t\t\t\t<div class=\"elementor-element elementor-element-7e65226 elementor-widget elementor-widget-heading\" data-id=\"7e65226\" data-element_type=\"widget\" data-e-type=\"widget\" data-widget_type=\"heading.default\">\n\t\t\t\t\t<h2 class=\"elementor-heading-title elementor-size-large\">Seguinos en nuestras redes<\/h2>\t\t\t\t<\/div>\n\t\t\t\t<div class=\"elementor-element elementor-element-c37b7ef elementor-shape-circle e-grid-align-tablet-center e-grid-align-mobile-center e-grid-align-left elementor-grid-0 elementor-widget elementor-widget-social-icons\" data-id=\"c37b7ef\" data-element_type=\"widget\" data-e-type=\"widget\" data-widget_type=\"social-icons.default\">\n\t\t\t\t\t\t\t<div class=\"elementor-social-icons-wrapper elementor-grid\" role=\"list\">\n\t\t\t\t\t\t\t<span class=\"elementor-grid-item\" role=\"listitem\">\n\t\t\t\t\t<a class=\"elementor-icon elementor-social-icon elementor-social-icon-facebook-f elementor-repeater-item-lf5yt4c\" href=\"https:\/\/www.facebook.com\/ConsultoraDelfos\" target=\"_blank\">\n\t\t\t\t\t\t<span class=\"elementor-screen-only\">Facebook-f<\/span>\n\t\t\t\t\t\t<i aria-hidden=\"true\" class=\"fab fa-facebook-f\"><\/i>\t\t\t\t\t<\/a>\n\t\t\t\t<\/span>\n\t\t\t\t\t\t\t<span class=\"elementor-grid-item\" role=\"listitem\">\n\t\t\t\t\t<a class=\"elementor-icon elementor-social-icon elementor-social-icon-twitter elementor-repeater-item-01xie82\" href=\"https:\/\/twitter.com\/delfoscba\" target=\"_blank\">\n\t\t\t\t\t\t<span class=\"elementor-screen-only\">Twitter<\/span>\n\t\t\t\t\t\t<i aria-hidden=\"true\" class=\"fab fa-twitter\"><\/i>\t\t\t\t\t<\/a>\n\t\t\t\t<\/span>\n\t\t\t\t\t\t\t<span class=\"elementor-grid-item\" role=\"listitem\">\n\t\t\t\t\t<a class=\"elementor-icon elementor-social-icon elementor-social-icon-linkedin elementor-repeater-item-grhvqhn\" target=\"_blank\">\n\t\t\t\t\t\t<span class=\"elementor-screen-only\">Linkedin<\/span>\n\t\t\t\t\t\t<i aria-hidden=\"true\" class=\"fab fa-linkedin\"><\/i>\t\t\t\t\t<\/a>\n\t\t\t\t<\/span>\n\t\t\t\t\t<\/div>\n\t\t\t\t\t\t<\/div>\n\t\t\t\t\t<\/div>\n\t\t<\/div>\n\t\t\t\t\t<\/div>\n\t\t<\/section>\n\t\t\t\t<\/div>\n\t\t","protected":false},"excerpt":{"rendered":"<p>Contrastamos los datos relativos a ingresos con los del nivel socioecon\u00f3mico, tanto a nivel nacional como provincial<\/p>\n","protected":false},"author":2,"featured_media":14407,"comment_status":"open","ping_status":"open","sticky":false,"template":"","format":"standard","meta":{"_acf_changed":false,"footnotes":""},"categories":[2],"tags":[932,284,407,380,471,526,453,563,922,39,619,561,893,40,38,925,264,934,348,128,129,42,246,929,230,454,927,43,140,562,547,906,57,188,54,46,931,928,930,926,935,488,933],"class_list":["post-14401","post","type-post","status-publish","format-standard","has-post-thumbnail","hentry","category-economia","tag-932","tag-284","tag-407","tag-380","tag-471","tag-526","tag-alberto","tag-alta","tag-america","tag-argentina","tag-argentino","tag-baja","tag-clase","tag-consultora","tag-cordoba","tag-crece","tag-cristina","tag-data","tag-datos","tag-delfos","tag-desocupacion","tag-economia","tag-encuestas","tag-espanol","tag-estadistica","tag-fernandez","tag-income","tag-ingresos","tag-macri","tag-media","tag-nacional","tag-nivel","tag-norman-berra","tag-opinion-publica","tag-pandemia","tag-pobreza","tag-pos","tag-poverty","tag-pre","tag-socioeconomico","tag-statistics","tag-sudamerica","tag-work","et-has-post-format-content","et_post_format-et-post-format-standard"],"acf":[],"_links":{"self":[{"href":"https:\/\/delfoscba.com.ar\/dev\/wp-json\/wp\/v2\/posts\/14401","targetHints":{"allow":["GET"]}}],"collection":[{"href":"https:\/\/delfoscba.com.ar\/dev\/wp-json\/wp\/v2\/posts"}],"about":[{"href":"https:\/\/delfoscba.com.ar\/dev\/wp-json\/wp\/v2\/types\/post"}],"author":[{"embeddable":true,"href":"https:\/\/delfoscba.com.ar\/dev\/wp-json\/wp\/v2\/users\/2"}],"replies":[{"embeddable":true,"href":"https:\/\/delfoscba.com.ar\/dev\/wp-json\/wp\/v2\/comments?post=14401"}],"version-history":[{"count":4,"href":"https:\/\/delfoscba.com.ar\/dev\/wp-json\/wp\/v2\/posts\/14401\/revisions"}],"predecessor-version":[{"id":14411,"href":"https:\/\/delfoscba.com.ar\/dev\/wp-json\/wp\/v2\/posts\/14401\/revisions\/14411"}],"wp:featuredmedia":[{"embeddable":true,"href":"https:\/\/delfoscba.com.ar\/dev\/wp-json\/wp\/v2\/media\/14407"}],"wp:attachment":[{"href":"https:\/\/delfoscba.com.ar\/dev\/wp-json\/wp\/v2\/media?parent=14401"}],"wp:term":[{"taxonomy":"category","embeddable":true,"href":"https:\/\/delfoscba.com.ar\/dev\/wp-json\/wp\/v2\/categories?post=14401"},{"taxonomy":"post_tag","embeddable":true,"href":"https:\/\/delfoscba.com.ar\/dev\/wp-json\/wp\/v2\/tags?post=14401"}],"curies":[{"name":"wp","href":"https:\/\/api.w.org\/{rel}","templated":true}]}}