{"id":14438,"date":"2023-04-25T18:59:26","date_gmt":"2023-04-25T18:59:26","guid":{"rendered":"https:\/\/delfoscba.com.ar\/\/dev\/\/?p=14438"},"modified":"2023-04-25T19:19:56","modified_gmt":"2023-04-25T19:19:56","slug":"contexto-del-anuncio-de-alberto-fernandez-y-tendencias-de-cara-a-las-paso","status":"publish","type":"post","link":"https:\/\/delfoscba.com.ar\/dev\/politica\/contexto-del-anuncio-de-alberto-fernandez-y-tendencias-de-cara-a-las-paso\/","title":{"rendered":"Contexto del anuncio de Alberto Fern\u00e1ndez y tendencias de cara a las Paso"},"content":{"rendered":"\t\t<div data-elementor-type=\"wp-post\" data-elementor-id=\"14438\" class=\"elementor elementor-14438\" data-elementor-post-type=\"post\">\n\t\t\t\t\t\t<section class=\"elementor-section elementor-top-section elementor-element elementor-element-41498b4 elementor-section-height-min-height elementor-section-boxed elementor-section-height-default elementor-section-items-middle\" data-id=\"41498b4\" data-element_type=\"section\" data-e-type=\"section\" data-settings=\"{&quot;background_background&quot;:&quot;classic&quot;}\">\n\t\t\t\t\t\t\t<div class=\"elementor-background-overlay\"><\/div>\n\t\t\t\t\t\t\t<div class=\"elementor-container elementor-column-gap-no\">\n\t\t\t\t\t<div class=\"elementor-column elementor-col-100 elementor-top-column elementor-element elementor-element-a18ac89\" data-id=\"a18ac89\" data-element_type=\"column\" data-e-type=\"column\">\n\t\t\t<div class=\"elementor-widget-wrap elementor-element-populated\">\n\t\t\t\t\t\t<div class=\"elementor-element elementor-element-e493600 elementor-widget elementor-widget-heading\" data-id=\"e493600\" data-element_type=\"widget\" data-e-type=\"widget\" data-widget_type=\"heading.default\">\n\t\t\t\t\t<h2 class=\"elementor-heading-title elementor-size-large\">POL\u00cdTICA<\/h2>\t\t\t\t<\/div>\n\t\t\t\t\t<\/div>\n\t\t<\/div>\n\t\t\t\t\t<\/div>\n\t\t<\/section>\n\t\t\t\t<section class=\"elementor-section elementor-top-section elementor-element elementor-element-7dafb6e4 elementor-section-boxed elementor-section-height-default elementor-section-height-default\" data-id=\"7dafb6e4\" data-element_type=\"section\" data-e-type=\"section\">\n\t\t\t\t\t\t<div class=\"elementor-container elementor-column-gap-default\">\n\t\t\t\t\t<div class=\"elementor-column elementor-col-100 elementor-top-column elementor-element elementor-element-38ae5a14\" data-id=\"38ae5a14\" data-element_type=\"column\" data-e-type=\"column\">\n\t\t\t<div class=\"elementor-widget-wrap elementor-element-populated\">\n\t\t\t\t\t\t<div class=\"elementor-element elementor-element-f8a3207 elementor-widget elementor-widget-author-box\" data-id=\"f8a3207\" data-element_type=\"widget\" data-e-type=\"widget\" data-widget_type=\"author-box.default\">\n\t\t\t\t\t\t\t<div class=\"elementor-author-box\">\n\t\t\t\t\t\t\t<a href=\"https:\/\/delfoscba.com.ar\/\/dev\/\/nosotros\/\" class=\"elementor-author-box__avatar\">\n\t\t\t\t\t<img decoding=\"async\" src=\"https:\/\/delfoscba.com.ar\/dev\/wp-content\/uploads\/2021\/02\/norman-250x250-1.jpg\" alt=\"Picture of Norman Berra\" loading=\"lazy\">\n\t\t\t\t<\/a>\n\t\t\t\n\t\t\t<div class=\"elementor-author-box__text\">\n\t\t\t\t\t\t\t\t\t<a href=\"https:\/\/delfoscba.com.ar\/\/dev\/\/nosotros\/\">\n\t\t\t\t\t\t<h4 class=\"elementor-author-box__name\">\n\t\t\t\t\t\t\tNorman Berra\t\t\t\t\t\t<\/h4>\n\t\t\t\t\t<\/a>\n\t\t\t\t\n\t\t\t\t\t\t\t\t\t<div class=\"elementor-author-box__bio\">\n\t\t\t\t\t\t<p>L\u00edder de Proyectos<\/p>\n\t\t\t\t\t<\/div>\n\t\t\t\t\n\t\t\t\t\t\t\t<\/div>\n\t\t<\/div>\n\t\t\t\t\t\t<\/div>\n\t\t\t\t<div class=\"elementor-element elementor-element-7aefe4b4 elementor-widget elementor-widget-text-editor\" data-id=\"7aefe4b4\" data-element_type=\"widget\" data-e-type=\"widget\" data-widget_type=\"text-editor.default\">\n\t\t\t\t\t\t\t\t\t<p>La decisi\u00f3n del presidente de no competir en las elecciones de este a\u00f1o sucede al anuncio de Mauricio Macri hace casi un mes y puede ser contextualizada con los datos de las \u00faltimas encuestas nacionales que miden intenci\u00f3n de voto general. En efecto, Alberto Fern\u00e1ndez aparece por detr\u00e1s de las principales figuras del Frente de Todos (FDT) en las mediciones m\u00e1s recientes: seg\u00fan Opinaia, sin Cristina Fern\u00e1ndez en la grilla, Axel Kiciloff y Sergio Massa se disputan la primac\u00eda oficialista, con el presidente cerrando el podio, Daniel Scioli en 3% y Wado de Pedro en 1%. En tanto, en Juntos por el Cambio (JXC) Patricia Bullrich duplica a Rodr\u00edguez Larreta (12% a 6%), quien empata con Mar\u00eda Eugenia Vidal, mientras Gerardo Morales empata con Elisa Carri\u00f3 en 2%; cierra el top 5 Miguel Pichetto (1%). As\u00ed, JXC alcanza 29%\u00a0 y el FDT empata con Javier Milei en 20%, el peronismo no K llega a 4% y la izquierda a 3% (gr\u00e1fico abajo).<\/p><p><a href=\"https:\/\/delfoscba.com.ar\/\/dev\/\/wp-content\/uploads\/2023\/04\/1-2-2.jpg\"><img fetchpriority=\"high\" decoding=\"async\" class=\"aligncenter wp-image-14439 size-full\" src=\"https:\/\/delfoscba.com.ar\/\/dev\/\/wp-content\/uploads\/2023\/04\/1-2-2.jpg\" alt=\"\" width=\"768\" height=\"432\" srcset=\"https:\/\/delfoscba.com.ar\/dev\/wp-content\/uploads\/2023\/04\/1-2-2.jpg 768w, https:\/\/delfoscba.com.ar\/dev\/wp-content\/uploads\/2023\/04\/1-2-2-300x169.jpg 300w\" sizes=\"(max-width: 768px) 100vw, 768px\" \/><\/a><\/p><p>En la misma l\u00ednea, la \u00faltima encuesta de Federico Gonz\u00e1lez &amp; Asociados (FGA) tambi\u00e9n muestra a Bullrich duplicando a Larreta (20,7% a 10%), mientras que las dem\u00e1s figuras de JXC no llegan individualmente a 3%. CFK roza el 16% de intenci\u00f3n de voto y duplica a Massa, quien a su vez duplica al presidente (8% a 4,1%); las dem\u00e1s figuras oficialistas no llegan individualmente al 1%. As\u00ed, JXC alcanza 38,2%, el FDT 30,4%, Milei roza el 17%, la izquierda suma 2,5%, el peronismo no K 2,4% y otras expresiones 1,8% (gr\u00e1fico abajo).\u00a0<\/p><p><a href=\"https:\/\/delfoscba.com.ar\/\/dev\/\/wp-content\/uploads\/2023\/04\/2-2-2.jpg\"><img decoding=\"async\" class=\"aligncenter wp-image-14440 size-full\" src=\"https:\/\/delfoscba.com.ar\/\/dev\/\/wp-content\/uploads\/2023\/04\/2-2-2.jpg\" alt=\"\" width=\"809\" height=\"454\" srcset=\"https:\/\/delfoscba.com.ar\/dev\/wp-content\/uploads\/2023\/04\/2-2-2.jpg 809w, https:\/\/delfoscba.com.ar\/dev\/wp-content\/uploads\/2023\/04\/2-2-2-300x168.jpg 300w, https:\/\/delfoscba.com.ar\/dev\/wp-content\/uploads\/2023\/04\/2-2-2-768x431.jpg 768w\" sizes=\"(max-width: 809px) 100vw, 809px\" \/><\/a><\/p><p>De las encuestas recientes, la \u00fanica que mostraba competitivo al presidente era la de Poliarqu\u00eda: 13% para Fern\u00e1ndez, Massa en 12% y Kicillof en 10%. En ese informe, Rodr\u00edguez Larreta aventaja a Bullrich (16% a 13%) y Manes llega a 4%, con lo cual el FDT alcanza 35% vs 33% de JXC y 23% de Milei (LLA), mientras el peronismo no K empata con la izquierda (gr\u00e1fico abajo).\u00a0<\/p><p><a href=\"https:\/\/delfoscba.com.ar\/\/dev\/\/wp-content\/uploads\/2023\/04\/3-2-2.jpg\"><img decoding=\"async\" class=\"aligncenter wp-image-14441 size-full\" src=\"https:\/\/delfoscba.com.ar\/\/dev\/\/wp-content\/uploads\/2023\/04\/3-2-2.jpg\" alt=\"\" width=\"889\" height=\"593\" srcset=\"https:\/\/delfoscba.com.ar\/dev\/wp-content\/uploads\/2023\/04\/3-2-2.jpg 889w, https:\/\/delfoscba.com.ar\/dev\/wp-content\/uploads\/2023\/04\/3-2-2-300x200.jpg 300w, https:\/\/delfoscba.com.ar\/dev\/wp-content\/uploads\/2023\/04\/3-2-2-768x512.jpg 768w\" sizes=\"(max-width: 889px) 100vw, 889px\" \/><\/a><\/p><p>Management &amp; Fit (M&amp;F) tambi\u00e9n ubica al jefe de gobierno de Ciudad Aut\u00f3noma de Buenos Aires (CABA) por encima de Bullrich y al presidente detr\u00e1s de CFK y del ministro de Econom\u00eda. En promedio, el FDT alcanza 28,6% de intenci\u00f3n de voto, JXC 27,2%, Milei 23,9%, el peronismo no K 6,6% y la izquierda 4% (gr\u00e1fico abajo).<\/p><p><a href=\"https:\/\/delfoscba.com.ar\/\/dev\/\/wp-content\/uploads\/2023\/04\/4-2-2.jpg\"><img loading=\"lazy\" decoding=\"async\" class=\"aligncenter wp-image-14442 size-large\" src=\"https:\/\/delfoscba.com.ar\/\/dev\/\/wp-content\/uploads\/2023\/04\/4-2-2-1024x723.jpg\" alt=\"\" width=\"1024\" height=\"723\" srcset=\"https:\/\/delfoscba.com.ar\/dev\/wp-content\/uploads\/2023\/04\/4-2-2-1024x723.jpg 1024w, https:\/\/delfoscba.com.ar\/dev\/wp-content\/uploads\/2023\/04\/4-2-2-300x212.jpg 300w, https:\/\/delfoscba.com.ar\/dev\/wp-content\/uploads\/2023\/04\/4-2-2-768x542.jpg 768w, https:\/\/delfoscba.com.ar\/dev\/wp-content\/uploads\/2023\/04\/4-2-2-1080x762.jpg 1080w, https:\/\/delfoscba.com.ar\/dev\/wp-content\/uploads\/2023\/04\/4-2-2.jpg 1360w\" sizes=\"(max-width: 1024px) 100vw, 1024px\" \/><\/a><\/p><p>El promedio de estas encuestas de intenci\u00f3n de voto posteriores al anuncio de Macri ordena as\u00ed a las figuras del FDT: CFK 16,6%, Massa 8,7%, Kicillof 8% y Fern\u00e1ndez 6,4%, confirmando su posici\u00f3n desfavorable en la carrera preelectoral. El presidente s\u00f3lo sacaba ventaja sobre Scioli (1,4%) y De Pedro (0,9%), con lo cual la decisi\u00f3n que termin\u00f3 de madurar resulta consistente con ese panorama. En Juntos, el resultado es: Bullrich 13,4%, Rodr\u00edguez Larreta 12,7%, Vidal 3,6%, Manes 3,2%; Morales 2,2%, Carri\u00f3 1,5% y Pichetto 0,8%.<\/p><p><a href=\"https:\/\/delfoscba.com.ar\/\/dev\/\/wp-content\/uploads\/2023\/04\/5-2-2.jpg\"><img loading=\"lazy\" decoding=\"async\" class=\"aligncenter wp-image-14443 size-large\" src=\"https:\/\/delfoscba.com.ar\/\/dev\/\/wp-content\/uploads\/2023\/04\/5-2-2-1024x766.jpg\" alt=\"\" width=\"1024\" height=\"766\" srcset=\"https:\/\/delfoscba.com.ar\/dev\/wp-content\/uploads\/2023\/04\/5-2-2-1024x766.jpg 1024w, https:\/\/delfoscba.com.ar\/dev\/wp-content\/uploads\/2023\/04\/5-2-2-300x224.jpg 300w, https:\/\/delfoscba.com.ar\/dev\/wp-content\/uploads\/2023\/04\/5-2-2-768x574.jpg 768w, https:\/\/delfoscba.com.ar\/dev\/wp-content\/uploads\/2023\/04\/5-2-2-1080x807.jpg 1080w, https:\/\/delfoscba.com.ar\/dev\/wp-content\/uploads\/2023\/04\/5-2-2.jpg 1284w\" sizes=\"(max-width: 1024px) 100vw, 1024px\" \/><\/a><\/p><p>\u00bfC\u00f3mo sigue la historia despu\u00e9s del anuncio del viernes? Ayer domingo se conoci\u00f3 la primera encuesta nacional reciente sin el presidente en la grilla. Sin CFK en la grilla, surgen dos escenarios: en ambos, Larreta aventaja a Bullrich por entre 6 y 7 puntos porcentuales, mientras que Massa supera a Scioli por 4 pp en el primero y a Kicillof por 6 pp en el segundo. Con tres precandidatos por fuerza, JXC aventaja al FDT por 5 pp, mientras que con dos por cada fuerza la brecha se reduce a apenas 3 pp; en cualquier caso, el panorama es cercano al triple empate t\u00e9cnico, dado que Milei ronda entre 23% y 24%. El peronismo no K aparece lejos de la pelea principal, en empate con la izquierda o con una ventaja de apenas 2 pp (gr\u00e1fico arriba). Cuando la misma encuesta mide s\u00f3lo sellos, se ratifica la paridad: FDT y JXC en 27% y La Libertad Avanza en 23%, con el peronismo no K en empate t\u00e9cnico con la izquierda (5% vs 3%; gr\u00e1fico abajo).<\/p><p><a href=\"https:\/\/delfoscba.com.ar\/\/dev\/\/wp-content\/uploads\/2023\/04\/6-2-1.jpg\"><img loading=\"lazy\" decoding=\"async\" class=\"aligncenter wp-image-14444 size-large\" src=\"https:\/\/delfoscba.com.ar\/\/dev\/\/wp-content\/uploads\/2023\/04\/6-2-1-1024x766.jpg\" alt=\"\" width=\"1024\" height=\"766\" srcset=\"https:\/\/delfoscba.com.ar\/dev\/wp-content\/uploads\/2023\/04\/6-2-1-1024x766.jpg 1024w, https:\/\/delfoscba.com.ar\/dev\/wp-content\/uploads\/2023\/04\/6-2-1-300x224.jpg 300w, https:\/\/delfoscba.com.ar\/dev\/wp-content\/uploads\/2023\/04\/6-2-1-768x574.jpg 768w, https:\/\/delfoscba.com.ar\/dev\/wp-content\/uploads\/2023\/04\/6-2-1-1080x807.jpg 1080w, https:\/\/delfoscba.com.ar\/dev\/wp-content\/uploads\/2023\/04\/6-2-1.jpg 1284w\" sizes=\"(max-width: 1024px) 100vw, 1024px\" \/><\/a><\/p><p>En tanto, otra encuesta nacional cerrada un d\u00eda antes que la de Opina ubica al FDT con una ventaja de 5 pp sobre JXC y al sello libertario 5,5 pp por detr\u00e1s de la principal fuerza opositora; el peronismo no K roza el 5% y partidos de izquierda el 3% (gr\u00e1fico abajo).<\/p><p><a href=\"https:\/\/delfoscba.com.ar\/\/dev\/\/wp-content\/uploads\/2023\/04\/7-1.jpg\"><img loading=\"lazy\" decoding=\"async\" class=\"aligncenter wp-image-14445 size-large\" src=\"https:\/\/delfoscba.com.ar\/\/dev\/\/wp-content\/uploads\/2023\/04\/7-1-925x1024.jpg\" alt=\"\" width=\"925\" height=\"1024\" srcset=\"https:\/\/delfoscba.com.ar\/dev\/wp-content\/uploads\/2023\/04\/7-1-925x1024.jpg 925w, https:\/\/delfoscba.com.ar\/dev\/wp-content\/uploads\/2023\/04\/7-1-271x300.jpg 271w, https:\/\/delfoscba.com.ar\/dev\/wp-content\/uploads\/2023\/04\/7-1-768x850.jpg 768w, https:\/\/delfoscba.com.ar\/dev\/wp-content\/uploads\/2023\/04\/7-1.jpg 969w\" sizes=\"(max-width: 925px) 100vw, 925px\" \/><\/a><\/p><p>En s\u00edntesis, del an\u00e1lisis se pueden extraer estas conclusiones: 1) el presidente no ten\u00eda una performance competitiva en las encuestas que le permitiera pelear por la reelecci\u00f3n 2) su salida del escenario oxigena relativamente al oficialismo, que tiene una clara favorita, CFK; si ella no compite, podr\u00eda ser la \u201cgran electora\u201d 3) en su ausencia, a priori se perfilan como figuras m\u00e1s competitivas Massa y Kiciloff 4) en JXC hay una disputa pareja entre Bullrich y Rodr\u00edguez Larreta, con lo cual un pronunciamiento de Macri podr\u00eda inclinar la balanza 5) en un panorama menos polarizado que en 2019, si el FDT no define una candidatura de unidad y JXC tampoco evita la interna, Milei podr\u00eda resultar el candidato individualmente m\u00e1s votado en las primarias abiertas, simult\u00e1neas y obligatorias (PASO) de agosto.<\/p>\t\t\t\t\t\t\t\t<\/div>\n\t\t\t\t\t<\/div>\n\t\t<\/div>\n\t\t\t\t\t<\/div>\n\t\t<\/section>\n\t\t\t\t<section class=\"elementor-section elementor-top-section elementor-element elementor-element-b28ac47 elementor-section-height-min-height elementor-section-boxed elementor-section-height-default elementor-section-items-middle\" data-id=\"b28ac47\" data-element_type=\"section\" data-e-type=\"section\" data-settings=\"{&quot;background_background&quot;:&quot;classic&quot;}\">\n\t\t\t\t\t\t\t<div class=\"elementor-background-overlay\"><\/div>\n\t\t\t\t\t\t\t<div class=\"elementor-container elementor-column-gap-default\">\n\t\t\t\t\t<div class=\"elementor-column elementor-col-100 elementor-top-column elementor-element elementor-element-88fba06\" data-id=\"88fba06\" data-element_type=\"column\" data-e-type=\"column\">\n\t\t\t<div class=\"elementor-widget-wrap elementor-element-populated\">\n\t\t\t\t\t\t<div class=\"elementor-element elementor-element-7e65226 elementor-widget elementor-widget-heading\" data-id=\"7e65226\" data-element_type=\"widget\" data-e-type=\"widget\" data-widget_type=\"heading.default\">\n\t\t\t\t\t<h2 class=\"elementor-heading-title elementor-size-large\">Seguinos en nuestras redes<\/h2>\t\t\t\t<\/div>\n\t\t\t\t<div class=\"elementor-element elementor-element-c37b7ef elementor-shape-circle e-grid-align-tablet-center e-grid-align-mobile-center e-grid-align-left elementor-grid-0 elementor-widget elementor-widget-social-icons\" data-id=\"c37b7ef\" data-element_type=\"widget\" data-e-type=\"widget\" data-widget_type=\"social-icons.default\">\n\t\t\t\t\t\t\t<div class=\"elementor-social-icons-wrapper elementor-grid\" role=\"list\">\n\t\t\t\t\t\t\t<span class=\"elementor-grid-item\" role=\"listitem\">\n\t\t\t\t\t<a class=\"elementor-icon elementor-social-icon elementor-social-icon-facebook-f elementor-repeater-item-lf5yt4c\" href=\"https:\/\/www.facebook.com\/ConsultoraDelfos\" target=\"_blank\">\n\t\t\t\t\t\t<span class=\"elementor-screen-only\">Facebook-f<\/span>\n\t\t\t\t\t\t<i aria-hidden=\"true\" class=\"fab fa-facebook-f\"><\/i>\t\t\t\t\t<\/a>\n\t\t\t\t<\/span>\n\t\t\t\t\t\t\t<span class=\"elementor-grid-item\" role=\"listitem\">\n\t\t\t\t\t<a class=\"elementor-icon elementor-social-icon elementor-social-icon-twitter elementor-repeater-item-01xie82\" href=\"https:\/\/twitter.com\/delfoscba\" target=\"_blank\">\n\t\t\t\t\t\t<span class=\"elementor-screen-only\">Twitter<\/span>\n\t\t\t\t\t\t<i aria-hidden=\"true\" class=\"fab fa-twitter\"><\/i>\t\t\t\t\t<\/a>\n\t\t\t\t<\/span>\n\t\t\t\t\t\t\t<span class=\"elementor-grid-item\" role=\"listitem\">\n\t\t\t\t\t<a class=\"elementor-icon elementor-social-icon elementor-social-icon-linkedin elementor-repeater-item-grhvqhn\" target=\"_blank\">\n\t\t\t\t\t\t<span class=\"elementor-screen-only\">Linkedin<\/span>\n\t\t\t\t\t\t<i aria-hidden=\"true\" class=\"fab fa-linkedin\"><\/i>\t\t\t\t\t<\/a>\n\t\t\t\t<\/span>\n\t\t\t\t\t<\/div>\n\t\t\t\t\t\t<\/div>\n\t\t\t\t\t<\/div>\n\t\t<\/div>\n\t\t\t\t\t<\/div>\n\t\t<\/section>\n\t\t\t\t<\/div>\n\t\t","protected":false},"excerpt":{"rendered":"<p>La interna y el marco competitivo no colaboraron con las aspiraciones del presidente.<\/p>\n","protected":false},"author":2,"featured_media":14446,"comment_status":"open","ping_status":"open","sticky":false,"template":"","format":"standard","meta":{"_acf_changed":false,"footnotes":""},"categories":[3],"tags":[471,526,453,922,39,619,953,258,307,40,38,264,934,348,128,403,42,246,929,230,368,454,369,402,354,743,954,415,356,404,140,569,666,547,57,188,287,396,935,488,395,357],"class_list":["post-14438","post","type-post","status-publish","format-standard","has-post-thumbnail","hentry","category-politica","tag-471","tag-526","tag-alberto","tag-america","tag-argentina","tag-argentino","tag-axel","tag-bullrich","tag-cfk","tag-consultora","tag-cordoba","tag-cristina","tag-data","tag-datos","tag-delfos","tag-derecha","tag-economia","tag-encuestas","tag-espanol","tag-estadistica","tag-fdt","tag-fernandez","tag-frente-de-todos","tag-izquierda","tag-juntos-por-el-cambio","tag-jxc","tag-k","tag-kicillof","tag-larreta","tag-liberales","tag-macri","tag-milei","tag-morales","tag-nacional","tag-norman-berra","tag-opinion-publica","tag-peronismo","tag-radicales","tag-statistics","tag-sudamerica","tag-ucr","tag-vidal","et-has-post-format-content","et_post_format-et-post-format-standard"],"acf":[],"_links":{"self":[{"href":"https:\/\/delfoscba.com.ar\/dev\/wp-json\/wp\/v2\/posts\/14438","targetHints":{"allow":["GET"]}}],"collection":[{"href":"https:\/\/delfoscba.com.ar\/dev\/wp-json\/wp\/v2\/posts"}],"about":[{"href":"https:\/\/delfoscba.com.ar\/dev\/wp-json\/wp\/v2\/types\/post"}],"author":[{"embeddable":true,"href":"https:\/\/delfoscba.com.ar\/dev\/wp-json\/wp\/v2\/users\/2"}],"replies":[{"embeddable":true,"href":"https:\/\/delfoscba.com.ar\/dev\/wp-json\/wp\/v2\/comments?post=14438"}],"version-history":[{"count":5,"href":"https:\/\/delfoscba.com.ar\/dev\/wp-json\/wp\/v2\/posts\/14438\/revisions"}],"predecessor-version":[{"id":14451,"href":"https:\/\/delfoscba.com.ar\/dev\/wp-json\/wp\/v2\/posts\/14438\/revisions\/14451"}],"wp:featuredmedia":[{"embeddable":true,"href":"https:\/\/delfoscba.com.ar\/dev\/wp-json\/wp\/v2\/media\/14446"}],"wp:attachment":[{"href":"https:\/\/delfoscba.com.ar\/dev\/wp-json\/wp\/v2\/media?parent=14438"}],"wp:term":[{"taxonomy":"category","embeddable":true,"href":"https:\/\/delfoscba.com.ar\/dev\/wp-json\/wp\/v2\/categories?post=14438"},{"taxonomy":"post_tag","embeddable":true,"href":"https:\/\/delfoscba.com.ar\/dev\/wp-json\/wp\/v2\/tags?post=14438"}],"curies":[{"name":"wp","href":"https:\/\/api.w.org\/{rel}","templated":true}]}}