{"id":14514,"date":"2023-05-08T15:38:00","date_gmt":"2023-05-08T15:38:00","guid":{"rendered":"https:\/\/delfoscba.com.ar\/\/dev\/\/?p=14514"},"modified":"2023-05-08T21:12:00","modified_gmt":"2023-05-08T21:12:00","slug":"porque-las-candidaturas-de-javier-milei-y-la-de-juan-schiaretti-son-un-problema-para-juntos-por-el-cambio","status":"publish","type":"post","link":"https:\/\/delfoscba.com.ar\/dev\/politica\/porque-las-candidaturas-de-javier-milei-y-la-de-juan-schiaretti-son-un-problema-para-juntos-por-el-cambio\/","title":{"rendered":"Porqu\u00e9 las candidaturas de Javier Milei y de Juan Schiaretti son un problema para Juntos por el Cambio"},"content":{"rendered":"\t\t<div data-elementor-type=\"wp-post\" data-elementor-id=\"14514\" class=\"elementor elementor-14514\" data-elementor-post-type=\"post\">\n\t\t\t\t\t\t<section class=\"elementor-section elementor-top-section elementor-element elementor-element-41498b4 elementor-section-height-min-height elementor-section-boxed elementor-section-height-default elementor-section-items-middle\" data-id=\"41498b4\" data-element_type=\"section\" data-e-type=\"section\" data-settings=\"{&quot;background_background&quot;:&quot;classic&quot;}\">\n\t\t\t\t\t\t\t<div class=\"elementor-background-overlay\"><\/div>\n\t\t\t\t\t\t\t<div class=\"elementor-container elementor-column-gap-no\">\n\t\t\t\t\t<div class=\"elementor-column elementor-col-100 elementor-top-column elementor-element elementor-element-a18ac89\" data-id=\"a18ac89\" data-element_type=\"column\" data-e-type=\"column\">\n\t\t\t<div class=\"elementor-widget-wrap elementor-element-populated\">\n\t\t\t\t\t\t<div class=\"elementor-element elementor-element-e493600 elementor-widget elementor-widget-heading\" data-id=\"e493600\" data-element_type=\"widget\" data-e-type=\"widget\" data-widget_type=\"heading.default\">\n\t\t\t\t\t<h2 class=\"elementor-heading-title elementor-size-large\">POL\u00cdTICA<\/h2>\t\t\t\t<\/div>\n\t\t\t\t\t<\/div>\n\t\t<\/div>\n\t\t\t\t\t<\/div>\n\t\t<\/section>\n\t\t\t\t<section class=\"elementor-section elementor-top-section elementor-element elementor-element-7dafb6e4 elementor-section-boxed elementor-section-height-default elementor-section-height-default\" data-id=\"7dafb6e4\" data-element_type=\"section\" data-e-type=\"section\">\n\t\t\t\t\t\t<div class=\"elementor-container elementor-column-gap-default\">\n\t\t\t\t\t<div class=\"elementor-column elementor-col-100 elementor-top-column elementor-element elementor-element-38ae5a14\" data-id=\"38ae5a14\" data-element_type=\"column\" data-e-type=\"column\">\n\t\t\t<div class=\"elementor-widget-wrap elementor-element-populated\">\n\t\t\t\t\t\t<div class=\"elementor-element elementor-element-f8a3207 elementor-widget elementor-widget-author-box\" data-id=\"f8a3207\" data-element_type=\"widget\" data-e-type=\"widget\" data-widget_type=\"author-box.default\">\n\t\t\t\t\t\t\t<div class=\"elementor-author-box\">\n\t\t\t\t\t\t\t<a href=\"https:\/\/delfoscba.com.ar\/\/dev\/\/nosotros\/\" class=\"elementor-author-box__avatar\">\n\t\t\t\t\t<img decoding=\"async\" src=\"https:\/\/delfoscba.com.ar\/dev\/wp-content\/uploads\/2021\/02\/norman-250x250-1.jpg\" alt=\"Picture of Norman Berra\" loading=\"lazy\">\n\t\t\t\t<\/a>\n\t\t\t\n\t\t\t<div class=\"elementor-author-box__text\">\n\t\t\t\t\t\t\t\t\t<a href=\"https:\/\/delfoscba.com.ar\/\/dev\/\/nosotros\/\">\n\t\t\t\t\t\t<h4 class=\"elementor-author-box__name\">\n\t\t\t\t\t\t\tNorman Berra\t\t\t\t\t\t<\/h4>\n\t\t\t\t\t<\/a>\n\t\t\t\t\n\t\t\t\t\t\t\t\t\t<div class=\"elementor-author-box__bio\">\n\t\t\t\t\t\t<p>L\u00edder de Proyectos<\/p>\n\t\t\t\t\t<\/div>\n\t\t\t\t\n\t\t\t\t\t\t\t<\/div>\n\t\t<\/div>\n\t\t\t\t\t\t<\/div>\n\t\t\t\t<div class=\"elementor-element elementor-element-7aefe4b4 elementor-widget elementor-widget-text-editor\" data-id=\"7aefe4b4\" data-element_type=\"widget\" data-e-type=\"widget\" data-widget_type=\"text-editor.default\">\n\t\t\t\t\t\t\t\t\t<p><a href=\"https:\/\/delfoscba.com.ar\/\/dev\/\/wp-content\/uploads\/2023\/05\/1-2-1.jpg\"><img fetchpriority=\"high\" decoding=\"async\" class=\"aligncenter wp-image-14515 size-full\" src=\"https:\/\/delfoscba.com.ar\/\/dev\/\/wp-content\/uploads\/2023\/05\/1-2-1.jpg\" alt=\"\" width=\"578\" height=\"720\" srcset=\"https:\/\/delfoscba.com.ar\/dev\/wp-content\/uploads\/2023\/05\/1-2-1.jpg 578w, https:\/\/delfoscba.com.ar\/dev\/wp-content\/uploads\/2023\/05\/1-2-1-241x300.jpg 241w\" sizes=\"(max-width: 578px) 100vw, 578px\" \/><\/a><\/p><p>En nuestra nota anterior analizamos el voto a Javier Milei en t\u00e9rminos de identificaci\u00f3n ideol\u00f3gica con su figura y sus propuestas a nivel pa\u00eds y en la provincia de C\u00f3rdoba. De ese repaso \u00a0concluimos que si bien 4 de cada 10 de sus votantes dice identificarse con sus ideas, ninguna de las principales expuestas por \u00e9l recoge un apoyo mayoritario a nivel pa\u00eds ni en C\u00f3rdoba: la mayor\u00eda recoge acuerdos por debajo del 30%. Lo mismo sucede al contraponer dos valores: la libertad individual no llega al 30%, mientras que la igualdad social es elegida por 2 de cada 3 electores, seg\u00fan el \u00faltimo informe nacional de Zuban C\u00f3rdoba (gr\u00e1fico arriba). Ese estudio aporta otra clave interpretativa: casi 16% del total de electores est\u00e1 de acuerdo con la frase <em>\u201cvoy a votar a Milei porque estoy enojado con la pol\u00edtica\u201d<\/em> (gr\u00e1fico abajo), un guarismo cercano al promedio de 20% que mide la Libertad Avanza (LLA) en las encuestas m\u00e1s recientes.\u00a0<\/p><p><a href=\"https:\/\/delfoscba.com.ar\/\/dev\/\/wp-content\/uploads\/2023\/05\/2-2-1.jpg\"><img decoding=\"async\" class=\"aligncenter wp-image-14516 size-full\" src=\"https:\/\/delfoscba.com.ar\/\/dev\/\/wp-content\/uploads\/2023\/05\/2-2-1.jpg\" alt=\"\" width=\"680\" height=\"680\" srcset=\"https:\/\/delfoscba.com.ar\/dev\/wp-content\/uploads\/2023\/05\/2-2-1.jpg 680w, https:\/\/delfoscba.com.ar\/dev\/wp-content\/uploads\/2023\/05\/2-2-1-300x300.jpg 300w, https:\/\/delfoscba.com.ar\/dev\/wp-content\/uploads\/2023\/05\/2-2-1-150x150.jpg 150w, https:\/\/delfoscba.com.ar\/dev\/wp-content\/uploads\/2023\/05\/2-2-1-440x440.jpg 440w\" sizes=\"(max-width: 680px) 100vw, 680px\" \/><\/a><\/p><p>Con todo, eso no quita que el fen\u00f3meno Milei represente un desaf\u00edo de cara a las primarias abiertas, simult\u00e1neas y obligatorias (PASO), para la oferta pol\u00edtica en general y para Juntos por el Cambio en particular (JXC), cantera de la que el libertario extrae casi 4 de cada 10 votantes, mientras que capta casi 20% del Frente de Todos (FDT) seg\u00fan Pol\u00edticos en Redes (gr\u00e1fico abajo).<\/p><p><a href=\"https:\/\/delfoscba.com.ar\/\/dev\/\/wp-content\/uploads\/2023\/05\/3-2-1.jpg\"><img decoding=\"async\" class=\"aligncenter wp-image-14517 size-full\" src=\"https:\/\/delfoscba.com.ar\/\/dev\/\/wp-content\/uploads\/2023\/05\/3-2-1.jpg\" alt=\"\" width=\"964\" height=\"681\" srcset=\"https:\/\/delfoscba.com.ar\/dev\/wp-content\/uploads\/2023\/05\/3-2-1.jpg 964w, https:\/\/delfoscba.com.ar\/dev\/wp-content\/uploads\/2023\/05\/3-2-1-300x212.jpg 300w, https:\/\/delfoscba.com.ar\/dev\/wp-content\/uploads\/2023\/05\/3-2-1-768x543.jpg 768w, https:\/\/delfoscba.com.ar\/dev\/wp-content\/uploads\/2023\/05\/3-2-1-400x284.jpg 400w\" sizes=\"(max-width: 964px) 100vw, 964px\" \/><\/a><\/p><p>Sin embargo, JXC tambi\u00e9n enfrenta un doble problema con las candidaturas presidenciales de Milei y la de Juan Schiaretti (confirmada la semana pasada) en un distrito clave: C\u00f3rdoba, que pesa casi 9% del padr\u00f3n nacional, sin la cual Mauricio Macri no hubiera llegado a ser presidente en 2015 (rond\u00f3 el 70% en el ballotage de ese a\u00f1o) y donde tambi\u00e9n se impuso en 2019 (duplic\u00f3 al FDT por 61,31% a 29,31% en octubre de ese a\u00f1o). Seg\u00fan la \u00faltima encuesta provincial de CB Consultora, Juntos apenas suma la mitad de su caudal anterior en C\u00f3rdoba: 31,2%, mientras que Schiaretti roza el 19% como representante del peronismo no K, Milei 18,2% con LLA y el FDT 14,2%, con 12,4% de indecisos (gr\u00e1fico abajo).<\/p><p><a href=\"https:\/\/delfoscba.com.ar\/\/dev\/\/wp-content\/uploads\/2023\/05\/4-2-1.jpg\"><img loading=\"lazy\" decoding=\"async\" class=\"aligncenter wp-image-14518 size-large\" src=\"https:\/\/delfoscba.com.ar\/\/dev\/\/wp-content\/uploads\/2023\/05\/4-2-1-1024x741.jpg\" alt=\"\" width=\"1024\" height=\"741\" srcset=\"https:\/\/delfoscba.com.ar\/dev\/wp-content\/uploads\/2023\/05\/4-2-1-1024x741.jpg 1024w, https:\/\/delfoscba.com.ar\/dev\/wp-content\/uploads\/2023\/05\/4-2-1-300x217.jpg 300w, https:\/\/delfoscba.com.ar\/dev\/wp-content\/uploads\/2023\/05\/4-2-1-768x556.jpg 768w, https:\/\/delfoscba.com.ar\/dev\/wp-content\/uploads\/2023\/05\/4-2-1-1080x782.jpg 1080w, https:\/\/delfoscba.com.ar\/dev\/wp-content\/uploads\/2023\/05\/4-2-1.jpg 1256w\" sizes=\"(max-width: 1024px) 100vw, 1024px\" \/><\/a><\/p><p>A su turno, seg\u00fan la \u00faltima encuesta provincial de MFG, JXC perfora el umbral del 30%, ubic\u00e1ndose en empate t\u00e9cnico con Schiaretti, mientras que LLA roza el 20% y el FDT ronda el 14%, con 5,1% de indecisos (gr\u00e1fico abajo). En tanto, seg\u00fan la \u00faltima encuesta provincial de consultora Delfos, Milei alcanza 21% de intenci\u00f3n de voto.<\/p><p><a href=\"https:\/\/delfoscba.com.ar\/\/dev\/\/wp-content\/uploads\/2023\/05\/5-2-1.jpg\"><img loading=\"lazy\" decoding=\"async\" class=\"aligncenter wp-image-14519 size-large\" src=\"https:\/\/delfoscba.com.ar\/\/dev\/\/wp-content\/uploads\/2023\/05\/5-2-1-1024x575.jpg\" alt=\"\" width=\"1024\" height=\"575\" srcset=\"https:\/\/delfoscba.com.ar\/dev\/wp-content\/uploads\/2023\/05\/5-2-1-1024x575.jpg 1024w, https:\/\/delfoscba.com.ar\/dev\/wp-content\/uploads\/2023\/05\/5-2-1-300x169.jpg 300w, https:\/\/delfoscba.com.ar\/dev\/wp-content\/uploads\/2023\/05\/5-2-1-768x431.jpg 768w, https:\/\/delfoscba.com.ar\/dev\/wp-content\/uploads\/2023\/05\/5-2-1-1536x863.jpg 1536w, https:\/\/delfoscba.com.ar\/dev\/wp-content\/uploads\/2023\/05\/5-2-1-1080x607.jpg 1080w, https:\/\/delfoscba.com.ar\/dev\/wp-content\/uploads\/2023\/05\/5-2-1.jpg 1652w\" sizes=\"(max-width: 1024px) 100vw, 1024px\" \/><\/a><\/p><p>Con matices en las mediciones, se impone de todos modos una pregunta: \u00bfd\u00f3nde est\u00e1n los 30 puntos porcentuales promedio que le faltan a Juntos respecto a su caudal de 2019? Dado que el FDT tambi\u00e9n est\u00e1 en la mitad de su resultado anterior (14,2%, un consuelo para la fuerza opositora), est\u00e1 claro que ese faltante se reparte entre Schiaretti, Milei e indecisos a persuadir.<\/p><p><a href=\"https:\/\/delfoscba.com.ar\/\/dev\/\/wp-content\/uploads\/2023\/05\/6-2-1.jpg\"><img loading=\"lazy\" decoding=\"async\" class=\"aligncenter wp-image-14520 size-full\" src=\"https:\/\/delfoscba.com.ar\/\/dev\/\/wp-content\/uploads\/2023\/05\/6-2-1.jpg\" alt=\"\" width=\"644\" height=\"644\" srcset=\"https:\/\/delfoscba.com.ar\/dev\/wp-content\/uploads\/2023\/05\/6-2-1.jpg 644w, https:\/\/delfoscba.com.ar\/dev\/wp-content\/uploads\/2023\/05\/6-2-1-300x300.jpg 300w, https:\/\/delfoscba.com.ar\/dev\/wp-content\/uploads\/2023\/05\/6-2-1-150x150.jpg 150w, https:\/\/delfoscba.com.ar\/dev\/wp-content\/uploads\/2023\/05\/6-2-1-440x440.jpg 440w\" sizes=\"(max-width: 644px) 100vw, 644px\" \/><\/a><\/p><p>Con todo, Milei sigue siendo la mayor amenaza para JXC. Como surge del \u00faltimo estudio provincial de Delfos, la cercan\u00eda ideol\u00f3gica entre los potenciales electores de Juntos y de LLA es palpable en varios temas: los primeros muestran 28% de acuerdo con la privatizaci\u00f3n de Aerol\u00edneas Argentinas (38%), y los escoltan los libertarios (29%); entre los dem\u00e1s votantes, el acuerdo est\u00e1 muy por debajo del 20% (gr\u00e1fico arriba). Lo mismo sucede con privatizar YPF: 27% en Juntos y 25% en LLA, mientras en los dem\u00e1s segmentos no llega al 15% (gr\u00e1fico abajo).<\/p><p><a href=\"https:\/\/delfoscba.com.ar\/\/dev\/\/wp-content\/uploads\/2023\/05\/7-1-1.jpg\"><img loading=\"lazy\" decoding=\"async\" class=\"aligncenter wp-image-14521 size-full\" src=\"https:\/\/delfoscba.com.ar\/\/dev\/\/wp-content\/uploads\/2023\/05\/7-1-1.jpg\" alt=\"\" width=\"611\" height=\"611\" srcset=\"https:\/\/delfoscba.com.ar\/dev\/wp-content\/uploads\/2023\/05\/7-1-1.jpg 611w, https:\/\/delfoscba.com.ar\/dev\/wp-content\/uploads\/2023\/05\/7-1-1-300x300.jpg 300w, https:\/\/delfoscba.com.ar\/dev\/wp-content\/uploads\/2023\/05\/7-1-1-150x150.jpg 150w, https:\/\/delfoscba.com.ar\/dev\/wp-content\/uploads\/2023\/05\/7-1-1-440x440.jpg 440w\" sizes=\"(max-width: 611px) 100vw, 611px\" \/><\/a><\/p><p>Lo mismo sucede con la idea de eliminar los subsidios del gas y la electricidad: entre los potenciales electores de Juntos el acuerdo es de 32% y entre libertarios 26%; para los dem\u00e1s votantes, el acuerdo es del 10% o menos (gr\u00e1fico abajo).<\/p><p><a href=\"https:\/\/delfoscba.com.ar\/\/dev\/\/wp-content\/uploads\/2023\/05\/8-1.jpg\"><img loading=\"lazy\" decoding=\"async\" class=\"aligncenter wp-image-14522 size-full\" src=\"https:\/\/delfoscba.com.ar\/\/dev\/\/wp-content\/uploads\/2023\/05\/8-1.jpg\" alt=\"\" width=\"639\" height=\"639\" srcset=\"https:\/\/delfoscba.com.ar\/dev\/wp-content\/uploads\/2023\/05\/8-1.jpg 639w, https:\/\/delfoscba.com.ar\/dev\/wp-content\/uploads\/2023\/05\/8-1-300x300.jpg 300w, https:\/\/delfoscba.com.ar\/dev\/wp-content\/uploads\/2023\/05\/8-1-150x150.jpg 150w, https:\/\/delfoscba.com.ar\/dev\/wp-content\/uploads\/2023\/05\/8-1-440x440.jpg 440w\" sizes=\"(max-width: 639px) 100vw, 639px\" \/><\/a><\/p><p>Respecto a eliminar planes sociales, el acuerdo es de 65% en JXC y de 58% en LLA, despeg\u00e1ndose claramente de lo que sucede entre votantes del peronismo no K (44%), del FDT y de la izquierda, con menos del 20% (gr\u00e1fico abajo).<\/p><p><a href=\"https:\/\/delfoscba.com.ar\/\/dev\/\/wp-content\/uploads\/2023\/05\/9-1.jpg\"><img loading=\"lazy\" decoding=\"async\" class=\"aligncenter wp-image-14523 size-full\" src=\"https:\/\/delfoscba.com.ar\/\/dev\/\/wp-content\/uploads\/2023\/05\/9-1.jpg\" alt=\"\" width=\"647\" height=\"647\" srcset=\"https:\/\/delfoscba.com.ar\/dev\/wp-content\/uploads\/2023\/05\/9-1.jpg 647w, https:\/\/delfoscba.com.ar\/dev\/wp-content\/uploads\/2023\/05\/9-1-300x300.jpg 300w, https:\/\/delfoscba.com.ar\/dev\/wp-content\/uploads\/2023\/05\/9-1-150x150.jpg 150w, https:\/\/delfoscba.com.ar\/dev\/wp-content\/uploads\/2023\/05\/9-1-440x440.jpg 440w\" sizes=\"(max-width: 647px) 100vw, 647px\" \/><\/a><\/p><p>En s\u00edntesis, el corrimiento a la derecha de JXC se ha transformado en un problema: 1) hasta ahora, no ha logrado frenar el crecimiento de Milei, sino m\u00e1s bien al contrario 2) al mismo tiempo, profundiz\u00f3 el riesgo de que ex votantes de Juntos se sientan atra\u00eddos por algunas de las propuestas del candidato libertario, sobre todo las cercanas a las expuestas por figuras como Patricia Bullrich 3) en ese marco, el candidato libertario podr\u00eda amesetar el volumen de la principal fuerza opositora de una manera an\u00e1loga a la que Sergio Massa en 2015 obtur\u00f3 el crecimiento del FPV.<\/p>\t\t\t\t\t\t\t\t<\/div>\n\t\t\t\t\t<\/div>\n\t\t<\/div>\n\t\t\t\t\t<\/div>\n\t\t<\/section>\n\t\t\t\t<section class=\"elementor-section elementor-top-section elementor-element elementor-element-b28ac47 elementor-section-height-min-height elementor-section-boxed elementor-section-height-default elementor-section-items-middle\" data-id=\"b28ac47\" data-element_type=\"section\" data-e-type=\"section\" data-settings=\"{&quot;background_background&quot;:&quot;classic&quot;}\">\n\t\t\t\t\t\t\t<div class=\"elementor-background-overlay\"><\/div>\n\t\t\t\t\t\t\t<div class=\"elementor-container elementor-column-gap-default\">\n\t\t\t\t\t<div class=\"elementor-column elementor-col-100 elementor-top-column elementor-element elementor-element-88fba06\" data-id=\"88fba06\" data-element_type=\"column\" data-e-type=\"column\">\n\t\t\t<div class=\"elementor-widget-wrap elementor-element-populated\">\n\t\t\t\t\t\t<div class=\"elementor-element elementor-element-7e65226 elementor-widget elementor-widget-heading\" data-id=\"7e65226\" data-element_type=\"widget\" data-e-type=\"widget\" data-widget_type=\"heading.default\">\n\t\t\t\t\t<h2 class=\"elementor-heading-title elementor-size-large\">Seguinos en nuestras redes<\/h2>\t\t\t\t<\/div>\n\t\t\t\t<div class=\"elementor-element elementor-element-c37b7ef elementor-shape-circle e-grid-align-tablet-center e-grid-align-mobile-center e-grid-align-left elementor-grid-0 elementor-widget elementor-widget-social-icons\" data-id=\"c37b7ef\" data-element_type=\"widget\" data-e-type=\"widget\" data-widget_type=\"social-icons.default\">\n\t\t\t\t\t\t\t<div class=\"elementor-social-icons-wrapper elementor-grid\" role=\"list\">\n\t\t\t\t\t\t\t<span class=\"elementor-grid-item\" role=\"listitem\">\n\t\t\t\t\t<a class=\"elementor-icon elementor-social-icon elementor-social-icon-facebook-f elementor-repeater-item-lf5yt4c\" href=\"https:\/\/www.facebook.com\/ConsultoraDelfos\" target=\"_blank\">\n\t\t\t\t\t\t<span class=\"elementor-screen-only\">Facebook-f<\/span>\n\t\t\t\t\t\t<i aria-hidden=\"true\" class=\"fab fa-facebook-f\"><\/i>\t\t\t\t\t<\/a>\n\t\t\t\t<\/span>\n\t\t\t\t\t\t\t<span class=\"elementor-grid-item\" role=\"listitem\">\n\t\t\t\t\t<a class=\"elementor-icon elementor-social-icon elementor-social-icon-twitter elementor-repeater-item-01xie82\" href=\"https:\/\/twitter.com\/delfoscba\" target=\"_blank\">\n\t\t\t\t\t\t<span class=\"elementor-screen-only\">Twitter<\/span>\n\t\t\t\t\t\t<i aria-hidden=\"true\" class=\"fab fa-twitter\"><\/i>\t\t\t\t\t<\/a>\n\t\t\t\t<\/span>\n\t\t\t\t\t\t\t<span class=\"elementor-grid-item\" role=\"listitem\">\n\t\t\t\t\t<a class=\"elementor-icon elementor-social-icon elementor-social-icon-linkedin elementor-repeater-item-grhvqhn\" target=\"_blank\">\n\t\t\t\t\t\t<span class=\"elementor-screen-only\">Linkedin<\/span>\n\t\t\t\t\t\t<i aria-hidden=\"true\" class=\"fab fa-linkedin\"><\/i>\t\t\t\t\t<\/a>\n\t\t\t\t<\/span>\n\t\t\t\t\t<\/div>\n\t\t\t\t\t\t<\/div>\n\t\t\t\t\t<\/div>\n\t\t<\/div>\n\t\t\t\t\t<\/div>\n\t\t<\/section>\n\t\t\t\t<\/div>\n\t\t","protected":false},"excerpt":{"rendered":"<p>La distribuci\u00f3n de los votantes en un contexto de mucha competencia<\/p>\n","protected":false},"author":2,"featured_media":14524,"comment_status":"open","ping_status":"open","sticky":false,"template":"","format":"standard","meta":{"_acf_changed":false,"footnotes":""},"categories":[3],"tags":[526,922,39,619,40,38,934,348,128,403,719,976,42,97,629,246,329,929,230,368,369,330,981,354,743,977,404,978,967,569,547,57,188,683,306,935,716,488,200,685],"class_list":["post-14514","post","type-post","status-publish","format-standard","has-post-thumbnail","hentry","category-politica","tag-526","tag-america","tag-argentina","tag-argentino","tag-consultora","tag-cordoba","tag-data","tag-datos","tag-delfos","tag-derecha","tag-dolar","tag-dolarizacion","tag-economia","tag-elecciones","tag-electricidad","tag-encuestas","tag-energia","tag-espanol","tag-estadistica","tag-fdt","tag-frente-de-todos","tag-gas","tag-juan","tag-juntos-por-el-cambio","tag-jxc","tag-la-libertad-avanza","tag-liberales","tag-lla","tag-luz","tag-milei","tag-nacional","tag-norman-berra","tag-opinion-publica","tag-privatizacion","tag-schiaretti","tag-statistics","tag-subsidios","tag-sudamerica","tag-votantes","tag-ypf","et-has-post-format-content","et_post_format-et-post-format-standard"],"acf":[],"_links":{"self":[{"href":"https:\/\/delfoscba.com.ar\/dev\/wp-json\/wp\/v2\/posts\/14514","targetHints":{"allow":["GET"]}}],"collection":[{"href":"https:\/\/delfoscba.com.ar\/dev\/wp-json\/wp\/v2\/posts"}],"about":[{"href":"https:\/\/delfoscba.com.ar\/dev\/wp-json\/wp\/v2\/types\/post"}],"author":[{"embeddable":true,"href":"https:\/\/delfoscba.com.ar\/dev\/wp-json\/wp\/v2\/users\/2"}],"replies":[{"embeddable":true,"href":"https:\/\/delfoscba.com.ar\/dev\/wp-json\/wp\/v2\/comments?post=14514"}],"version-history":[{"count":6,"href":"https:\/\/delfoscba.com.ar\/dev\/wp-json\/wp\/v2\/posts\/14514\/revisions"}],"predecessor-version":[{"id":14530,"href":"https:\/\/delfoscba.com.ar\/dev\/wp-json\/wp\/v2\/posts\/14514\/revisions\/14530"}],"wp:featuredmedia":[{"embeddable":true,"href":"https:\/\/delfoscba.com.ar\/dev\/wp-json\/wp\/v2\/media\/14524"}],"wp:attachment":[{"href":"https:\/\/delfoscba.com.ar\/dev\/wp-json\/wp\/v2\/media?parent=14514"}],"wp:term":[{"taxonomy":"category","embeddable":true,"href":"https:\/\/delfoscba.com.ar\/dev\/wp-json\/wp\/v2\/categories?post=14514"},{"taxonomy":"post_tag","embeddable":true,"href":"https:\/\/delfoscba.com.ar\/dev\/wp-json\/wp\/v2\/tags?post=14514"}],"curies":[{"name":"wp","href":"https:\/\/api.w.org\/{rel}","templated":true}]}}