{"id":14556,"date":"2023-05-15T15:22:55","date_gmt":"2023-05-15T15:22:55","guid":{"rendered":"https:\/\/delfoscba.com.ar\/\/dev\/\/?p=14556"},"modified":"2023-05-15T16:19:17","modified_gmt":"2023-05-15T16:19:17","slug":"un-nuevo-fallo-politico-de-una-corte-con-mala-imagen","status":"publish","type":"post","link":"https:\/\/delfoscba.com.ar\/dev\/politica\/un-nuevo-fallo-politico-de-una-corte-con-mala-imagen\/","title":{"rendered":"Un nuevo fallo pol\u00edtico de una Corte con mala imagen"},"content":{"rendered":"\t\t<div data-elementor-type=\"wp-post\" data-elementor-id=\"14556\" class=\"elementor elementor-14556\" data-elementor-post-type=\"post\">\n\t\t\t\t\t\t<section class=\"elementor-section elementor-top-section elementor-element elementor-element-41498b4 elementor-section-height-min-height elementor-section-boxed elementor-section-height-default elementor-section-items-middle\" data-id=\"41498b4\" data-element_type=\"section\" data-e-type=\"section\" data-settings=\"{&quot;background_background&quot;:&quot;classic&quot;}\">\n\t\t\t\t\t\t\t<div class=\"elementor-background-overlay\"><\/div>\n\t\t\t\t\t\t\t<div class=\"elementor-container elementor-column-gap-no\">\n\t\t\t\t\t<div class=\"elementor-column elementor-col-100 elementor-top-column elementor-element elementor-element-a18ac89\" data-id=\"a18ac89\" data-element_type=\"column\" data-e-type=\"column\">\n\t\t\t<div class=\"elementor-widget-wrap elementor-element-populated\">\n\t\t\t\t\t\t<div class=\"elementor-element elementor-element-e493600 elementor-widget elementor-widget-heading\" data-id=\"e493600\" data-element_type=\"widget\" data-e-type=\"widget\" data-widget_type=\"heading.default\">\n\t\t\t\t\t<h2 class=\"elementor-heading-title elementor-size-large\">POL\u00cdTICA<\/h2>\t\t\t\t<\/div>\n\t\t\t\t\t<\/div>\n\t\t<\/div>\n\t\t\t\t\t<\/div>\n\t\t<\/section>\n\t\t\t\t<section class=\"elementor-section elementor-top-section elementor-element elementor-element-7dafb6e4 elementor-section-boxed elementor-section-height-default elementor-section-height-default\" data-id=\"7dafb6e4\" data-element_type=\"section\" data-e-type=\"section\">\n\t\t\t\t\t\t<div class=\"elementor-container elementor-column-gap-default\">\n\t\t\t\t\t<div class=\"elementor-column elementor-col-100 elementor-top-column elementor-element elementor-element-38ae5a14\" data-id=\"38ae5a14\" data-element_type=\"column\" data-e-type=\"column\">\n\t\t\t<div class=\"elementor-widget-wrap elementor-element-populated\">\n\t\t\t\t\t\t<div class=\"elementor-element elementor-element-f8a3207 elementor-widget elementor-widget-author-box\" data-id=\"f8a3207\" data-element_type=\"widget\" data-e-type=\"widget\" data-widget_type=\"author-box.default\">\n\t\t\t\t\t\t\t<div class=\"elementor-author-box\">\n\t\t\t\t\t\t\t<a href=\"https:\/\/delfoscba.com.ar\/\/dev\/\/nosotros\/\" class=\"elementor-author-box__avatar\">\n\t\t\t\t\t<img decoding=\"async\" src=\"https:\/\/delfoscba.com.ar\/dev\/wp-content\/uploads\/2021\/02\/norman-250x250-1.jpg\" alt=\"Picture of Norman Berra\" loading=\"lazy\">\n\t\t\t\t<\/a>\n\t\t\t\n\t\t\t<div class=\"elementor-author-box__text\">\n\t\t\t\t\t\t\t\t\t<a href=\"https:\/\/delfoscba.com.ar\/\/dev\/\/nosotros\/\">\n\t\t\t\t\t\t<h4 class=\"elementor-author-box__name\">\n\t\t\t\t\t\t\tNorman Berra\t\t\t\t\t\t<\/h4>\n\t\t\t\t\t<\/a>\n\t\t\t\t\n\t\t\t\t\t\t\t\t\t<div class=\"elementor-author-box__bio\">\n\t\t\t\t\t\t<p>L\u00edder de Proyectos<\/p>\n\t\t\t\t\t<\/div>\n\t\t\t\t\n\t\t\t\t\t\t\t<\/div>\n\t\t<\/div>\n\t\t\t\t\t\t<\/div>\n\t\t\t\t<div class=\"elementor-element elementor-element-7aefe4b4 elementor-widget elementor-widget-text-editor\" data-id=\"7aefe4b4\" data-element_type=\"widget\" data-e-type=\"widget\" data-widget_type=\"text-editor.default\">\n\t\t\t\t\t\t\t\t\t<p><a href=\"https:\/\/delfoscba.com.ar\/\/dev\/\/wp-content\/uploads\/2023\/05\/1-2-2.jpg\"><img fetchpriority=\"high\" decoding=\"async\" class=\"aligncenter wp-image-14557 size-full\" src=\"https:\/\/delfoscba.com.ar\/\/dev\/\/wp-content\/uploads\/2023\/05\/1-2-2.jpg\" alt=\"\" width=\"862\" height=\"511\" srcset=\"https:\/\/delfoscba.com.ar\/dev\/wp-content\/uploads\/2023\/05\/1-2-2.jpg 862w, https:\/\/delfoscba.com.ar\/dev\/wp-content\/uploads\/2023\/05\/1-2-2-300x178.jpg 300w, https:\/\/delfoscba.com.ar\/dev\/wp-content\/uploads\/2023\/05\/1-2-2-768x455.jpg 768w\" sizes=\"(max-width: 862px) 100vw, 862px\" \/><\/a><\/p><p>En los \u00faltimos a\u00f1os, la judicializaci\u00f3n de la pol\u00edtica se agrav\u00f3 a partir de la avanzada de Cambiemos en la Corte Suprema (CSJN) con el nombramiento de dos jueces en comisi\u00f3n, a lo que se sum\u00f3 el desplazamiento de magistrados y camaristas para nombrar reemplazantes afines al expresidente Mauricio Macri. Esos hechos deterioraron a\u00fan m\u00e1s la imagen de un Poder Judicial ya cuestionado por diversos temas. En ese marco, las \u00faltimas encuestas sobre la CJSN confirman su mala imagen: seg\u00fan un estudio nacional realizado a fines de 2022 por las consultoras Equis y Proyecci\u00f3n, 71,2% de los electores tiene una opini\u00f3n negativa del funcionamiento de la CSJN y apenas 10,6% opina positivamente (gr\u00e1fico arriba). En la misma l\u00ednea, la \u00faltima encuesta de Celag realizada este mes arroja que la Corte tiene casi 68% de calificaci\u00f3n negativa vs apenas 25,4% de positiva (gr\u00e1fico abajo).<\/p><p><a href=\"https:\/\/delfoscba.com.ar\/\/dev\/\/wp-content\/uploads\/2023\/05\/2-2-2.jpg\"><img decoding=\"async\" class=\"aligncenter wp-image-14558 size-large\" src=\"https:\/\/delfoscba.com.ar\/\/dev\/\/wp-content\/uploads\/2023\/05\/2-2-2-1024x576.jpg\" alt=\"\" width=\"1024\" height=\"576\" srcset=\"https:\/\/delfoscba.com.ar\/dev\/wp-content\/uploads\/2023\/05\/2-2-2-1024x576.jpg 1024w, https:\/\/delfoscba.com.ar\/dev\/wp-content\/uploads\/2023\/05\/2-2-2-300x169.jpg 300w, https:\/\/delfoscba.com.ar\/dev\/wp-content\/uploads\/2023\/05\/2-2-2-768x432.jpg 768w, https:\/\/delfoscba.com.ar\/dev\/wp-content\/uploads\/2023\/05\/2-2-2-1080x607.jpg 1080w, https:\/\/delfoscba.com.ar\/dev\/wp-content\/uploads\/2023\/05\/2-2-2.jpg 1466w\" sizes=\"(max-width: 1024px) 100vw, 1024px\" \/><\/a><\/p><p>En ese marco, la \u00faltima encuesta nacional realizada por Clivajes Consultores entre electores de 16 a 29 a\u00f1os muestra un empate t\u00e9cnico entre quienes perciben que el juicio pol\u00edtico a la Corte es necesario para mejorar el funcionamiento del Poder Judicial y quienes lo ven como una consecuencia de las confrontaciones pol\u00edticas; apenas 17,6% ve al juicio pol\u00edtico como perjudicial para el funcionamiento de ese poder (gr\u00e1fico abajo). \u00a0<\/p><p><a href=\"https:\/\/delfoscba.com.ar\/\/dev\/\/wp-content\/uploads\/2023\/05\/3-2-2.jpg\"><img decoding=\"async\" class=\"aligncenter wp-image-14559 size-large\" src=\"https:\/\/delfoscba.com.ar\/\/dev\/\/wp-content\/uploads\/2023\/05\/3-2-2-1024x575.jpg\" alt=\"\" width=\"1024\" height=\"575\" srcset=\"https:\/\/delfoscba.com.ar\/dev\/wp-content\/uploads\/2023\/05\/3-2-2-1024x575.jpg 1024w, https:\/\/delfoscba.com.ar\/dev\/wp-content\/uploads\/2023\/05\/3-2-2-300x169.jpg 300w, https:\/\/delfoscba.com.ar\/dev\/wp-content\/uploads\/2023\/05\/3-2-2-768x431.jpg 768w, https:\/\/delfoscba.com.ar\/dev\/wp-content\/uploads\/2023\/05\/3-2-2-1080x607.jpg 1080w, https:\/\/delfoscba.com.ar\/dev\/wp-content\/uploads\/2023\/05\/3-2-2.jpg 1100w\" sizes=\"(max-width: 1024px) 100vw, 1024px\" \/><\/a><\/p><p>Esos datos confirman que la Corte viene lastrada por una imagen muy negativa fruto de su creciente politizaci\u00f3n, que no hace m\u00e1s que agravarse con los fallos de la semana pasada dictados apenas cuatro d\u00edas antes de los comicios, impidiendo as\u00ed la votaci\u00f3n al cargo de gobernador en San Juan y suspendiendo la elecci\u00f3n en Tucum\u00e1n. Que los referentes de Juntos por el Cambio (JXC), entre ellos los precandidatos presidenciales del PRO Patricia Bullrich y Horacio Rodr\u00edguez Larreta (recientemente beneficiado por la CSJN en su disputa con la Naci\u00f3n por la coparticipaci\u00f3n) hayan celebrado abiertamente y en nado sincronizado su dictamen blanquea las motivaciones pol\u00edticas de sendas intervenciones: JXC ven\u00eda de perder las elecciones de gobernador en R\u00edo Negro y Neuqu\u00e9n en el primer turno electoral del a\u00f1o, mientras que en el segundo s\u00f3lo hab\u00eda celebrado en Jujuy y sufrido otras dos derrotas en La Rioja y Misiones. Ayer domingo 14 de mayo, las encuestas anticipaban nuevas derrotas en Tierra del Fuego, Salta, La Pampa, San Juan y Tucum\u00e1n (que las urnas confirmaron en los primeros tres distritos), en lo que hubiera sido un \u201cdomingo negro\u201d para la principal fuerza opositora.<\/p><p><a href=\"https:\/\/delfoscba.com.ar\/\/dev\/\/wp-content\/uploads\/2023\/05\/4-2-2.jpg\"><img loading=\"lazy\" decoding=\"async\" class=\"aligncenter wp-image-14560 size-full\" src=\"https:\/\/delfoscba.com.ar\/\/dev\/\/wp-content\/uploads\/2023\/05\/4-2-2.jpg\" alt=\"\" width=\"964\" height=\"682\" srcset=\"https:\/\/delfoscba.com.ar\/dev\/wp-content\/uploads\/2023\/05\/4-2-2.jpg 964w, https:\/\/delfoscba.com.ar\/dev\/wp-content\/uploads\/2023\/05\/4-2-2-300x212.jpg 300w, https:\/\/delfoscba.com.ar\/dev\/wp-content\/uploads\/2023\/05\/4-2-2-768x543.jpg 768w, https:\/\/delfoscba.com.ar\/dev\/wp-content\/uploads\/2023\/05\/4-2-2-400x284.jpg 400w\" sizes=\"(max-width: 964px) 100vw, 964px\" \/><\/a><\/p><p>En Tucum\u00e1n, la \u00faltima encuesta realizada en esa provincia por la consultora Meraki ubica al candidato oficialista Jaldo con 37,64% de intenci\u00f3n de voto vs 34,15%; la brecha de 3,5 puntos porcentuales deja la disputa en empate t\u00e9cnico, con 4,53% de indecisos. El candidato apoyado por Javier Milei, Bussi, roza el 11%, ubic\u00e1ndose tercero, tal como sucedi\u00f3 el domingo 7 de mayo en La Rioja, donde el oficialismo tambi\u00e9n se impuso a la lista local de JXC. Asimismo, la tendencia entre indecisos tambi\u00e9n favorece al PJ: 38,45% vs 34,73%, una ventaja de 3,7 puntos porcentuales (gr\u00e1fico abajo).<\/p><p><a href=\"https:\/\/delfoscba.com.ar\/\/dev\/\/wp-content\/uploads\/2023\/05\/5-2-2.jpg\"><img loading=\"lazy\" decoding=\"async\" class=\"aligncenter wp-image-14561 size-full\" src=\"https:\/\/delfoscba.com.ar\/\/dev\/\/wp-content\/uploads\/2023\/05\/5-2-2.jpg\" alt=\"\" width=\"600\" height=\"371\" srcset=\"https:\/\/delfoscba.com.ar\/dev\/wp-content\/uploads\/2023\/05\/5-2-2.jpg 600w, https:\/\/delfoscba.com.ar\/dev\/wp-content\/uploads\/2023\/05\/5-2-2-300x186.jpg 300w\" sizes=\"(max-width: 600px) 100vw, 600px\" \/><\/a><\/p><p>Finalmente, seg\u00fan el promedio de las encuestas m\u00e1s recientes realizadas en Tucum\u00e1n la ventaja a favor de Jaldo se estira hasta 7 puntos porcentuales. Habr\u00e1 que esperar a que se celebre la elecci\u00f3n para confirmar si la intervenci\u00f3n de la Corte tendr\u00e1 o no alg\u00fan efecto en la voluntad de los votantes tucumanos y sanjuaninos, pero en Tierra del Fuego, Salta y La Pampa se confirmaron las tendencias de las encuestas que anticipaban victorias oficialistas y reveses distritales de JXC, mientras que en la provincia de San Juan las proyecciones en las intendencias (que s\u00ed pudieron votar) arrojan pasada la mitad del escrutinio una victoria oficialista por guarismos similares a los que las encuestas ven\u00edan marcando para el tramo a gobernador (gr\u00e1fico abajo). Otro dato clave: de ocho elecciones de gobernador celebradas hasta ahora, en siete ganaron los oficialismos gobernantes y s\u00f3lo en una (Neuqu\u00e9n) hubo victoria opositora, si bien a manos de un ex oficialista.<\/p><p><a href=\"https:\/\/delfoscba.com.ar\/\/dev\/\/wp-content\/uploads\/2023\/05\/6-2-2.jpg\"><img loading=\"lazy\" decoding=\"async\" class=\"aligncenter wp-image-14562 size-full\" src=\"https:\/\/delfoscba.com.ar\/\/dev\/\/wp-content\/uploads\/2023\/05\/6-2-2.jpg\" alt=\"\" width=\"950\" height=\"526\" srcset=\"https:\/\/delfoscba.com.ar\/dev\/wp-content\/uploads\/2023\/05\/6-2-2.jpg 950w, https:\/\/delfoscba.com.ar\/dev\/wp-content\/uploads\/2023\/05\/6-2-2-300x166.jpg 300w, https:\/\/delfoscba.com.ar\/dev\/wp-content\/uploads\/2023\/05\/6-2-2-768x425.jpg 768w\" sizes=\"(max-width: 950px) 100vw, 950px\" \/><\/a><\/p>\t\t\t\t\t\t\t\t<\/div>\n\t\t\t\t\t<\/div>\n\t\t<\/div>\n\t\t\t\t\t<\/div>\n\t\t<\/section>\n\t\t\t\t<section class=\"elementor-section elementor-top-section elementor-element elementor-element-b28ac47 elementor-section-height-min-height elementor-section-boxed elementor-section-height-default elementor-section-items-middle\" data-id=\"b28ac47\" data-element_type=\"section\" data-e-type=\"section\" data-settings=\"{&quot;background_background&quot;:&quot;classic&quot;}\">\n\t\t\t\t\t\t\t<div class=\"elementor-background-overlay\"><\/div>\n\t\t\t\t\t\t\t<div class=\"elementor-container elementor-column-gap-default\">\n\t\t\t\t\t<div class=\"elementor-column elementor-col-100 elementor-top-column elementor-element elementor-element-88fba06\" data-id=\"88fba06\" data-element_type=\"column\" data-e-type=\"column\">\n\t\t\t<div class=\"elementor-widget-wrap elementor-element-populated\">\n\t\t\t\t\t\t<div class=\"elementor-element elementor-element-7e65226 elementor-widget elementor-widget-heading\" data-id=\"7e65226\" data-element_type=\"widget\" data-e-type=\"widget\" data-widget_type=\"heading.default\">\n\t\t\t\t\t<h2 class=\"elementor-heading-title elementor-size-large\">Seguinos en nuestras redes<\/h2>\t\t\t\t<\/div>\n\t\t\t\t<div class=\"elementor-element elementor-element-c37b7ef elementor-shape-circle e-grid-align-tablet-center e-grid-align-mobile-center e-grid-align-left elementor-grid-0 elementor-widget elementor-widget-social-icons\" data-id=\"c37b7ef\" data-element_type=\"widget\" data-e-type=\"widget\" data-widget_type=\"social-icons.default\">\n\t\t\t\t\t\t\t<div class=\"elementor-social-icons-wrapper elementor-grid\" role=\"list\">\n\t\t\t\t\t\t\t<span class=\"elementor-grid-item\" role=\"listitem\">\n\t\t\t\t\t<a class=\"elementor-icon elementor-social-icon elementor-social-icon-facebook-f elementor-repeater-item-lf5yt4c\" href=\"https:\/\/www.facebook.com\/ConsultoraDelfos\" target=\"_blank\">\n\t\t\t\t\t\t<span class=\"elementor-screen-only\">Facebook-f<\/span>\n\t\t\t\t\t\t<i aria-hidden=\"true\" class=\"fab fa-facebook-f\"><\/i>\t\t\t\t\t<\/a>\n\t\t\t\t<\/span>\n\t\t\t\t\t\t\t<span class=\"elementor-grid-item\" role=\"listitem\">\n\t\t\t\t\t<a class=\"elementor-icon elementor-social-icon elementor-social-icon-twitter elementor-repeater-item-01xie82\" href=\"https:\/\/twitter.com\/delfoscba\" target=\"_blank\">\n\t\t\t\t\t\t<span class=\"elementor-screen-only\">Twitter<\/span>\n\t\t\t\t\t\t<i aria-hidden=\"true\" class=\"fab fa-twitter\"><\/i>\t\t\t\t\t<\/a>\n\t\t\t\t<\/span>\n\t\t\t\t\t\t\t<span class=\"elementor-grid-item\" role=\"listitem\">\n\t\t\t\t\t<a class=\"elementor-icon elementor-social-icon elementor-social-icon-linkedin elementor-repeater-item-grhvqhn\" target=\"_blank\">\n\t\t\t\t\t\t<span class=\"elementor-screen-only\">Linkedin<\/span>\n\t\t\t\t\t\t<i aria-hidden=\"true\" class=\"fab fa-linkedin\"><\/i>\t\t\t\t\t<\/a>\n\t\t\t\t<\/span>\n\t\t\t\t\t<\/div>\n\t\t\t\t\t\t<\/div>\n\t\t\t\t\t<\/div>\n\t\t<\/div>\n\t\t\t\t\t<\/div>\n\t\t<\/section>\n\t\t\t\t<\/div>\n\t\t","protected":false},"excerpt":{"rendered":"<p>La imagen popular de una Corte cada vez m\u00e1s politizada<\/p>\n","protected":false},"author":2,"featured_media":14563,"comment_status":"open","ping_status":"open","sticky":false,"template":"","format":"standard","meta":{"_acf_changed":false,"footnotes":""},"categories":[3],"tags":[526,922,39,619,258,1003,998,999,40,38,606,934,348,128,403,97,246,996,929,230,992,368,369,1004,995,993,354,60,743,977,1001,356,404,978,140,1002,569,547,57,188,994,755,997,1000,935,488,607,421],"class_list":["post-14556","post","type-post","status-publish","format-standard","has-post-thumbnail","hentry","category-politica","tag-526","tag-america","tag-argentina","tag-argentino","tag-bullrich","tag-bussi","tag-celag","tag-clivajes","tag-consultora","tag-cordoba","tag-corte","tag-data","tag-datos","tag-delfos","tag-derecha","tag-elecciones","tag-encuestas","tag-equis","tag-espanol","tag-estadistica","tag-fallo","tag-fdt","tag-frente-de-todos","tag-jaldo","tag-judicial","tag-judicializacion","tag-juntos-por-el-cambio","tag-justicia","tag-jxc","tag-la-libertad-avanza","tag-la-pampa","tag-larreta","tag-liberales","tag-lla","tag-macri","tag-meraki","tag-milei","tag-nacional","tag-norman-berra","tag-opinion-publica","tag-poder","tag-politico","tag-proyeccion","tag-san-juan","tag-statistics","tag-sudamerica","tag-suprema","tag-tucuman","et-has-post-format-content","et_post_format-et-post-format-standard"],"acf":[],"_links":{"self":[{"href":"https:\/\/delfoscba.com.ar\/dev\/wp-json\/wp\/v2\/posts\/14556","targetHints":{"allow":["GET"]}}],"collection":[{"href":"https:\/\/delfoscba.com.ar\/dev\/wp-json\/wp\/v2\/posts"}],"about":[{"href":"https:\/\/delfoscba.com.ar\/dev\/wp-json\/wp\/v2\/types\/post"}],"author":[{"embeddable":true,"href":"https:\/\/delfoscba.com.ar\/dev\/wp-json\/wp\/v2\/users\/2"}],"replies":[{"embeddable":true,"href":"https:\/\/delfoscba.com.ar\/dev\/wp-json\/wp\/v2\/comments?post=14556"}],"version-history":[{"count":5,"href":"https:\/\/delfoscba.com.ar\/dev\/wp-json\/wp\/v2\/posts\/14556\/revisions"}],"predecessor-version":[{"id":14581,"href":"https:\/\/delfoscba.com.ar\/dev\/wp-json\/wp\/v2\/posts\/14556\/revisions\/14581"}],"wp:featuredmedia":[{"embeddable":true,"href":"https:\/\/delfoscba.com.ar\/dev\/wp-json\/wp\/v2\/media\/14563"}],"wp:attachment":[{"href":"https:\/\/delfoscba.com.ar\/dev\/wp-json\/wp\/v2\/media?parent=14556"}],"wp:term":[{"taxonomy":"category","embeddable":true,"href":"https:\/\/delfoscba.com.ar\/dev\/wp-json\/wp\/v2\/categories?post=14556"},{"taxonomy":"post_tag","embeddable":true,"href":"https:\/\/delfoscba.com.ar\/dev\/wp-json\/wp\/v2\/tags?post=14556"}],"curies":[{"name":"wp","href":"https:\/\/api.w.org\/{rel}","templated":true}]}}